{"id":25443,"date":"2022-11-15T15:59:12","date_gmt":"2022-11-15T14:59:12","guid":{"rendered":"https:\/\/www.article-marketing.eu\/comunicatistampa\/?p=25443"},"modified":"2022-11-15T15:59:12","modified_gmt":"2022-11-15T14:59:12","slug":"claudio-descalzi-lintervista-allad-la-transizione-energetica-e-un-must-deve-andare-avanti","status":"publish","type":"post","link":"https:\/\/www.article-marketing.eu\/comunicatistampa\/claudio-descalzi-lintervista-allad-la-transizione-energetica-e-un-must-deve-andare-avanti\/","title":{"rendered":"Claudio Descalzi, l\u2019intervista all\u2019AD: la transizione energetica \u00e8 un must, deve andare avanti"},"content":{"rendered":"<p><em><strong>L\u2019AD di Eni <a title=\"Claudio Descalzi, ospite webinar italia calling\" href=\"https:\/\/www.ilmessaggero.it\/video\/webinar\/descalzi_eni_moltoeconomia_webinar_video_cosa_ha_detto-6972562.html\">Claudio Descalzi<\/a> interviene al webinar di MoltoEconomia: le sfide della diversificazione energetica e il valore della transizione green che \u201cdeve andare avanti\u201d.<\/strong><\/em><\/p>\n<p><a title=\"Claudio Descalzi, l'intervento dell'ad Eni al webinar italia calling\" href=\"https:\/\/www.ilmessaggero.it\/video\/webinar\/descalzi_eni_moltoeconomia_webinar_video_cosa_ha_detto-6972562.html\"><img loading=\"lazy\" decoding=\"async\" src=\"https:\/\/h2biz.net\/images\/Plats\/20190605172755.jpg\" alt=\"Claudio Descalzi\" width=\"200\" height=\"133\" \/><\/a><\/p>\n<h2>Sicurezza energetica: il punto dell\u2019AD di Eni Claudio Descalzi al webinar \u201cItalia Calling\u201d<\/h2>\n<p>\u00c8 stato l\u2019AD di Eni <strong>Claudio Descalzi<\/strong> a fare il punto lo scorso 6 ottobre sulla situazione del gas e dei flussi di approvvigionamento in vista dei prossimi mesi nel corso di &#8220;Italia Calling&#8221;, webinar di MoltoEconomia. \u201c<em>Gli stoccaggi di gas sono quasi pieni e possiamo contare su una certa tranquillit\u00e0 per tutto l\u2019inverno<\/em>\u201d ma non bisogna fermarsi qui: sul sistema pesano ancora incertezze e rischi, come ha osservato l\u2019AD di Eni. Basti pensare ad esempio alle temperature di quest\u2019inverno: \u201c<em>Potrebbe esserci per esempio un freddo superiore rispetto a quella che \u00e8 stata la statistica degli ultimi 4 anni<\/em>\u201d e ci\u00f2 \u201c<em>richiederebbe molto pi\u00f9 volume<\/em>\u201d. Non bisogna poi sottovalutare il rischio di \u201c<em>problemi tecnici-operativi nei Paesi che ci danno gas<\/em>\u201d: la manutenzione \u201c<em>\u00e8 stata fatta ovunque proprio per non avere inconvenienti<\/em>\u201d ma non si pu\u00f2 abbassare la guardia. Nelle parole di <strong>Claudio Descalzi<\/strong> emerge il forte impegno che Eni sta mettendo in campo per riuscire a dare risposte concrete alle difficili sfide che si sono aperte in questi mesi.<\/p>\n<h2>Claudio Descalzi: andare avanti con la transizione energetica \u00e8 necessario per combattere il cambiamento climatico in atto<\/h2>\n<p>Lo sguardo di Eni, come sottolineato da <a title=\"Claudio Descalzi, AD Eni, ospite webinar moltoeconomia\" href=\"https:\/\/www.ilmessaggero.it\/video\/webinar\/descalzi_eni_moltoeconomia_webinar_video_cosa_ha_detto-6972562.html\"><strong>Claudio Descalzi<\/strong><\/a>, \u00e8 quindi sull\u2019immediato ma si proietta costantemente aventi nel tempo: \u201c<em>Ogni sistema energetico deve avere una sua ridondanza dal punto di vista dei volumi e delle strutture. Questo ci permette di tenere bassi i prezzi, perch\u00e9 gli investitori sanno che gas e infrastrutture ci sono. Il fatto che gli stoccaggi si siano riempiti ha portato a far abbassare i prezzi. I rigassificatori sono necessari, un punto essenziale per il prossimo inverno o quando servir\u00e0 gas. Abbiamo la possibilit\u00e0 cos\u00ec anche di aumentare i nostri stoccaggi, avere un polmone molto pi\u00f9 importante<\/em>\u201d. L\u2019AD <strong>Claudio Descalzi<\/strong> ha ricordato inoltre come la transizione energetica non sia in contraddizione con le azioni di oggi necessarie per la sicurezza energetica: \u201c<em>\u00c8 un must, un treno che \u00e8 partito e deve andare avanti<\/em>\u201d. L\u2019impegno green non entra in contraddizione dunque con le azioni momentanee a cui bisogna necessariamente ricorrere per contrastare l\u2019emergenza in corso: al contrario \u201c<em>un gas efficiente che deve essere il pi\u00f9 pulito ci permette di accompagnare quella transizione, evitando cos\u00ec di usare carbone per fare energia elettrica<\/em>\u201d. L\u2019AD ne ha quindi sottolineato ulteriormente il valore: \u201c<em>Occuparci del presente in modo chiaro e lucido non \u00e8 in contraddizione con la trasformazione energetica necessaria a causa del cambiamento climatico in atto<\/em>\u201d.<\/p>\n","protected":false},"excerpt":{"rendered":"<p>L\u2019AD di Eni Claudio Descalzi interviene al webinar di MoltoEconomia: le sfide della diversificazione energetica e il valore della transizione green che \u201cdeve andare avanti\u201d. Sicurezza energetica: il punto dell\u2019AD di Eni Claudio Descalzi al webinar \u201cItalia Calling\u201d \u00c8 stato l\u2019AD di Eni Claudio Descalzi a fare il punto lo scorso 6 ottobre sulla situazione del gas e dei flussi di approvvigionamento in vista dei prossimi mesi nel corso di<\/p>\n<p><a class=\"continue-reading\" href=\"https:\/\/www.article-marketing.eu\/comunicatistampa\/claudio-descalzi-lintervista-allad-la-transizione-energetica-e-un-must-deve-andare-avanti\/\">Continue reading&#8230;<\/a><\/p>\n","protected":false},"author":6477,"featured_media":0,"comment_status":"open","ping_status":"open","sticky":false,"template":"","format":"standard","meta":{"_monsterinsights_skip_tracking":false,"_monsterinsights_sitenote_active":false,"_monsterinsights_sitenote_note":"","_monsterinsights_sitenote_category":0,"footnotes":""},"categories":[78],"tags":[9889],"class_list":["post-25443","post","type-post","status-publish","format-standard","hentry","category-comunicati-stampa","tag-claudio-descalzi"],"yoast_head":"<!-- This site is optimized with the Yoast SEO plugin v27.3 - https:\/\/yoast.com\/product\/yoast-seo-wordpress\/ -->\n<title>Claudio Descalzi, l\u2019intervista all\u2019AD: la transizione energetica \u00e8 un must, deve andare avanti<\/title>\n<meta name=\"robots\" content=\"index, follow, max-snippet:-1, max-image-preview:large, max-video-preview:-1\" \/>\n<link rel=\"canonical\" href=\"https:\/\/www.article-marketing.eu\/comunicatistampa\/claudio-descalzi-lintervista-allad-la-transizione-energetica-e-un-must-deve-andare-avanti\/\" \/>\n<meta property=\"og:locale\" content=\"it_IT\" \/>\n<meta property=\"og:type\" content=\"article\" \/>\n<meta property=\"og:title\" content=\"Claudio Descalzi, l\u2019intervista all\u2019AD: la transizione energetica \u00e8 un must, deve andare avanti\" \/>\n<meta property=\"og:description\" content=\"L\u2019AD di Eni Claudio Descalzi interviene al webinar di MoltoEconomia: le sfide della diversificazione energetica e il valore della transizione green che \u201cdeve andare avanti\u201d. Sicurezza energetica: il punto dell\u2019AD di Eni Claudio Descalzi al webinar \u201cItalia Calling\u201d \u00c8 stato l\u2019AD di Eni Claudio Descalzi a fare il punto lo scorso 6 ottobre sulla situazione del gas e dei flussi di approvvigionamento in vista dei prossimi mesi nel corso diContinue reading...\" \/>\n<meta property=\"og:url\" content=\"https:\/\/www.article-marketing.eu\/comunicatistampa\/claudio-descalzi-lintervista-allad-la-transizione-energetica-e-un-must-deve-andare-avanti\/\" \/>\n<meta property=\"og:site_name\" content=\"Article Marketing\" \/>\n<meta property=\"article:published_time\" content=\"2022-11-15T14:59:12+00:00\" \/>\n<meta property=\"og:image\" content=\"https:\/\/h2biz.net\/images\/Plats\/20190605172755.jpg\" \/>\n<meta name=\"author\" content=\"articolinews\" \/>\n<meta name=\"twitter:card\" content=\"summary_large_image\" \/>\n<meta name=\"twitter:label1\" content=\"Scritto da\" \/>\n\t<meta name=\"twitter:data1\" content=\"articolinews\" \/>\n\t<meta name=\"twitter:label2\" content=\"Tempo di lettura stimato\" \/>\n\t<meta name=\"twitter:data2\" content=\"3 minuti\" \/>\n<script type=\"application\/ld+json\" class=\"yoast-schema-graph\">{\"@context\":\"https:\\\/\\\/schema.org\",\"@graph\":[{\"@type\":\"Article\",\"@id\":\"https:\\\/\\\/www.article-marketing.eu\\\/comunicatistampa\\\/claudio-descalzi-lintervista-allad-la-transizione-energetica-e-un-must-deve-andare-avanti\\\/#article\",\"isPartOf\":{\"@id\":\"https:\\\/\\\/www.article-marketing.eu\\\/comunicatistampa\\\/claudio-descalzi-lintervista-allad-la-transizione-energetica-e-un-must-deve-andare-avanti\\\/\"},\"author\":{\"name\":\"articolinews\",\"@id\":\"https:\\\/\\\/www.article-marketing.eu\\\/comunicatistampa\\\/#\\\/schema\\\/person\\\/2fcaf8f8f3a9eef9eb7f27532d3ca458\"},\"headline\":\"Claudio Descalzi, l\u2019intervista all\u2019AD: la transizione energetica \u00e8 un must, deve andare avanti\",\"datePublished\":\"2022-11-15T14:59:12+00:00\",\"mainEntityOfPage\":{\"@id\":\"https:\\\/\\\/www.article-marketing.eu\\\/comunicatistampa\\\/claudio-descalzi-lintervista-allad-la-transizione-energetica-e-un-must-deve-andare-avanti\\\/\"},\"wordCount\":454,\"commentCount\":0,\"image\":{\"@id\":\"https:\\\/\\\/www.article-marketing.eu\\\/comunicatistampa\\\/claudio-descalzi-lintervista-allad-la-transizione-energetica-e-un-must-deve-andare-avanti\\\/#primaryimage\"},\"thumbnailUrl\":\"https:\\\/\\\/h2biz.net\\\/images\\\/Plats\\\/20190605172755.jpg\",\"keywords\":[\"Claudio Descalzi\"],\"articleSection\":[\"Comunicati stampa\"],\"inLanguage\":\"it-IT\",\"potentialAction\":[{\"@type\":\"CommentAction\",\"name\":\"Comment\",\"target\":[\"https:\\\/\\\/www.article-marketing.eu\\\/comunicatistampa\\\/claudio-descalzi-lintervista-allad-la-transizione-energetica-e-un-must-deve-andare-avanti\\\/#respond\"]}]},{\"@type\":\"WebPage\",\"@id\":\"https:\\\/\\\/www.article-marketing.eu\\\/comunicatistampa\\\/claudio-descalzi-lintervista-allad-la-transizione-energetica-e-un-must-deve-andare-avanti\\\/\",\"url\":\"https:\\\/\\\/www.article-marketing.eu\\\/comunicatistampa\\\/claudio-descalzi-lintervista-allad-la-transizione-energetica-e-un-must-deve-andare-avanti\\\/\",\"name\":\"Claudio Descalzi, l\u2019intervista all\u2019AD: la transizione energetica \u00e8 un must, deve andare avanti\",\"isPartOf\":{\"@id\":\"https:\\\/\\\/www.article-marketing.eu\\\/comunicatistampa\\\/#website\"},\"primaryImageOfPage\":{\"@id\":\"https:\\\/\\\/www.article-marketing.eu\\\/comunicatistampa\\\/claudio-descalzi-lintervista-allad-la-transizione-energetica-e-un-must-deve-andare-avanti\\\/#primaryimage\"},\"image\":{\"@id\":\"https:\\\/\\\/www.article-marketing.eu\\\/comunicatistampa\\\/claudio-descalzi-lintervista-allad-la-transizione-energetica-e-un-must-deve-andare-avanti\\\/#primaryimage\"},\"thumbnailUrl\":\"https:\\\/\\\/h2biz.net\\\/images\\\/Plats\\\/20190605172755.jpg\",\"datePublished\":\"2022-11-15T14:59:12+00:00\",\"author\":{\"@id\":\"https:\\\/\\\/www.article-marketing.eu\\\/comunicatistampa\\\/#\\\/schema\\\/person\\\/2fcaf8f8f3a9eef9eb7f27532d3ca458\"},\"breadcrumb\":{\"@id\":\"https:\\\/\\\/www.article-marketing.eu\\\/comunicatistampa\\\/claudio-descalzi-lintervista-allad-la-transizione-energetica-e-un-must-deve-andare-avanti\\\/#breadcrumb\"},\"inLanguage\":\"it-IT\",\"potentialAction\":[{\"@type\":\"ReadAction\",\"target\":[\"https:\\\/\\\/www.article-marketing.eu\\\/comunicatistampa\\\/claudio-descalzi-lintervista-allad-la-transizione-energetica-e-un-must-deve-andare-avanti\\\/\"]}]},{\"@type\":\"ImageObject\",\"inLanguage\":\"it-IT\",\"@id\":\"https:\\\/\\\/www.article-marketing.eu\\\/comunicatistampa\\\/claudio-descalzi-lintervista-allad-la-transizione-energetica-e-un-must-deve-andare-avanti\\\/#primaryimage\",\"url\":\"https:\\\/\\\/h2biz.net\\\/images\\\/Plats\\\/20190605172755.jpg\",\"contentUrl\":\"https:\\\/\\\/h2biz.net\\\/images\\\/Plats\\\/20190605172755.jpg\"},{\"@type\":\"BreadcrumbList\",\"@id\":\"https:\\\/\\\/www.article-marketing.eu\\\/comunicatistampa\\\/claudio-descalzi-lintervista-allad-la-transizione-energetica-e-un-must-deve-andare-avanti\\\/#breadcrumb\",\"itemListElement\":[{\"@type\":\"ListItem\",\"position\":1,\"name\":\"Home\",\"item\":\"https:\\\/\\\/www.article-marketing.eu\\\/comunicatistampa\\\/\"},{\"@type\":\"ListItem\",\"position\":2,\"name\":\"Claudio Descalzi, l\u2019intervista all\u2019AD: la transizione energetica \u00e8 un must, deve andare avanti\"}]},{\"@type\":\"WebSite\",\"@id\":\"https:\\\/\\\/www.article-marketing.eu\\\/comunicatistampa\\\/#website\",\"url\":\"https:\\\/\\\/www.article-marketing.eu\\\/comunicatistampa\\\/\",\"name\":\"Article Marketing\",\"description\":\"article marketing &amp; press release\",\"potentialAction\":[{\"@type\":\"SearchAction\",\"target\":{\"@type\":\"EntryPoint\",\"urlTemplate\":\"https:\\\/\\\/www.article-marketing.eu\\\/comunicatistampa\\\/?s={search_term_string}\"},\"query-input\":{\"@type\":\"PropertyValueSpecification\",\"valueRequired\":true,\"valueName\":\"search_term_string\"}}],\"inLanguage\":\"it-IT\"},{\"@type\":\"Person\",\"@id\":\"https:\\\/\\\/www.article-marketing.eu\\\/comunicatistampa\\\/#\\\/schema\\\/person\\\/2fcaf8f8f3a9eef9eb7f27532d3ca458\",\"name\":\"articolinews\",\"image\":{\"@type\":\"ImageObject\",\"inLanguage\":\"it-IT\",\"@id\":\"https:\\\/\\\/secure.gravatar.com\\\/avatar\\\/9e2a264bab04e17dea24d937c9956304649a848cb73c46747a692ff1bdeb1cb7?s=96&d=mm&r=g\",\"url\":\"https:\\\/\\\/secure.gravatar.com\\\/avatar\\\/9e2a264bab04e17dea24d937c9956304649a848cb73c46747a692ff1bdeb1cb7?s=96&d=mm&r=g\",\"contentUrl\":\"https:\\\/\\\/secure.gravatar.com\\\/avatar\\\/9e2a264bab04e17dea24d937c9956304649a848cb73c46747a692ff1bdeb1cb7?s=96&d=mm&r=g\",\"caption\":\"articolinews\"},\"url\":\"https:\\\/\\\/www.article-marketing.eu\\\/comunicatistampa\\\/author\\\/articolinews\\\/\"}]}<\/script>\n<!-- \/ Yoast SEO plugin. -->","yoast_head_json":{"title":"Claudio Descalzi, l\u2019intervista all\u2019AD: la transizione energetica \u00e8 un must, deve andare avanti","robots":{"index":"index","follow":"follow","max-snippet":"max-snippet:-1","max-image-preview":"max-image-preview:large","max-video-preview":"max-video-preview:-1"},"canonical":"https:\/\/www.article-marketing.eu\/comunicatistampa\/claudio-descalzi-lintervista-allad-la-transizione-energetica-e-un-must-deve-andare-avanti\/","og_locale":"it_IT","og_type":"article","og_title":"Claudio Descalzi, l\u2019intervista all\u2019AD: la transizione energetica \u00e8 un must, deve andare avanti","og_description":"L\u2019AD di Eni Claudio Descalzi interviene al webinar di MoltoEconomia: le sfide della diversificazione energetica e il valore della transizione green che \u201cdeve andare avanti\u201d. Sicurezza energetica: il punto dell\u2019AD di Eni Claudio Descalzi al webinar \u201cItalia Calling\u201d \u00c8 stato l\u2019AD di Eni Claudio Descalzi a fare il punto lo scorso 6 ottobre sulla situazione del gas e dei flussi di approvvigionamento in vista dei prossimi mesi nel corso diContinue reading...","og_url":"https:\/\/www.article-marketing.eu\/comunicatistampa\/claudio-descalzi-lintervista-allad-la-transizione-energetica-e-un-must-deve-andare-avanti\/","og_site_name":"Article Marketing","article_published_time":"2022-11-15T14:59:12+00:00","og_image":[{"url":"https:\/\/h2biz.net\/images\/Plats\/20190605172755.jpg","type":"","width":"","height":""}],"author":"articolinews","twitter_card":"summary_large_image","twitter_misc":{"Scritto da":"articolinews","Tempo di lettura stimato":"3 minuti"},"schema":{"@context":"https:\/\/schema.org","@graph":[{"@type":"Article","@id":"https:\/\/www.article-marketing.eu\/comunicatistampa\/claudio-descalzi-lintervista-allad-la-transizione-energetica-e-un-must-deve-andare-avanti\/#article","isPartOf":{"@id":"https:\/\/www.article-marketing.eu\/comunicatistampa\/claudio-descalzi-lintervista-allad-la-transizione-energetica-e-un-must-deve-andare-avanti\/"},"author":{"name":"articolinews","@id":"https:\/\/www.article-marketing.eu\/comunicatistampa\/#\/schema\/person\/2fcaf8f8f3a9eef9eb7f27532d3ca458"},"headline":"Claudio Descalzi, l\u2019intervista all\u2019AD: la transizione energetica \u00e8 un must, deve andare avanti","datePublished":"2022-11-15T14:59:12+00:00","mainEntityOfPage":{"@id":"https:\/\/www.article-marketing.eu\/comunicatistampa\/claudio-descalzi-lintervista-allad-la-transizione-energetica-e-un-must-deve-andare-avanti\/"},"wordCount":454,"commentCount":0,"image":{"@id":"https:\/\/www.article-marketing.eu\/comunicatistampa\/claudio-descalzi-lintervista-allad-la-transizione-energetica-e-un-must-deve-andare-avanti\/#primaryimage"},"thumbnailUrl":"https:\/\/h2biz.net\/images\/Plats\/20190605172755.jpg","keywords":["Claudio Descalzi"],"articleSection":["Comunicati stampa"],"inLanguage":"it-IT","potentialAction":[{"@type":"CommentAction","name":"Comment","target":["https:\/\/www.article-marketing.eu\/comunicatistampa\/claudio-descalzi-lintervista-allad-la-transizione-energetica-e-un-must-deve-andare-avanti\/#respond"]}]},{"@type":"WebPage","@id":"https:\/\/www.article-marketing.eu\/comunicatistampa\/claudio-descalzi-lintervista-allad-la-transizione-energetica-e-un-must-deve-andare-avanti\/","url":"https:\/\/www.article-marketing.eu\/comunicatistampa\/claudio-descalzi-lintervista-allad-la-transizione-energetica-e-un-must-deve-andare-avanti\/","name":"Claudio Descalzi, l\u2019intervista all\u2019AD: la transizione energetica \u00e8 un must, deve andare avanti","isPartOf":{"@id":"https:\/\/www.article-marketing.eu\/comunicatistampa\/#website"},"primaryImageOfPage":{"@id":"https:\/\/www.article-marketing.eu\/comunicatistampa\/claudio-descalzi-lintervista-allad-la-transizione-energetica-e-un-must-deve-andare-avanti\/#primaryimage"},"image":{"@id":"https:\/\/www.article-marketing.eu\/comunicatistampa\/claudio-descalzi-lintervista-allad-la-transizione-energetica-e-un-must-deve-andare-avanti\/#primaryimage"},"thumbnailUrl":"https:\/\/h2biz.net\/images\/Plats\/20190605172755.jpg","datePublished":"2022-11-15T14:59:12+00:00","author":{"@id":"https:\/\/www.article-marketing.eu\/comunicatistampa\/#\/schema\/person\/2fcaf8f8f3a9eef9eb7f27532d3ca458"},"breadcrumb":{"@id":"https:\/\/www.article-marketing.eu\/comunicatistampa\/claudio-descalzi-lintervista-allad-la-transizione-energetica-e-un-must-deve-andare-avanti\/#breadcrumb"},"inLanguage":"it-IT","potentialAction":[{"@type":"ReadAction","target":["https:\/\/www.article-marketing.eu\/comunicatistampa\/claudio-descalzi-lintervista-allad-la-transizione-energetica-e-un-must-deve-andare-avanti\/"]}]},{"@type":"ImageObject","inLanguage":"it-IT","@id":"https:\/\/www.article-marketing.eu\/comunicatistampa\/claudio-descalzi-lintervista-allad-la-transizione-energetica-e-un-must-deve-andare-avanti\/#primaryimage","url":"https:\/\/h2biz.net\/images\/Plats\/20190605172755.jpg","contentUrl":"https:\/\/h2biz.net\/images\/Plats\/20190605172755.jpg"},{"@type":"BreadcrumbList","@id":"https:\/\/www.article-marketing.eu\/comunicatistampa\/claudio-descalzi-lintervista-allad-la-transizione-energetica-e-un-must-deve-andare-avanti\/#breadcrumb","itemListElement":[{"@type":"ListItem","position":1,"name":"Home","item":"https:\/\/www.article-marketing.eu\/comunicatistampa\/"},{"@type":"ListItem","position":2,"name":"Claudio Descalzi, l\u2019intervista all\u2019AD: la transizione energetica \u00e8 un must, deve andare avanti"}]},{"@type":"WebSite","@id":"https:\/\/www.article-marketing.eu\/comunicatistampa\/#website","url":"https:\/\/www.article-marketing.eu\/comunicatistampa\/","name":"Article Marketing","description":"article marketing &amp; press release","potentialAction":[{"@type":"SearchAction","target":{"@type":"EntryPoint","urlTemplate":"https:\/\/www.article-marketing.eu\/comunicatistampa\/?s={search_term_string}"},"query-input":{"@type":"PropertyValueSpecification","valueRequired":true,"valueName":"search_term_string"}}],"inLanguage":"it-IT"},{"@type":"Person","@id":"https:\/\/www.article-marketing.eu\/comunicatistampa\/#\/schema\/person\/2fcaf8f8f3a9eef9eb7f27532d3ca458","name":"articolinews","image":{"@type":"ImageObject","inLanguage":"it-IT","@id":"https:\/\/secure.gravatar.com\/avatar\/9e2a264bab04e17dea24d937c9956304649a848cb73c46747a692ff1bdeb1cb7?s=96&d=mm&r=g","url":"https:\/\/secure.gravatar.com\/avatar\/9e2a264bab04e17dea24d937c9956304649a848cb73c46747a692ff1bdeb1cb7?s=96&d=mm&r=g","contentUrl":"https:\/\/secure.gravatar.com\/avatar\/9e2a264bab04e17dea24d937c9956304649a848cb73c46747a692ff1bdeb1cb7?s=96&d=mm&r=g","caption":"articolinews"},"url":"https:\/\/www.article-marketing.eu\/comunicatistampa\/author\/articolinews\/"}]}},"_links":{"self":[{"href":"https:\/\/www.article-marketing.eu\/comunicatistampa\/wp-json\/wp\/v2\/posts\/25443","targetHints":{"allow":["GET"]}}],"collection":[{"href":"https:\/\/www.article-marketing.eu\/comunicatistampa\/wp-json\/wp\/v2\/posts"}],"about":[{"href":"https:\/\/www.article-marketing.eu\/comunicatistampa\/wp-json\/wp\/v2\/types\/post"}],"author":[{"embeddable":true,"href":"https:\/\/www.article-marketing.eu\/comunicatistampa\/wp-json\/wp\/v2\/users\/6477"}],"replies":[{"embeddable":true,"href":"https:\/\/www.article-marketing.eu\/comunicatistampa\/wp-json\/wp\/v2\/comments?post=25443"}],"version-history":[{"count":2,"href":"https:\/\/www.article-marketing.eu\/comunicatistampa\/wp-json\/wp\/v2\/posts\/25443\/revisions"}],"predecessor-version":[{"id":25467,"href":"https:\/\/www.article-marketing.eu\/comunicatistampa\/wp-json\/wp\/v2\/posts\/25443\/revisions\/25467"}],"wp:attachment":[{"href":"https:\/\/www.article-marketing.eu\/comunicatistampa\/wp-json\/wp\/v2\/media?parent=25443"}],"wp:term":[{"taxonomy":"category","embeddable":true,"href":"https:\/\/www.article-marketing.eu\/comunicatistampa\/wp-json\/wp\/v2\/categories?post=25443"},{"taxonomy":"post_tag","embeddable":true,"href":"https:\/\/www.article-marketing.eu\/comunicatistampa\/wp-json\/wp\/v2\/tags?post=25443"}],"curies":[{"name":"wp","href":"https:\/\/api.w.org\/{rel}","templated":true}]}}