{"id":25529,"date":"2022-12-22T07:22:52","date_gmt":"2022-12-22T06:22:52","guid":{"rendered":"https:\/\/www.article-marketing.eu\/comunicatistampa\/?p=25529"},"modified":"2022-12-14T18:26:43","modified_gmt":"2022-12-14T17:26:43","slug":"on-the-road-in-val-seriana-giovani-in-pattuglia-e-in-ambulanza-iscrizioni-aperte","status":"publish","type":"post","link":"https:\/\/www.article-marketing.eu\/comunicatistampa\/on-the-road-in-val-seriana-giovani-in-pattuglia-e-in-ambulanza-iscrizioni-aperte\/","title":{"rendered":"On The Road in Val Seriana: \u201cGiovani in pattuglia e in ambulanza\u201d iscrizioni aperte"},"content":{"rendered":"<p><strong>La Val Seriana torna \u201cOn The Road\u201d.<\/strong> <strong>Dall\u20191 al 4 dicembre<\/strong> il progetto di educazione stradale e alla legalit\u00e0 torna ad operare lungo le stesse strade dove nacque 15 anni fa, grazie all\u2019intuito e sensibilit\u00e0 di un giornalista allora cronista, Alessandro Invernici, e di un agente di Polizia Locale, Giuseppe Fuschino.<\/p>\n<p>&nbsp;<\/p>\n<p>La speciale edizione di \u201cOn the Road\u201d organizzata per i 15 anni di attivit\u00e0 dell\u2019iniziativa sar\u00e0 resa possibile grazie al sostegno della Comunit\u00e0 Montana Valle Seriana, che ha creduto nei Ragazzi On the Road, \u201cadottandone\u201d <strong>10 che svolgeranno il progetto in affiancamento alle Polizie Locali<\/strong> che operano sul territorio della <strong>Valle Seriana<\/strong> e della <strong>Val Gandino<\/strong>.<\/p>\n<p>&nbsp;<\/p>\n<p>La <strong>partecipazione, a titolo gratuito e volontario<\/strong>, \u00e8 rivolta ai giovani tra i 16 e 20 anni residenti nei Comuni della Val Seriana. Le candidature dovranno pervenire <strong>entro e non oltre il 23 novembre<\/strong> all&#8217;indirizzo mail <a href=\"mailto:segreteria@ragazziontheroad.it\">segreteria@ragazziontheroad.it<\/a> o sui social ufficiali del progetto: Facebook: Ragazzi On The Road<em><br \/>\nInstagram: ragazziontheroad<\/em><\/p>\n<p><em>\u00a0<\/em><\/p>\n<p>Il progetto On the Road, nato sulle strade della Val Seriana nel 2007, ha da poco festeggiato i 15 anni di attivit\u00e0 con Autorit\u00e0, Istituzioni ed Enti che da sempre collaborano all\u2019iniziativa: oltre 800 gli studenti che in 15 anni hanno vissuto l&#8217;esperienza sul campo e diversi di loro sono diventati poi nella vita agenti di Polizia Locale, chi ancora carabiniere, medico e soccorritore.<\/p>\n<p>&nbsp;<\/p>\n<p>Il progetto &#8211; in questi anni si \u00e8 esteso oltre in Bergamasca in Lombardia nelle province di Milano, Brescia, Sondrio coinvolgendo oltre 80 Comuni &#8211; \u00e8 promosso dall\u2019associazione socio educativa Ragazzi On the Road, presieduta da Egidio Provenzi. L\u2019obiettivo che si pone \u00e8 diffondere la prevenzione, l&#8217;educazione alla legalit\u00e0 e la sicurezza stradale, rendendo pi\u00f9 consapevoli i giovani attraverso la realt\u00e0 \u201csenza filtri\u201d. I giovani \u201cseriani\u201d avranno l\u2019opportunit\u00e0 &#8211; dall&#8217;1 al 4 dicembre prossimi &#8211; di vivere al fianco degli operatori di Polizia Locale ed ai soccorritori: un modo per accorciare le distanze con le Istituzioni e diventare pi\u00f9 coscienti dei rischi della strada e non solo. \u00a0<strong>Le attivit\u00e0 della speciale edizione di \u201cOn the Road in Val Seriana di gioved\u00ec 1 e venerd\u00ec 2 dicembre si svolgeranno al pomeriggio, per consentire anche agli studenti di partecipare all&#8217;iniziativa.<\/strong><\/p>\n<p>&nbsp;<\/p>\n<p>Altre info su www.ragazziontheroad.it e YouTube: Ragazzi OnTheRoad<\/p>\n","protected":false},"excerpt":{"rendered":"<p>La Val Seriana torna \u201cOn The Road\u201d. Dall\u20191 al 4 dicembre il progetto di educazione stradale e alla legalit\u00e0 torna ad operare lungo le stesse strade dove nacque 15 anni fa, grazie all\u2019intuito e sensibilit\u00e0 di un giornalista allora cronista, Alessandro Invernici, e di un agente di Polizia Locale, Giuseppe Fuschino. &nbsp; La speciale edizione di \u201cOn the Road\u201d organizzata per i 15 anni di attivit\u00e0 dell\u2019iniziativa sar\u00e0 resa possibile<\/p>\n<p><a class=\"continue-reading\" href=\"https:\/\/www.article-marketing.eu\/comunicatistampa\/on-the-road-in-val-seriana-giovani-in-pattuglia-e-in-ambulanza-iscrizioni-aperte\/\">Continue reading&#8230;<\/a><\/p>\n","protected":false},"author":1855,"featured_media":0,"comment_status":"open","ping_status":"open","sticky":false,"template":"","format":"standard","meta":{"_monsterinsights_skip_tracking":false,"_monsterinsights_sitenote_active":false,"_monsterinsights_sitenote_note":"","_monsterinsights_sitenote_category":0,"footnotes":""},"categories":[392],"tags":[10281,10282,10283],"class_list":["post-25529","post","type-post","status-publish","format-standard","hentry","category-eventi","tag-on-the-road","tag-progetto-ragazzi-on-the-road","tag-val-seriana"],"yoast_head":"<!-- This site is optimized with the Yoast SEO plugin v27.3 - https:\/\/yoast.com\/product\/yoast-seo-wordpress\/ -->\n<title>On The Road in Val Seriana: \u201cGiovani in pattuglia e in ambulanza\u201d iscrizioni aperte<\/title>\n<meta name=\"robots\" content=\"index, follow, max-snippet:-1, max-image-preview:large, max-video-preview:-1\" \/>\n<link rel=\"canonical\" href=\"https:\/\/www.article-marketing.eu\/comunicatistampa\/on-the-road-in-val-seriana-giovani-in-pattuglia-e-in-ambulanza-iscrizioni-aperte\/\" \/>\n<meta property=\"og:locale\" content=\"it_IT\" \/>\n<meta property=\"og:type\" content=\"article\" \/>\n<meta property=\"og:title\" content=\"On The Road in Val Seriana: \u201cGiovani in pattuglia e in ambulanza\u201d iscrizioni aperte\" \/>\n<meta property=\"og:description\" content=\"La Val Seriana torna \u201cOn The Road\u201d. Dall\u20191 al 4 dicembre il progetto di educazione stradale e alla legalit\u00e0 torna ad operare lungo le stesse strade dove nacque 15 anni fa, grazie all\u2019intuito e sensibilit\u00e0 di un giornalista allora cronista, Alessandro Invernici, e di un agente di Polizia Locale, Giuseppe Fuschino. &nbsp; La speciale edizione di \u201cOn the Road\u201d organizzata per i 15 anni di attivit\u00e0 dell\u2019iniziativa sar\u00e0 resa possibileContinue reading...\" \/>\n<meta property=\"og:url\" content=\"https:\/\/www.article-marketing.eu\/comunicatistampa\/on-the-road-in-val-seriana-giovani-in-pattuglia-e-in-ambulanza-iscrizioni-aperte\/\" \/>\n<meta property=\"og:site_name\" content=\"Article Marketing\" \/>\n<meta property=\"article:published_time\" content=\"2022-12-22T06:22:52+00:00\" \/>\n<meta name=\"author\" content=\"Redaclem\" \/>\n<meta name=\"twitter:card\" content=\"summary_large_image\" \/>\n<meta name=\"twitter:label1\" content=\"Scritto da\" \/>\n\t<meta name=\"twitter:data1\" content=\"Redaclem\" \/>\n\t<meta name=\"twitter:label2\" content=\"Tempo di lettura stimato\" \/>\n\t<meta name=\"twitter:data2\" content=\"2 minuti\" \/>\n<script type=\"application\/ld+json\" class=\"yoast-schema-graph\">{\"@context\":\"https:\\\/\\\/schema.org\",\"@graph\":[{\"@type\":\"Article\",\"@id\":\"https:\\\/\\\/www.article-marketing.eu\\\/comunicatistampa\\\/on-the-road-in-val-seriana-giovani-in-pattuglia-e-in-ambulanza-iscrizioni-aperte\\\/#article\",\"isPartOf\":{\"@id\":\"https:\\\/\\\/www.article-marketing.eu\\\/comunicatistampa\\\/on-the-road-in-val-seriana-giovani-in-pattuglia-e-in-ambulanza-iscrizioni-aperte\\\/\"},\"author\":{\"name\":\"Redaclem\",\"@id\":\"https:\\\/\\\/www.article-marketing.eu\\\/comunicatistampa\\\/#\\\/schema\\\/person\\\/c0aa725eee5df8460e0adf901fde0c88\"},\"headline\":\"On The Road in Val Seriana: \u201cGiovani in pattuglia e in ambulanza\u201d iscrizioni aperte\",\"datePublished\":\"2022-12-22T06:22:52+00:00\",\"mainEntityOfPage\":{\"@id\":\"https:\\\/\\\/www.article-marketing.eu\\\/comunicatistampa\\\/on-the-road-in-val-seriana-giovani-in-pattuglia-e-in-ambulanza-iscrizioni-aperte\\\/\"},\"wordCount\":376,\"commentCount\":0,\"keywords\":[\"on the road\",\"progetto ragazzi on the road\",\"Val Seriana\"],\"articleSection\":[\"Eventi\"],\"inLanguage\":\"it-IT\",\"potentialAction\":[{\"@type\":\"CommentAction\",\"name\":\"Comment\",\"target\":[\"https:\\\/\\\/www.article-marketing.eu\\\/comunicatistampa\\\/on-the-road-in-val-seriana-giovani-in-pattuglia-e-in-ambulanza-iscrizioni-aperte\\\/#respond\"]}]},{\"@type\":\"WebPage\",\"@id\":\"https:\\\/\\\/www.article-marketing.eu\\\/comunicatistampa\\\/on-the-road-in-val-seriana-giovani-in-pattuglia-e-in-ambulanza-iscrizioni-aperte\\\/\",\"url\":\"https:\\\/\\\/www.article-marketing.eu\\\/comunicatistampa\\\/on-the-road-in-val-seriana-giovani-in-pattuglia-e-in-ambulanza-iscrizioni-aperte\\\/\",\"name\":\"On The Road in Val Seriana: \u201cGiovani in pattuglia e in ambulanza\u201d iscrizioni aperte\",\"isPartOf\":{\"@id\":\"https:\\\/\\\/www.article-marketing.eu\\\/comunicatistampa\\\/#website\"},\"datePublished\":\"2022-12-22T06:22:52+00:00\",\"author\":{\"@id\":\"https:\\\/\\\/www.article-marketing.eu\\\/comunicatistampa\\\/#\\\/schema\\\/person\\\/c0aa725eee5df8460e0adf901fde0c88\"},\"breadcrumb\":{\"@id\":\"https:\\\/\\\/www.article-marketing.eu\\\/comunicatistampa\\\/on-the-road-in-val-seriana-giovani-in-pattuglia-e-in-ambulanza-iscrizioni-aperte\\\/#breadcrumb\"},\"inLanguage\":\"it-IT\",\"potentialAction\":[{\"@type\":\"ReadAction\",\"target\":[\"https:\\\/\\\/www.article-marketing.eu\\\/comunicatistampa\\\/on-the-road-in-val-seriana-giovani-in-pattuglia-e-in-ambulanza-iscrizioni-aperte\\\/\"]}]},{\"@type\":\"BreadcrumbList\",\"@id\":\"https:\\\/\\\/www.article-marketing.eu\\\/comunicatistampa\\\/on-the-road-in-val-seriana-giovani-in-pattuglia-e-in-ambulanza-iscrizioni-aperte\\\/#breadcrumb\",\"itemListElement\":[{\"@type\":\"ListItem\",\"position\":1,\"name\":\"Home\",\"item\":\"https:\\\/\\\/www.article-marketing.eu\\\/comunicatistampa\\\/\"},{\"@type\":\"ListItem\",\"position\":2,\"name\":\"On The Road in Val Seriana: \u201cGiovani in pattuglia e in ambulanza\u201d iscrizioni aperte\"}]},{\"@type\":\"WebSite\",\"@id\":\"https:\\\/\\\/www.article-marketing.eu\\\/comunicatistampa\\\/#website\",\"url\":\"https:\\\/\\\/www.article-marketing.eu\\\/comunicatistampa\\\/\",\"name\":\"Article Marketing\",\"description\":\"article marketing &amp; press release\",\"potentialAction\":[{\"@type\":\"SearchAction\",\"target\":{\"@type\":\"EntryPoint\",\"urlTemplate\":\"https:\\\/\\\/www.article-marketing.eu\\\/comunicatistampa\\\/?s={search_term_string}\"},\"query-input\":{\"@type\":\"PropertyValueSpecification\",\"valueRequired\":true,\"valueName\":\"search_term_string\"}}],\"inLanguage\":\"it-IT\"},{\"@type\":\"Person\",\"@id\":\"https:\\\/\\\/www.article-marketing.eu\\\/comunicatistampa\\\/#\\\/schema\\\/person\\\/c0aa725eee5df8460e0adf901fde0c88\",\"name\":\"Redaclem\",\"image\":{\"@type\":\"ImageObject\",\"inLanguage\":\"it-IT\",\"@id\":\"https:\\\/\\\/secure.gravatar.com\\\/avatar\\\/4c7e41f332a0583344a91d7d39723533da9b2d0df7737c2d8c69553168c2191e?s=96&d=mm&r=g\",\"url\":\"https:\\\/\\\/secure.gravatar.com\\\/avatar\\\/4c7e41f332a0583344a91d7d39723533da9b2d0df7737c2d8c69553168c2191e?s=96&d=mm&r=g\",\"contentUrl\":\"https:\\\/\\\/secure.gravatar.com\\\/avatar\\\/4c7e41f332a0583344a91d7d39723533da9b2d0df7737c2d8c69553168c2191e?s=96&d=mm&r=g\",\"caption\":\"Redaclem\"},\"url\":\"https:\\\/\\\/www.article-marketing.eu\\\/comunicatistampa\\\/author\\\/redaclem\\\/\"}]}<\/script>\n<!-- \/ Yoast SEO plugin. -->","yoast_head_json":{"title":"On The Road in Val Seriana: \u201cGiovani in pattuglia e in ambulanza\u201d iscrizioni aperte","robots":{"index":"index","follow":"follow","max-snippet":"max-snippet:-1","max-image-preview":"max-image-preview:large","max-video-preview":"max-video-preview:-1"},"canonical":"https:\/\/www.article-marketing.eu\/comunicatistampa\/on-the-road-in-val-seriana-giovani-in-pattuglia-e-in-ambulanza-iscrizioni-aperte\/","og_locale":"it_IT","og_type":"article","og_title":"On The Road in Val Seriana: \u201cGiovani in pattuglia e in ambulanza\u201d iscrizioni aperte","og_description":"La Val Seriana torna \u201cOn The Road\u201d. Dall\u20191 al 4 dicembre il progetto di educazione stradale e alla legalit\u00e0 torna ad operare lungo le stesse strade dove nacque 15 anni fa, grazie all\u2019intuito e sensibilit\u00e0 di un giornalista allora cronista, Alessandro Invernici, e di un agente di Polizia Locale, Giuseppe Fuschino. &nbsp; La speciale edizione di \u201cOn the Road\u201d organizzata per i 15 anni di attivit\u00e0 dell\u2019iniziativa sar\u00e0 resa possibileContinue reading...","og_url":"https:\/\/www.article-marketing.eu\/comunicatistampa\/on-the-road-in-val-seriana-giovani-in-pattuglia-e-in-ambulanza-iscrizioni-aperte\/","og_site_name":"Article Marketing","article_published_time":"2022-12-22T06:22:52+00:00","author":"Redaclem","twitter_card":"summary_large_image","twitter_misc":{"Scritto da":"Redaclem","Tempo di lettura stimato":"2 minuti"},"schema":{"@context":"https:\/\/schema.org","@graph":[{"@type":"Article","@id":"https:\/\/www.article-marketing.eu\/comunicatistampa\/on-the-road-in-val-seriana-giovani-in-pattuglia-e-in-ambulanza-iscrizioni-aperte\/#article","isPartOf":{"@id":"https:\/\/www.article-marketing.eu\/comunicatistampa\/on-the-road-in-val-seriana-giovani-in-pattuglia-e-in-ambulanza-iscrizioni-aperte\/"},"author":{"name":"Redaclem","@id":"https:\/\/www.article-marketing.eu\/comunicatistampa\/#\/schema\/person\/c0aa725eee5df8460e0adf901fde0c88"},"headline":"On The Road in Val Seriana: \u201cGiovani in pattuglia e in ambulanza\u201d iscrizioni aperte","datePublished":"2022-12-22T06:22:52+00:00","mainEntityOfPage":{"@id":"https:\/\/www.article-marketing.eu\/comunicatistampa\/on-the-road-in-val-seriana-giovani-in-pattuglia-e-in-ambulanza-iscrizioni-aperte\/"},"wordCount":376,"commentCount":0,"keywords":["on the road","progetto ragazzi on the road","Val Seriana"],"articleSection":["Eventi"],"inLanguage":"it-IT","potentialAction":[{"@type":"CommentAction","name":"Comment","target":["https:\/\/www.article-marketing.eu\/comunicatistampa\/on-the-road-in-val-seriana-giovani-in-pattuglia-e-in-ambulanza-iscrizioni-aperte\/#respond"]}]},{"@type":"WebPage","@id":"https:\/\/www.article-marketing.eu\/comunicatistampa\/on-the-road-in-val-seriana-giovani-in-pattuglia-e-in-ambulanza-iscrizioni-aperte\/","url":"https:\/\/www.article-marketing.eu\/comunicatistampa\/on-the-road-in-val-seriana-giovani-in-pattuglia-e-in-ambulanza-iscrizioni-aperte\/","name":"On The Road in Val Seriana: \u201cGiovani in pattuglia e in ambulanza\u201d iscrizioni aperte","isPartOf":{"@id":"https:\/\/www.article-marketing.eu\/comunicatistampa\/#website"},"datePublished":"2022-12-22T06:22:52+00:00","author":{"@id":"https:\/\/www.article-marketing.eu\/comunicatistampa\/#\/schema\/person\/c0aa725eee5df8460e0adf901fde0c88"},"breadcrumb":{"@id":"https:\/\/www.article-marketing.eu\/comunicatistampa\/on-the-road-in-val-seriana-giovani-in-pattuglia-e-in-ambulanza-iscrizioni-aperte\/#breadcrumb"},"inLanguage":"it-IT","potentialAction":[{"@type":"ReadAction","target":["https:\/\/www.article-marketing.eu\/comunicatistampa\/on-the-road-in-val-seriana-giovani-in-pattuglia-e-in-ambulanza-iscrizioni-aperte\/"]}]},{"@type":"BreadcrumbList","@id":"https:\/\/www.article-marketing.eu\/comunicatistampa\/on-the-road-in-val-seriana-giovani-in-pattuglia-e-in-ambulanza-iscrizioni-aperte\/#breadcrumb","itemListElement":[{"@type":"ListItem","position":1,"name":"Home","item":"https:\/\/www.article-marketing.eu\/comunicatistampa\/"},{"@type":"ListItem","position":2,"name":"On The Road in Val Seriana: \u201cGiovani in pattuglia e in ambulanza\u201d iscrizioni aperte"}]},{"@type":"WebSite","@id":"https:\/\/www.article-marketing.eu\/comunicatistampa\/#website","url":"https:\/\/www.article-marketing.eu\/comunicatistampa\/","name":"Article Marketing","description":"article marketing &amp; press release","potentialAction":[{"@type":"SearchAction","target":{"@type":"EntryPoint","urlTemplate":"https:\/\/www.article-marketing.eu\/comunicatistampa\/?s={search_term_string}"},"query-input":{"@type":"PropertyValueSpecification","valueRequired":true,"valueName":"search_term_string"}}],"inLanguage":"it-IT"},{"@type":"Person","@id":"https:\/\/www.article-marketing.eu\/comunicatistampa\/#\/schema\/person\/c0aa725eee5df8460e0adf901fde0c88","name":"Redaclem","image":{"@type":"ImageObject","inLanguage":"it-IT","@id":"https:\/\/secure.gravatar.com\/avatar\/4c7e41f332a0583344a91d7d39723533da9b2d0df7737c2d8c69553168c2191e?s=96&d=mm&r=g","url":"https:\/\/secure.gravatar.com\/avatar\/4c7e41f332a0583344a91d7d39723533da9b2d0df7737c2d8c69553168c2191e?s=96&d=mm&r=g","contentUrl":"https:\/\/secure.gravatar.com\/avatar\/4c7e41f332a0583344a91d7d39723533da9b2d0df7737c2d8c69553168c2191e?s=96&d=mm&r=g","caption":"Redaclem"},"url":"https:\/\/www.article-marketing.eu\/comunicatistampa\/author\/redaclem\/"}]}},"_links":{"self":[{"href":"https:\/\/www.article-marketing.eu\/comunicatistampa\/wp-json\/wp\/v2\/posts\/25529","targetHints":{"allow":["GET"]}}],"collection":[{"href":"https:\/\/www.article-marketing.eu\/comunicatistampa\/wp-json\/wp\/v2\/posts"}],"about":[{"href":"https:\/\/www.article-marketing.eu\/comunicatistampa\/wp-json\/wp\/v2\/types\/post"}],"author":[{"embeddable":true,"href":"https:\/\/www.article-marketing.eu\/comunicatistampa\/wp-json\/wp\/v2\/users\/1855"}],"replies":[{"embeddable":true,"href":"https:\/\/www.article-marketing.eu\/comunicatistampa\/wp-json\/wp\/v2\/comments?post=25529"}],"version-history":[{"count":2,"href":"https:\/\/www.article-marketing.eu\/comunicatistampa\/wp-json\/wp\/v2\/posts\/25529\/revisions"}],"predecessor-version":[{"id":25785,"href":"https:\/\/www.article-marketing.eu\/comunicatistampa\/wp-json\/wp\/v2\/posts\/25529\/revisions\/25785"}],"wp:attachment":[{"href":"https:\/\/www.article-marketing.eu\/comunicatistampa\/wp-json\/wp\/v2\/media?parent=25529"}],"wp:term":[{"taxonomy":"category","embeddable":true,"href":"https:\/\/www.article-marketing.eu\/comunicatistampa\/wp-json\/wp\/v2\/categories?post=25529"},{"taxonomy":"post_tag","embeddable":true,"href":"https:\/\/www.article-marketing.eu\/comunicatistampa\/wp-json\/wp\/v2\/tags?post=25529"}],"curies":[{"name":"wp","href":"https:\/\/api.w.org\/{rel}","templated":true}]}}