{"id":25545,"date":"2022-12-23T07:38:39","date_gmt":"2022-12-23T06:38:39","guid":{"rendered":"https:\/\/www.article-marketing.eu\/comunicatistampa\/?p=25545"},"modified":"2022-12-14T18:33:59","modified_gmt":"2022-12-14T17:33:59","slug":"federico-motta-editore-la-storia-della-pietra-di-scone","status":"publish","type":"post","link":"https:\/\/www.article-marketing.eu\/comunicatistampa\/federico-motta-editore-la-storia-della-pietra-di-scone\/","title":{"rendered":"Federico Motta Editore: la storia della Pietra di Scone"},"content":{"rendered":"<p><em><strong>Trascorso poco pi\u00f9 di un mese dalla morte della regina d\u2019Inghilterra Elisabetta II, l\u2019attenzione si \u00e8 spostata sul suo successore, Re Carlo III, e sui preparativi per l\u2019incoronazione. In un recente articolo, <a title=\"Federico Motta Editore, webpressvalue\" href=\"https:\/\/webpressvalue.com\/tag\/federico-motta-editore\/\">Federico Motta Editore<\/a> si sofferma su un dettaglio molto prezioso, nonch\u00e9 motivo di discordia nella storia del Regno Unito: la Pietra di Scone.<\/strong><\/em><\/p>\n<p><a title=\"Federico Motta Editore, storia aziendale webpressvalue\" href=\"https:\/\/webpressvalue.com\/tag\/federico-motta-editore\/\"><img loading=\"lazy\" decoding=\"async\" src=\"https:\/\/webpressvalue.com\/wp-content\/uploads\/2021\/06\/federico-motta-editore-300x228.jpg\" alt=\"Federico Motta Editore\" width=\"200\" height=\"152\" \/><\/a><\/p>\n<h2>Federico Motta Editore: cos\u2019\u00e8 la Pietra di Scone e perch\u00e9 se ne parla?<\/h2>\n<p>La Pietra di Scone, anche chiamata Pietra del Destino o \u2013 per rimanere in tema \u2013 Pietra dell\u2019incoronazione, \u00e8 una pietra in arenaria a forma di parallelepipedo che pesa circa 152 chili e che \u00e8 attualmente conservata nella Cattedrale di Edimburgo. \u00c8 tornata ad essere motivo di interesse perch\u00e9, secondo indiscrezioni, Re Carlo III avrebbe richiesto la sua presenza alla cerimonia di incoronazione. La Pietra di Scone, spiega <strong>Federico Motta Editore<\/strong>, assume un\u2019importanza particolare per i reali inglesi dato il suo grande valore storico e simbolico. Si tratta infatti della pietra che per secoli ha presieduto all\u2019incoronazione dei re di Scozia. Inoltre, stando a una leggenda, sarebbe anche la pietra di cui si racconta nella <em>Genesi<\/em> e sulla quale si sarebbe trovato Giacobbe quando gli si pales\u00f2 la scala per il paradiso. Per il suo viaggio dalla Palestina alla Scozia, la Pietra di Scone avrebbe poi attraversato l\u2019Egitto, la Sicilia, la Spagna, l\u2019Irlanda e sarebbe infine giunta in Scozia nell\u2019VIII secolo.<\/p>\n<h2>La storia della Pietra di Scone nell\u2019<em>Et\u00e0 Moderna <\/em>di Federico Motta Editore<\/h2>\n<p>Al di l\u00e0 delle intriganti leggende di cui \u00e8 protagonista, la Pietra di Scone ha un valore storico inestimabile. Come raccontato nel saggio di Paolo Mariani dedicato all\u2019Inghilterra del Seicento e pubblicato nell\u2019<em>Et\u00e0 Moderna<\/em> di <a title=\"Federico Motta Editore, webpressvalue\" href=\"https:\/\/webpressvalue.com\/tag\/federico-motta-editore\/\"><strong>Federico Motta Editore<\/strong><\/a>, l\u2019ultimo re di Scozia ad essere incoronato sulla pietra fu John Balliol nel 1292. Successivamente fu trasferita a Londra per ordine del re d\u2019Inghilterra Edoardo I, che la fece installare a Westminster come simbolo della subordinazione del regno di Scozia alla corona inglese. Quando nel 1603 mor\u00ec la regina Elisabetta I senza lasciare eredi diretti, gli succedette al trono il lontano cugino, nonch\u00e9 re di Scozia, Giacomo I. Fu sotto il suo regno quindi che furono unificate le corone di Scozia, Inghilterra e Irlanda. Da quel momento la pietra \u00e8 sempre stata usata per le incoronazioni dei re di Scozia e Inghilterra, divenendo per\u00f2 motivo di discordia tra le due nazioni. Solo dopo lunghe trattative, nel 1996 fu consentito di riportare la pietra simbolo della Scozia a Edimburgo. Sebbene sia stato concesso a Re Carlo III di usarla per l\u2019incoronazione, la Pietra di Scone dovr\u00e0 infatti fare ritorno a Edimburgo subito dopo.<\/p>\n","protected":false},"excerpt":{"rendered":"<p>Trascorso poco pi\u00f9 di un mese dalla morte della regina d\u2019Inghilterra Elisabetta II, l\u2019attenzione si \u00e8 spostata sul suo successore, Re Carlo III, e sui preparativi per l\u2019incoronazione. In un recente articolo, Federico Motta Editore si sofferma su un dettaglio molto prezioso, nonch\u00e9 motivo di discordia nella storia del Regno Unito: la Pietra di Scone. Federico Motta Editore: cos\u2019\u00e8 la Pietra di Scone e perch\u00e9 se ne parla? La Pietra<\/p>\n<p><a class=\"continue-reading\" href=\"https:\/\/www.article-marketing.eu\/comunicatistampa\/federico-motta-editore-la-storia-della-pietra-di-scone\/\">Continue reading&#8230;<\/a><\/p>\n","protected":false},"author":6477,"featured_media":0,"comment_status":"open","ping_status":"open","sticky":false,"template":"","format":"standard","meta":{"_monsterinsights_skip_tracking":false,"_monsterinsights_sitenote_active":false,"_monsterinsights_sitenote_note":"","_monsterinsights_sitenote_category":0,"footnotes":""},"categories":[407],"tags":[9413],"class_list":["post-25545","post","type-post","status-publish","format-standard","hentry","category-arte-e-cultura","tag-federico-motta-editore"],"yoast_head":"<!-- This site is optimized with the Yoast SEO plugin v27.3 - https:\/\/yoast.com\/product\/yoast-seo-wordpress\/ -->\n<title>Federico Motta Editore: la storia della Pietra di Scone<\/title>\n<meta name=\"robots\" content=\"index, follow, max-snippet:-1, max-image-preview:large, max-video-preview:-1\" \/>\n<link rel=\"canonical\" href=\"https:\/\/www.article-marketing.eu\/comunicatistampa\/federico-motta-editore-la-storia-della-pietra-di-scone\/\" \/>\n<meta property=\"og:locale\" content=\"it_IT\" \/>\n<meta property=\"og:type\" content=\"article\" \/>\n<meta property=\"og:title\" content=\"Federico Motta Editore: la storia della Pietra di Scone\" \/>\n<meta property=\"og:description\" content=\"Trascorso poco pi\u00f9 di un mese dalla morte della regina d\u2019Inghilterra Elisabetta II, l\u2019attenzione si \u00e8 spostata sul suo successore, Re Carlo III, e sui preparativi per l\u2019incoronazione. In un recente articolo, Federico Motta Editore si sofferma su un dettaglio molto prezioso, nonch\u00e9 motivo di discordia nella storia del Regno Unito: la Pietra di Scone. Federico Motta Editore: cos\u2019\u00e8 la Pietra di Scone e perch\u00e9 se ne parla? La PietraContinue reading...\" \/>\n<meta property=\"og:url\" content=\"https:\/\/www.article-marketing.eu\/comunicatistampa\/federico-motta-editore-la-storia-della-pietra-di-scone\/\" \/>\n<meta property=\"og:site_name\" content=\"Article Marketing\" \/>\n<meta property=\"article:published_time\" content=\"2022-12-23T06:38:39+00:00\" \/>\n<meta property=\"og:image\" content=\"https:\/\/webpressvalue.com\/wp-content\/uploads\/2021\/06\/federico-motta-editore-300x228.jpg\" \/>\n<meta name=\"author\" content=\"articolinews\" \/>\n<meta name=\"twitter:card\" content=\"summary_large_image\" \/>\n<meta name=\"twitter:label1\" content=\"Scritto da\" \/>\n\t<meta name=\"twitter:data1\" content=\"articolinews\" \/>\n\t<meta name=\"twitter:label2\" content=\"Tempo di lettura stimato\" \/>\n\t<meta name=\"twitter:data2\" content=\"3 minuti\" \/>\n<script type=\"application\/ld+json\" class=\"yoast-schema-graph\">{\"@context\":\"https:\\\/\\\/schema.org\",\"@graph\":[{\"@type\":\"Article\",\"@id\":\"https:\\\/\\\/www.article-marketing.eu\\\/comunicatistampa\\\/federico-motta-editore-la-storia-della-pietra-di-scone\\\/#article\",\"isPartOf\":{\"@id\":\"https:\\\/\\\/www.article-marketing.eu\\\/comunicatistampa\\\/federico-motta-editore-la-storia-della-pietra-di-scone\\\/\"},\"author\":{\"name\":\"articolinews\",\"@id\":\"https:\\\/\\\/www.article-marketing.eu\\\/comunicatistampa\\\/#\\\/schema\\\/person\\\/2fcaf8f8f3a9eef9eb7f27532d3ca458\"},\"headline\":\"Federico Motta Editore: la storia della Pietra di Scone\",\"datePublished\":\"2022-12-23T06:38:39+00:00\",\"mainEntityOfPage\":{\"@id\":\"https:\\\/\\\/www.article-marketing.eu\\\/comunicatistampa\\\/federico-motta-editore-la-storia-della-pietra-di-scone\\\/\"},\"wordCount\":443,\"commentCount\":0,\"image\":{\"@id\":\"https:\\\/\\\/www.article-marketing.eu\\\/comunicatistampa\\\/federico-motta-editore-la-storia-della-pietra-di-scone\\\/#primaryimage\"},\"thumbnailUrl\":\"https:\\\/\\\/webpressvalue.com\\\/wp-content\\\/uploads\\\/2021\\\/06\\\/federico-motta-editore-300x228.jpg\",\"keywords\":[\"Federico Motta Editore\"],\"articleSection\":[\"Arte e cultura\"],\"inLanguage\":\"it-IT\",\"potentialAction\":[{\"@type\":\"CommentAction\",\"name\":\"Comment\",\"target\":[\"https:\\\/\\\/www.article-marketing.eu\\\/comunicatistampa\\\/federico-motta-editore-la-storia-della-pietra-di-scone\\\/#respond\"]}]},{\"@type\":\"WebPage\",\"@id\":\"https:\\\/\\\/www.article-marketing.eu\\\/comunicatistampa\\\/federico-motta-editore-la-storia-della-pietra-di-scone\\\/\",\"url\":\"https:\\\/\\\/www.article-marketing.eu\\\/comunicatistampa\\\/federico-motta-editore-la-storia-della-pietra-di-scone\\\/\",\"name\":\"Federico Motta Editore: la storia della Pietra di Scone\",\"isPartOf\":{\"@id\":\"https:\\\/\\\/www.article-marketing.eu\\\/comunicatistampa\\\/#website\"},\"primaryImageOfPage\":{\"@id\":\"https:\\\/\\\/www.article-marketing.eu\\\/comunicatistampa\\\/federico-motta-editore-la-storia-della-pietra-di-scone\\\/#primaryimage\"},\"image\":{\"@id\":\"https:\\\/\\\/www.article-marketing.eu\\\/comunicatistampa\\\/federico-motta-editore-la-storia-della-pietra-di-scone\\\/#primaryimage\"},\"thumbnailUrl\":\"https:\\\/\\\/webpressvalue.com\\\/wp-content\\\/uploads\\\/2021\\\/06\\\/federico-motta-editore-300x228.jpg\",\"datePublished\":\"2022-12-23T06:38:39+00:00\",\"author\":{\"@id\":\"https:\\\/\\\/www.article-marketing.eu\\\/comunicatistampa\\\/#\\\/schema\\\/person\\\/2fcaf8f8f3a9eef9eb7f27532d3ca458\"},\"breadcrumb\":{\"@id\":\"https:\\\/\\\/www.article-marketing.eu\\\/comunicatistampa\\\/federico-motta-editore-la-storia-della-pietra-di-scone\\\/#breadcrumb\"},\"inLanguage\":\"it-IT\",\"potentialAction\":[{\"@type\":\"ReadAction\",\"target\":[\"https:\\\/\\\/www.article-marketing.eu\\\/comunicatistampa\\\/federico-motta-editore-la-storia-della-pietra-di-scone\\\/\"]}]},{\"@type\":\"ImageObject\",\"inLanguage\":\"it-IT\",\"@id\":\"https:\\\/\\\/www.article-marketing.eu\\\/comunicatistampa\\\/federico-motta-editore-la-storia-della-pietra-di-scone\\\/#primaryimage\",\"url\":\"https:\\\/\\\/webpressvalue.com\\\/wp-content\\\/uploads\\\/2021\\\/06\\\/federico-motta-editore-300x228.jpg\",\"contentUrl\":\"https:\\\/\\\/webpressvalue.com\\\/wp-content\\\/uploads\\\/2021\\\/06\\\/federico-motta-editore-300x228.jpg\"},{\"@type\":\"BreadcrumbList\",\"@id\":\"https:\\\/\\\/www.article-marketing.eu\\\/comunicatistampa\\\/federico-motta-editore-la-storia-della-pietra-di-scone\\\/#breadcrumb\",\"itemListElement\":[{\"@type\":\"ListItem\",\"position\":1,\"name\":\"Home\",\"item\":\"https:\\\/\\\/www.article-marketing.eu\\\/comunicatistampa\\\/\"},{\"@type\":\"ListItem\",\"position\":2,\"name\":\"Federico Motta Editore: la storia della Pietra di Scone\"}]},{\"@type\":\"WebSite\",\"@id\":\"https:\\\/\\\/www.article-marketing.eu\\\/comunicatistampa\\\/#website\",\"url\":\"https:\\\/\\\/www.article-marketing.eu\\\/comunicatistampa\\\/\",\"name\":\"Article Marketing\",\"description\":\"article marketing &amp; press release\",\"potentialAction\":[{\"@type\":\"SearchAction\",\"target\":{\"@type\":\"EntryPoint\",\"urlTemplate\":\"https:\\\/\\\/www.article-marketing.eu\\\/comunicatistampa\\\/?s={search_term_string}\"},\"query-input\":{\"@type\":\"PropertyValueSpecification\",\"valueRequired\":true,\"valueName\":\"search_term_string\"}}],\"inLanguage\":\"it-IT\"},{\"@type\":\"Person\",\"@id\":\"https:\\\/\\\/www.article-marketing.eu\\\/comunicatistampa\\\/#\\\/schema\\\/person\\\/2fcaf8f8f3a9eef9eb7f27532d3ca458\",\"name\":\"articolinews\",\"image\":{\"@type\":\"ImageObject\",\"inLanguage\":\"it-IT\",\"@id\":\"https:\\\/\\\/secure.gravatar.com\\\/avatar\\\/9e2a264bab04e17dea24d937c9956304649a848cb73c46747a692ff1bdeb1cb7?s=96&d=mm&r=g\",\"url\":\"https:\\\/\\\/secure.gravatar.com\\\/avatar\\\/9e2a264bab04e17dea24d937c9956304649a848cb73c46747a692ff1bdeb1cb7?s=96&d=mm&r=g\",\"contentUrl\":\"https:\\\/\\\/secure.gravatar.com\\\/avatar\\\/9e2a264bab04e17dea24d937c9956304649a848cb73c46747a692ff1bdeb1cb7?s=96&d=mm&r=g\",\"caption\":\"articolinews\"},\"url\":\"https:\\\/\\\/www.article-marketing.eu\\\/comunicatistampa\\\/author\\\/articolinews\\\/\"}]}<\/script>\n<!-- \/ Yoast SEO plugin. -->","yoast_head_json":{"title":"Federico Motta Editore: la storia della Pietra di Scone","robots":{"index":"index","follow":"follow","max-snippet":"max-snippet:-1","max-image-preview":"max-image-preview:large","max-video-preview":"max-video-preview:-1"},"canonical":"https:\/\/www.article-marketing.eu\/comunicatistampa\/federico-motta-editore-la-storia-della-pietra-di-scone\/","og_locale":"it_IT","og_type":"article","og_title":"Federico Motta Editore: la storia della Pietra di Scone","og_description":"Trascorso poco pi\u00f9 di un mese dalla morte della regina d\u2019Inghilterra Elisabetta II, l\u2019attenzione si \u00e8 spostata sul suo successore, Re Carlo III, e sui preparativi per l\u2019incoronazione. In un recente articolo, Federico Motta Editore si sofferma su un dettaglio molto prezioso, nonch\u00e9 motivo di discordia nella storia del Regno Unito: la Pietra di Scone. Federico Motta Editore: cos\u2019\u00e8 la Pietra di Scone e perch\u00e9 se ne parla? La PietraContinue reading...","og_url":"https:\/\/www.article-marketing.eu\/comunicatistampa\/federico-motta-editore-la-storia-della-pietra-di-scone\/","og_site_name":"Article Marketing","article_published_time":"2022-12-23T06:38:39+00:00","og_image":[{"url":"https:\/\/webpressvalue.com\/wp-content\/uploads\/2021\/06\/federico-motta-editore-300x228.jpg","type":"","width":"","height":""}],"author":"articolinews","twitter_card":"summary_large_image","twitter_misc":{"Scritto da":"articolinews","Tempo di lettura stimato":"3 minuti"},"schema":{"@context":"https:\/\/schema.org","@graph":[{"@type":"Article","@id":"https:\/\/www.article-marketing.eu\/comunicatistampa\/federico-motta-editore-la-storia-della-pietra-di-scone\/#article","isPartOf":{"@id":"https:\/\/www.article-marketing.eu\/comunicatistampa\/federico-motta-editore-la-storia-della-pietra-di-scone\/"},"author":{"name":"articolinews","@id":"https:\/\/www.article-marketing.eu\/comunicatistampa\/#\/schema\/person\/2fcaf8f8f3a9eef9eb7f27532d3ca458"},"headline":"Federico Motta Editore: la storia della Pietra di Scone","datePublished":"2022-12-23T06:38:39+00:00","mainEntityOfPage":{"@id":"https:\/\/www.article-marketing.eu\/comunicatistampa\/federico-motta-editore-la-storia-della-pietra-di-scone\/"},"wordCount":443,"commentCount":0,"image":{"@id":"https:\/\/www.article-marketing.eu\/comunicatistampa\/federico-motta-editore-la-storia-della-pietra-di-scone\/#primaryimage"},"thumbnailUrl":"https:\/\/webpressvalue.com\/wp-content\/uploads\/2021\/06\/federico-motta-editore-300x228.jpg","keywords":["Federico Motta Editore"],"articleSection":["Arte e cultura"],"inLanguage":"it-IT","potentialAction":[{"@type":"CommentAction","name":"Comment","target":["https:\/\/www.article-marketing.eu\/comunicatistampa\/federico-motta-editore-la-storia-della-pietra-di-scone\/#respond"]}]},{"@type":"WebPage","@id":"https:\/\/www.article-marketing.eu\/comunicatistampa\/federico-motta-editore-la-storia-della-pietra-di-scone\/","url":"https:\/\/www.article-marketing.eu\/comunicatistampa\/federico-motta-editore-la-storia-della-pietra-di-scone\/","name":"Federico Motta Editore: la storia della Pietra di Scone","isPartOf":{"@id":"https:\/\/www.article-marketing.eu\/comunicatistampa\/#website"},"primaryImageOfPage":{"@id":"https:\/\/www.article-marketing.eu\/comunicatistampa\/federico-motta-editore-la-storia-della-pietra-di-scone\/#primaryimage"},"image":{"@id":"https:\/\/www.article-marketing.eu\/comunicatistampa\/federico-motta-editore-la-storia-della-pietra-di-scone\/#primaryimage"},"thumbnailUrl":"https:\/\/webpressvalue.com\/wp-content\/uploads\/2021\/06\/federico-motta-editore-300x228.jpg","datePublished":"2022-12-23T06:38:39+00:00","author":{"@id":"https:\/\/www.article-marketing.eu\/comunicatistampa\/#\/schema\/person\/2fcaf8f8f3a9eef9eb7f27532d3ca458"},"breadcrumb":{"@id":"https:\/\/www.article-marketing.eu\/comunicatistampa\/federico-motta-editore-la-storia-della-pietra-di-scone\/#breadcrumb"},"inLanguage":"it-IT","potentialAction":[{"@type":"ReadAction","target":["https:\/\/www.article-marketing.eu\/comunicatistampa\/federico-motta-editore-la-storia-della-pietra-di-scone\/"]}]},{"@type":"ImageObject","inLanguage":"it-IT","@id":"https:\/\/www.article-marketing.eu\/comunicatistampa\/federico-motta-editore-la-storia-della-pietra-di-scone\/#primaryimage","url":"https:\/\/webpressvalue.com\/wp-content\/uploads\/2021\/06\/federico-motta-editore-300x228.jpg","contentUrl":"https:\/\/webpressvalue.com\/wp-content\/uploads\/2021\/06\/federico-motta-editore-300x228.jpg"},{"@type":"BreadcrumbList","@id":"https:\/\/www.article-marketing.eu\/comunicatistampa\/federico-motta-editore-la-storia-della-pietra-di-scone\/#breadcrumb","itemListElement":[{"@type":"ListItem","position":1,"name":"Home","item":"https:\/\/www.article-marketing.eu\/comunicatistampa\/"},{"@type":"ListItem","position":2,"name":"Federico Motta Editore: la storia della Pietra di Scone"}]},{"@type":"WebSite","@id":"https:\/\/www.article-marketing.eu\/comunicatistampa\/#website","url":"https:\/\/www.article-marketing.eu\/comunicatistampa\/","name":"Article Marketing","description":"article marketing &amp; press release","potentialAction":[{"@type":"SearchAction","target":{"@type":"EntryPoint","urlTemplate":"https:\/\/www.article-marketing.eu\/comunicatistampa\/?s={search_term_string}"},"query-input":{"@type":"PropertyValueSpecification","valueRequired":true,"valueName":"search_term_string"}}],"inLanguage":"it-IT"},{"@type":"Person","@id":"https:\/\/www.article-marketing.eu\/comunicatistampa\/#\/schema\/person\/2fcaf8f8f3a9eef9eb7f27532d3ca458","name":"articolinews","image":{"@type":"ImageObject","inLanguage":"it-IT","@id":"https:\/\/secure.gravatar.com\/avatar\/9e2a264bab04e17dea24d937c9956304649a848cb73c46747a692ff1bdeb1cb7?s=96&d=mm&r=g","url":"https:\/\/secure.gravatar.com\/avatar\/9e2a264bab04e17dea24d937c9956304649a848cb73c46747a692ff1bdeb1cb7?s=96&d=mm&r=g","contentUrl":"https:\/\/secure.gravatar.com\/avatar\/9e2a264bab04e17dea24d937c9956304649a848cb73c46747a692ff1bdeb1cb7?s=96&d=mm&r=g","caption":"articolinews"},"url":"https:\/\/www.article-marketing.eu\/comunicatistampa\/author\/articolinews\/"}]}},"_links":{"self":[{"href":"https:\/\/www.article-marketing.eu\/comunicatistampa\/wp-json\/wp\/v2\/posts\/25545","targetHints":{"allow":["GET"]}}],"collection":[{"href":"https:\/\/www.article-marketing.eu\/comunicatistampa\/wp-json\/wp\/v2\/posts"}],"about":[{"href":"https:\/\/www.article-marketing.eu\/comunicatistampa\/wp-json\/wp\/v2\/types\/post"}],"author":[{"embeddable":true,"href":"https:\/\/www.article-marketing.eu\/comunicatistampa\/wp-json\/wp\/v2\/users\/6477"}],"replies":[{"embeddable":true,"href":"https:\/\/www.article-marketing.eu\/comunicatistampa\/wp-json\/wp\/v2\/comments?post=25545"}],"version-history":[{"count":2,"href":"https:\/\/www.article-marketing.eu\/comunicatistampa\/wp-json\/wp\/v2\/posts\/25545\/revisions"}],"predecessor-version":[{"id":25796,"href":"https:\/\/www.article-marketing.eu\/comunicatistampa\/wp-json\/wp\/v2\/posts\/25545\/revisions\/25796"}],"wp:attachment":[{"href":"https:\/\/www.article-marketing.eu\/comunicatistampa\/wp-json\/wp\/v2\/media?parent=25545"}],"wp:term":[{"taxonomy":"category","embeddable":true,"href":"https:\/\/www.article-marketing.eu\/comunicatistampa\/wp-json\/wp\/v2\/categories?post=25545"},{"taxonomy":"post_tag","embeddable":true,"href":"https:\/\/www.article-marketing.eu\/comunicatistampa\/wp-json\/wp\/v2\/tags?post=25545"}],"curies":[{"name":"wp","href":"https:\/\/api.w.org\/{rel}","templated":true}]}}