{"id":25579,"date":"2022-12-23T07:44:54","date_gmt":"2022-12-23T06:44:54","guid":{"rendered":"https:\/\/www.article-marketing.eu\/comunicatistampa\/?p=25579"},"modified":"2022-12-14T18:34:47","modified_gmt":"2022-12-14T17:34:47","slug":"alessandro-benetton-creativita-ed-empatia-del-sud-oggi-valori-aggiunti-per-il-private-equity","status":"publish","type":"post","link":"https:\/\/www.article-marketing.eu\/comunicatistampa\/alessandro-benetton-creativita-ed-empatia-del-sud-oggi-valori-aggiunti-per-il-private-equity\/","title":{"rendered":"Alessandro Benetton: \u201cCreativit\u00e0 ed empatia del Sud oggi valori aggiunti per il private equity\u201d"},"content":{"rendered":"<p><em><strong><a title=\"Alessandro Benetton, executive manager\" href=\"https:\/\/www.executivemanager.it\/Alessandro-Benetton\/\">Alessandro Benetton<\/a> ha raccontato \u201cLa Traiettoria\u201d durante un incontro organizzato dall\u2019Universit\u00e0 Parthenope di Napoli. L\u2019evento \u00e8 stata l\u2019occasione per discutere di Mezzogiorno e imprenditoria.<\/strong><\/em><\/p>\n<p><a title=\"Alessandro Benetton, biografia professionale\" href=\"https:\/\/www.executivemanager.it\/Alessandro-Benetton\/\"><img loading=\"lazy\" decoding=\"async\" src=\"https:\/\/www.executivemanager.it\/images\/comprofiler\/449_59bb7e946a462.jpg\" alt=\"Alessandro Benetton\" width=\"200\" height=\"230\" \/><\/a><\/p>\n<h2>Alessandro Benetton: \u201c<em>Il lato umano dell\u2019economia \u00e8 quello che sopravvive alle sfide pi\u00f9 difficili<\/em>\u201d<\/h2>\n<p>Si \u00e8 tenuto lo scorso 18 ottobre presso Villa Doria d&#8217;Angri l\u2019incontro con <strong>Alessandro Benetton<\/strong> promosso dall\u2019Universit\u00e0 di Napoli Parthenope. Organizzato nell&#8217;ambito del ContaminationLab CLab UniParthenope in collaborazione con Gruppo Giovani Imprenditori dell&#8217;Unione Industriali di Napoli, l\u2019evento nasce per discutere di \u201cImprenditorialit\u00e0 e Innovazione\u201d e presentare \u201cLa Traiettoria\u201d, l\u2019autobiografia che l\u2019imprenditore ha pubblicato la scorsa primavera con Mondadori. Intervistato a latere dell\u2019evento dal \u201cCorriere del Mezzogiorno\u201d, il fondatore di 21 Invest oggi anche Presidente di Edizioni ha evidenziato le potenzialit\u00e0 del Sud, sottolineandone l\u2019economia dal volto umano: \u201c<em>La simpatia e l\u2019empatia tipiche del Sud se canalizzate possono diventare un grande attrattore di<\/em> <em>opportunit\u00e0<\/em> \u2013 ha spiegato <strong>Alessandro Benetton<\/strong> \u2013 <em>Sono convinto che ciascun individuo debba cercare di sfruttare ci\u00f2 che ha a disposizione. E il Mezzogiorno ha un livello di energia e una peculiare estrosit\u00e0 delle singole persone invidiabile<\/em>\u201d. Le imprese del territorio, ha aggiunto, hanno dimostrato la loro resilienza gi\u00e0 durante la gestione dell\u2019emergenza Covid-19 adattandosi rapidamente \u201c<em>sia alla sfera digitale che a quelle tendenze che io definisco post-social network, nel senso che conoscendo oramai i limiti di queste grandi risorse tecnologiche sappiamo che il fattore umano pu\u00f2 fare la differenza<\/em>\u201d. Le peculiarit\u00e0 del Mezzogiorno possono rappresentare un elemento competitivo soprattutto nel lungo periodo: \u201c<em>Il lato umano dell\u2019economia \u00e8 quello che sopravvive alle sfide pi\u00f9 difficili<\/em>\u201d.<\/p>\n<h2>Alessandro Benetton: \u201c<em>Empatia del Sud perfetta per chi fa private equity\u201d<\/em><\/h2>\n<p>Quella di <a title=\"Alessandro Benetton, biografia executive manager\" href=\"https:\/\/www.executivemanager.it\/Alessandro-Benetton\/\"><strong>Alessandro Benetton<\/strong><\/a> \u00e8 una conoscenza diretta del tessuto imprenditoriale meridionale. Nel sud la sua 21 Invest \u00e8 stata infatti protagonista di una serie di casi di successo, come l\u2019abruzzese Farnese Vin, la barese CartonPack e la catanese Sifi. Tra le operazioni di private equity pi\u00f9 recenti l\u2019ingresso nella tarantina In&amp;Out, specializzata nelle soluzioni di protezione solare e anti-insetto. \u201c<em>Il tessuto imprenditoriale meridionale ci ha dato una grandissima soddisfazione, sia dal punto di vista umano che da quello del business. Spesso il Mezzogiorno viene descritto come particolare con un\u2019accezione non sempre positiva. Sinceramente credo sia particolare perch\u00e9 ha dei punti di forza straordinari. Ma di sicuro in tutto il Sud \u00e8 evidente la voglia di rivincita e di colmare i gap di occupazione ed economia<\/em>\u201d. La creativit\u00e0, la forza propositiva e soprattutto l\u2019empatia delle persone del Sud si dimostrano oggi ingredienti perfetti per chi si occupa di private equity, sostiene <strong>Alessandro Benetton<\/strong>: \u201c<em>Dietro ogni imprenditore c\u2019\u00e8 sempre una persona con le sue emozioni. Non c\u2019\u00e8 solo il curriculum. In questo senso ricordo, ad esempio le prime volte che mio padre mi ha portato con lui proprio al Sud per incontrare i rappresentanti della Benetton, e i negozianti. Ero piccolo e mi piaceva osservare il mondo dei grandi. E ricordo in maniera vividissima l\u2019empatia, l\u2019ospitalit\u00e0 e l\u2019affettuosit\u00e0 spontanea \u00e8 tra i ricordi pi\u00f9 vividi di quegli anni<\/em>\u201d.<\/p>\n","protected":false},"excerpt":{"rendered":"<p>Alessandro Benetton ha raccontato \u201cLa Traiettoria\u201d durante un incontro organizzato dall\u2019Universit\u00e0 Parthenope di Napoli. L\u2019evento \u00e8 stata l\u2019occasione per discutere di Mezzogiorno e imprenditoria. Alessandro Benetton: \u201cIl lato umano dell\u2019economia \u00e8 quello che sopravvive alle sfide pi\u00f9 difficili\u201d Si \u00e8 tenuto lo scorso 18 ottobre presso Villa Doria d&#8217;Angri l\u2019incontro con Alessandro Benetton promosso dall\u2019Universit\u00e0 di Napoli Parthenope. Organizzato nell&#8217;ambito del ContaminationLab CLab UniParthenope in collaborazione con Gruppo Giovani Imprenditori<\/p>\n<p><a class=\"continue-reading\" href=\"https:\/\/www.article-marketing.eu\/comunicatistampa\/alessandro-benetton-creativita-ed-empatia-del-sud-oggi-valori-aggiunti-per-il-private-equity\/\">Continue reading&#8230;<\/a><\/p>\n","protected":false},"author":7191,"featured_media":0,"comment_status":"open","ping_status":"open","sticky":false,"template":"","format":"standard","meta":{"_monsterinsights_skip_tracking":false,"_monsterinsights_sitenote_active":false,"_monsterinsights_sitenote_note":"","_monsterinsights_sitenote_category":0,"footnotes":""},"categories":[362],"tags":[9630],"class_list":["post-25579","post","type-post","status-publish","format-standard","hentry","category-societa","tag-alessandro-benetton"],"yoast_head":"<!-- This site is optimized with the Yoast SEO plugin v27.3 - https:\/\/yoast.com\/product\/yoast-seo-wordpress\/ -->\n<title>Alessandro Benetton: \u201cCreativit\u00e0 ed empatia del Sud oggi valori aggiunti per il private equity\u201d<\/title>\n<meta name=\"robots\" content=\"index, follow, max-snippet:-1, max-image-preview:large, max-video-preview:-1\" \/>\n<link rel=\"canonical\" href=\"https:\/\/www.article-marketing.eu\/comunicatistampa\/alessandro-benetton-creativita-ed-empatia-del-sud-oggi-valori-aggiunti-per-il-private-equity\/\" \/>\n<meta property=\"og:locale\" content=\"it_IT\" \/>\n<meta property=\"og:type\" content=\"article\" \/>\n<meta property=\"og:title\" content=\"Alessandro Benetton: \u201cCreativit\u00e0 ed empatia del Sud oggi valori aggiunti per il private equity\u201d\" \/>\n<meta property=\"og:description\" content=\"Alessandro Benetton ha raccontato \u201cLa Traiettoria\u201d durante un incontro organizzato dall\u2019Universit\u00e0 Parthenope di Napoli. L\u2019evento \u00e8 stata l\u2019occasione per discutere di Mezzogiorno e imprenditoria. Alessandro Benetton: \u201cIl lato umano dell\u2019economia \u00e8 quello che sopravvive alle sfide pi\u00f9 difficili\u201d Si \u00e8 tenuto lo scorso 18 ottobre presso Villa Doria d&#8217;Angri l\u2019incontro con Alessandro Benetton promosso dall\u2019Universit\u00e0 di Napoli Parthenope. Organizzato nell&#8217;ambito del ContaminationLab CLab UniParthenope in collaborazione con Gruppo Giovani ImprenditoriContinue reading...\" \/>\n<meta property=\"og:url\" content=\"https:\/\/www.article-marketing.eu\/comunicatistampa\/alessandro-benetton-creativita-ed-empatia-del-sud-oggi-valori-aggiunti-per-il-private-equity\/\" \/>\n<meta property=\"og:site_name\" content=\"Article Marketing\" \/>\n<meta property=\"article:published_time\" content=\"2022-12-23T06:44:54+00:00\" \/>\n<meta property=\"og:image\" content=\"https:\/\/www.executivemanager.it\/images\/comprofiler\/449_59bb7e946a462.jpg\" \/>\n<meta name=\"author\" content=\"agencyabweb\" \/>\n<meta name=\"twitter:card\" content=\"summary_large_image\" \/>\n<meta name=\"twitter:label1\" content=\"Scritto da\" \/>\n\t<meta name=\"twitter:data1\" content=\"agencyabweb\" \/>\n\t<meta name=\"twitter:label2\" content=\"Tempo di lettura stimato\" \/>\n\t<meta name=\"twitter:data2\" content=\"3 minuti\" \/>\n<script type=\"application\/ld+json\" class=\"yoast-schema-graph\">{\"@context\":\"https:\\\/\\\/schema.org\",\"@graph\":[{\"@type\":\"Article\",\"@id\":\"https:\\\/\\\/www.article-marketing.eu\\\/comunicatistampa\\\/alessandro-benetton-creativita-ed-empatia-del-sud-oggi-valori-aggiunti-per-il-private-equity\\\/#article\",\"isPartOf\":{\"@id\":\"https:\\\/\\\/www.article-marketing.eu\\\/comunicatistampa\\\/alessandro-benetton-creativita-ed-empatia-del-sud-oggi-valori-aggiunti-per-il-private-equity\\\/\"},\"author\":{\"name\":\"agencyabweb\",\"@id\":\"https:\\\/\\\/www.article-marketing.eu\\\/comunicatistampa\\\/#\\\/schema\\\/person\\\/387302ea07720c8cca9cb7cbc223fca4\"},\"headline\":\"Alessandro Benetton: \u201cCreativit\u00e0 ed empatia del Sud oggi valori aggiunti per il private equity\u201d\",\"datePublished\":\"2022-12-23T06:44:54+00:00\",\"mainEntityOfPage\":{\"@id\":\"https:\\\/\\\/www.article-marketing.eu\\\/comunicatistampa\\\/alessandro-benetton-creativita-ed-empatia-del-sud-oggi-valori-aggiunti-per-il-private-equity\\\/\"},\"wordCount\":517,\"commentCount\":0,\"image\":{\"@id\":\"https:\\\/\\\/www.article-marketing.eu\\\/comunicatistampa\\\/alessandro-benetton-creativita-ed-empatia-del-sud-oggi-valori-aggiunti-per-il-private-equity\\\/#primaryimage\"},\"thumbnailUrl\":\"https:\\\/\\\/www.executivemanager.it\\\/images\\\/comprofiler\\\/449_59bb7e946a462.jpg\",\"keywords\":[\"Alessandro Benetton\"],\"articleSection\":[\"Societ\u00e0\"],\"inLanguage\":\"it-IT\",\"potentialAction\":[{\"@type\":\"CommentAction\",\"name\":\"Comment\",\"target\":[\"https:\\\/\\\/www.article-marketing.eu\\\/comunicatistampa\\\/alessandro-benetton-creativita-ed-empatia-del-sud-oggi-valori-aggiunti-per-il-private-equity\\\/#respond\"]}]},{\"@type\":\"WebPage\",\"@id\":\"https:\\\/\\\/www.article-marketing.eu\\\/comunicatistampa\\\/alessandro-benetton-creativita-ed-empatia-del-sud-oggi-valori-aggiunti-per-il-private-equity\\\/\",\"url\":\"https:\\\/\\\/www.article-marketing.eu\\\/comunicatistampa\\\/alessandro-benetton-creativita-ed-empatia-del-sud-oggi-valori-aggiunti-per-il-private-equity\\\/\",\"name\":\"Alessandro Benetton: \u201cCreativit\u00e0 ed empatia del Sud oggi valori aggiunti per il private equity\u201d\",\"isPartOf\":{\"@id\":\"https:\\\/\\\/www.article-marketing.eu\\\/comunicatistampa\\\/#website\"},\"primaryImageOfPage\":{\"@id\":\"https:\\\/\\\/www.article-marketing.eu\\\/comunicatistampa\\\/alessandro-benetton-creativita-ed-empatia-del-sud-oggi-valori-aggiunti-per-il-private-equity\\\/#primaryimage\"},\"image\":{\"@id\":\"https:\\\/\\\/www.article-marketing.eu\\\/comunicatistampa\\\/alessandro-benetton-creativita-ed-empatia-del-sud-oggi-valori-aggiunti-per-il-private-equity\\\/#primaryimage\"},\"thumbnailUrl\":\"https:\\\/\\\/www.executivemanager.it\\\/images\\\/comprofiler\\\/449_59bb7e946a462.jpg\",\"datePublished\":\"2022-12-23T06:44:54+00:00\",\"author\":{\"@id\":\"https:\\\/\\\/www.article-marketing.eu\\\/comunicatistampa\\\/#\\\/schema\\\/person\\\/387302ea07720c8cca9cb7cbc223fca4\"},\"breadcrumb\":{\"@id\":\"https:\\\/\\\/www.article-marketing.eu\\\/comunicatistampa\\\/alessandro-benetton-creativita-ed-empatia-del-sud-oggi-valori-aggiunti-per-il-private-equity\\\/#breadcrumb\"},\"inLanguage\":\"it-IT\",\"potentialAction\":[{\"@type\":\"ReadAction\",\"target\":[\"https:\\\/\\\/www.article-marketing.eu\\\/comunicatistampa\\\/alessandro-benetton-creativita-ed-empatia-del-sud-oggi-valori-aggiunti-per-il-private-equity\\\/\"]}]},{\"@type\":\"ImageObject\",\"inLanguage\":\"it-IT\",\"@id\":\"https:\\\/\\\/www.article-marketing.eu\\\/comunicatistampa\\\/alessandro-benetton-creativita-ed-empatia-del-sud-oggi-valori-aggiunti-per-il-private-equity\\\/#primaryimage\",\"url\":\"https:\\\/\\\/www.executivemanager.it\\\/images\\\/comprofiler\\\/449_59bb7e946a462.jpg\",\"contentUrl\":\"https:\\\/\\\/www.executivemanager.it\\\/images\\\/comprofiler\\\/449_59bb7e946a462.jpg\"},{\"@type\":\"BreadcrumbList\",\"@id\":\"https:\\\/\\\/www.article-marketing.eu\\\/comunicatistampa\\\/alessandro-benetton-creativita-ed-empatia-del-sud-oggi-valori-aggiunti-per-il-private-equity\\\/#breadcrumb\",\"itemListElement\":[{\"@type\":\"ListItem\",\"position\":1,\"name\":\"Home\",\"item\":\"https:\\\/\\\/www.article-marketing.eu\\\/comunicatistampa\\\/\"},{\"@type\":\"ListItem\",\"position\":2,\"name\":\"Alessandro Benetton: \u201cCreativit\u00e0 ed empatia del Sud oggi valori aggiunti per il private equity\u201d\"}]},{\"@type\":\"WebSite\",\"@id\":\"https:\\\/\\\/www.article-marketing.eu\\\/comunicatistampa\\\/#website\",\"url\":\"https:\\\/\\\/www.article-marketing.eu\\\/comunicatistampa\\\/\",\"name\":\"Article Marketing\",\"description\":\"article marketing &amp; press release\",\"potentialAction\":[{\"@type\":\"SearchAction\",\"target\":{\"@type\":\"EntryPoint\",\"urlTemplate\":\"https:\\\/\\\/www.article-marketing.eu\\\/comunicatistampa\\\/?s={search_term_string}\"},\"query-input\":{\"@type\":\"PropertyValueSpecification\",\"valueRequired\":true,\"valueName\":\"search_term_string\"}}],\"inLanguage\":\"it-IT\"},{\"@type\":\"Person\",\"@id\":\"https:\\\/\\\/www.article-marketing.eu\\\/comunicatistampa\\\/#\\\/schema\\\/person\\\/387302ea07720c8cca9cb7cbc223fca4\",\"name\":\"agencyabweb\",\"image\":{\"@type\":\"ImageObject\",\"inLanguage\":\"it-IT\",\"@id\":\"https:\\\/\\\/secure.gravatar.com\\\/avatar\\\/c9b06452f87b0cd78054668e3d508288cb2761bcd8a9f8bb19bb1cfb5638006f?s=96&d=mm&r=g\",\"url\":\"https:\\\/\\\/secure.gravatar.com\\\/avatar\\\/c9b06452f87b0cd78054668e3d508288cb2761bcd8a9f8bb19bb1cfb5638006f?s=96&d=mm&r=g\",\"contentUrl\":\"https:\\\/\\\/secure.gravatar.com\\\/avatar\\\/c9b06452f87b0cd78054668e3d508288cb2761bcd8a9f8bb19bb1cfb5638006f?s=96&d=mm&r=g\",\"caption\":\"agencyabweb\"},\"url\":\"https:\\\/\\\/www.article-marketing.eu\\\/comunicatistampa\\\/author\\\/agencyabweb\\\/\"}]}<\/script>\n<!-- \/ Yoast SEO plugin. -->","yoast_head_json":{"title":"Alessandro Benetton: \u201cCreativit\u00e0 ed empatia del Sud oggi valori aggiunti per il private equity\u201d","robots":{"index":"index","follow":"follow","max-snippet":"max-snippet:-1","max-image-preview":"max-image-preview:large","max-video-preview":"max-video-preview:-1"},"canonical":"https:\/\/www.article-marketing.eu\/comunicatistampa\/alessandro-benetton-creativita-ed-empatia-del-sud-oggi-valori-aggiunti-per-il-private-equity\/","og_locale":"it_IT","og_type":"article","og_title":"Alessandro Benetton: \u201cCreativit\u00e0 ed empatia del Sud oggi valori aggiunti per il private equity\u201d","og_description":"Alessandro Benetton ha raccontato \u201cLa Traiettoria\u201d durante un incontro organizzato dall\u2019Universit\u00e0 Parthenope di Napoli. L\u2019evento \u00e8 stata l\u2019occasione per discutere di Mezzogiorno e imprenditoria. Alessandro Benetton: \u201cIl lato umano dell\u2019economia \u00e8 quello che sopravvive alle sfide pi\u00f9 difficili\u201d Si \u00e8 tenuto lo scorso 18 ottobre presso Villa Doria d&#8217;Angri l\u2019incontro con Alessandro Benetton promosso dall\u2019Universit\u00e0 di Napoli Parthenope. Organizzato nell&#8217;ambito del ContaminationLab CLab UniParthenope in collaborazione con Gruppo Giovani ImprenditoriContinue reading...","og_url":"https:\/\/www.article-marketing.eu\/comunicatistampa\/alessandro-benetton-creativita-ed-empatia-del-sud-oggi-valori-aggiunti-per-il-private-equity\/","og_site_name":"Article Marketing","article_published_time":"2022-12-23T06:44:54+00:00","og_image":[{"url":"https:\/\/www.executivemanager.it\/images\/comprofiler\/449_59bb7e946a462.jpg","type":"","width":"","height":""}],"author":"agencyabweb","twitter_card":"summary_large_image","twitter_misc":{"Scritto da":"agencyabweb","Tempo di lettura stimato":"3 minuti"},"schema":{"@context":"https:\/\/schema.org","@graph":[{"@type":"Article","@id":"https:\/\/www.article-marketing.eu\/comunicatistampa\/alessandro-benetton-creativita-ed-empatia-del-sud-oggi-valori-aggiunti-per-il-private-equity\/#article","isPartOf":{"@id":"https:\/\/www.article-marketing.eu\/comunicatistampa\/alessandro-benetton-creativita-ed-empatia-del-sud-oggi-valori-aggiunti-per-il-private-equity\/"},"author":{"name":"agencyabweb","@id":"https:\/\/www.article-marketing.eu\/comunicatistampa\/#\/schema\/person\/387302ea07720c8cca9cb7cbc223fca4"},"headline":"Alessandro Benetton: \u201cCreativit\u00e0 ed empatia del Sud oggi valori aggiunti per il private equity\u201d","datePublished":"2022-12-23T06:44:54+00:00","mainEntityOfPage":{"@id":"https:\/\/www.article-marketing.eu\/comunicatistampa\/alessandro-benetton-creativita-ed-empatia-del-sud-oggi-valori-aggiunti-per-il-private-equity\/"},"wordCount":517,"commentCount":0,"image":{"@id":"https:\/\/www.article-marketing.eu\/comunicatistampa\/alessandro-benetton-creativita-ed-empatia-del-sud-oggi-valori-aggiunti-per-il-private-equity\/#primaryimage"},"thumbnailUrl":"https:\/\/www.executivemanager.it\/images\/comprofiler\/449_59bb7e946a462.jpg","keywords":["Alessandro Benetton"],"articleSection":["Societ\u00e0"],"inLanguage":"it-IT","potentialAction":[{"@type":"CommentAction","name":"Comment","target":["https:\/\/www.article-marketing.eu\/comunicatistampa\/alessandro-benetton-creativita-ed-empatia-del-sud-oggi-valori-aggiunti-per-il-private-equity\/#respond"]}]},{"@type":"WebPage","@id":"https:\/\/www.article-marketing.eu\/comunicatistampa\/alessandro-benetton-creativita-ed-empatia-del-sud-oggi-valori-aggiunti-per-il-private-equity\/","url":"https:\/\/www.article-marketing.eu\/comunicatistampa\/alessandro-benetton-creativita-ed-empatia-del-sud-oggi-valori-aggiunti-per-il-private-equity\/","name":"Alessandro Benetton: \u201cCreativit\u00e0 ed empatia del Sud oggi valori aggiunti per il private equity\u201d","isPartOf":{"@id":"https:\/\/www.article-marketing.eu\/comunicatistampa\/#website"},"primaryImageOfPage":{"@id":"https:\/\/www.article-marketing.eu\/comunicatistampa\/alessandro-benetton-creativita-ed-empatia-del-sud-oggi-valori-aggiunti-per-il-private-equity\/#primaryimage"},"image":{"@id":"https:\/\/www.article-marketing.eu\/comunicatistampa\/alessandro-benetton-creativita-ed-empatia-del-sud-oggi-valori-aggiunti-per-il-private-equity\/#primaryimage"},"thumbnailUrl":"https:\/\/www.executivemanager.it\/images\/comprofiler\/449_59bb7e946a462.jpg","datePublished":"2022-12-23T06:44:54+00:00","author":{"@id":"https:\/\/www.article-marketing.eu\/comunicatistampa\/#\/schema\/person\/387302ea07720c8cca9cb7cbc223fca4"},"breadcrumb":{"@id":"https:\/\/www.article-marketing.eu\/comunicatistampa\/alessandro-benetton-creativita-ed-empatia-del-sud-oggi-valori-aggiunti-per-il-private-equity\/#breadcrumb"},"inLanguage":"it-IT","potentialAction":[{"@type":"ReadAction","target":["https:\/\/www.article-marketing.eu\/comunicatistampa\/alessandro-benetton-creativita-ed-empatia-del-sud-oggi-valori-aggiunti-per-il-private-equity\/"]}]},{"@type":"ImageObject","inLanguage":"it-IT","@id":"https:\/\/www.article-marketing.eu\/comunicatistampa\/alessandro-benetton-creativita-ed-empatia-del-sud-oggi-valori-aggiunti-per-il-private-equity\/#primaryimage","url":"https:\/\/www.executivemanager.it\/images\/comprofiler\/449_59bb7e946a462.jpg","contentUrl":"https:\/\/www.executivemanager.it\/images\/comprofiler\/449_59bb7e946a462.jpg"},{"@type":"BreadcrumbList","@id":"https:\/\/www.article-marketing.eu\/comunicatistampa\/alessandro-benetton-creativita-ed-empatia-del-sud-oggi-valori-aggiunti-per-il-private-equity\/#breadcrumb","itemListElement":[{"@type":"ListItem","position":1,"name":"Home","item":"https:\/\/www.article-marketing.eu\/comunicatistampa\/"},{"@type":"ListItem","position":2,"name":"Alessandro Benetton: \u201cCreativit\u00e0 ed empatia del Sud oggi valori aggiunti per il private equity\u201d"}]},{"@type":"WebSite","@id":"https:\/\/www.article-marketing.eu\/comunicatistampa\/#website","url":"https:\/\/www.article-marketing.eu\/comunicatistampa\/","name":"Article Marketing","description":"article marketing &amp; press release","potentialAction":[{"@type":"SearchAction","target":{"@type":"EntryPoint","urlTemplate":"https:\/\/www.article-marketing.eu\/comunicatistampa\/?s={search_term_string}"},"query-input":{"@type":"PropertyValueSpecification","valueRequired":true,"valueName":"search_term_string"}}],"inLanguage":"it-IT"},{"@type":"Person","@id":"https:\/\/www.article-marketing.eu\/comunicatistampa\/#\/schema\/person\/387302ea07720c8cca9cb7cbc223fca4","name":"agencyabweb","image":{"@type":"ImageObject","inLanguage":"it-IT","@id":"https:\/\/secure.gravatar.com\/avatar\/c9b06452f87b0cd78054668e3d508288cb2761bcd8a9f8bb19bb1cfb5638006f?s=96&d=mm&r=g","url":"https:\/\/secure.gravatar.com\/avatar\/c9b06452f87b0cd78054668e3d508288cb2761bcd8a9f8bb19bb1cfb5638006f?s=96&d=mm&r=g","contentUrl":"https:\/\/secure.gravatar.com\/avatar\/c9b06452f87b0cd78054668e3d508288cb2761bcd8a9f8bb19bb1cfb5638006f?s=96&d=mm&r=g","caption":"agencyabweb"},"url":"https:\/\/www.article-marketing.eu\/comunicatistampa\/author\/agencyabweb\/"}]}},"_links":{"self":[{"href":"https:\/\/www.article-marketing.eu\/comunicatistampa\/wp-json\/wp\/v2\/posts\/25579","targetHints":{"allow":["GET"]}}],"collection":[{"href":"https:\/\/www.article-marketing.eu\/comunicatistampa\/wp-json\/wp\/v2\/posts"}],"about":[{"href":"https:\/\/www.article-marketing.eu\/comunicatistampa\/wp-json\/wp\/v2\/types\/post"}],"author":[{"embeddable":true,"href":"https:\/\/www.article-marketing.eu\/comunicatistampa\/wp-json\/wp\/v2\/users\/7191"}],"replies":[{"embeddable":true,"href":"https:\/\/www.article-marketing.eu\/comunicatistampa\/wp-json\/wp\/v2\/comments?post=25579"}],"version-history":[{"count":2,"href":"https:\/\/www.article-marketing.eu\/comunicatistampa\/wp-json\/wp\/v2\/posts\/25579\/revisions"}],"predecessor-version":[{"id":25798,"href":"https:\/\/www.article-marketing.eu\/comunicatistampa\/wp-json\/wp\/v2\/posts\/25579\/revisions\/25798"}],"wp:attachment":[{"href":"https:\/\/www.article-marketing.eu\/comunicatistampa\/wp-json\/wp\/v2\/media?parent=25579"}],"wp:term":[{"taxonomy":"category","embeddable":true,"href":"https:\/\/www.article-marketing.eu\/comunicatistampa\/wp-json\/wp\/v2\/categories?post=25579"},{"taxonomy":"post_tag","embeddable":true,"href":"https:\/\/www.article-marketing.eu\/comunicatistampa\/wp-json\/wp\/v2\/tags?post=25579"}],"curies":[{"name":"wp","href":"https:\/\/api.w.org\/{rel}","templated":true}]}}