{"id":25592,"date":"2022-12-22T08:29:22","date_gmt":"2022-12-22T07:29:22","guid":{"rendered":"https:\/\/www.article-marketing.eu\/comunicatistampa\/?p=25592"},"modified":"2022-12-14T18:29:13","modified_gmt":"2022-12-14T17:29:13","slug":"italian-energy-summit-stefano-donnarumma-terna-nostro-impegno-e-abilitare-le-rinnovabili","status":"publish","type":"post","link":"https:\/\/www.article-marketing.eu\/comunicatistampa\/italian-energy-summit-stefano-donnarumma-terna-nostro-impegno-e-abilitare-le-rinnovabili\/","title":{"rendered":"Italian Energy Summit, Stefano Donnarumma (Terna): \u201cNostro impegno \u00e8 abilitare le rinnovabili\u201d"},"content":{"rendered":"<p><em><strong>Nell\u2019ultima edizione dell\u2019Italian Energy Summit <a title=\"Stefano Donnarumma, AD Terna intervista\" href=\"https:\/\/www.affaritaliani.it\/coffee\/video\/economia\/intervista-a-stefano-donnarumma-terna-817796.html\">Stefano Donnarumma<\/a> ha risposto alle domande di \u201cAffari Italiani\u201d. Sicurezza energetica e ruolo di Terna nella transizione i temi affrontati nell\u2019intervista.<\/strong><\/em><\/p>\n<p><a title=\"Affari italiani, intervista Stefano Donnarumma AD Terna\" href=\"https:\/\/www.greengoenergy.eu\/wp-content\/uploads\/2021\/05\/stefano-donnarumma.jpg\"><img loading=\"lazy\" decoding=\"async\" src=\"https:\/\/www.greengoenergy.eu\/wp-content\/uploads\/2021\/05\/stefano-donnarumma.jpg\" alt=\"Stefano Donnarumma\" width=\"159\" height=\"196\" \/><\/a><\/p>\n<h2>Stefano Donnarumma: Terna, infrastrutture e rinnovabili i pilastri della strategia<\/h2>\n<p>Accelerare sullo sviluppo delle infrastrutture, colmare al pi\u00f9 presto il gap di energie rinnovabili e indirizzare il Paese verso la transizione. Ad elencare le priorit\u00e0 del sistema energetico italiano \u00e8 <strong>Stefano Donnarumma,<\/strong> Amministratore Delegato e Direttore Generale di <strong>Terna<\/strong>, nel corso dell\u2019ultima edizione dell\u2019Italian Energy Summit. La due giorni, promossa da \u201cIl Sole 24 Ore\u201d e tenutasi presso la Borsa Italiana a Milano, \u00e8 stata l\u2019occasione per discutere di fonti di approvvigionamento energetico e strategie da perseguire per limitare gli effetti dei rincari sull\u2019economia. A latere dell\u2019evento, l\u2019AD e DG di <strong>Terna<\/strong> \u00e8 stato intercettato dai microfoni di \u201cAffari Italiani\u201d: \u201c<em>La strategia di Terna nel medio termine<\/em> \u2013 ha dichiarato <strong>Stefano Donnarumma<\/strong> \u2013 <em>\u00e8 caratterizzata dal proprio Piano industriale, che cuba 10 miliardi di investimenti sulle infrastrutture di rete, e dal Piano di sviluppo nazionale previsto con le istituzioni e con l\u2019ARERA (Autorit\u00e0 di regolazione per energia reti e ambiente), che prevede 18 miliardi al 2030. Entrambi i Piani sono orientati alla realizzazione e al potenziamento delle infrastrutture per abilitare le rinnovabili<\/em>\u201d.<\/p>\n<h2>Stefano Donnarumma: per maggiore sicurezza energetica necessario colmare gap di rinnovabili<\/h2>\n<p>Tra i propositi espressi dall\u2019AD e DG di <strong>Terna<\/strong> l\u2019accelerazione sulle rinnovabili resta la priorit\u00e0. Ampio per il Paese il gap da recuperare a livello infrastrutturale tra solare ed eolico, ricorda <a title=\"Stefano Donnarumma, intervista affari italiani AD Terna\" href=\"https:\/\/www.affaritaliani.it\/coffee\/video\/economia\/intervista-a-stefano-donnarumma-terna-817796.html\"><strong>Stefano Donnarumma<\/strong><\/a>: \u201c<em>Ad oggi il gap di rinnovabili al 2030 \u00e8 stimato intorno ai 70 Gigawatt<\/em>\u201d. Il ruolo della rete sar\u00e0 quello di \u201c<em>accompagnare questo sviluppo<\/em>\u201d e guidare il Paese verso la transizione energetica, passaggio considerato sempre pi\u00f9 strategico sul fronte dell\u2019indipendenza energetica. Fondamentali in questo senso le risorse del PNRR, aggiunge, ma per sfruttarle al meglio \u00e8 necessario \u201c<em>fare sistema<\/em>\u201d e puntare su progetti medio-grandi. Intanto le misure prese finora dalle Istituzioni e dai principali player del settore iniziano a sortire i primi effetti. Impulso alle rinnovabili, aumento degli accumuli, l\u2019utilizzo dei rigassificatori e la diversificazione lato gas: per <strong>Stefano Donnarumma<\/strong> \u201c<em>le azioni messe in atto in questo momento dovrebbero portarci ad una condizione di maggiore sicurezza<\/em>\u201d.<\/p>\n","protected":false},"excerpt":{"rendered":"<p>Nell\u2019ultima edizione dell\u2019Italian Energy Summit Stefano Donnarumma ha risposto alle domande di \u201cAffari Italiani\u201d. Sicurezza energetica e ruolo di Terna nella transizione i temi affrontati nell\u2019intervista. Stefano Donnarumma: Terna, infrastrutture e rinnovabili i pilastri della strategia Accelerare sullo sviluppo delle infrastrutture, colmare al pi\u00f9 presto il gap di energie rinnovabili e indirizzare il Paese verso la transizione. Ad elencare le priorit\u00e0 del sistema energetico italiano \u00e8 Stefano Donnarumma, Amministratore Delegato<\/p>\n<p><a class=\"continue-reading\" href=\"https:\/\/www.article-marketing.eu\/comunicatistampa\/italian-energy-summit-stefano-donnarumma-terna-nostro-impegno-e-abilitare-le-rinnovabili\/\">Continue reading&#8230;<\/a><\/p>\n","protected":false},"author":7206,"featured_media":0,"comment_status":"open","ping_status":"open","sticky":false,"template":"","format":"standard","meta":{"_monsterinsights_skip_tracking":false,"_monsterinsights_sitenote_active":false,"_monsterinsights_sitenote_note":"","_monsterinsights_sitenote_category":0,"footnotes":""},"categories":[386],"tags":[9564,9563],"class_list":["post-25592","post","type-post","status-publish","format-standard","hentry","category-economia-e-lavoro","tag-stefano-donnarumma","tag-terna"],"yoast_head":"<!-- This site is optimized with the Yoast SEO plugin v27.3 - https:\/\/yoast.com\/product\/yoast-seo-wordpress\/ -->\n<title>Italian Energy Summit, Stefano Donnarumma (Terna): \u201cNostro impegno \u00e8 abilitare le rinnovabili\u201d<\/title>\n<meta name=\"robots\" content=\"index, follow, max-snippet:-1, max-image-preview:large, max-video-preview:-1\" \/>\n<link rel=\"canonical\" href=\"https:\/\/www.article-marketing.eu\/comunicatistampa\/italian-energy-summit-stefano-donnarumma-terna-nostro-impegno-e-abilitare-le-rinnovabili\/\" \/>\n<meta property=\"og:locale\" content=\"it_IT\" \/>\n<meta property=\"og:type\" content=\"article\" \/>\n<meta property=\"og:title\" content=\"Italian Energy Summit, Stefano Donnarumma (Terna): \u201cNostro impegno \u00e8 abilitare le rinnovabili\u201d\" \/>\n<meta property=\"og:description\" content=\"Nell\u2019ultima edizione dell\u2019Italian Energy Summit Stefano Donnarumma ha risposto alle domande di \u201cAffari Italiani\u201d. Sicurezza energetica e ruolo di Terna nella transizione i temi affrontati nell\u2019intervista. Stefano Donnarumma: Terna, infrastrutture e rinnovabili i pilastri della strategia Accelerare sullo sviluppo delle infrastrutture, colmare al pi\u00f9 presto il gap di energie rinnovabili e indirizzare il Paese verso la transizione. Ad elencare le priorit\u00e0 del sistema energetico italiano \u00e8 Stefano Donnarumma, Amministratore DelegatoContinue reading...\" \/>\n<meta property=\"og:url\" content=\"https:\/\/www.article-marketing.eu\/comunicatistampa\/italian-energy-summit-stefano-donnarumma-terna-nostro-impegno-e-abilitare-le-rinnovabili\/\" \/>\n<meta property=\"og:site_name\" content=\"Article Marketing\" \/>\n<meta property=\"article:published_time\" content=\"2022-12-22T07:29:22+00:00\" \/>\n<meta property=\"og:image\" content=\"https:\/\/www.greengoenergy.eu\/wp-content\/uploads\/2021\/05\/stefano-donnarumma.jpg\" \/>\n<meta name=\"author\" content=\"pressreleaself\" \/>\n<meta name=\"twitter:card\" content=\"summary_large_image\" \/>\n<meta name=\"twitter:label1\" content=\"Scritto da\" \/>\n\t<meta name=\"twitter:data1\" content=\"pressreleaself\" \/>\n\t<meta name=\"twitter:label2\" content=\"Tempo di lettura stimato\" \/>\n\t<meta name=\"twitter:data2\" content=\"3 minuti\" \/>\n<script type=\"application\/ld+json\" class=\"yoast-schema-graph\">{\"@context\":\"https:\\\/\\\/schema.org\",\"@graph\":[{\"@type\":\"Article\",\"@id\":\"https:\\\/\\\/www.article-marketing.eu\\\/comunicatistampa\\\/italian-energy-summit-stefano-donnarumma-terna-nostro-impegno-e-abilitare-le-rinnovabili\\\/#article\",\"isPartOf\":{\"@id\":\"https:\\\/\\\/www.article-marketing.eu\\\/comunicatistampa\\\/italian-energy-summit-stefano-donnarumma-terna-nostro-impegno-e-abilitare-le-rinnovabili\\\/\"},\"author\":{\"name\":\"pressreleaself\",\"@id\":\"https:\\\/\\\/www.article-marketing.eu\\\/comunicatistampa\\\/#\\\/schema\\\/person\\\/e12b1bc04ee2394a2e51cf979ebbbbb6\"},\"headline\":\"Italian Energy Summit, Stefano Donnarumma (Terna): \u201cNostro impegno \u00e8 abilitare le rinnovabili\u201d\",\"datePublished\":\"2022-12-22T07:29:22+00:00\",\"mainEntityOfPage\":{\"@id\":\"https:\\\/\\\/www.article-marketing.eu\\\/comunicatistampa\\\/italian-energy-summit-stefano-donnarumma-terna-nostro-impegno-e-abilitare-le-rinnovabili\\\/\"},\"wordCount\":379,\"commentCount\":0,\"image\":{\"@id\":\"https:\\\/\\\/www.article-marketing.eu\\\/comunicatistampa\\\/italian-energy-summit-stefano-donnarumma-terna-nostro-impegno-e-abilitare-le-rinnovabili\\\/#primaryimage\"},\"thumbnailUrl\":\"https:\\\/\\\/www.greengoenergy.eu\\\/wp-content\\\/uploads\\\/2021\\\/05\\\/stefano-donnarumma.jpg\",\"keywords\":[\"Stefano Donnarumma\",\"Terna\"],\"articleSection\":[\"Economia e lavoro\"],\"inLanguage\":\"it-IT\",\"potentialAction\":[{\"@type\":\"CommentAction\",\"name\":\"Comment\",\"target\":[\"https:\\\/\\\/www.article-marketing.eu\\\/comunicatistampa\\\/italian-energy-summit-stefano-donnarumma-terna-nostro-impegno-e-abilitare-le-rinnovabili\\\/#respond\"]}]},{\"@type\":\"WebPage\",\"@id\":\"https:\\\/\\\/www.article-marketing.eu\\\/comunicatistampa\\\/italian-energy-summit-stefano-donnarumma-terna-nostro-impegno-e-abilitare-le-rinnovabili\\\/\",\"url\":\"https:\\\/\\\/www.article-marketing.eu\\\/comunicatistampa\\\/italian-energy-summit-stefano-donnarumma-terna-nostro-impegno-e-abilitare-le-rinnovabili\\\/\",\"name\":\"Italian Energy Summit, Stefano Donnarumma (Terna): \u201cNostro impegno \u00e8 abilitare le rinnovabili\u201d\",\"isPartOf\":{\"@id\":\"https:\\\/\\\/www.article-marketing.eu\\\/comunicatistampa\\\/#website\"},\"primaryImageOfPage\":{\"@id\":\"https:\\\/\\\/www.article-marketing.eu\\\/comunicatistampa\\\/italian-energy-summit-stefano-donnarumma-terna-nostro-impegno-e-abilitare-le-rinnovabili\\\/#primaryimage\"},\"image\":{\"@id\":\"https:\\\/\\\/www.article-marketing.eu\\\/comunicatistampa\\\/italian-energy-summit-stefano-donnarumma-terna-nostro-impegno-e-abilitare-le-rinnovabili\\\/#primaryimage\"},\"thumbnailUrl\":\"https:\\\/\\\/www.greengoenergy.eu\\\/wp-content\\\/uploads\\\/2021\\\/05\\\/stefano-donnarumma.jpg\",\"datePublished\":\"2022-12-22T07:29:22+00:00\",\"author\":{\"@id\":\"https:\\\/\\\/www.article-marketing.eu\\\/comunicatistampa\\\/#\\\/schema\\\/person\\\/e12b1bc04ee2394a2e51cf979ebbbbb6\"},\"breadcrumb\":{\"@id\":\"https:\\\/\\\/www.article-marketing.eu\\\/comunicatistampa\\\/italian-energy-summit-stefano-donnarumma-terna-nostro-impegno-e-abilitare-le-rinnovabili\\\/#breadcrumb\"},\"inLanguage\":\"it-IT\",\"potentialAction\":[{\"@type\":\"ReadAction\",\"target\":[\"https:\\\/\\\/www.article-marketing.eu\\\/comunicatistampa\\\/italian-energy-summit-stefano-donnarumma-terna-nostro-impegno-e-abilitare-le-rinnovabili\\\/\"]}]},{\"@type\":\"ImageObject\",\"inLanguage\":\"it-IT\",\"@id\":\"https:\\\/\\\/www.article-marketing.eu\\\/comunicatistampa\\\/italian-energy-summit-stefano-donnarumma-terna-nostro-impegno-e-abilitare-le-rinnovabili\\\/#primaryimage\",\"url\":\"https:\\\/\\\/www.greengoenergy.eu\\\/wp-content\\\/uploads\\\/2021\\\/05\\\/stefano-donnarumma.jpg\",\"contentUrl\":\"https:\\\/\\\/www.greengoenergy.eu\\\/wp-content\\\/uploads\\\/2021\\\/05\\\/stefano-donnarumma.jpg\"},{\"@type\":\"BreadcrumbList\",\"@id\":\"https:\\\/\\\/www.article-marketing.eu\\\/comunicatistampa\\\/italian-energy-summit-stefano-donnarumma-terna-nostro-impegno-e-abilitare-le-rinnovabili\\\/#breadcrumb\",\"itemListElement\":[{\"@type\":\"ListItem\",\"position\":1,\"name\":\"Home\",\"item\":\"https:\\\/\\\/www.article-marketing.eu\\\/comunicatistampa\\\/\"},{\"@type\":\"ListItem\",\"position\":2,\"name\":\"Italian Energy Summit, Stefano Donnarumma (Terna): \u201cNostro impegno \u00e8 abilitare le rinnovabili\u201d\"}]},{\"@type\":\"WebSite\",\"@id\":\"https:\\\/\\\/www.article-marketing.eu\\\/comunicatistampa\\\/#website\",\"url\":\"https:\\\/\\\/www.article-marketing.eu\\\/comunicatistampa\\\/\",\"name\":\"Article Marketing\",\"description\":\"article marketing &amp; press release\",\"potentialAction\":[{\"@type\":\"SearchAction\",\"target\":{\"@type\":\"EntryPoint\",\"urlTemplate\":\"https:\\\/\\\/www.article-marketing.eu\\\/comunicatistampa\\\/?s={search_term_string}\"},\"query-input\":{\"@type\":\"PropertyValueSpecification\",\"valueRequired\":true,\"valueName\":\"search_term_string\"}}],\"inLanguage\":\"it-IT\"},{\"@type\":\"Person\",\"@id\":\"https:\\\/\\\/www.article-marketing.eu\\\/comunicatistampa\\\/#\\\/schema\\\/person\\\/e12b1bc04ee2394a2e51cf979ebbbbb6\",\"name\":\"pressreleaself\",\"image\":{\"@type\":\"ImageObject\",\"inLanguage\":\"it-IT\",\"@id\":\"https:\\\/\\\/secure.gravatar.com\\\/avatar\\\/58b2e897ca1b290b3c87ba2112be22b2d12e7af8fea0975d839430be1249d1a3?s=96&d=mm&r=g\",\"url\":\"https:\\\/\\\/secure.gravatar.com\\\/avatar\\\/58b2e897ca1b290b3c87ba2112be22b2d12e7af8fea0975d839430be1249d1a3?s=96&d=mm&r=g\",\"contentUrl\":\"https:\\\/\\\/secure.gravatar.com\\\/avatar\\\/58b2e897ca1b290b3c87ba2112be22b2d12e7af8fea0975d839430be1249d1a3?s=96&d=mm&r=g\",\"caption\":\"pressreleaself\"},\"url\":\"https:\\\/\\\/www.article-marketing.eu\\\/comunicatistampa\\\/author\\\/pressreleaself\\\/\"}]}<\/script>\n<!-- \/ Yoast SEO plugin. -->","yoast_head_json":{"title":"Italian Energy Summit, Stefano Donnarumma (Terna): \u201cNostro impegno \u00e8 abilitare le rinnovabili\u201d","robots":{"index":"index","follow":"follow","max-snippet":"max-snippet:-1","max-image-preview":"max-image-preview:large","max-video-preview":"max-video-preview:-1"},"canonical":"https:\/\/www.article-marketing.eu\/comunicatistampa\/italian-energy-summit-stefano-donnarumma-terna-nostro-impegno-e-abilitare-le-rinnovabili\/","og_locale":"it_IT","og_type":"article","og_title":"Italian Energy Summit, Stefano Donnarumma (Terna): \u201cNostro impegno \u00e8 abilitare le rinnovabili\u201d","og_description":"Nell\u2019ultima edizione dell\u2019Italian Energy Summit Stefano Donnarumma ha risposto alle domande di \u201cAffari Italiani\u201d. Sicurezza energetica e ruolo di Terna nella transizione i temi affrontati nell\u2019intervista. Stefano Donnarumma: Terna, infrastrutture e rinnovabili i pilastri della strategia Accelerare sullo sviluppo delle infrastrutture, colmare al pi\u00f9 presto il gap di energie rinnovabili e indirizzare il Paese verso la transizione. Ad elencare le priorit\u00e0 del sistema energetico italiano \u00e8 Stefano Donnarumma, Amministratore DelegatoContinue reading...","og_url":"https:\/\/www.article-marketing.eu\/comunicatistampa\/italian-energy-summit-stefano-donnarumma-terna-nostro-impegno-e-abilitare-le-rinnovabili\/","og_site_name":"Article Marketing","article_published_time":"2022-12-22T07:29:22+00:00","og_image":[{"url":"https:\/\/www.greengoenergy.eu\/wp-content\/uploads\/2021\/05\/stefano-donnarumma.jpg","type":"","width":"","height":""}],"author":"pressreleaself","twitter_card":"summary_large_image","twitter_misc":{"Scritto da":"pressreleaself","Tempo di lettura stimato":"3 minuti"},"schema":{"@context":"https:\/\/schema.org","@graph":[{"@type":"Article","@id":"https:\/\/www.article-marketing.eu\/comunicatistampa\/italian-energy-summit-stefano-donnarumma-terna-nostro-impegno-e-abilitare-le-rinnovabili\/#article","isPartOf":{"@id":"https:\/\/www.article-marketing.eu\/comunicatistampa\/italian-energy-summit-stefano-donnarumma-terna-nostro-impegno-e-abilitare-le-rinnovabili\/"},"author":{"name":"pressreleaself","@id":"https:\/\/www.article-marketing.eu\/comunicatistampa\/#\/schema\/person\/e12b1bc04ee2394a2e51cf979ebbbbb6"},"headline":"Italian Energy Summit, Stefano Donnarumma (Terna): \u201cNostro impegno \u00e8 abilitare le rinnovabili\u201d","datePublished":"2022-12-22T07:29:22+00:00","mainEntityOfPage":{"@id":"https:\/\/www.article-marketing.eu\/comunicatistampa\/italian-energy-summit-stefano-donnarumma-terna-nostro-impegno-e-abilitare-le-rinnovabili\/"},"wordCount":379,"commentCount":0,"image":{"@id":"https:\/\/www.article-marketing.eu\/comunicatistampa\/italian-energy-summit-stefano-donnarumma-terna-nostro-impegno-e-abilitare-le-rinnovabili\/#primaryimage"},"thumbnailUrl":"https:\/\/www.greengoenergy.eu\/wp-content\/uploads\/2021\/05\/stefano-donnarumma.jpg","keywords":["Stefano Donnarumma","Terna"],"articleSection":["Economia e lavoro"],"inLanguage":"it-IT","potentialAction":[{"@type":"CommentAction","name":"Comment","target":["https:\/\/www.article-marketing.eu\/comunicatistampa\/italian-energy-summit-stefano-donnarumma-terna-nostro-impegno-e-abilitare-le-rinnovabili\/#respond"]}]},{"@type":"WebPage","@id":"https:\/\/www.article-marketing.eu\/comunicatistampa\/italian-energy-summit-stefano-donnarumma-terna-nostro-impegno-e-abilitare-le-rinnovabili\/","url":"https:\/\/www.article-marketing.eu\/comunicatistampa\/italian-energy-summit-stefano-donnarumma-terna-nostro-impegno-e-abilitare-le-rinnovabili\/","name":"Italian Energy Summit, Stefano Donnarumma (Terna): \u201cNostro impegno \u00e8 abilitare le rinnovabili\u201d","isPartOf":{"@id":"https:\/\/www.article-marketing.eu\/comunicatistampa\/#website"},"primaryImageOfPage":{"@id":"https:\/\/www.article-marketing.eu\/comunicatistampa\/italian-energy-summit-stefano-donnarumma-terna-nostro-impegno-e-abilitare-le-rinnovabili\/#primaryimage"},"image":{"@id":"https:\/\/www.article-marketing.eu\/comunicatistampa\/italian-energy-summit-stefano-donnarumma-terna-nostro-impegno-e-abilitare-le-rinnovabili\/#primaryimage"},"thumbnailUrl":"https:\/\/www.greengoenergy.eu\/wp-content\/uploads\/2021\/05\/stefano-donnarumma.jpg","datePublished":"2022-12-22T07:29:22+00:00","author":{"@id":"https:\/\/www.article-marketing.eu\/comunicatistampa\/#\/schema\/person\/e12b1bc04ee2394a2e51cf979ebbbbb6"},"breadcrumb":{"@id":"https:\/\/www.article-marketing.eu\/comunicatistampa\/italian-energy-summit-stefano-donnarumma-terna-nostro-impegno-e-abilitare-le-rinnovabili\/#breadcrumb"},"inLanguage":"it-IT","potentialAction":[{"@type":"ReadAction","target":["https:\/\/www.article-marketing.eu\/comunicatistampa\/italian-energy-summit-stefano-donnarumma-terna-nostro-impegno-e-abilitare-le-rinnovabili\/"]}]},{"@type":"ImageObject","inLanguage":"it-IT","@id":"https:\/\/www.article-marketing.eu\/comunicatistampa\/italian-energy-summit-stefano-donnarumma-terna-nostro-impegno-e-abilitare-le-rinnovabili\/#primaryimage","url":"https:\/\/www.greengoenergy.eu\/wp-content\/uploads\/2021\/05\/stefano-donnarumma.jpg","contentUrl":"https:\/\/www.greengoenergy.eu\/wp-content\/uploads\/2021\/05\/stefano-donnarumma.jpg"},{"@type":"BreadcrumbList","@id":"https:\/\/www.article-marketing.eu\/comunicatistampa\/italian-energy-summit-stefano-donnarumma-terna-nostro-impegno-e-abilitare-le-rinnovabili\/#breadcrumb","itemListElement":[{"@type":"ListItem","position":1,"name":"Home","item":"https:\/\/www.article-marketing.eu\/comunicatistampa\/"},{"@type":"ListItem","position":2,"name":"Italian Energy Summit, Stefano Donnarumma (Terna): \u201cNostro impegno \u00e8 abilitare le rinnovabili\u201d"}]},{"@type":"WebSite","@id":"https:\/\/www.article-marketing.eu\/comunicatistampa\/#website","url":"https:\/\/www.article-marketing.eu\/comunicatistampa\/","name":"Article Marketing","description":"article marketing &amp; press release","potentialAction":[{"@type":"SearchAction","target":{"@type":"EntryPoint","urlTemplate":"https:\/\/www.article-marketing.eu\/comunicatistampa\/?s={search_term_string}"},"query-input":{"@type":"PropertyValueSpecification","valueRequired":true,"valueName":"search_term_string"}}],"inLanguage":"it-IT"},{"@type":"Person","@id":"https:\/\/www.article-marketing.eu\/comunicatistampa\/#\/schema\/person\/e12b1bc04ee2394a2e51cf979ebbbbb6","name":"pressreleaself","image":{"@type":"ImageObject","inLanguage":"it-IT","@id":"https:\/\/secure.gravatar.com\/avatar\/58b2e897ca1b290b3c87ba2112be22b2d12e7af8fea0975d839430be1249d1a3?s=96&d=mm&r=g","url":"https:\/\/secure.gravatar.com\/avatar\/58b2e897ca1b290b3c87ba2112be22b2d12e7af8fea0975d839430be1249d1a3?s=96&d=mm&r=g","contentUrl":"https:\/\/secure.gravatar.com\/avatar\/58b2e897ca1b290b3c87ba2112be22b2d12e7af8fea0975d839430be1249d1a3?s=96&d=mm&r=g","caption":"pressreleaself"},"url":"https:\/\/www.article-marketing.eu\/comunicatistampa\/author\/pressreleaself\/"}]}},"_links":{"self":[{"href":"https:\/\/www.article-marketing.eu\/comunicatistampa\/wp-json\/wp\/v2\/posts\/25592","targetHints":{"allow":["GET"]}}],"collection":[{"href":"https:\/\/www.article-marketing.eu\/comunicatistampa\/wp-json\/wp\/v2\/posts"}],"about":[{"href":"https:\/\/www.article-marketing.eu\/comunicatistampa\/wp-json\/wp\/v2\/types\/post"}],"author":[{"embeddable":true,"href":"https:\/\/www.article-marketing.eu\/comunicatistampa\/wp-json\/wp\/v2\/users\/7206"}],"replies":[{"embeddable":true,"href":"https:\/\/www.article-marketing.eu\/comunicatistampa\/wp-json\/wp\/v2\/comments?post=25592"}],"version-history":[{"count":2,"href":"https:\/\/www.article-marketing.eu\/comunicatistampa\/wp-json\/wp\/v2\/posts\/25592\/revisions"}],"predecessor-version":[{"id":25789,"href":"https:\/\/www.article-marketing.eu\/comunicatistampa\/wp-json\/wp\/v2\/posts\/25592\/revisions\/25789"}],"wp:attachment":[{"href":"https:\/\/www.article-marketing.eu\/comunicatistampa\/wp-json\/wp\/v2\/media?parent=25592"}],"wp:term":[{"taxonomy":"category","embeddable":true,"href":"https:\/\/www.article-marketing.eu\/comunicatistampa\/wp-json\/wp\/v2\/categories?post=25592"},{"taxonomy":"post_tag","embeddable":true,"href":"https:\/\/www.article-marketing.eu\/comunicatistampa\/wp-json\/wp\/v2\/tags?post=25592"}],"curies":[{"name":"wp","href":"https:\/\/api.w.org\/{rel}","templated":true}]}}