{"id":25611,"date":"2022-12-20T07:14:53","date_gmt":"2022-12-20T06:14:53","guid":{"rendered":"https:\/\/www.article-marketing.eu\/comunicatistampa\/?p=25611"},"modified":"2022-12-14T18:15:29","modified_gmt":"2022-12-14T17:15:29","slug":"claudio-descalzi-lad-di-eni-al-forum-ansa-focus-su-emergenza-energetica-e-transizione","status":"publish","type":"post","link":"https:\/\/www.article-marketing.eu\/comunicatistampa\/claudio-descalzi-lad-di-eni-al-forum-ansa-focus-su-emergenza-energetica-e-transizione\/","title":{"rendered":"Claudio Descalzi: l\u2019AD di Eni al Forum ANSA, focus su emergenza energetica e transizione"},"content":{"rendered":"<p><em><strong>L\u2019intervento di <a title=\"Claudio Descalzi, executive manager\" href=\"https:\/\/www.executivemanager.it\/Claudio-Descalzi\/\">Claudio Descalzi<\/a> al Forum ANSA: l\u2019AD di Eni ha parlato del futuro dell\u2019energia tra l\u2019emergenza attuale e la necessit\u00e0 di raggiungere gli obiettivi legati alla transizione.<\/strong><\/em><\/p>\n<p><a title=\"Claudio Descalzi, carriera professionale AD Eni\" href=\"https:\/\/www.executivemanager.it\/Claudio-Descalzi\/\"><img loading=\"lazy\" decoding=\"async\" src=\"https:\/\/www.executivemanager.it\/images\/comprofiler\/513_57d9109457b28.jpg\" alt=\"Claudio Descalzi, AD Eni\" width=\"122\" height=\"183\" \/><\/a><\/p>\n<p><strong>Claudio Descalzi<\/strong><strong>: sostenibilit\u00e0, sicurezza energetica e competitivit\u00e0 per affrontare le nuove sfide del settore<\/strong><\/p>\n<p>Ospite del Forum ANSA lo scorso 9 novembre, l\u2019AD di Eni <strong>Claudio Descalzi<\/strong> ha parlato dell\u2019impegno di Eni nel fronteggiare l\u2019emergenza energetica in corso e delle prospettive per la transizione. Fondamentale, come ha ribadito l\u2019AD rispondendo alle domande dei giornalisti e del direttore dell\u2019Agenzia Luigi Contu, \u00e8 assicurare la sicurezza energetica senza allontanare il Paese dagli obiettivi di decarbonizzazione: in questa direzione dovrebbe guardare anche la Conferenza delle Nazioni Unite sui cambiamenti climatici (COP 27) in programma il 7 e l\u20198 novembre in Egitto. Nel \u201c<em>confermare gli obiettivi climatici<\/em>\u201d il vertice sul clima \u201c<em>dovr\u00e0 tenere conto del breve, del medio e del lungo termine perch\u00e9 adesso abbiamo questo problema di sicurezza energetica che \u00e8 contingente<\/em>\u201d: la sostenibilit\u00e0 ambientale deve restare la priorit\u00e0 ma non pu\u00f2 essere l\u2019unica. \u201c<em>Su una sola gamba si fa fatica a stare in piedi<\/em>\u201d: devono quindi esserci \u201c<em>altre gambe<\/em>\u201d che <strong>Claudio Descalzi<\/strong> identifica nella sicurezza energetica e nella competitivit\u00e0 perch\u00e9 \u201c<em>se si lasciano indietro sicurezza e competitivit\u00e0 non riesci pi\u00f9 a fare business<\/em>\u201d.<\/p>\n<p><strong>Claudio Descalzi<\/strong><strong>: necessario utilizzare tutte le tecnologie a nostra disposizione che impiegano prodotti puliti<\/strong><\/p>\n<p>Sostenibilit\u00e0, sicurezza energetica e competitivit\u00e0 secondo l\u2019AD <a title=\"Claudio Descalzi, storia professionale executive manager\" href=\"https:\/\/www.executivemanager.it\/Claudio-Descalzi\/\"><strong>Claudio Descalzi<\/strong><\/a> possono stare insieme \u201c<em>se le cose non si fanno in modo ideologico<\/em>\u201d. L\u2019impegno concreto di Eni \u00e8 nei numerosi progetti basati sulla consapevolezza che \u00e8 quindi necessario \u201c<em>utilizzare tutte le tecnologie a nostra disposizione che impiegano prodotti puliti, compresi i biocarburanti perch\u00e9 le rinnovabili da sole non bastano a risolvere il problema<\/em>\u201d. Nel corso dell\u2019intervista, l\u2019AD <strong>Claudio Descalzi<\/strong> ha ricordato ad esempio \u201c<em>tutta la catena dei biocarburanti che non vengono da idrocarburi ma da agricoltura, da arbusti oleosi coltivati in zone desertiche<\/em>\u201d. Eni ha sottoscritto \u201c<em>sette accordi in Africa e stiamo gi\u00e0 importando dal Kenya<\/em>\u201d con evidenti ricadute anche per il territorio e le comunit\u00e0 locali: il progetto d\u00e0 lavoro a quasi 100mila famiglie e \u201c<em>produce olio per le bioraffinerie di Venezia e Gela<\/em>\u201d. Dopo anni di test \u201c<em>possiamo usare questi biocarburanti al 100% sui motori euro 4, euro 5 ed euro 6<\/em>\u201d. E \u201c<em>sono complementari a tutta la crescita dell\u2019auto elettrica<\/em>\u201d, ha aggiunto infine l\u2019AD.<\/p>\n","protected":false},"excerpt":{"rendered":"<p>L\u2019intervento di Claudio Descalzi al Forum ANSA: l\u2019AD di Eni ha parlato del futuro dell\u2019energia tra l\u2019emergenza attuale e la necessit\u00e0 di raggiungere gli obiettivi legati alla transizione. Claudio Descalzi: sostenibilit\u00e0, sicurezza energetica e competitivit\u00e0 per affrontare le nuove sfide del settore Ospite del Forum ANSA lo scorso 9 novembre, l\u2019AD di Eni Claudio Descalzi ha parlato dell\u2019impegno di Eni nel fronteggiare l\u2019emergenza energetica in corso e delle prospettive per<\/p>\n<p><a class=\"continue-reading\" href=\"https:\/\/www.article-marketing.eu\/comunicatistampa\/claudio-descalzi-lad-di-eni-al-forum-ansa-focus-su-emergenza-energetica-e-transizione\/\">Continue reading&#8230;<\/a><\/p>\n","protected":false},"author":6477,"featured_media":0,"comment_status":"open","ping_status":"open","sticky":false,"template":"","format":"standard","meta":{"_monsterinsights_skip_tracking":false,"_monsterinsights_sitenote_active":false,"_monsterinsights_sitenote_note":"","_monsterinsights_sitenote_category":0,"footnotes":""},"categories":[386],"tags":[9889],"class_list":["post-25611","post","type-post","status-publish","format-standard","hentry","category-economia-e-lavoro","tag-claudio-descalzi"],"yoast_head":"<!-- This site is optimized with the Yoast SEO plugin v27.3 - https:\/\/yoast.com\/product\/yoast-seo-wordpress\/ -->\n<title>Claudio Descalzi: l\u2019AD di Eni al Forum ANSA, focus su emergenza energetica e transizione<\/title>\n<meta name=\"robots\" content=\"index, follow, max-snippet:-1, max-image-preview:large, max-video-preview:-1\" \/>\n<link rel=\"canonical\" href=\"https:\/\/www.article-marketing.eu\/comunicatistampa\/claudio-descalzi-lad-di-eni-al-forum-ansa-focus-su-emergenza-energetica-e-transizione\/\" \/>\n<meta property=\"og:locale\" content=\"it_IT\" \/>\n<meta property=\"og:type\" content=\"article\" \/>\n<meta property=\"og:title\" content=\"Claudio Descalzi: l\u2019AD di Eni al Forum ANSA, focus su emergenza energetica e transizione\" \/>\n<meta property=\"og:description\" content=\"L\u2019intervento di Claudio Descalzi al Forum ANSA: l\u2019AD di Eni ha parlato del futuro dell\u2019energia tra l\u2019emergenza attuale e la necessit\u00e0 di raggiungere gli obiettivi legati alla transizione. Claudio Descalzi: sostenibilit\u00e0, sicurezza energetica e competitivit\u00e0 per affrontare le nuove sfide del settore Ospite del Forum ANSA lo scorso 9 novembre, l\u2019AD di Eni Claudio Descalzi ha parlato dell\u2019impegno di Eni nel fronteggiare l\u2019emergenza energetica in corso e delle prospettive perContinue reading...\" \/>\n<meta property=\"og:url\" content=\"https:\/\/www.article-marketing.eu\/comunicatistampa\/claudio-descalzi-lad-di-eni-al-forum-ansa-focus-su-emergenza-energetica-e-transizione\/\" \/>\n<meta property=\"og:site_name\" content=\"Article Marketing\" \/>\n<meta property=\"article:published_time\" content=\"2022-12-20T06:14:53+00:00\" \/>\n<meta property=\"og:image\" content=\"https:\/\/www.executivemanager.it\/images\/comprofiler\/513_57d9109457b28.jpg\" \/>\n<meta name=\"author\" content=\"articolinews\" \/>\n<meta name=\"twitter:card\" content=\"summary_large_image\" \/>\n<meta name=\"twitter:label1\" content=\"Scritto da\" \/>\n\t<meta name=\"twitter:data1\" content=\"articolinews\" \/>\n\t<meta name=\"twitter:label2\" content=\"Tempo di lettura stimato\" \/>\n\t<meta name=\"twitter:data2\" content=\"3 minuti\" \/>\n<script type=\"application\/ld+json\" class=\"yoast-schema-graph\">{\"@context\":\"https:\\\/\\\/schema.org\",\"@graph\":[{\"@type\":\"Article\",\"@id\":\"https:\\\/\\\/www.article-marketing.eu\\\/comunicatistampa\\\/claudio-descalzi-lad-di-eni-al-forum-ansa-focus-su-emergenza-energetica-e-transizione\\\/#article\",\"isPartOf\":{\"@id\":\"https:\\\/\\\/www.article-marketing.eu\\\/comunicatistampa\\\/claudio-descalzi-lad-di-eni-al-forum-ansa-focus-su-emergenza-energetica-e-transizione\\\/\"},\"author\":{\"name\":\"articolinews\",\"@id\":\"https:\\\/\\\/www.article-marketing.eu\\\/comunicatistampa\\\/#\\\/schema\\\/person\\\/2fcaf8f8f3a9eef9eb7f27532d3ca458\"},\"headline\":\"Claudio Descalzi: l\u2019AD di Eni al Forum ANSA, focus su emergenza energetica e transizione\",\"datePublished\":\"2022-12-20T06:14:53+00:00\",\"mainEntityOfPage\":{\"@id\":\"https:\\\/\\\/www.article-marketing.eu\\\/comunicatistampa\\\/claudio-descalzi-lad-di-eni-al-forum-ansa-focus-su-emergenza-energetica-e-transizione\\\/\"},\"wordCount\":408,\"commentCount\":0,\"image\":{\"@id\":\"https:\\\/\\\/www.article-marketing.eu\\\/comunicatistampa\\\/claudio-descalzi-lad-di-eni-al-forum-ansa-focus-su-emergenza-energetica-e-transizione\\\/#primaryimage\"},\"thumbnailUrl\":\"https:\\\/\\\/www.executivemanager.it\\\/images\\\/comprofiler\\\/513_57d9109457b28.jpg\",\"keywords\":[\"Claudio Descalzi\"],\"articleSection\":[\"Economia e lavoro\"],\"inLanguage\":\"it-IT\",\"potentialAction\":[{\"@type\":\"CommentAction\",\"name\":\"Comment\",\"target\":[\"https:\\\/\\\/www.article-marketing.eu\\\/comunicatistampa\\\/claudio-descalzi-lad-di-eni-al-forum-ansa-focus-su-emergenza-energetica-e-transizione\\\/#respond\"]}]},{\"@type\":\"WebPage\",\"@id\":\"https:\\\/\\\/www.article-marketing.eu\\\/comunicatistampa\\\/claudio-descalzi-lad-di-eni-al-forum-ansa-focus-su-emergenza-energetica-e-transizione\\\/\",\"url\":\"https:\\\/\\\/www.article-marketing.eu\\\/comunicatistampa\\\/claudio-descalzi-lad-di-eni-al-forum-ansa-focus-su-emergenza-energetica-e-transizione\\\/\",\"name\":\"Claudio Descalzi: l\u2019AD di Eni al Forum ANSA, focus su emergenza energetica e transizione\",\"isPartOf\":{\"@id\":\"https:\\\/\\\/www.article-marketing.eu\\\/comunicatistampa\\\/#website\"},\"primaryImageOfPage\":{\"@id\":\"https:\\\/\\\/www.article-marketing.eu\\\/comunicatistampa\\\/claudio-descalzi-lad-di-eni-al-forum-ansa-focus-su-emergenza-energetica-e-transizione\\\/#primaryimage\"},\"image\":{\"@id\":\"https:\\\/\\\/www.article-marketing.eu\\\/comunicatistampa\\\/claudio-descalzi-lad-di-eni-al-forum-ansa-focus-su-emergenza-energetica-e-transizione\\\/#primaryimage\"},\"thumbnailUrl\":\"https:\\\/\\\/www.executivemanager.it\\\/images\\\/comprofiler\\\/513_57d9109457b28.jpg\",\"datePublished\":\"2022-12-20T06:14:53+00:00\",\"author\":{\"@id\":\"https:\\\/\\\/www.article-marketing.eu\\\/comunicatistampa\\\/#\\\/schema\\\/person\\\/2fcaf8f8f3a9eef9eb7f27532d3ca458\"},\"breadcrumb\":{\"@id\":\"https:\\\/\\\/www.article-marketing.eu\\\/comunicatistampa\\\/claudio-descalzi-lad-di-eni-al-forum-ansa-focus-su-emergenza-energetica-e-transizione\\\/#breadcrumb\"},\"inLanguage\":\"it-IT\",\"potentialAction\":[{\"@type\":\"ReadAction\",\"target\":[\"https:\\\/\\\/www.article-marketing.eu\\\/comunicatistampa\\\/claudio-descalzi-lad-di-eni-al-forum-ansa-focus-su-emergenza-energetica-e-transizione\\\/\"]}]},{\"@type\":\"ImageObject\",\"inLanguage\":\"it-IT\",\"@id\":\"https:\\\/\\\/www.article-marketing.eu\\\/comunicatistampa\\\/claudio-descalzi-lad-di-eni-al-forum-ansa-focus-su-emergenza-energetica-e-transizione\\\/#primaryimage\",\"url\":\"https:\\\/\\\/www.executivemanager.it\\\/images\\\/comprofiler\\\/513_57d9109457b28.jpg\",\"contentUrl\":\"https:\\\/\\\/www.executivemanager.it\\\/images\\\/comprofiler\\\/513_57d9109457b28.jpg\"},{\"@type\":\"BreadcrumbList\",\"@id\":\"https:\\\/\\\/www.article-marketing.eu\\\/comunicatistampa\\\/claudio-descalzi-lad-di-eni-al-forum-ansa-focus-su-emergenza-energetica-e-transizione\\\/#breadcrumb\",\"itemListElement\":[{\"@type\":\"ListItem\",\"position\":1,\"name\":\"Home\",\"item\":\"https:\\\/\\\/www.article-marketing.eu\\\/comunicatistampa\\\/\"},{\"@type\":\"ListItem\",\"position\":2,\"name\":\"Claudio Descalzi: l\u2019AD di Eni al Forum ANSA, focus su emergenza energetica e transizione\"}]},{\"@type\":\"WebSite\",\"@id\":\"https:\\\/\\\/www.article-marketing.eu\\\/comunicatistampa\\\/#website\",\"url\":\"https:\\\/\\\/www.article-marketing.eu\\\/comunicatistampa\\\/\",\"name\":\"Article Marketing\",\"description\":\"article marketing &amp; press release\",\"potentialAction\":[{\"@type\":\"SearchAction\",\"target\":{\"@type\":\"EntryPoint\",\"urlTemplate\":\"https:\\\/\\\/www.article-marketing.eu\\\/comunicatistampa\\\/?s={search_term_string}\"},\"query-input\":{\"@type\":\"PropertyValueSpecification\",\"valueRequired\":true,\"valueName\":\"search_term_string\"}}],\"inLanguage\":\"it-IT\"},{\"@type\":\"Person\",\"@id\":\"https:\\\/\\\/www.article-marketing.eu\\\/comunicatistampa\\\/#\\\/schema\\\/person\\\/2fcaf8f8f3a9eef9eb7f27532d3ca458\",\"name\":\"articolinews\",\"image\":{\"@type\":\"ImageObject\",\"inLanguage\":\"it-IT\",\"@id\":\"https:\\\/\\\/secure.gravatar.com\\\/avatar\\\/9e2a264bab04e17dea24d937c9956304649a848cb73c46747a692ff1bdeb1cb7?s=96&d=mm&r=g\",\"url\":\"https:\\\/\\\/secure.gravatar.com\\\/avatar\\\/9e2a264bab04e17dea24d937c9956304649a848cb73c46747a692ff1bdeb1cb7?s=96&d=mm&r=g\",\"contentUrl\":\"https:\\\/\\\/secure.gravatar.com\\\/avatar\\\/9e2a264bab04e17dea24d937c9956304649a848cb73c46747a692ff1bdeb1cb7?s=96&d=mm&r=g\",\"caption\":\"articolinews\"},\"url\":\"https:\\\/\\\/www.article-marketing.eu\\\/comunicatistampa\\\/author\\\/articolinews\\\/\"}]}<\/script>\n<!-- \/ Yoast SEO plugin. -->","yoast_head_json":{"title":"Claudio Descalzi: l\u2019AD di Eni al Forum ANSA, focus su emergenza energetica e transizione","robots":{"index":"index","follow":"follow","max-snippet":"max-snippet:-1","max-image-preview":"max-image-preview:large","max-video-preview":"max-video-preview:-1"},"canonical":"https:\/\/www.article-marketing.eu\/comunicatistampa\/claudio-descalzi-lad-di-eni-al-forum-ansa-focus-su-emergenza-energetica-e-transizione\/","og_locale":"it_IT","og_type":"article","og_title":"Claudio Descalzi: l\u2019AD di Eni al Forum ANSA, focus su emergenza energetica e transizione","og_description":"L\u2019intervento di Claudio Descalzi al Forum ANSA: l\u2019AD di Eni ha parlato del futuro dell\u2019energia tra l\u2019emergenza attuale e la necessit\u00e0 di raggiungere gli obiettivi legati alla transizione. Claudio Descalzi: sostenibilit\u00e0, sicurezza energetica e competitivit\u00e0 per affrontare le nuove sfide del settore Ospite del Forum ANSA lo scorso 9 novembre, l\u2019AD di Eni Claudio Descalzi ha parlato dell\u2019impegno di Eni nel fronteggiare l\u2019emergenza energetica in corso e delle prospettive perContinue reading...","og_url":"https:\/\/www.article-marketing.eu\/comunicatistampa\/claudio-descalzi-lad-di-eni-al-forum-ansa-focus-su-emergenza-energetica-e-transizione\/","og_site_name":"Article Marketing","article_published_time":"2022-12-20T06:14:53+00:00","og_image":[{"url":"https:\/\/www.executivemanager.it\/images\/comprofiler\/513_57d9109457b28.jpg","type":"","width":"","height":""}],"author":"articolinews","twitter_card":"summary_large_image","twitter_misc":{"Scritto da":"articolinews","Tempo di lettura stimato":"3 minuti"},"schema":{"@context":"https:\/\/schema.org","@graph":[{"@type":"Article","@id":"https:\/\/www.article-marketing.eu\/comunicatistampa\/claudio-descalzi-lad-di-eni-al-forum-ansa-focus-su-emergenza-energetica-e-transizione\/#article","isPartOf":{"@id":"https:\/\/www.article-marketing.eu\/comunicatistampa\/claudio-descalzi-lad-di-eni-al-forum-ansa-focus-su-emergenza-energetica-e-transizione\/"},"author":{"name":"articolinews","@id":"https:\/\/www.article-marketing.eu\/comunicatistampa\/#\/schema\/person\/2fcaf8f8f3a9eef9eb7f27532d3ca458"},"headline":"Claudio Descalzi: l\u2019AD di Eni al Forum ANSA, focus su emergenza energetica e transizione","datePublished":"2022-12-20T06:14:53+00:00","mainEntityOfPage":{"@id":"https:\/\/www.article-marketing.eu\/comunicatistampa\/claudio-descalzi-lad-di-eni-al-forum-ansa-focus-su-emergenza-energetica-e-transizione\/"},"wordCount":408,"commentCount":0,"image":{"@id":"https:\/\/www.article-marketing.eu\/comunicatistampa\/claudio-descalzi-lad-di-eni-al-forum-ansa-focus-su-emergenza-energetica-e-transizione\/#primaryimage"},"thumbnailUrl":"https:\/\/www.executivemanager.it\/images\/comprofiler\/513_57d9109457b28.jpg","keywords":["Claudio Descalzi"],"articleSection":["Economia e lavoro"],"inLanguage":"it-IT","potentialAction":[{"@type":"CommentAction","name":"Comment","target":["https:\/\/www.article-marketing.eu\/comunicatistampa\/claudio-descalzi-lad-di-eni-al-forum-ansa-focus-su-emergenza-energetica-e-transizione\/#respond"]}]},{"@type":"WebPage","@id":"https:\/\/www.article-marketing.eu\/comunicatistampa\/claudio-descalzi-lad-di-eni-al-forum-ansa-focus-su-emergenza-energetica-e-transizione\/","url":"https:\/\/www.article-marketing.eu\/comunicatistampa\/claudio-descalzi-lad-di-eni-al-forum-ansa-focus-su-emergenza-energetica-e-transizione\/","name":"Claudio Descalzi: l\u2019AD di Eni al Forum ANSA, focus su emergenza energetica e transizione","isPartOf":{"@id":"https:\/\/www.article-marketing.eu\/comunicatistampa\/#website"},"primaryImageOfPage":{"@id":"https:\/\/www.article-marketing.eu\/comunicatistampa\/claudio-descalzi-lad-di-eni-al-forum-ansa-focus-su-emergenza-energetica-e-transizione\/#primaryimage"},"image":{"@id":"https:\/\/www.article-marketing.eu\/comunicatistampa\/claudio-descalzi-lad-di-eni-al-forum-ansa-focus-su-emergenza-energetica-e-transizione\/#primaryimage"},"thumbnailUrl":"https:\/\/www.executivemanager.it\/images\/comprofiler\/513_57d9109457b28.jpg","datePublished":"2022-12-20T06:14:53+00:00","author":{"@id":"https:\/\/www.article-marketing.eu\/comunicatistampa\/#\/schema\/person\/2fcaf8f8f3a9eef9eb7f27532d3ca458"},"breadcrumb":{"@id":"https:\/\/www.article-marketing.eu\/comunicatistampa\/claudio-descalzi-lad-di-eni-al-forum-ansa-focus-su-emergenza-energetica-e-transizione\/#breadcrumb"},"inLanguage":"it-IT","potentialAction":[{"@type":"ReadAction","target":["https:\/\/www.article-marketing.eu\/comunicatistampa\/claudio-descalzi-lad-di-eni-al-forum-ansa-focus-su-emergenza-energetica-e-transizione\/"]}]},{"@type":"ImageObject","inLanguage":"it-IT","@id":"https:\/\/www.article-marketing.eu\/comunicatistampa\/claudio-descalzi-lad-di-eni-al-forum-ansa-focus-su-emergenza-energetica-e-transizione\/#primaryimage","url":"https:\/\/www.executivemanager.it\/images\/comprofiler\/513_57d9109457b28.jpg","contentUrl":"https:\/\/www.executivemanager.it\/images\/comprofiler\/513_57d9109457b28.jpg"},{"@type":"BreadcrumbList","@id":"https:\/\/www.article-marketing.eu\/comunicatistampa\/claudio-descalzi-lad-di-eni-al-forum-ansa-focus-su-emergenza-energetica-e-transizione\/#breadcrumb","itemListElement":[{"@type":"ListItem","position":1,"name":"Home","item":"https:\/\/www.article-marketing.eu\/comunicatistampa\/"},{"@type":"ListItem","position":2,"name":"Claudio Descalzi: l\u2019AD di Eni al Forum ANSA, focus su emergenza energetica e transizione"}]},{"@type":"WebSite","@id":"https:\/\/www.article-marketing.eu\/comunicatistampa\/#website","url":"https:\/\/www.article-marketing.eu\/comunicatistampa\/","name":"Article Marketing","description":"article marketing &amp; press release","potentialAction":[{"@type":"SearchAction","target":{"@type":"EntryPoint","urlTemplate":"https:\/\/www.article-marketing.eu\/comunicatistampa\/?s={search_term_string}"},"query-input":{"@type":"PropertyValueSpecification","valueRequired":true,"valueName":"search_term_string"}}],"inLanguage":"it-IT"},{"@type":"Person","@id":"https:\/\/www.article-marketing.eu\/comunicatistampa\/#\/schema\/person\/2fcaf8f8f3a9eef9eb7f27532d3ca458","name":"articolinews","image":{"@type":"ImageObject","inLanguage":"it-IT","@id":"https:\/\/secure.gravatar.com\/avatar\/9e2a264bab04e17dea24d937c9956304649a848cb73c46747a692ff1bdeb1cb7?s=96&d=mm&r=g","url":"https:\/\/secure.gravatar.com\/avatar\/9e2a264bab04e17dea24d937c9956304649a848cb73c46747a692ff1bdeb1cb7?s=96&d=mm&r=g","contentUrl":"https:\/\/secure.gravatar.com\/avatar\/9e2a264bab04e17dea24d937c9956304649a848cb73c46747a692ff1bdeb1cb7?s=96&d=mm&r=g","caption":"articolinews"},"url":"https:\/\/www.article-marketing.eu\/comunicatistampa\/author\/articolinews\/"}]}},"_links":{"self":[{"href":"https:\/\/www.article-marketing.eu\/comunicatistampa\/wp-json\/wp\/v2\/posts\/25611","targetHints":{"allow":["GET"]}}],"collection":[{"href":"https:\/\/www.article-marketing.eu\/comunicatistampa\/wp-json\/wp\/v2\/posts"}],"about":[{"href":"https:\/\/www.article-marketing.eu\/comunicatistampa\/wp-json\/wp\/v2\/types\/post"}],"author":[{"embeddable":true,"href":"https:\/\/www.article-marketing.eu\/comunicatistampa\/wp-json\/wp\/v2\/users\/6477"}],"replies":[{"embeddable":true,"href":"https:\/\/www.article-marketing.eu\/comunicatistampa\/wp-json\/wp\/v2\/comments?post=25611"}],"version-history":[{"count":2,"href":"https:\/\/www.article-marketing.eu\/comunicatistampa\/wp-json\/wp\/v2\/posts\/25611\/revisions"}],"predecessor-version":[{"id":25771,"href":"https:\/\/www.article-marketing.eu\/comunicatistampa\/wp-json\/wp\/v2\/posts\/25611\/revisions\/25771"}],"wp:attachment":[{"href":"https:\/\/www.article-marketing.eu\/comunicatistampa\/wp-json\/wp\/v2\/media?parent=25611"}],"wp:term":[{"taxonomy":"category","embeddable":true,"href":"https:\/\/www.article-marketing.eu\/comunicatistampa\/wp-json\/wp\/v2\/categories?post=25611"},{"taxonomy":"post_tag","embeddable":true,"href":"https:\/\/www.article-marketing.eu\/comunicatistampa\/wp-json\/wp\/v2\/tags?post=25611"}],"curies":[{"name":"wp","href":"https:\/\/api.w.org\/{rel}","templated":true}]}}