{"id":25642,"date":"2022-12-23T08:52:13","date_gmt":"2022-12-23T07:52:13","guid":{"rendered":"https:\/\/www.article-marketing.eu\/comunicatistampa\/?p=25642"},"modified":"2022-12-14T18:36:33","modified_gmt":"2022-12-14T17:36:33","slug":"andrea-mascetti-fondazione-cariplo-promuove-nuovi-interventi-di-abitare-sociale-in-lombardia","status":"publish","type":"post","link":"https:\/\/www.article-marketing.eu\/comunicatistampa\/andrea-mascetti-fondazione-cariplo-promuove-nuovi-interventi-di-abitare-sociale-in-lombardia\/","title":{"rendered":"Andrea Mascetti: Fondazione Cariplo promuove nuovi interventi di abitare sociale in Lombardia"},"content":{"rendered":"<p><em><strong>Fondazione Cariplo lancia cinque nuovi progetti di housing sociale in Lombardia: il punto di <a title=\"Andrea Mascetti, Fondazione Cariplo\" href=\"https:\/\/www.nellanotizia.net\/keyword_it_Andrea-Mascetti_1.html\">Andrea Mascetti<\/a> e dei commissari varesini della Commissione Centrale di Beneficenza.<\/strong><\/em><\/p>\n<p><a title=\"Andrea Mascetti \" href=\"https:\/\/www.nellanotizia.net\/keyword_it_Andrea-Mascetti_1.html\"><img loading=\"lazy\" decoding=\"async\" src=\"https:\/\/www.nellanotizia.net\/public\/fileuploati\/small_22-09-1287-1.jpg\" alt=\"Andrea Mascetti \" width=\"200\" height=\"200\" \/><\/a><\/p>\n<h2>Andrea Mascetti: Housing sociale, la vision e i nuovi progetti di Fondazione Cariplo<\/h2>\n<p>\u00c8 anche nelle parole espresse da <a title=\"Andrea mascetti focus Nella Notizia\" href=\"https:\/\/www.nellanotizia.net\/keyword_it_Andrea-Mascetti_1.html\">Andrea Mascetti<\/a>, Coordinatore della Commissione Arte e Cultura di Fondazione Cariplo, e dai commissari varesini che insieme a lui operano all\u2019interno della Commissione Centrale di Beneficenza, il valore dell\u2019iniziativa lanciata nei giorni scorsi dall\u2019ente per sostenere i soggetti sempre pi\u00f9 bisognosi in momenti di particolare difficolt\u00e0 come questo. Fondazione Cariplo, da sempre vicina a persone con disabilit\u00e0, famiglie fragili, anziani e a quanti si trovano momentaneamente in condizioni socio-economiche particolarmente complicate, anche in virt\u00f9 della \u201c<em>problematica fase storica che stiamo vivendo<\/em>\u201d promuove cinque nuovi progetti di Housing sociale nel territorio lombardo del valore complessivo di oltre 1,33 milioni di euro: uno in provincia di Lodi, uno di Brescia, uno di Varese, uno di Como, uno nel VCO. Nella consapevolezza di come la dimensione abitativa rappresenti uno spazio cruciale sia per recuperare, mettere alla prova, mantenere la capacit\u00e0 di vita autonoma di chi \u00e8 fragile, sia per affrontare fasi transitorie di difficolt\u00e0, Fondazione Cariplo dal 2000 ha contribuito alla realizzazione di 365 progetti di \u201cHousing sociale\u201d per oltre 6mila posti letto creati a beneficio di soggetti con fragilit\u00e0. Ecco perch\u00e9 parlarne oggi e sottolinearne il valore \u00e8 \u201c<em>assolutamente essenziale<\/em>\u201d, come evidenziato da <strong>Andrea Mascetti<\/strong> e dagli altri commissari varesini.<\/p>\n<h2>Andrea Mascetti: anche per il 2023 l\u2019Housing sociale rimane uno dei temi chiave di Fondazione Cariplo<\/h2>\n<p>Impossibile quindi diminuire l\u2019attenzione in un periodo come questo: come ricorda <strong>Andrea Mascetti<\/strong>, i nuovi progetti lanciati da Fondazione Cariplo permetteranno l\u2019avvio di nuovi interventi di abitare sociale, rivolti in modo mirato ai soggetti in difficolt\u00e0 e mobiliteranno risorse locali altrimenti non disponibili: a beneficiarne saranno quindi le categorie sociali pi\u00f9 bisognose. L\u2019ottica \u00e8 aumentare l\u2019offerta di alloggi sociali e attivare percorsi di accompagnamento e di sostegno all\u2019autonomia delle persone accolte. Inoltre, attraverso queste iniziative saranno realizzati anche interventi di ristrutturazione e riqualificazione energetica di immobili con una conseguente riduzione dei consumi di energia e un minor impatto ambientale. \u201c<em>Fondazione Cariplo ha raccolto da tempo il bisogno di fornire risposte sollecite al problema abitativo cercando di strutturare percorsi per il benessere e l\u2019autonomia delle persone, un obiettivo importante che rimarr\u00e0 anche per il 2023<\/em>\u201d, hanno ribadito in merito <strong>Andrea Mascetti<\/strong> e i commissari varesini Elisa Fagnani, Giuseppe Banfi e Sarah Maestri.<\/p>\n","protected":false},"excerpt":{"rendered":"<p>Fondazione Cariplo lancia cinque nuovi progetti di housing sociale in Lombardia: il punto di Andrea Mascetti e dei commissari varesini della Commissione Centrale di Beneficenza. Andrea Mascetti: Housing sociale, la vision e i nuovi progetti di Fondazione Cariplo \u00c8 anche nelle parole espresse da Andrea Mascetti, Coordinatore della Commissione Arte e Cultura di Fondazione Cariplo, e dai commissari varesini che insieme a lui operano all\u2019interno della Commissione Centrale di Beneficenza,<\/p>\n<p><a class=\"continue-reading\" href=\"https:\/\/www.article-marketing.eu\/comunicatistampa\/andrea-mascetti-fondazione-cariplo-promuove-nuovi-interventi-di-abitare-sociale-in-lombardia\/\">Continue reading&#8230;<\/a><\/p>\n","protected":false},"author":6477,"featured_media":0,"comment_status":"open","ping_status":"open","sticky":false,"template":"","format":"standard","meta":{"_monsterinsights_skip_tracking":false,"_monsterinsights_sitenote_active":false,"_monsterinsights_sitenote_note":"","_monsterinsights_sitenote_category":0,"footnotes":""},"categories":[362],"tags":[9120],"class_list":["post-25642","post","type-post","status-publish","format-standard","hentry","category-societa","tag-andrea-mascetti"],"yoast_head":"<!-- This site is optimized with the Yoast SEO plugin v27.3 - https:\/\/yoast.com\/product\/yoast-seo-wordpress\/ -->\n<title>Andrea Mascetti: Fondazione Cariplo promuove nuovi interventi di abitare sociale in Lombardia<\/title>\n<meta name=\"robots\" content=\"index, follow, max-snippet:-1, max-image-preview:large, max-video-preview:-1\" \/>\n<link rel=\"canonical\" href=\"https:\/\/www.article-marketing.eu\/comunicatistampa\/andrea-mascetti-fondazione-cariplo-promuove-nuovi-interventi-di-abitare-sociale-in-lombardia\/\" \/>\n<meta property=\"og:locale\" content=\"it_IT\" \/>\n<meta property=\"og:type\" content=\"article\" \/>\n<meta property=\"og:title\" content=\"Andrea Mascetti: Fondazione Cariplo promuove nuovi interventi di abitare sociale in Lombardia\" \/>\n<meta property=\"og:description\" content=\"Fondazione Cariplo lancia cinque nuovi progetti di housing sociale in Lombardia: il punto di Andrea Mascetti e dei commissari varesini della Commissione Centrale di Beneficenza. Andrea Mascetti: Housing sociale, la vision e i nuovi progetti di Fondazione Cariplo \u00c8 anche nelle parole espresse da Andrea Mascetti, Coordinatore della Commissione Arte e Cultura di Fondazione Cariplo, e dai commissari varesini che insieme a lui operano all\u2019interno della Commissione Centrale di Beneficenza,Continue reading...\" \/>\n<meta property=\"og:url\" content=\"https:\/\/www.article-marketing.eu\/comunicatistampa\/andrea-mascetti-fondazione-cariplo-promuove-nuovi-interventi-di-abitare-sociale-in-lombardia\/\" \/>\n<meta property=\"og:site_name\" content=\"Article Marketing\" \/>\n<meta property=\"article:published_time\" content=\"2022-12-23T07:52:13+00:00\" \/>\n<meta property=\"og:image\" content=\"https:\/\/www.nellanotizia.net\/public\/fileuploati\/small_22-09-1287-1.jpg\" \/>\n<meta name=\"author\" content=\"articolinews\" \/>\n<meta name=\"twitter:card\" content=\"summary_large_image\" \/>\n<meta name=\"twitter:label1\" content=\"Scritto da\" \/>\n\t<meta name=\"twitter:data1\" content=\"articolinews\" \/>\n\t<meta name=\"twitter:label2\" content=\"Tempo di lettura stimato\" \/>\n\t<meta name=\"twitter:data2\" content=\"3 minuti\" \/>\n<script type=\"application\/ld+json\" class=\"yoast-schema-graph\">{\"@context\":\"https:\\\/\\\/schema.org\",\"@graph\":[{\"@type\":\"Article\",\"@id\":\"https:\\\/\\\/www.article-marketing.eu\\\/comunicatistampa\\\/andrea-mascetti-fondazione-cariplo-promuove-nuovi-interventi-di-abitare-sociale-in-lombardia\\\/#article\",\"isPartOf\":{\"@id\":\"https:\\\/\\\/www.article-marketing.eu\\\/comunicatistampa\\\/andrea-mascetti-fondazione-cariplo-promuove-nuovi-interventi-di-abitare-sociale-in-lombardia\\\/\"},\"author\":{\"name\":\"articolinews\",\"@id\":\"https:\\\/\\\/www.article-marketing.eu\\\/comunicatistampa\\\/#\\\/schema\\\/person\\\/2fcaf8f8f3a9eef9eb7f27532d3ca458\"},\"headline\":\"Andrea Mascetti: Fondazione Cariplo promuove nuovi interventi di abitare sociale in Lombardia\",\"datePublished\":\"2022-12-23T07:52:13+00:00\",\"mainEntityOfPage\":{\"@id\":\"https:\\\/\\\/www.article-marketing.eu\\\/comunicatistampa\\\/andrea-mascetti-fondazione-cariplo-promuove-nuovi-interventi-di-abitare-sociale-in-lombardia\\\/\"},\"wordCount\":422,\"commentCount\":0,\"image\":{\"@id\":\"https:\\\/\\\/www.article-marketing.eu\\\/comunicatistampa\\\/andrea-mascetti-fondazione-cariplo-promuove-nuovi-interventi-di-abitare-sociale-in-lombardia\\\/#primaryimage\"},\"thumbnailUrl\":\"https:\\\/\\\/www.nellanotizia.net\\\/public\\\/fileuploati\\\/small_22-09-1287-1.jpg\",\"keywords\":[\"Andrea Mascetti\"],\"articleSection\":[\"Societ\u00e0\"],\"inLanguage\":\"it-IT\",\"potentialAction\":[{\"@type\":\"CommentAction\",\"name\":\"Comment\",\"target\":[\"https:\\\/\\\/www.article-marketing.eu\\\/comunicatistampa\\\/andrea-mascetti-fondazione-cariplo-promuove-nuovi-interventi-di-abitare-sociale-in-lombardia\\\/#respond\"]}]},{\"@type\":\"WebPage\",\"@id\":\"https:\\\/\\\/www.article-marketing.eu\\\/comunicatistampa\\\/andrea-mascetti-fondazione-cariplo-promuove-nuovi-interventi-di-abitare-sociale-in-lombardia\\\/\",\"url\":\"https:\\\/\\\/www.article-marketing.eu\\\/comunicatistampa\\\/andrea-mascetti-fondazione-cariplo-promuove-nuovi-interventi-di-abitare-sociale-in-lombardia\\\/\",\"name\":\"Andrea Mascetti: Fondazione Cariplo promuove nuovi interventi di abitare sociale in Lombardia\",\"isPartOf\":{\"@id\":\"https:\\\/\\\/www.article-marketing.eu\\\/comunicatistampa\\\/#website\"},\"primaryImageOfPage\":{\"@id\":\"https:\\\/\\\/www.article-marketing.eu\\\/comunicatistampa\\\/andrea-mascetti-fondazione-cariplo-promuove-nuovi-interventi-di-abitare-sociale-in-lombardia\\\/#primaryimage\"},\"image\":{\"@id\":\"https:\\\/\\\/www.article-marketing.eu\\\/comunicatistampa\\\/andrea-mascetti-fondazione-cariplo-promuove-nuovi-interventi-di-abitare-sociale-in-lombardia\\\/#primaryimage\"},\"thumbnailUrl\":\"https:\\\/\\\/www.nellanotizia.net\\\/public\\\/fileuploati\\\/small_22-09-1287-1.jpg\",\"datePublished\":\"2022-12-23T07:52:13+00:00\",\"author\":{\"@id\":\"https:\\\/\\\/www.article-marketing.eu\\\/comunicatistampa\\\/#\\\/schema\\\/person\\\/2fcaf8f8f3a9eef9eb7f27532d3ca458\"},\"breadcrumb\":{\"@id\":\"https:\\\/\\\/www.article-marketing.eu\\\/comunicatistampa\\\/andrea-mascetti-fondazione-cariplo-promuove-nuovi-interventi-di-abitare-sociale-in-lombardia\\\/#breadcrumb\"},\"inLanguage\":\"it-IT\",\"potentialAction\":[{\"@type\":\"ReadAction\",\"target\":[\"https:\\\/\\\/www.article-marketing.eu\\\/comunicatistampa\\\/andrea-mascetti-fondazione-cariplo-promuove-nuovi-interventi-di-abitare-sociale-in-lombardia\\\/\"]}]},{\"@type\":\"ImageObject\",\"inLanguage\":\"it-IT\",\"@id\":\"https:\\\/\\\/www.article-marketing.eu\\\/comunicatistampa\\\/andrea-mascetti-fondazione-cariplo-promuove-nuovi-interventi-di-abitare-sociale-in-lombardia\\\/#primaryimage\",\"url\":\"https:\\\/\\\/www.nellanotizia.net\\\/public\\\/fileuploati\\\/small_22-09-1287-1.jpg\",\"contentUrl\":\"https:\\\/\\\/www.nellanotizia.net\\\/public\\\/fileuploati\\\/small_22-09-1287-1.jpg\"},{\"@type\":\"BreadcrumbList\",\"@id\":\"https:\\\/\\\/www.article-marketing.eu\\\/comunicatistampa\\\/andrea-mascetti-fondazione-cariplo-promuove-nuovi-interventi-di-abitare-sociale-in-lombardia\\\/#breadcrumb\",\"itemListElement\":[{\"@type\":\"ListItem\",\"position\":1,\"name\":\"Home\",\"item\":\"https:\\\/\\\/www.article-marketing.eu\\\/comunicatistampa\\\/\"},{\"@type\":\"ListItem\",\"position\":2,\"name\":\"Andrea Mascetti: Fondazione Cariplo promuove nuovi interventi di abitare sociale in Lombardia\"}]},{\"@type\":\"WebSite\",\"@id\":\"https:\\\/\\\/www.article-marketing.eu\\\/comunicatistampa\\\/#website\",\"url\":\"https:\\\/\\\/www.article-marketing.eu\\\/comunicatistampa\\\/\",\"name\":\"Article Marketing\",\"description\":\"article marketing &amp; press release\",\"potentialAction\":[{\"@type\":\"SearchAction\",\"target\":{\"@type\":\"EntryPoint\",\"urlTemplate\":\"https:\\\/\\\/www.article-marketing.eu\\\/comunicatistampa\\\/?s={search_term_string}\"},\"query-input\":{\"@type\":\"PropertyValueSpecification\",\"valueRequired\":true,\"valueName\":\"search_term_string\"}}],\"inLanguage\":\"it-IT\"},{\"@type\":\"Person\",\"@id\":\"https:\\\/\\\/www.article-marketing.eu\\\/comunicatistampa\\\/#\\\/schema\\\/person\\\/2fcaf8f8f3a9eef9eb7f27532d3ca458\",\"name\":\"articolinews\",\"image\":{\"@type\":\"ImageObject\",\"inLanguage\":\"it-IT\",\"@id\":\"https:\\\/\\\/secure.gravatar.com\\\/avatar\\\/9e2a264bab04e17dea24d937c9956304649a848cb73c46747a692ff1bdeb1cb7?s=96&d=mm&r=g\",\"url\":\"https:\\\/\\\/secure.gravatar.com\\\/avatar\\\/9e2a264bab04e17dea24d937c9956304649a848cb73c46747a692ff1bdeb1cb7?s=96&d=mm&r=g\",\"contentUrl\":\"https:\\\/\\\/secure.gravatar.com\\\/avatar\\\/9e2a264bab04e17dea24d937c9956304649a848cb73c46747a692ff1bdeb1cb7?s=96&d=mm&r=g\",\"caption\":\"articolinews\"},\"url\":\"https:\\\/\\\/www.article-marketing.eu\\\/comunicatistampa\\\/author\\\/articolinews\\\/\"}]}<\/script>\n<!-- \/ Yoast SEO plugin. -->","yoast_head_json":{"title":"Andrea Mascetti: Fondazione Cariplo promuove nuovi interventi di abitare sociale in Lombardia","robots":{"index":"index","follow":"follow","max-snippet":"max-snippet:-1","max-image-preview":"max-image-preview:large","max-video-preview":"max-video-preview:-1"},"canonical":"https:\/\/www.article-marketing.eu\/comunicatistampa\/andrea-mascetti-fondazione-cariplo-promuove-nuovi-interventi-di-abitare-sociale-in-lombardia\/","og_locale":"it_IT","og_type":"article","og_title":"Andrea Mascetti: Fondazione Cariplo promuove nuovi interventi di abitare sociale in Lombardia","og_description":"Fondazione Cariplo lancia cinque nuovi progetti di housing sociale in Lombardia: il punto di Andrea Mascetti e dei commissari varesini della Commissione Centrale di Beneficenza. Andrea Mascetti: Housing sociale, la vision e i nuovi progetti di Fondazione Cariplo \u00c8 anche nelle parole espresse da Andrea Mascetti, Coordinatore della Commissione Arte e Cultura di Fondazione Cariplo, e dai commissari varesini che insieme a lui operano all\u2019interno della Commissione Centrale di Beneficenza,Continue reading...","og_url":"https:\/\/www.article-marketing.eu\/comunicatistampa\/andrea-mascetti-fondazione-cariplo-promuove-nuovi-interventi-di-abitare-sociale-in-lombardia\/","og_site_name":"Article Marketing","article_published_time":"2022-12-23T07:52:13+00:00","og_image":[{"url":"https:\/\/www.nellanotizia.net\/public\/fileuploati\/small_22-09-1287-1.jpg","type":"","width":"","height":""}],"author":"articolinews","twitter_card":"summary_large_image","twitter_misc":{"Scritto da":"articolinews","Tempo di lettura stimato":"3 minuti"},"schema":{"@context":"https:\/\/schema.org","@graph":[{"@type":"Article","@id":"https:\/\/www.article-marketing.eu\/comunicatistampa\/andrea-mascetti-fondazione-cariplo-promuove-nuovi-interventi-di-abitare-sociale-in-lombardia\/#article","isPartOf":{"@id":"https:\/\/www.article-marketing.eu\/comunicatistampa\/andrea-mascetti-fondazione-cariplo-promuove-nuovi-interventi-di-abitare-sociale-in-lombardia\/"},"author":{"name":"articolinews","@id":"https:\/\/www.article-marketing.eu\/comunicatistampa\/#\/schema\/person\/2fcaf8f8f3a9eef9eb7f27532d3ca458"},"headline":"Andrea Mascetti: Fondazione Cariplo promuove nuovi interventi di abitare sociale in Lombardia","datePublished":"2022-12-23T07:52:13+00:00","mainEntityOfPage":{"@id":"https:\/\/www.article-marketing.eu\/comunicatistampa\/andrea-mascetti-fondazione-cariplo-promuove-nuovi-interventi-di-abitare-sociale-in-lombardia\/"},"wordCount":422,"commentCount":0,"image":{"@id":"https:\/\/www.article-marketing.eu\/comunicatistampa\/andrea-mascetti-fondazione-cariplo-promuove-nuovi-interventi-di-abitare-sociale-in-lombardia\/#primaryimage"},"thumbnailUrl":"https:\/\/www.nellanotizia.net\/public\/fileuploati\/small_22-09-1287-1.jpg","keywords":["Andrea Mascetti"],"articleSection":["Societ\u00e0"],"inLanguage":"it-IT","potentialAction":[{"@type":"CommentAction","name":"Comment","target":["https:\/\/www.article-marketing.eu\/comunicatistampa\/andrea-mascetti-fondazione-cariplo-promuove-nuovi-interventi-di-abitare-sociale-in-lombardia\/#respond"]}]},{"@type":"WebPage","@id":"https:\/\/www.article-marketing.eu\/comunicatistampa\/andrea-mascetti-fondazione-cariplo-promuove-nuovi-interventi-di-abitare-sociale-in-lombardia\/","url":"https:\/\/www.article-marketing.eu\/comunicatistampa\/andrea-mascetti-fondazione-cariplo-promuove-nuovi-interventi-di-abitare-sociale-in-lombardia\/","name":"Andrea Mascetti: Fondazione Cariplo promuove nuovi interventi di abitare sociale in Lombardia","isPartOf":{"@id":"https:\/\/www.article-marketing.eu\/comunicatistampa\/#website"},"primaryImageOfPage":{"@id":"https:\/\/www.article-marketing.eu\/comunicatistampa\/andrea-mascetti-fondazione-cariplo-promuove-nuovi-interventi-di-abitare-sociale-in-lombardia\/#primaryimage"},"image":{"@id":"https:\/\/www.article-marketing.eu\/comunicatistampa\/andrea-mascetti-fondazione-cariplo-promuove-nuovi-interventi-di-abitare-sociale-in-lombardia\/#primaryimage"},"thumbnailUrl":"https:\/\/www.nellanotizia.net\/public\/fileuploati\/small_22-09-1287-1.jpg","datePublished":"2022-12-23T07:52:13+00:00","author":{"@id":"https:\/\/www.article-marketing.eu\/comunicatistampa\/#\/schema\/person\/2fcaf8f8f3a9eef9eb7f27532d3ca458"},"breadcrumb":{"@id":"https:\/\/www.article-marketing.eu\/comunicatistampa\/andrea-mascetti-fondazione-cariplo-promuove-nuovi-interventi-di-abitare-sociale-in-lombardia\/#breadcrumb"},"inLanguage":"it-IT","potentialAction":[{"@type":"ReadAction","target":["https:\/\/www.article-marketing.eu\/comunicatistampa\/andrea-mascetti-fondazione-cariplo-promuove-nuovi-interventi-di-abitare-sociale-in-lombardia\/"]}]},{"@type":"ImageObject","inLanguage":"it-IT","@id":"https:\/\/www.article-marketing.eu\/comunicatistampa\/andrea-mascetti-fondazione-cariplo-promuove-nuovi-interventi-di-abitare-sociale-in-lombardia\/#primaryimage","url":"https:\/\/www.nellanotizia.net\/public\/fileuploati\/small_22-09-1287-1.jpg","contentUrl":"https:\/\/www.nellanotizia.net\/public\/fileuploati\/small_22-09-1287-1.jpg"},{"@type":"BreadcrumbList","@id":"https:\/\/www.article-marketing.eu\/comunicatistampa\/andrea-mascetti-fondazione-cariplo-promuove-nuovi-interventi-di-abitare-sociale-in-lombardia\/#breadcrumb","itemListElement":[{"@type":"ListItem","position":1,"name":"Home","item":"https:\/\/www.article-marketing.eu\/comunicatistampa\/"},{"@type":"ListItem","position":2,"name":"Andrea Mascetti: Fondazione Cariplo promuove nuovi interventi di abitare sociale in Lombardia"}]},{"@type":"WebSite","@id":"https:\/\/www.article-marketing.eu\/comunicatistampa\/#website","url":"https:\/\/www.article-marketing.eu\/comunicatistampa\/","name":"Article Marketing","description":"article marketing &amp; press release","potentialAction":[{"@type":"SearchAction","target":{"@type":"EntryPoint","urlTemplate":"https:\/\/www.article-marketing.eu\/comunicatistampa\/?s={search_term_string}"},"query-input":{"@type":"PropertyValueSpecification","valueRequired":true,"valueName":"search_term_string"}}],"inLanguage":"it-IT"},{"@type":"Person","@id":"https:\/\/www.article-marketing.eu\/comunicatistampa\/#\/schema\/person\/2fcaf8f8f3a9eef9eb7f27532d3ca458","name":"articolinews","image":{"@type":"ImageObject","inLanguage":"it-IT","@id":"https:\/\/secure.gravatar.com\/avatar\/9e2a264bab04e17dea24d937c9956304649a848cb73c46747a692ff1bdeb1cb7?s=96&d=mm&r=g","url":"https:\/\/secure.gravatar.com\/avatar\/9e2a264bab04e17dea24d937c9956304649a848cb73c46747a692ff1bdeb1cb7?s=96&d=mm&r=g","contentUrl":"https:\/\/secure.gravatar.com\/avatar\/9e2a264bab04e17dea24d937c9956304649a848cb73c46747a692ff1bdeb1cb7?s=96&d=mm&r=g","caption":"articolinews"},"url":"https:\/\/www.article-marketing.eu\/comunicatistampa\/author\/articolinews\/"}]}},"_links":{"self":[{"href":"https:\/\/www.article-marketing.eu\/comunicatistampa\/wp-json\/wp\/v2\/posts\/25642","targetHints":{"allow":["GET"]}}],"collection":[{"href":"https:\/\/www.article-marketing.eu\/comunicatistampa\/wp-json\/wp\/v2\/posts"}],"about":[{"href":"https:\/\/www.article-marketing.eu\/comunicatistampa\/wp-json\/wp\/v2\/types\/post"}],"author":[{"embeddable":true,"href":"https:\/\/www.article-marketing.eu\/comunicatistampa\/wp-json\/wp\/v2\/users\/6477"}],"replies":[{"embeddable":true,"href":"https:\/\/www.article-marketing.eu\/comunicatistampa\/wp-json\/wp\/v2\/comments?post=25642"}],"version-history":[{"count":2,"href":"https:\/\/www.article-marketing.eu\/comunicatistampa\/wp-json\/wp\/v2\/posts\/25642\/revisions"}],"predecessor-version":[{"id":25803,"href":"https:\/\/www.article-marketing.eu\/comunicatistampa\/wp-json\/wp\/v2\/posts\/25642\/revisions\/25803"}],"wp:attachment":[{"href":"https:\/\/www.article-marketing.eu\/comunicatistampa\/wp-json\/wp\/v2\/media?parent=25642"}],"wp:term":[{"taxonomy":"category","embeddable":true,"href":"https:\/\/www.article-marketing.eu\/comunicatistampa\/wp-json\/wp\/v2\/categories?post=25642"},{"taxonomy":"post_tag","embeddable":true,"href":"https:\/\/www.article-marketing.eu\/comunicatistampa\/wp-json\/wp\/v2\/tags?post=25642"}],"curies":[{"name":"wp","href":"https:\/\/api.w.org\/{rel}","templated":true}]}}