{"id":25656,"date":"2022-12-24T10:38:08","date_gmt":"2022-12-24T09:38:08","guid":{"rendered":"https:\/\/www.article-marketing.eu\/comunicatistampa\/?p=25656"},"modified":"2022-12-14T18:42:08","modified_gmt":"2022-12-14T17:42:08","slug":"davide-darcangelo-necessario-lavorare-per-una-pa-sempre-piu-digital-ed-efficiente","status":"publish","type":"post","link":"https:\/\/www.article-marketing.eu\/comunicatistampa\/davide-darcangelo-necessario-lavorare-per-una-pa-sempre-piu-digital-ed-efficiente\/","title":{"rendered":"Davide D\u2019Arcangelo: \u201cNecessario lavorare per una PA sempre pi\u00f9 digital ed efficiente\u201d"},"content":{"rendered":"<p><em><strong>In Italia ITC e digitale continuano a crescere, ma la sfida \u00e8 ancora agli inizi. A spiegarlo \u00e8 <a title=\"Davide D'Arcangelo, economia finanza\" href=\"https:\/\/www.economiafinanza.eu\/tag\/davide-darcangelo\/\">Davide D\u2019Arcangelo<\/a> in occasione della presentazione dell\u2019ultimo Assintel Report.<\/strong><\/em><\/p>\n<p><a title=\"Davide D'Arcangelo, economia finanza\" href=\"https:\/\/www.economiafinanza.eu\/tag\/davide-darcangelo\/\"><img loading=\"lazy\" decoding=\"async\" src=\"https:\/\/www.economiafinanza.eu\/wp-content\/uploads\/2022\/01\/davide-darcangelo.jpg\" alt=\"Davide D'Arcangelo\" width=\"200\" height=\"133\" \/><\/a><\/p>\n<h2>Davide D\u2019Arcangelo: \u201c<em>Italia attrattiva sul fronte ICT ma serve politica industriale<\/em>\u201d<\/h2>\n<p>Con l\u2019avvento della pandemia l\u2019Italia ha conosciuto una forte accelerazione sul digitale. \u00c8 quanto emerge dall\u2019Assintel Report 2022, secondo cui nell\u2019ultimo anno il comparto italiano dell\u2019ITC \u00e8 cresciuto del 5,4% raggiungendo quota 36 miliardi di euro. Ma la strada da percorrere \u00e8 ancora lunga e soprattutto irta di ostacoli. A dirlo \u00e8 <strong>Davide D\u2019Arcangelo<\/strong>, Co-Founder di Next4 e Vice Presidente di Impatta. Lo scorso 19 ottobre l\u2019esperto di innovazione ha preso parte all\u2019evento di presentazione del Report dell\u2019Associazione Nazionale delle Imprese ICT e Digitali tenutosi contemporaneamente a Roma e Milano. \u201c<em>Nei prossimi tre anni l\u2019Italia sar\u00e0 il miglior mercato digitale d\u2019Europa, da questo punto di vista siamo molto attrattivi <\/em>\u2013 ha spiegato <strong>Davide D\u2019Arcangelo<\/strong> dal palco \u2013 <em>ma \u00e8 necessario che anche la Pubblica Amministrazione diventi sempre pi\u00f9 user friendly, digital ed efficiente. In Italia tuttavia non si sente pi\u00f9 parlare di politica industriale, che oggi significa fare politica digitale. Un Paese che non innova \u00e8 destinato a non essere pi\u00f9 competitivo<\/em>\u201d.<\/p>\n<h2>Davide D\u2019Arcangelo: il punto sulla digitalizzazione della PA<\/h2>\n<p>Il monito di <a title=\"Davide D'Arcangelo, economia finanza\" href=\"https:\/\/www.economiafinanza.eu\/tag\/davide-darcangelo\/\"><strong>Davide D\u2019Arcangelo<\/strong><\/a> prende spunto dai dati di una recente ricerca promossa da Fondazione Italia Digitale, di cui il manager \u00e8 Responsabile Sviluppo, e condotta dall\u2019Istituto Piepoli. \u201c<em>Negli ultimi due anni le persone in et\u00e0 avanzata hanno utilizzato tantissimo i social network, quasi il 67%, mentre il 35% della popolazione ha utilizzato in maniera massiva le chat<\/em> \u2013 ha ricordato l\u2019esperto \u2013 <em>Solo il 13% ha utilizzato piattaforme di video conferenze come Zoom e l\u201911% strumenti come podcast. \u00c8 vero che c\u2019\u00e8 stata una spinta al digitale, ma non \u00e8 stato sempre un buon digitale: ad esempio i giovani hanno utilizzato pochissimo i servizi della PA. Vuol dire che durante la pandemia ci si \u00e8 rifugiati in una zona di comfort ma questa digitalizzazione non \u00e8 stata profonda, consapevole e diffusa come immaginavamo<\/em>\u201d. Il digitale in Italia \u00e8 arrivato, ma per una vera transizione \u00e8 necessaria una PA in grado di accompagnare il Paese. Ambiti come il Gov-Tech e il Public Innovation Management quelli su cui puntare, secondo <strong>Davide D\u2019Arcangelo<\/strong>: \u201c<em>Dopo aver speso le risorse del PNRR per le infrastrutture, anche digitali, ci sar\u00e0 bisogno di un grande sforzo per la manutenzione e soprattutto una Pubblica Amministrazione capace di utilizzarle. Un altro passaggio fondamentale <\/em>\u2013 ha aggiunto \u2013 <em>\u00e8 creare una filiera di nuove aziende italiane campioni nel digitale e promuoverne l\u2019export<\/em>\u201d.<\/p>\n","protected":false},"excerpt":{"rendered":"<p>In Italia ITC e digitale continuano a crescere, ma la sfida \u00e8 ancora agli inizi. A spiegarlo \u00e8 Davide D\u2019Arcangelo in occasione della presentazione dell\u2019ultimo Assintel Report. Davide D\u2019Arcangelo: \u201cItalia attrattiva sul fronte ICT ma serve politica industriale\u201d Con l\u2019avvento della pandemia l\u2019Italia ha conosciuto una forte accelerazione sul digitale. \u00c8 quanto emerge dall\u2019Assintel Report 2022, secondo cui nell\u2019ultimo anno il comparto italiano dell\u2019ITC \u00e8 cresciuto del 5,4% raggiungendo quota<\/p>\n<p><a class=\"continue-reading\" href=\"https:\/\/www.article-marketing.eu\/comunicatistampa\/davide-darcangelo-necessario-lavorare-per-una-pa-sempre-piu-digital-ed-efficiente\/\">Continue reading&#8230;<\/a><\/p>\n","protected":false},"author":6477,"featured_media":0,"comment_status":"open","ping_status":"open","sticky":false,"template":"","format":"standard","meta":{"_monsterinsights_skip_tracking":false,"_monsterinsights_sitenote_active":false,"_monsterinsights_sitenote_note":"","_monsterinsights_sitenote_category":0,"footnotes":""},"categories":[386],"tags":[9346],"class_list":["post-25656","post","type-post","status-publish","format-standard","hentry","category-economia-e-lavoro","tag-davide-darcangelo"],"yoast_head":"<!-- This site is optimized with the Yoast SEO plugin v27.3 - https:\/\/yoast.com\/product\/yoast-seo-wordpress\/ -->\n<title>Davide D\u2019Arcangelo: \u201cNecessario lavorare per una PA sempre pi\u00f9 digital ed efficiente\u201d<\/title>\n<meta name=\"robots\" content=\"index, follow, max-snippet:-1, max-image-preview:large, max-video-preview:-1\" \/>\n<link rel=\"canonical\" href=\"https:\/\/www.article-marketing.eu\/comunicatistampa\/davide-darcangelo-necessario-lavorare-per-una-pa-sempre-piu-digital-ed-efficiente\/\" \/>\n<meta property=\"og:locale\" content=\"it_IT\" \/>\n<meta property=\"og:type\" content=\"article\" \/>\n<meta property=\"og:title\" content=\"Davide D\u2019Arcangelo: \u201cNecessario lavorare per una PA sempre pi\u00f9 digital ed efficiente\u201d\" \/>\n<meta property=\"og:description\" content=\"In Italia ITC e digitale continuano a crescere, ma la sfida \u00e8 ancora agli inizi. A spiegarlo \u00e8 Davide D\u2019Arcangelo in occasione della presentazione dell\u2019ultimo Assintel Report. Davide D\u2019Arcangelo: \u201cItalia attrattiva sul fronte ICT ma serve politica industriale\u201d Con l\u2019avvento della pandemia l\u2019Italia ha conosciuto una forte accelerazione sul digitale. \u00c8 quanto emerge dall\u2019Assintel Report 2022, secondo cui nell\u2019ultimo anno il comparto italiano dell\u2019ITC \u00e8 cresciuto del 5,4% raggiungendo quotaContinue reading...\" \/>\n<meta property=\"og:url\" content=\"https:\/\/www.article-marketing.eu\/comunicatistampa\/davide-darcangelo-necessario-lavorare-per-una-pa-sempre-piu-digital-ed-efficiente\/\" \/>\n<meta property=\"og:site_name\" content=\"Article Marketing\" \/>\n<meta property=\"article:published_time\" content=\"2022-12-24T09:38:08+00:00\" \/>\n<meta property=\"og:image\" content=\"https:\/\/www.economiafinanza.eu\/wp-content\/uploads\/2022\/01\/davide-darcangelo.jpg\" \/>\n<meta name=\"author\" content=\"articolinews\" \/>\n<meta name=\"twitter:card\" content=\"summary_large_image\" \/>\n<meta name=\"twitter:label1\" content=\"Scritto da\" \/>\n\t<meta name=\"twitter:data1\" content=\"articolinews\" \/>\n\t<meta name=\"twitter:label2\" content=\"Tempo di lettura stimato\" \/>\n\t<meta name=\"twitter:data2\" content=\"3 minuti\" \/>\n<script type=\"application\/ld+json\" class=\"yoast-schema-graph\">{\"@context\":\"https:\\\/\\\/schema.org\",\"@graph\":[{\"@type\":\"Article\",\"@id\":\"https:\\\/\\\/www.article-marketing.eu\\\/comunicatistampa\\\/davide-darcangelo-necessario-lavorare-per-una-pa-sempre-piu-digital-ed-efficiente\\\/#article\",\"isPartOf\":{\"@id\":\"https:\\\/\\\/www.article-marketing.eu\\\/comunicatistampa\\\/davide-darcangelo-necessario-lavorare-per-una-pa-sempre-piu-digital-ed-efficiente\\\/\"},\"author\":{\"name\":\"articolinews\",\"@id\":\"https:\\\/\\\/www.article-marketing.eu\\\/comunicatistampa\\\/#\\\/schema\\\/person\\\/2fcaf8f8f3a9eef9eb7f27532d3ca458\"},\"headline\":\"Davide D\u2019Arcangelo: \u201cNecessario lavorare per una PA sempre pi\u00f9 digital ed efficiente\u201d\",\"datePublished\":\"2022-12-24T09:38:08+00:00\",\"mainEntityOfPage\":{\"@id\":\"https:\\\/\\\/www.article-marketing.eu\\\/comunicatistampa\\\/davide-darcangelo-necessario-lavorare-per-una-pa-sempre-piu-digital-ed-efficiente\\\/\"},\"wordCount\":437,\"commentCount\":0,\"image\":{\"@id\":\"https:\\\/\\\/www.article-marketing.eu\\\/comunicatistampa\\\/davide-darcangelo-necessario-lavorare-per-una-pa-sempre-piu-digital-ed-efficiente\\\/#primaryimage\"},\"thumbnailUrl\":\"https:\\\/\\\/www.economiafinanza.eu\\\/wp-content\\\/uploads\\\/2022\\\/01\\\/davide-darcangelo.jpg\",\"keywords\":[\"Davide D\u2019Arcangelo\"],\"articleSection\":[\"Economia e lavoro\"],\"inLanguage\":\"it-IT\",\"potentialAction\":[{\"@type\":\"CommentAction\",\"name\":\"Comment\",\"target\":[\"https:\\\/\\\/www.article-marketing.eu\\\/comunicatistampa\\\/davide-darcangelo-necessario-lavorare-per-una-pa-sempre-piu-digital-ed-efficiente\\\/#respond\"]}]},{\"@type\":\"WebPage\",\"@id\":\"https:\\\/\\\/www.article-marketing.eu\\\/comunicatistampa\\\/davide-darcangelo-necessario-lavorare-per-una-pa-sempre-piu-digital-ed-efficiente\\\/\",\"url\":\"https:\\\/\\\/www.article-marketing.eu\\\/comunicatistampa\\\/davide-darcangelo-necessario-lavorare-per-una-pa-sempre-piu-digital-ed-efficiente\\\/\",\"name\":\"Davide D\u2019Arcangelo: \u201cNecessario lavorare per una PA sempre pi\u00f9 digital ed efficiente\u201d\",\"isPartOf\":{\"@id\":\"https:\\\/\\\/www.article-marketing.eu\\\/comunicatistampa\\\/#website\"},\"primaryImageOfPage\":{\"@id\":\"https:\\\/\\\/www.article-marketing.eu\\\/comunicatistampa\\\/davide-darcangelo-necessario-lavorare-per-una-pa-sempre-piu-digital-ed-efficiente\\\/#primaryimage\"},\"image\":{\"@id\":\"https:\\\/\\\/www.article-marketing.eu\\\/comunicatistampa\\\/davide-darcangelo-necessario-lavorare-per-una-pa-sempre-piu-digital-ed-efficiente\\\/#primaryimage\"},\"thumbnailUrl\":\"https:\\\/\\\/www.economiafinanza.eu\\\/wp-content\\\/uploads\\\/2022\\\/01\\\/davide-darcangelo.jpg\",\"datePublished\":\"2022-12-24T09:38:08+00:00\",\"author\":{\"@id\":\"https:\\\/\\\/www.article-marketing.eu\\\/comunicatistampa\\\/#\\\/schema\\\/person\\\/2fcaf8f8f3a9eef9eb7f27532d3ca458\"},\"breadcrumb\":{\"@id\":\"https:\\\/\\\/www.article-marketing.eu\\\/comunicatistampa\\\/davide-darcangelo-necessario-lavorare-per-una-pa-sempre-piu-digital-ed-efficiente\\\/#breadcrumb\"},\"inLanguage\":\"it-IT\",\"potentialAction\":[{\"@type\":\"ReadAction\",\"target\":[\"https:\\\/\\\/www.article-marketing.eu\\\/comunicatistampa\\\/davide-darcangelo-necessario-lavorare-per-una-pa-sempre-piu-digital-ed-efficiente\\\/\"]}]},{\"@type\":\"ImageObject\",\"inLanguage\":\"it-IT\",\"@id\":\"https:\\\/\\\/www.article-marketing.eu\\\/comunicatistampa\\\/davide-darcangelo-necessario-lavorare-per-una-pa-sempre-piu-digital-ed-efficiente\\\/#primaryimage\",\"url\":\"https:\\\/\\\/www.economiafinanza.eu\\\/wp-content\\\/uploads\\\/2022\\\/01\\\/davide-darcangelo.jpg\",\"contentUrl\":\"https:\\\/\\\/www.economiafinanza.eu\\\/wp-content\\\/uploads\\\/2022\\\/01\\\/davide-darcangelo.jpg\"},{\"@type\":\"BreadcrumbList\",\"@id\":\"https:\\\/\\\/www.article-marketing.eu\\\/comunicatistampa\\\/davide-darcangelo-necessario-lavorare-per-una-pa-sempre-piu-digital-ed-efficiente\\\/#breadcrumb\",\"itemListElement\":[{\"@type\":\"ListItem\",\"position\":1,\"name\":\"Home\",\"item\":\"https:\\\/\\\/www.article-marketing.eu\\\/comunicatistampa\\\/\"},{\"@type\":\"ListItem\",\"position\":2,\"name\":\"Davide D\u2019Arcangelo: \u201cNecessario lavorare per una PA sempre pi\u00f9 digital ed efficiente\u201d\"}]},{\"@type\":\"WebSite\",\"@id\":\"https:\\\/\\\/www.article-marketing.eu\\\/comunicatistampa\\\/#website\",\"url\":\"https:\\\/\\\/www.article-marketing.eu\\\/comunicatistampa\\\/\",\"name\":\"Article Marketing\",\"description\":\"article marketing &amp; press release\",\"potentialAction\":[{\"@type\":\"SearchAction\",\"target\":{\"@type\":\"EntryPoint\",\"urlTemplate\":\"https:\\\/\\\/www.article-marketing.eu\\\/comunicatistampa\\\/?s={search_term_string}\"},\"query-input\":{\"@type\":\"PropertyValueSpecification\",\"valueRequired\":true,\"valueName\":\"search_term_string\"}}],\"inLanguage\":\"it-IT\"},{\"@type\":\"Person\",\"@id\":\"https:\\\/\\\/www.article-marketing.eu\\\/comunicatistampa\\\/#\\\/schema\\\/person\\\/2fcaf8f8f3a9eef9eb7f27532d3ca458\",\"name\":\"articolinews\",\"image\":{\"@type\":\"ImageObject\",\"inLanguage\":\"it-IT\",\"@id\":\"https:\\\/\\\/secure.gravatar.com\\\/avatar\\\/9e2a264bab04e17dea24d937c9956304649a848cb73c46747a692ff1bdeb1cb7?s=96&d=mm&r=g\",\"url\":\"https:\\\/\\\/secure.gravatar.com\\\/avatar\\\/9e2a264bab04e17dea24d937c9956304649a848cb73c46747a692ff1bdeb1cb7?s=96&d=mm&r=g\",\"contentUrl\":\"https:\\\/\\\/secure.gravatar.com\\\/avatar\\\/9e2a264bab04e17dea24d937c9956304649a848cb73c46747a692ff1bdeb1cb7?s=96&d=mm&r=g\",\"caption\":\"articolinews\"},\"url\":\"https:\\\/\\\/www.article-marketing.eu\\\/comunicatistampa\\\/author\\\/articolinews\\\/\"}]}<\/script>\n<!-- \/ Yoast SEO plugin. -->","yoast_head_json":{"title":"Davide D\u2019Arcangelo: \u201cNecessario lavorare per una PA sempre pi\u00f9 digital ed efficiente\u201d","robots":{"index":"index","follow":"follow","max-snippet":"max-snippet:-1","max-image-preview":"max-image-preview:large","max-video-preview":"max-video-preview:-1"},"canonical":"https:\/\/www.article-marketing.eu\/comunicatistampa\/davide-darcangelo-necessario-lavorare-per-una-pa-sempre-piu-digital-ed-efficiente\/","og_locale":"it_IT","og_type":"article","og_title":"Davide D\u2019Arcangelo: \u201cNecessario lavorare per una PA sempre pi\u00f9 digital ed efficiente\u201d","og_description":"In Italia ITC e digitale continuano a crescere, ma la sfida \u00e8 ancora agli inizi. A spiegarlo \u00e8 Davide D\u2019Arcangelo in occasione della presentazione dell\u2019ultimo Assintel Report. Davide D\u2019Arcangelo: \u201cItalia attrattiva sul fronte ICT ma serve politica industriale\u201d Con l\u2019avvento della pandemia l\u2019Italia ha conosciuto una forte accelerazione sul digitale. \u00c8 quanto emerge dall\u2019Assintel Report 2022, secondo cui nell\u2019ultimo anno il comparto italiano dell\u2019ITC \u00e8 cresciuto del 5,4% raggiungendo quotaContinue reading...","og_url":"https:\/\/www.article-marketing.eu\/comunicatistampa\/davide-darcangelo-necessario-lavorare-per-una-pa-sempre-piu-digital-ed-efficiente\/","og_site_name":"Article Marketing","article_published_time":"2022-12-24T09:38:08+00:00","og_image":[{"url":"https:\/\/www.economiafinanza.eu\/wp-content\/uploads\/2022\/01\/davide-darcangelo.jpg","type":"","width":"","height":""}],"author":"articolinews","twitter_card":"summary_large_image","twitter_misc":{"Scritto da":"articolinews","Tempo di lettura stimato":"3 minuti"},"schema":{"@context":"https:\/\/schema.org","@graph":[{"@type":"Article","@id":"https:\/\/www.article-marketing.eu\/comunicatistampa\/davide-darcangelo-necessario-lavorare-per-una-pa-sempre-piu-digital-ed-efficiente\/#article","isPartOf":{"@id":"https:\/\/www.article-marketing.eu\/comunicatistampa\/davide-darcangelo-necessario-lavorare-per-una-pa-sempre-piu-digital-ed-efficiente\/"},"author":{"name":"articolinews","@id":"https:\/\/www.article-marketing.eu\/comunicatistampa\/#\/schema\/person\/2fcaf8f8f3a9eef9eb7f27532d3ca458"},"headline":"Davide D\u2019Arcangelo: \u201cNecessario lavorare per una PA sempre pi\u00f9 digital ed efficiente\u201d","datePublished":"2022-12-24T09:38:08+00:00","mainEntityOfPage":{"@id":"https:\/\/www.article-marketing.eu\/comunicatistampa\/davide-darcangelo-necessario-lavorare-per-una-pa-sempre-piu-digital-ed-efficiente\/"},"wordCount":437,"commentCount":0,"image":{"@id":"https:\/\/www.article-marketing.eu\/comunicatistampa\/davide-darcangelo-necessario-lavorare-per-una-pa-sempre-piu-digital-ed-efficiente\/#primaryimage"},"thumbnailUrl":"https:\/\/www.economiafinanza.eu\/wp-content\/uploads\/2022\/01\/davide-darcangelo.jpg","keywords":["Davide D\u2019Arcangelo"],"articleSection":["Economia e lavoro"],"inLanguage":"it-IT","potentialAction":[{"@type":"CommentAction","name":"Comment","target":["https:\/\/www.article-marketing.eu\/comunicatistampa\/davide-darcangelo-necessario-lavorare-per-una-pa-sempre-piu-digital-ed-efficiente\/#respond"]}]},{"@type":"WebPage","@id":"https:\/\/www.article-marketing.eu\/comunicatistampa\/davide-darcangelo-necessario-lavorare-per-una-pa-sempre-piu-digital-ed-efficiente\/","url":"https:\/\/www.article-marketing.eu\/comunicatistampa\/davide-darcangelo-necessario-lavorare-per-una-pa-sempre-piu-digital-ed-efficiente\/","name":"Davide D\u2019Arcangelo: \u201cNecessario lavorare per una PA sempre pi\u00f9 digital ed efficiente\u201d","isPartOf":{"@id":"https:\/\/www.article-marketing.eu\/comunicatistampa\/#website"},"primaryImageOfPage":{"@id":"https:\/\/www.article-marketing.eu\/comunicatistampa\/davide-darcangelo-necessario-lavorare-per-una-pa-sempre-piu-digital-ed-efficiente\/#primaryimage"},"image":{"@id":"https:\/\/www.article-marketing.eu\/comunicatistampa\/davide-darcangelo-necessario-lavorare-per-una-pa-sempre-piu-digital-ed-efficiente\/#primaryimage"},"thumbnailUrl":"https:\/\/www.economiafinanza.eu\/wp-content\/uploads\/2022\/01\/davide-darcangelo.jpg","datePublished":"2022-12-24T09:38:08+00:00","author":{"@id":"https:\/\/www.article-marketing.eu\/comunicatistampa\/#\/schema\/person\/2fcaf8f8f3a9eef9eb7f27532d3ca458"},"breadcrumb":{"@id":"https:\/\/www.article-marketing.eu\/comunicatistampa\/davide-darcangelo-necessario-lavorare-per-una-pa-sempre-piu-digital-ed-efficiente\/#breadcrumb"},"inLanguage":"it-IT","potentialAction":[{"@type":"ReadAction","target":["https:\/\/www.article-marketing.eu\/comunicatistampa\/davide-darcangelo-necessario-lavorare-per-una-pa-sempre-piu-digital-ed-efficiente\/"]}]},{"@type":"ImageObject","inLanguage":"it-IT","@id":"https:\/\/www.article-marketing.eu\/comunicatistampa\/davide-darcangelo-necessario-lavorare-per-una-pa-sempre-piu-digital-ed-efficiente\/#primaryimage","url":"https:\/\/www.economiafinanza.eu\/wp-content\/uploads\/2022\/01\/davide-darcangelo.jpg","contentUrl":"https:\/\/www.economiafinanza.eu\/wp-content\/uploads\/2022\/01\/davide-darcangelo.jpg"},{"@type":"BreadcrumbList","@id":"https:\/\/www.article-marketing.eu\/comunicatistampa\/davide-darcangelo-necessario-lavorare-per-una-pa-sempre-piu-digital-ed-efficiente\/#breadcrumb","itemListElement":[{"@type":"ListItem","position":1,"name":"Home","item":"https:\/\/www.article-marketing.eu\/comunicatistampa\/"},{"@type":"ListItem","position":2,"name":"Davide D\u2019Arcangelo: \u201cNecessario lavorare per una PA sempre pi\u00f9 digital ed efficiente\u201d"}]},{"@type":"WebSite","@id":"https:\/\/www.article-marketing.eu\/comunicatistampa\/#website","url":"https:\/\/www.article-marketing.eu\/comunicatistampa\/","name":"Article Marketing","description":"article marketing &amp; press release","potentialAction":[{"@type":"SearchAction","target":{"@type":"EntryPoint","urlTemplate":"https:\/\/www.article-marketing.eu\/comunicatistampa\/?s={search_term_string}"},"query-input":{"@type":"PropertyValueSpecification","valueRequired":true,"valueName":"search_term_string"}}],"inLanguage":"it-IT"},{"@type":"Person","@id":"https:\/\/www.article-marketing.eu\/comunicatistampa\/#\/schema\/person\/2fcaf8f8f3a9eef9eb7f27532d3ca458","name":"articolinews","image":{"@type":"ImageObject","inLanguage":"it-IT","@id":"https:\/\/secure.gravatar.com\/avatar\/9e2a264bab04e17dea24d937c9956304649a848cb73c46747a692ff1bdeb1cb7?s=96&d=mm&r=g","url":"https:\/\/secure.gravatar.com\/avatar\/9e2a264bab04e17dea24d937c9956304649a848cb73c46747a692ff1bdeb1cb7?s=96&d=mm&r=g","contentUrl":"https:\/\/secure.gravatar.com\/avatar\/9e2a264bab04e17dea24d937c9956304649a848cb73c46747a692ff1bdeb1cb7?s=96&d=mm&r=g","caption":"articolinews"},"url":"https:\/\/www.article-marketing.eu\/comunicatistampa\/author\/articolinews\/"}]}},"_links":{"self":[{"href":"https:\/\/www.article-marketing.eu\/comunicatistampa\/wp-json\/wp\/v2\/posts\/25656","targetHints":{"allow":["GET"]}}],"collection":[{"href":"https:\/\/www.article-marketing.eu\/comunicatistampa\/wp-json\/wp\/v2\/posts"}],"about":[{"href":"https:\/\/www.article-marketing.eu\/comunicatistampa\/wp-json\/wp\/v2\/types\/post"}],"author":[{"embeddable":true,"href":"https:\/\/www.article-marketing.eu\/comunicatistampa\/wp-json\/wp\/v2\/users\/6477"}],"replies":[{"embeddable":true,"href":"https:\/\/www.article-marketing.eu\/comunicatistampa\/wp-json\/wp\/v2\/comments?post=25656"}],"version-history":[{"count":2,"href":"https:\/\/www.article-marketing.eu\/comunicatistampa\/wp-json\/wp\/v2\/posts\/25656\/revisions"}],"predecessor-version":[{"id":25814,"href":"https:\/\/www.article-marketing.eu\/comunicatistampa\/wp-json\/wp\/v2\/posts\/25656\/revisions\/25814"}],"wp:attachment":[{"href":"https:\/\/www.article-marketing.eu\/comunicatistampa\/wp-json\/wp\/v2\/media?parent=25656"}],"wp:term":[{"taxonomy":"category","embeddable":true,"href":"https:\/\/www.article-marketing.eu\/comunicatistampa\/wp-json\/wp\/v2\/categories?post=25656"},{"taxonomy":"post_tag","embeddable":true,"href":"https:\/\/www.article-marketing.eu\/comunicatistampa\/wp-json\/wp\/v2\/tags?post=25656"}],"curies":[{"name":"wp","href":"https:\/\/api.w.org\/{rel}","templated":true}]}}