{"id":25681,"date":"2022-12-24T07:08:24","date_gmt":"2022-12-24T06:08:24","guid":{"rendered":"https:\/\/www.article-marketing.eu\/comunicatistampa\/?p=25681"},"modified":"2022-12-14T18:39:06","modified_gmt":"2022-12-14T17:39:06","slug":"da-bologna-parte-la-logistica-evoluta-con-il-primo-convegno-innovalab","status":"publish","type":"post","link":"https:\/\/www.article-marketing.eu\/comunicatistampa\/da-bologna-parte-la-logistica-evoluta-con-il-primo-convegno-innovalab\/","title":{"rendered":"Da Bologna parte la logistica evoluta  con il primo convegno INNOVALAB"},"content":{"rendered":"<p class=\"western\" align=\"justify\"><span style=\"font-family: Verdana;\"><span style=\"font-size: medium;\"><i>Un momento di dialogo e confronto tra tutti gli stakeholder della filiera promosso da Due Torri S.p.A. Ospiti e protagonisti di ben quattro tavole rotonde, il 25 novembre, presso <\/i><\/span><\/span><span style=\"font-family: Verdana;\"><span style=\"font-size: medium;\"><i>MAST. Auditorium<\/i><\/span><\/span><span style=\"font-family: Verdana;\"><span style=\"font-size: medium;\"><i> Istituzioni, Associazioni, Aziende e Operatori per un evento destinato a ripetersi nel tempo<\/i><\/span><\/span><\/p>\n<p class=\"western\" align=\"justify\"><span style=\"font-family: Verdana;\"><span style=\"font-size: medium;\">Un settore poco conosciuto e molto discusso, spesso criticato ma ancora non approfondito. Sono questi i presupposti che hanno dato vita a <\/span><\/span><span style=\"font-family: Verdana;\"><span style=\"font-size: medium;\"><b>INNOVALAB, un grande appuntamento di dialogo e confronto, ideato e promosso da Due Torri S.p.A<\/b><\/span><\/span><span style=\"font-family: Verdana;\"><span style=\"font-size: medium;\">., societ\u00e0 bolognese attiva dal 1974 nell\u2019ambito dei trasporti e della logistica, giunta oggi al terza generazione.<\/span><\/span><\/p>\n<p class=\"western\" align=\"justify\"><span style=\"font-family: Verdana;\"><span style=\"font-size: medium;\"><b>INNOVALAB \u00e8 una fucina di idee<\/b><\/span><\/span><span style=\"font-family: Verdana;\"><span style=\"font-size: medium;\">, come indica il nome stesso dell\u2019iniziativa, <\/span><\/span><span style=\"font-family: Verdana;\"><span style=\"font-size: medium;\"><b>una condivisione di trend e un momento di conoscenza<\/b><\/span><\/span><span style=\"font-family: Verdana;\"><span style=\"font-size: medium;\"> per avere una fotografia del mondo logistico, <\/span><\/span><span style=\"font-family: Verdana;\"><span style=\"font-size: medium;\"><b>mettendo in correlazione diretta Istituzioni, Aziende e Player<\/b><\/span><\/span><span style=\"font-family: Verdana;\"><span style=\"font-size: medium;\">. Attraverso ricerche e dati, <\/span><\/span><span style=\"font-family: Verdana;\"><span style=\"font-size: medium;\"><b>il convegno traccia uno scenario pi\u00f9 che esaustivo su quelle che sono le potenzialit\u00e0 di un settore determinante per lo sviluppo<\/b><\/span><\/span><span style=\"font-family: Verdana;\"><span style=\"font-size: medium;\">. <\/span><\/span><\/p>\n<p class=\"western\" align=\"justify\"><span style=\"font-family: Verdana;\"><span style=\"font-size: medium;\">Ben <\/span><\/span><span style=\"font-family: Verdana;\"><span style=\"font-size: medium;\"><b>quattro le tavole rotonde organizzate venerd\u00ec 25 novembre presso <\/b><\/span><\/span><span style=\"font-family: Verdana;\"><span style=\"font-size: medium;\"><b>MAST. Auditorium<\/b><\/span><\/span><span style=\"font-family: Verdana;\"><span style=\"font-size: medium;\"><b>, Manifattura di Arti, Sperimentazione e Tecnologia. Il centro polifunzionale e spazio espositivo realizzato a Bologna<\/b><\/span><\/span><span style=\"font-family: Verdana;\"><span style=\"font-size: medium;\"> dalla omonima Fondazione MAST <\/span><\/span><span style=\"font-family: Verdana;\"><span style=\"font-size: medium;\"><b>ha accolto 120 ospiti<\/b><\/span><\/span><span style=\"font-family: Verdana;\"><span style=\"font-size: medium;\"> convocati nel suggestivo contesto post industriale e oggi location museale d\u2019eccellenza <\/span><\/span><span style=\"font-family: Verdana;\"><span style=\"font-size: medium;\"><b>per discutere di tematiche spesso sotto i riflettori della cronaca, ma mai prima di questo evento messe in correlazione<\/b><\/span><\/span><span style=\"font-family: Verdana;\"><span style=\"font-size: medium;\">. Istituzioni, tessuto produttivo e addetti ai lavori hanno interagito con un <\/span><\/span><span style=\"font-family: Verdana;\"><span style=\"font-size: medium;\"><b>panel di professionisti di primissimo piano per tracciare la via verso una logistica sempre pi\u00f9 etica e sostenibile<\/b><\/span><\/span><span style=\"font-family: Verdana;\"><span style=\"font-size: medium;\">.<\/span><\/span><\/p>\n<p class=\"western\" align=\"justify\">\u201c<span style=\"font-family: Verdana;\"><span style=\"font-size: medium;\"><i>Con quasi 50 anni di esperienza, desideriamo creare un dialogo tra tutta la filiera<\/i><\/span><\/span><span style=\"font-family: Verdana;\"><span style=\"font-size: medium;\"> \u2013 spiega <\/span><\/span><span style=\"font-family: Verdana;\"><span style=\"font-size: medium;\"><b>Andrea Franceschelli, Vice President &amp; Managing Director di Due Torri S.p.A<\/b><\/span><\/span><span style=\"font-family: Verdana;\"><span style=\"font-size: medium;\">. e promotore dell\u2019iniziativa \u2013 <\/span><\/span><span style=\"font-family: Verdana;\"><span style=\"font-size: medium;\"><i>permettendo un confronto tra tutti gli attori coinvolti, dalle Istituzioni alle Imprese, fino ai Player della logistica. Solo cos\u00ec \u00e8 possibile uno scambio di vedute e tracciare una rotta verso un futuro pi\u00f9 sostenibile, a livello economico, etico e ambientale<\/i><\/span><\/span><span style=\"font-family: Verdana;\"><span style=\"font-size: medium;\">\u201d.<\/span><\/span><\/p>\n<p class=\"western\" align=\"justify\"><span style=\"font-family: Verdana;\"><span style=\"font-size: medium;\">Considerato erroneamente come l\u2019ultimo anello di una catena che dal produttore arriva al consumatore, il settore logistico \u00e8 sempre stato valutato come il protagonista dell\u2019ultimo miglio, senza considerare il <\/span><\/span><span style=\"font-family: Verdana;\"><span style=\"font-size: medium;\"><b>valore aggiunto reale che una logistica evoluta pu\u00f2 garantire sia al pubblico che ai lavoratori diretti<\/b><\/span><\/span><span style=\"font-family: Verdana;\"><span style=\"font-size: medium;\">, fino alle positive ripercussioni in termini di <\/span><\/span><span style=\"font-family: Verdana;\"><span style=\"font-size: medium;\"><b>abbattimento dell\u2019impatto ambientale, del traffico e della vivibilit\u00e0 di infrastrutture stradali<\/b><\/span><\/span><span style=\"font-family: Verdana;\"><span style=\"font-size: medium;\">.<\/span><\/span><\/p>\n<p class=\"western\" align=\"justify\">\u201c<span style=\"font-family: Verdana;\"><span style=\"font-size: medium;\"><i>Ritmi di vita sempre pi\u00f9 accelerati, la crescita degli acquisti on line, ma anche il prezioso ruolo svolto durante i lockdown imposti dalla pandemia Covid-19 hanno in parte mutato il percepito del settore e gli stessi operatori avvertono la necessit\u00e0 di farsi non solo portavoce di una categoria, ma ambasciatori di una logistica etica e pi\u00f9 pulita\u201d<\/i><\/span><\/span><b> <\/b><span style=\"font-family: Verdana;\"><span style=\"font-size: medium;\">\u2013 spiega Andrea Franceschelli, entusiasta dei riscontri raccolti dall\u2019evento &#8211; <\/span><\/span><span style=\"font-family: Verdana;\"><span style=\"font-size: medium;\"><i>\u201cSeppur strategica, la logistica pu\u00f2 avere un reale valore aggiunto, concreto e fattivo, a patto che tutta la filiera sia propositiva e riesca a delineare un futuro che tenga in considerazione le diverse necessit\u00e0 e le grandi opportunit\u00e0 che una collaborazione trasparente e convinta pu\u00f2 portare\u201d.<\/i><\/span><\/span><\/p>\n<p class=\"western\" align=\"justify\"><span style=\"font-family: Verdana;\"><span style=\"font-size: medium;\">https:\/\/www.duetorrispa.com\/<\/span><\/span><\/p>\n","protected":false},"excerpt":{"rendered":"<p>Un momento di dialogo e confronto tra tutti gli stakeholder della filiera promosso da Due Torri S.p.A. Ospiti e protagonisti di ben quattro tavole rotonde, il 25 novembre, presso MAST. Auditorium Istituzioni, Associazioni, Aziende e Operatori per un evento destinato a ripetersi nel tempo Un settore poco conosciuto e molto discusso, spesso criticato ma ancora non approfondito. Sono questi i presupposti che hanno dato vita a INNOVALAB, un grande appuntamento<\/p>\n<p><a class=\"continue-reading\" href=\"https:\/\/www.article-marketing.eu\/comunicatistampa\/da-bologna-parte-la-logistica-evoluta-con-il-primo-convegno-innovalab\/\">Continue reading&#8230;<\/a><\/p>\n","protected":false},"author":397,"featured_media":0,"comment_status":"open","ping_status":"open","sticky":false,"template":"","format":"standard","meta":{"_monsterinsights_skip_tracking":false,"_monsterinsights_sitenote_active":false,"_monsterinsights_sitenote_note":"","_monsterinsights_sitenote_category":0,"footnotes":""},"categories":[78],"tags":[],"class_list":["post-25681","post","type-post","status-publish","format-standard","hentry","category-comunicati-stampa"],"yoast_head":"<!-- This site is optimized with the Yoast SEO plugin v27.3 - https:\/\/yoast.com\/product\/yoast-seo-wordpress\/ -->\n<title>Da Bologna parte la logistica evoluta con il primo convegno INNOVALAB<\/title>\n<meta name=\"robots\" content=\"index, follow, max-snippet:-1, max-image-preview:large, max-video-preview:-1\" \/>\n<link rel=\"canonical\" href=\"https:\/\/www.article-marketing.eu\/comunicatistampa\/da-bologna-parte-la-logistica-evoluta-con-il-primo-convegno-innovalab\/\" \/>\n<meta property=\"og:locale\" content=\"it_IT\" \/>\n<meta property=\"og:type\" content=\"article\" \/>\n<meta property=\"og:title\" content=\"Da Bologna parte la logistica evoluta con il primo convegno INNOVALAB\" \/>\n<meta property=\"og:description\" content=\"Un momento di dialogo e confronto tra tutti gli stakeholder della filiera promosso da Due Torri S.p.A. Ospiti e protagonisti di ben quattro tavole rotonde, il 25 novembre, presso MAST. Auditorium Istituzioni, Associazioni, Aziende e Operatori per un evento destinato a ripetersi nel tempo Un settore poco conosciuto e molto discusso, spesso criticato ma ancora non approfondito. Sono questi i presupposti che hanno dato vita a INNOVALAB, un grande appuntamentoContinue reading...\" \/>\n<meta property=\"og:url\" content=\"https:\/\/www.article-marketing.eu\/comunicatistampa\/da-bologna-parte-la-logistica-evoluta-con-il-primo-convegno-innovalab\/\" \/>\n<meta property=\"og:site_name\" content=\"Article Marketing\" \/>\n<meta property=\"article:published_time\" content=\"2022-12-24T06:08:24+00:00\" \/>\n<meta name=\"author\" content=\"Borderline Agency\" \/>\n<meta name=\"twitter:card\" content=\"summary_large_image\" \/>\n<meta name=\"twitter:label1\" content=\"Scritto da\" \/>\n\t<meta name=\"twitter:data1\" content=\"Borderline Agency\" \/>\n\t<meta name=\"twitter:label2\" content=\"Tempo di lettura stimato\" \/>\n\t<meta name=\"twitter:data2\" content=\"3 minuti\" \/>\n<script type=\"application\/ld+json\" class=\"yoast-schema-graph\">{\"@context\":\"https:\\\/\\\/schema.org\",\"@graph\":[{\"@type\":\"Article\",\"@id\":\"https:\\\/\\\/www.article-marketing.eu\\\/comunicatistampa\\\/da-bologna-parte-la-logistica-evoluta-con-il-primo-convegno-innovalab\\\/#article\",\"isPartOf\":{\"@id\":\"https:\\\/\\\/www.article-marketing.eu\\\/comunicatistampa\\\/da-bologna-parte-la-logistica-evoluta-con-il-primo-convegno-innovalab\\\/\"},\"author\":{\"name\":\"Borderline Agency\",\"@id\":\"https:\\\/\\\/www.article-marketing.eu\\\/comunicatistampa\\\/#\\\/schema\\\/person\\\/1c4ab1c7aad84347e26e78235da6ff1b\"},\"headline\":\"Da Bologna parte la logistica evoluta con il primo convegno INNOVALAB\",\"datePublished\":\"2022-12-24T06:08:24+00:00\",\"mainEntityOfPage\":{\"@id\":\"https:\\\/\\\/www.article-marketing.eu\\\/comunicatistampa\\\/da-bologna-parte-la-logistica-evoluta-con-il-primo-convegno-innovalab\\\/\"},\"wordCount\":517,\"commentCount\":0,\"articleSection\":[\"Comunicati stampa\"],\"inLanguage\":\"it-IT\",\"potentialAction\":[{\"@type\":\"CommentAction\",\"name\":\"Comment\",\"target\":[\"https:\\\/\\\/www.article-marketing.eu\\\/comunicatistampa\\\/da-bologna-parte-la-logistica-evoluta-con-il-primo-convegno-innovalab\\\/#respond\"]}]},{\"@type\":\"WebPage\",\"@id\":\"https:\\\/\\\/www.article-marketing.eu\\\/comunicatistampa\\\/da-bologna-parte-la-logistica-evoluta-con-il-primo-convegno-innovalab\\\/\",\"url\":\"https:\\\/\\\/www.article-marketing.eu\\\/comunicatistampa\\\/da-bologna-parte-la-logistica-evoluta-con-il-primo-convegno-innovalab\\\/\",\"name\":\"Da Bologna parte la logistica evoluta con il primo convegno INNOVALAB\",\"isPartOf\":{\"@id\":\"https:\\\/\\\/www.article-marketing.eu\\\/comunicatistampa\\\/#website\"},\"datePublished\":\"2022-12-24T06:08:24+00:00\",\"author\":{\"@id\":\"https:\\\/\\\/www.article-marketing.eu\\\/comunicatistampa\\\/#\\\/schema\\\/person\\\/1c4ab1c7aad84347e26e78235da6ff1b\"},\"breadcrumb\":{\"@id\":\"https:\\\/\\\/www.article-marketing.eu\\\/comunicatistampa\\\/da-bologna-parte-la-logistica-evoluta-con-il-primo-convegno-innovalab\\\/#breadcrumb\"},\"inLanguage\":\"it-IT\",\"potentialAction\":[{\"@type\":\"ReadAction\",\"target\":[\"https:\\\/\\\/www.article-marketing.eu\\\/comunicatistampa\\\/da-bologna-parte-la-logistica-evoluta-con-il-primo-convegno-innovalab\\\/\"]}]},{\"@type\":\"BreadcrumbList\",\"@id\":\"https:\\\/\\\/www.article-marketing.eu\\\/comunicatistampa\\\/da-bologna-parte-la-logistica-evoluta-con-il-primo-convegno-innovalab\\\/#breadcrumb\",\"itemListElement\":[{\"@type\":\"ListItem\",\"position\":1,\"name\":\"Home\",\"item\":\"https:\\\/\\\/www.article-marketing.eu\\\/comunicatistampa\\\/\"},{\"@type\":\"ListItem\",\"position\":2,\"name\":\"Da Bologna parte la logistica evoluta con il primo convegno INNOVALAB\"}]},{\"@type\":\"WebSite\",\"@id\":\"https:\\\/\\\/www.article-marketing.eu\\\/comunicatistampa\\\/#website\",\"url\":\"https:\\\/\\\/www.article-marketing.eu\\\/comunicatistampa\\\/\",\"name\":\"Article Marketing\",\"description\":\"article marketing &amp; press release\",\"potentialAction\":[{\"@type\":\"SearchAction\",\"target\":{\"@type\":\"EntryPoint\",\"urlTemplate\":\"https:\\\/\\\/www.article-marketing.eu\\\/comunicatistampa\\\/?s={search_term_string}\"},\"query-input\":{\"@type\":\"PropertyValueSpecification\",\"valueRequired\":true,\"valueName\":\"search_term_string\"}}],\"inLanguage\":\"it-IT\"},{\"@type\":\"Person\",\"@id\":\"https:\\\/\\\/www.article-marketing.eu\\\/comunicatistampa\\\/#\\\/schema\\\/person\\\/1c4ab1c7aad84347e26e78235da6ff1b\",\"name\":\"Borderline Agency\",\"image\":{\"@type\":\"ImageObject\",\"inLanguage\":\"it-IT\",\"@id\":\"https:\\\/\\\/secure.gravatar.com\\\/avatar\\\/741fa053101610cb0be7dc835c116926549ae4ae2142ff35eac04d78fda61461?s=96&d=mm&r=g\",\"url\":\"https:\\\/\\\/secure.gravatar.com\\\/avatar\\\/741fa053101610cb0be7dc835c116926549ae4ae2142ff35eac04d78fda61461?s=96&d=mm&r=g\",\"contentUrl\":\"https:\\\/\\\/secure.gravatar.com\\\/avatar\\\/741fa053101610cb0be7dc835c116926549ae4ae2142ff35eac04d78fda61461?s=96&d=mm&r=g\",\"caption\":\"Borderline Agency\"},\"url\":\"https:\\\/\\\/www.article-marketing.eu\\\/comunicatistampa\\\/author\\\/borderline-agency\\\/\"}]}<\/script>\n<!-- \/ Yoast SEO plugin. -->","yoast_head_json":{"title":"Da Bologna parte la logistica evoluta con il primo convegno INNOVALAB","robots":{"index":"index","follow":"follow","max-snippet":"max-snippet:-1","max-image-preview":"max-image-preview:large","max-video-preview":"max-video-preview:-1"},"canonical":"https:\/\/www.article-marketing.eu\/comunicatistampa\/da-bologna-parte-la-logistica-evoluta-con-il-primo-convegno-innovalab\/","og_locale":"it_IT","og_type":"article","og_title":"Da Bologna parte la logistica evoluta con il primo convegno INNOVALAB","og_description":"Un momento di dialogo e confronto tra tutti gli stakeholder della filiera promosso da Due Torri S.p.A. Ospiti e protagonisti di ben quattro tavole rotonde, il 25 novembre, presso MAST. Auditorium Istituzioni, Associazioni, Aziende e Operatori per un evento destinato a ripetersi nel tempo Un settore poco conosciuto e molto discusso, spesso criticato ma ancora non approfondito. Sono questi i presupposti che hanno dato vita a INNOVALAB, un grande appuntamentoContinue reading...","og_url":"https:\/\/www.article-marketing.eu\/comunicatistampa\/da-bologna-parte-la-logistica-evoluta-con-il-primo-convegno-innovalab\/","og_site_name":"Article Marketing","article_published_time":"2022-12-24T06:08:24+00:00","author":"Borderline Agency","twitter_card":"summary_large_image","twitter_misc":{"Scritto da":"Borderline Agency","Tempo di lettura stimato":"3 minuti"},"schema":{"@context":"https:\/\/schema.org","@graph":[{"@type":"Article","@id":"https:\/\/www.article-marketing.eu\/comunicatistampa\/da-bologna-parte-la-logistica-evoluta-con-il-primo-convegno-innovalab\/#article","isPartOf":{"@id":"https:\/\/www.article-marketing.eu\/comunicatistampa\/da-bologna-parte-la-logistica-evoluta-con-il-primo-convegno-innovalab\/"},"author":{"name":"Borderline Agency","@id":"https:\/\/www.article-marketing.eu\/comunicatistampa\/#\/schema\/person\/1c4ab1c7aad84347e26e78235da6ff1b"},"headline":"Da Bologna parte la logistica evoluta con il primo convegno INNOVALAB","datePublished":"2022-12-24T06:08:24+00:00","mainEntityOfPage":{"@id":"https:\/\/www.article-marketing.eu\/comunicatistampa\/da-bologna-parte-la-logistica-evoluta-con-il-primo-convegno-innovalab\/"},"wordCount":517,"commentCount":0,"articleSection":["Comunicati stampa"],"inLanguage":"it-IT","potentialAction":[{"@type":"CommentAction","name":"Comment","target":["https:\/\/www.article-marketing.eu\/comunicatistampa\/da-bologna-parte-la-logistica-evoluta-con-il-primo-convegno-innovalab\/#respond"]}]},{"@type":"WebPage","@id":"https:\/\/www.article-marketing.eu\/comunicatistampa\/da-bologna-parte-la-logistica-evoluta-con-il-primo-convegno-innovalab\/","url":"https:\/\/www.article-marketing.eu\/comunicatistampa\/da-bologna-parte-la-logistica-evoluta-con-il-primo-convegno-innovalab\/","name":"Da Bologna parte la logistica evoluta con il primo convegno INNOVALAB","isPartOf":{"@id":"https:\/\/www.article-marketing.eu\/comunicatistampa\/#website"},"datePublished":"2022-12-24T06:08:24+00:00","author":{"@id":"https:\/\/www.article-marketing.eu\/comunicatistampa\/#\/schema\/person\/1c4ab1c7aad84347e26e78235da6ff1b"},"breadcrumb":{"@id":"https:\/\/www.article-marketing.eu\/comunicatistampa\/da-bologna-parte-la-logistica-evoluta-con-il-primo-convegno-innovalab\/#breadcrumb"},"inLanguage":"it-IT","potentialAction":[{"@type":"ReadAction","target":["https:\/\/www.article-marketing.eu\/comunicatistampa\/da-bologna-parte-la-logistica-evoluta-con-il-primo-convegno-innovalab\/"]}]},{"@type":"BreadcrumbList","@id":"https:\/\/www.article-marketing.eu\/comunicatistampa\/da-bologna-parte-la-logistica-evoluta-con-il-primo-convegno-innovalab\/#breadcrumb","itemListElement":[{"@type":"ListItem","position":1,"name":"Home","item":"https:\/\/www.article-marketing.eu\/comunicatistampa\/"},{"@type":"ListItem","position":2,"name":"Da Bologna parte la logistica evoluta con il primo convegno INNOVALAB"}]},{"@type":"WebSite","@id":"https:\/\/www.article-marketing.eu\/comunicatistampa\/#website","url":"https:\/\/www.article-marketing.eu\/comunicatistampa\/","name":"Article Marketing","description":"article marketing &amp; press release","potentialAction":[{"@type":"SearchAction","target":{"@type":"EntryPoint","urlTemplate":"https:\/\/www.article-marketing.eu\/comunicatistampa\/?s={search_term_string}"},"query-input":{"@type":"PropertyValueSpecification","valueRequired":true,"valueName":"search_term_string"}}],"inLanguage":"it-IT"},{"@type":"Person","@id":"https:\/\/www.article-marketing.eu\/comunicatistampa\/#\/schema\/person\/1c4ab1c7aad84347e26e78235da6ff1b","name":"Borderline Agency","image":{"@type":"ImageObject","inLanguage":"it-IT","@id":"https:\/\/secure.gravatar.com\/avatar\/741fa053101610cb0be7dc835c116926549ae4ae2142ff35eac04d78fda61461?s=96&d=mm&r=g","url":"https:\/\/secure.gravatar.com\/avatar\/741fa053101610cb0be7dc835c116926549ae4ae2142ff35eac04d78fda61461?s=96&d=mm&r=g","contentUrl":"https:\/\/secure.gravatar.com\/avatar\/741fa053101610cb0be7dc835c116926549ae4ae2142ff35eac04d78fda61461?s=96&d=mm&r=g","caption":"Borderline Agency"},"url":"https:\/\/www.article-marketing.eu\/comunicatistampa\/author\/borderline-agency\/"}]}},"_links":{"self":[{"href":"https:\/\/www.article-marketing.eu\/comunicatistampa\/wp-json\/wp\/v2\/posts\/25681","targetHints":{"allow":["GET"]}}],"collection":[{"href":"https:\/\/www.article-marketing.eu\/comunicatistampa\/wp-json\/wp\/v2\/posts"}],"about":[{"href":"https:\/\/www.article-marketing.eu\/comunicatistampa\/wp-json\/wp\/v2\/types\/post"}],"author":[{"embeddable":true,"href":"https:\/\/www.article-marketing.eu\/comunicatistampa\/wp-json\/wp\/v2\/users\/397"}],"replies":[{"embeddable":true,"href":"https:\/\/www.article-marketing.eu\/comunicatistampa\/wp-json\/wp\/v2\/comments?post=25681"}],"version-history":[{"count":2,"href":"https:\/\/www.article-marketing.eu\/comunicatistampa\/wp-json\/wp\/v2\/posts\/25681\/revisions"}],"predecessor-version":[{"id":25806,"href":"https:\/\/www.article-marketing.eu\/comunicatistampa\/wp-json\/wp\/v2\/posts\/25681\/revisions\/25806"}],"wp:attachment":[{"href":"https:\/\/www.article-marketing.eu\/comunicatistampa\/wp-json\/wp\/v2\/media?parent=25681"}],"wp:term":[{"taxonomy":"category","embeddable":true,"href":"https:\/\/www.article-marketing.eu\/comunicatistampa\/wp-json\/wp\/v2\/categories?post=25681"},{"taxonomy":"post_tag","embeddable":true,"href":"https:\/\/www.article-marketing.eu\/comunicatistampa\/wp-json\/wp\/v2\/tags?post=25681"}],"curies":[{"name":"wp","href":"https:\/\/api.w.org\/{rel}","templated":true}]}}