{"id":25692,"date":"2022-12-23T07:32:48","date_gmt":"2022-12-23T06:32:48","guid":{"rendered":"https:\/\/www.article-marketing.eu\/comunicatistampa\/?p=25692"},"modified":"2022-12-14T18:33:34","modified_gmt":"2022-12-14T17:33:34","slug":"la-valutazione-del-rischio-incendio-nelle-attivita-a-basso-rischio","status":"publish","type":"post","link":"https:\/\/www.article-marketing.eu\/comunicatistampa\/la-valutazione-del-rischio-incendio-nelle-attivita-a-basso-rischio\/","title":{"rendered":"La valutazione del rischio incendio nelle attivit\u00e0 a basso rischio"},"content":{"rendered":"<h1>Comunicato Stampa<\/h1>\n<h1>La valutazione del rischio incendio nelle attivit\u00e0 a basso rischio<\/h1>\n<h1><\/h1>\n<p><strong><em>Un corso in presenza a Brescia il 31 gennaio 2023 <\/em><\/strong><strong><em>si soffermer\u00e0 sul<\/em><\/strong><strong><em>le regole per l\u2019applicazione delle nuove norme di prevenzione incendi e <\/em><\/strong><strong><em>sul<\/em><\/strong><strong><em>la predisposizione della valutazione del rischio incendio per le attivit\u00e0 a rischio basso.<\/em><\/strong><\/p>\n<p>&nbsp;<\/p>\n<p>L\u2019entrata in vigore nei mesi scorsi di <strong>tre decreti ministeriali<\/strong> emanati nel mese di settembre del 2021 \u2013 <strong>decreto 1 settembre 2021<\/strong> (decreto \u201cControlli\u201d, entrato parzialmente in vigore il 25 settembre 2022), <strong>decreto 2 settembre 2021<\/strong> (decreto \u201cGSA\u201d, entrato in vigore il 4 ottobre 2022), <strong>decreto 3 settembre 2021<\/strong> (decreto \u201cMinicodice\u201d, entrato in vigore il 29 ottobre 2022) \u2013 ha inevitabilmente portato, con il definitivo superamento del <strong>Decreto Ministeriale 10 marzo 1998<\/strong>, a moltissime novit\u00e0 in materia di prevenzione incendi.<\/p>\n<p>&nbsp;<\/p>\n<p>In particolare il <strong>Decreto del Ministero dell&#8217;Interno 3 settembre 2021<\/strong>, recante \u201c<em>Criteri generali di progettazione, realizzazione ed esercizio della sicurezza antincendio per luoghi di lavoro, ai sensi dell\u2019articolo 46, comma 3, lettera a), punti 1 e 2, del decreto legislativo 9 aprile 2008, n. 81<\/em>\u201d, ha introdotto diverse modifiche alla <strong>valutazione dei rischi di incendio<\/strong> e alla definizione delle misure di prevenzione, protezione e gestionali. In particolare con riferimento ai <strong>luoghi di lavoro a basso rischio di incendio<\/strong>, cos\u00ec come definiti nel decreto e in relazione ai criteri di progettazione, realizzazione ed esercizio della sicurezza antincendio riportati nell\u2019allegato I del decreto.<\/p>\n<p>&nbsp;<\/p>\n<p><strong>Ci sono corsi in presenza che permettono di conoscere le regole base della nuova prevenzione incendi? Ci sono percorsi formativi che si soffermano sulla valutazione per i luoghi di lavoro a basso rischio di incendio?<\/strong><\/p>\n<p>&nbsp;<\/p>\n<p><strong>Il nuovo corso in presenza sulla valutazione del rischio incendio<\/strong><\/p>\n<p>Proprio per far conoscere agli operatori le nuove regole e indicazioni connesse al decreto ministeriale del 3 settembre 2021, l\u2019<strong>Associazione Italiana Formatori ed Operatori della Sicurezza sul Lavoro<\/strong> (AiFOS) organizza a Brescia il <strong>31 gennaio 2023 <\/strong>un corso di 8 ore in presenza dal titolo \u201c<strong>La valutazione del rischio incendio nelle attivit\u00e0 a rischio basso. Scenari e campi di applicazione<\/strong>\u201d.<\/p>\n<p>&nbsp;<\/p>\n<p>Il corso ha l\u2019<strong>obiettivo<\/strong> di fornire gli strumenti di base per la comprensione delle regole di base del campo di applicazione delle nuove norme tecniche di prevenzione incendi, con l\u2019obiettivo di predisporre la Valutazione del Rischio incendio per le attivit\u00e0 a rischio basso, valutando le aree di rischio specifico, gli scenari di pericolo e i profili di rischio relativi alla salvaguardia della vita umana, dei beni economici e alla tutela dell&#8217;ambiente.<\/p>\n<p>&nbsp;<\/p>\n<p>Il corso permetter\u00e0 di:<\/p>\n<ul>\n<li>conoscere termini, definizioni, simboli grafici, tipologie dei presidi antincendio, per elaborare piani efficaci seguendo le metodologie comuni applicabili a tutte le attivit\u00e0, privilegiando soluzioni semplici ma complete;<\/li>\n<li>seguire gli standard nazionali e internazionali costruendo un piano di aggiornamento puntuale seguendo il continuo avanzamento tecnologico anche basato sulla ricerca scientifica.<\/li>\n<\/ul>\n<p>&nbsp;<\/p>\n<p>Il docente \u00e8 <strong>Roberto Marasi<\/strong>: HSE Manager, professionista antincendio, formatore con esperienza pluriennale in ambito salute e sicurezza e nello specifico di progettazione antincendio e di corsi per addetti antincendio dal rischio basso al rischio elevato.<\/p>\n<p>&nbsp;<\/p>\n<p><strong>Il DM 3 settembre 2021 e i luoghi di lavoro a basso rischio d\u2019incendio<\/strong><\/p>\n<p>Si ricorda che in relazione al DM 3 settembre 2021, che non si applica ai cantieri temporanei o mobili, sono considerati <strong>luoghi di lavoro a basso rischio d\u2019incendio<\/strong> quelli ubicati in attivit\u00e0 non soggette (non ricomprese quindi nell\u2019allegato I al d.p.r. 1 agosto 2011 n. 151) e non dotate di specifica regola tecnica verticale, aventi tutti i seguenti requisiti aggiuntivi:<\/p>\n<ol>\n<li>con affollamento complessivo \u2264 100 occupanti (persone presenti a qualsiasi titolo all\u2019interno dell\u2019attivit\u00e0);<\/li>\n<li>con superficie lorda complessiva \u2264 1000 m<sup>2<\/sup>;<\/li>\n<li>con piani situati a quota compresa tra -5 m e 24 m;<\/li>\n<li>ove non si detengono o trattano materiali combustibili in quantit\u00e0 significative (aventi un valore nominale del carico d\u2019incendio specifico q<sub>f<\/sub> &gt; 900 MJ\/m<sup>2<\/sup>);<\/li>\n<li>ove non si detengono o trattano sostanze o miscele pericolose in quantit\u00e0 significative;<\/li>\n<li>ove non si effettuano lavorazioni pericolose ai fini dell\u2019incendio.<\/li>\n<\/ol>\n<p>&nbsp;<\/p>\n<p><strong>Informazioni, programma e iscrizione al nuovo corso <\/strong><\/p>\n<p>Il corso di 8 ore in presenza \u201c<strong>La valutazione del rischio incendio nelle attivit\u00e0 a rischio basso. Scenari e campi di applicazione<\/strong>\u201d si svolger\u00e0 il <strong>31 gennaio 2023 <\/strong>\u2013 dalle 8.30 alle 13.00 e dalle 14.00 alle 17.30 &#8211; a Brescia presso la sede di AiFOS Service in Via Branze, 45, c\/o CSMT, Universit\u00e0 degli studi di Brescia.<\/p>\n<p>&nbsp;<\/p>\n<p>Il <strong>percorso didattico<\/strong> \u00e8 costituito da una parte giuridica di introduzione con riferimenti normativi ed operativi richiesti dalla normativa antincendio e da una seconda parte riguardante tecnica comprensiva di una esercitazione tipo per la predisposizione del piano di emergenza aziendale e di una valutazione rischio incendio base.<\/p>\n<p>&nbsp;<\/p>\n<p>Questi i principali <strong>argomenti del corso<\/strong>:<\/p>\n<ul>\n<li>Lgs. n. 81\/2008 e s.m.i., D.M. 3 agosto 2015, DM 1-2-3 settembre 2021, D.P.R. n\u00b0 151\/2011, ecc.<\/li>\n<li>Definizione del contesto e campo di applicazione;<\/li>\n<li>Identificazione degli scenari di pericolo incendio e la loro valutazione;<\/li>\n<li>Stima delle conseguenze, con l\u2019obiettivo di stimare il rischio, ridurlo e renderlo accettabile;<\/li>\n<li>Differenza tra soluzioni conformi, alternative e in deroga;<\/li>\n<li>La salvaguardia della vita con la progettazione prestazionale;<\/li>\n<li>Esercitazioni pratiche e principali \u201cerrori\u201d commessi dai consulenti;<\/li>\n<li>l\u2019impiego dei prodotti per uso antincendio e il loro monitoraggio;<\/li>\n<li>L\u2019ingegneria della sicurezza antincendio FSE (cenni);<\/li>\n<li>Operativit\u00e0 antincendio;<\/li>\n<li>Le planimetrie di emergenza.<\/li>\n<\/ul>\n<p>&nbsp;<\/p>\n<p>Il corso \u00e8 valido come <strong>8 ore<\/strong> <strong>di aggiornamento<\/strong> per RSPP\/ASPP, coordinatori alla sicurezza, formatori qualificati seconda area tematica, HSE (area tecnica in materia di sicurezza sul lavoro), Consulenti AiFOS (ambito sicurezza sul lavoro).<\/p>\n<p>&nbsp;<\/p>\n<p>Per avere ulteriori dettagli sul corso e iscriversi, \u00e8 possibile utilizzare questo link: <a href=\"https:\/\/aifos.org\/home\/formazione\/corsi\/corsi-in-programma\/corsi-in-programma\/la_valutazione_del_rischio_incendio_nelle_attivita_a_rischio_basso\">https:\/\/aifos.org\/home\/formazione\/corsi\/corsi-in-programma\/corsi-in-programma\/la_valutazione_del_rischio_incendio_nelle_attivita_a_rischio_basso<\/a><\/p>\n<p>&nbsp;<\/p>\n<p>Per informazioni e iscrizioni:<\/p>\n<p><strong>Sede nazionale AiFOS<\/strong> &#8211; via Branze, 45 &#8211; 25123 Brescia c\/o CSMT, Universit\u00e0 degli Studi di Brescia &#8211; tel.030.6595035 &#8211; fax 030.6595040 <a href=\"http:\/\/www.aifos.it\">www.aifos.it<\/a> &#8211; <a href=\"mailto:formarsi@aifos.it\">formarsi@aifos.it<\/a><\/p>\n<p><em>\u00a0<\/em><\/p>\n<p><em>07 dicembre 2022<\/em><\/p>\n<p><em>\u00a0<\/em><\/p>\n<p>&nbsp;<\/p>\n<p>Ufficio Stampa di AiFOS<\/p>\n<p>ufficiostampa@aifos.it<\/p>\n<p>http:\/\/www.aifos.it\/<\/p>\n<p><em>\u00a0<\/em><\/p>\n","protected":false},"excerpt":{"rendered":"<p>Comunicato Stampa La valutazione del rischio incendio nelle attivit\u00e0 a basso rischio Un corso in presenza a Brescia il 31 gennaio 2023 si soffermer\u00e0 sulle regole per l\u2019applicazione delle nuove norme di prevenzione incendi e sulla predisposizione della valutazione del rischio incendio per le attivit\u00e0 a rischio basso. &nbsp; L\u2019entrata in vigore nei mesi scorsi di tre decreti ministeriali emanati nel mese di settembre del 2021 \u2013 decreto 1 settembre<\/p>\n<p><a class=\"continue-reading\" href=\"https:\/\/www.article-marketing.eu\/comunicatistampa\/la-valutazione-del-rischio-incendio-nelle-attivita-a-basso-rischio\/\">Continue reading&#8230;<\/a><\/p>\n","protected":false},"author":881,"featured_media":0,"comment_status":"open","ping_status":"open","sticky":false,"template":"","format":"standard","meta":{"_monsterinsights_skip_tracking":false,"_monsterinsights_sitenote_active":false,"_monsterinsights_sitenote_note":"","_monsterinsights_sitenote_category":0,"footnotes":""},"categories":[78,379,378,394],"tags":[3301,3235,8528,10316,10317,10318,10319,10321,10320,10322,193,10315,10324,1538,10323],"class_list":["post-25692","post","type-post","status-publish","format-standard","hentry","category-comunicati-stampa","category-corsi","category-istruzione","category-servizi","tag-aifos","tag-brescia","tag-corso-in-presenza","tag-decreto-1-settembre-2021","tag-decreto-2-settembre-2021","tag-decreto-3-settembre-2021","tag-decreto-controlli","tag-decreto-gsa","tag-decreto-minicodice","tag-decreto-ministeriale-10-marzo-1998","tag-formazione","tag-la-valutazione-del-rischio-incendio-nelle-attivita-a-rischio-basso-scenari-e-campi-di-applicazione","tag-luoghi-di-lavoro-a-basso-rischio-di-incendio","tag-sicurezza-sul-lavoro","tag-valutazione-dei-rischi-di-incendio"],"yoast_head":"<!-- This site is optimized with the Yoast SEO plugin v27.3 - https:\/\/yoast.com\/product\/yoast-seo-wordpress\/ -->\n<title>La valutazione del rischio incendio nelle attivit\u00e0 a basso rischio<\/title>\n<meta name=\"robots\" content=\"index, follow, max-snippet:-1, max-image-preview:large, max-video-preview:-1\" \/>\n<link rel=\"canonical\" href=\"https:\/\/www.article-marketing.eu\/comunicatistampa\/la-valutazione-del-rischio-incendio-nelle-attivita-a-basso-rischio\/\" \/>\n<meta property=\"og:locale\" content=\"it_IT\" \/>\n<meta property=\"og:type\" content=\"article\" \/>\n<meta property=\"og:title\" content=\"La valutazione del rischio incendio nelle attivit\u00e0 a basso rischio\" \/>\n<meta property=\"og:description\" content=\"Comunicato Stampa La valutazione del rischio incendio nelle attivit\u00e0 a basso rischio Un corso in presenza a Brescia il 31 gennaio 2023 si soffermer\u00e0 sulle regole per l\u2019applicazione delle nuove norme di prevenzione incendi e sulla predisposizione della valutazione del rischio incendio per le attivit\u00e0 a rischio basso. &nbsp; L\u2019entrata in vigore nei mesi scorsi di tre decreti ministeriali emanati nel mese di settembre del 2021 \u2013 decreto 1 settembreContinue reading...\" \/>\n<meta property=\"og:url\" content=\"https:\/\/www.article-marketing.eu\/comunicatistampa\/la-valutazione-del-rischio-incendio-nelle-attivita-a-basso-rischio\/\" \/>\n<meta property=\"og:site_name\" content=\"Article Marketing\" \/>\n<meta property=\"article:published_time\" content=\"2022-12-23T06:32:48+00:00\" \/>\n<meta name=\"author\" content=\"AIFUS\" \/>\n<meta name=\"twitter:card\" content=\"summary_large_image\" \/>\n<meta name=\"twitter:label1\" content=\"Scritto da\" \/>\n\t<meta name=\"twitter:data1\" content=\"AIFUS\" \/>\n\t<meta name=\"twitter:label2\" content=\"Tempo di lettura stimato\" \/>\n\t<meta name=\"twitter:data2\" content=\"5 minuti\" \/>\n<script type=\"application\/ld+json\" class=\"yoast-schema-graph\">{\"@context\":\"https:\\\/\\\/schema.org\",\"@graph\":[{\"@type\":\"Article\",\"@id\":\"https:\\\/\\\/www.article-marketing.eu\\\/comunicatistampa\\\/la-valutazione-del-rischio-incendio-nelle-attivita-a-basso-rischio\\\/#article\",\"isPartOf\":{\"@id\":\"https:\\\/\\\/www.article-marketing.eu\\\/comunicatistampa\\\/la-valutazione-del-rischio-incendio-nelle-attivita-a-basso-rischio\\\/\"},\"author\":{\"name\":\"AIFUS\",\"@id\":\"https:\\\/\\\/www.article-marketing.eu\\\/comunicatistampa\\\/#\\\/schema\\\/person\\\/d1985c4955ff71a05f49d68e3034b3cd\"},\"headline\":\"La valutazione del rischio incendio nelle attivit\u00e0 a basso rischio\",\"datePublished\":\"2022-12-23T06:32:48+00:00\",\"mainEntityOfPage\":{\"@id\":\"https:\\\/\\\/www.article-marketing.eu\\\/comunicatistampa\\\/la-valutazione-del-rischio-incendio-nelle-attivita-a-basso-rischio\\\/\"},\"wordCount\":954,\"commentCount\":0,\"keywords\":[\"Aifos\",\"Brescia\",\"corso in presenza\",\"decreto 1 settembre 2021\",\"decreto 2 settembre 2021\",\"decreto 3 settembre 2021\",\"decreto Controlli\",\"decreto GSA\",\"decreto Minicodice\",\"Decreto Ministeriale 10 marzo 1998\",\"formazione\",\"La valutazione del rischio incendio nelle attivit\u00e0 a rischio basso. Scenari e campi di applicazione\",\"luoghi di lavoro a basso rischio di incendio\",\"sicurezza sul lavoro\",\"valutazione dei rischi di incendio\"],\"articleSection\":[\"Comunicati stampa\",\"Corsi\",\"Istruzione\",\"Servizi\"],\"inLanguage\":\"it-IT\",\"potentialAction\":[{\"@type\":\"CommentAction\",\"name\":\"Comment\",\"target\":[\"https:\\\/\\\/www.article-marketing.eu\\\/comunicatistampa\\\/la-valutazione-del-rischio-incendio-nelle-attivita-a-basso-rischio\\\/#respond\"]}]},{\"@type\":\"WebPage\",\"@id\":\"https:\\\/\\\/www.article-marketing.eu\\\/comunicatistampa\\\/la-valutazione-del-rischio-incendio-nelle-attivita-a-basso-rischio\\\/\",\"url\":\"https:\\\/\\\/www.article-marketing.eu\\\/comunicatistampa\\\/la-valutazione-del-rischio-incendio-nelle-attivita-a-basso-rischio\\\/\",\"name\":\"La valutazione del rischio incendio nelle attivit\u00e0 a basso rischio\",\"isPartOf\":{\"@id\":\"https:\\\/\\\/www.article-marketing.eu\\\/comunicatistampa\\\/#website\"},\"datePublished\":\"2022-12-23T06:32:48+00:00\",\"author\":{\"@id\":\"https:\\\/\\\/www.article-marketing.eu\\\/comunicatistampa\\\/#\\\/schema\\\/person\\\/d1985c4955ff71a05f49d68e3034b3cd\"},\"breadcrumb\":{\"@id\":\"https:\\\/\\\/www.article-marketing.eu\\\/comunicatistampa\\\/la-valutazione-del-rischio-incendio-nelle-attivita-a-basso-rischio\\\/#breadcrumb\"},\"inLanguage\":\"it-IT\",\"potentialAction\":[{\"@type\":\"ReadAction\",\"target\":[\"https:\\\/\\\/www.article-marketing.eu\\\/comunicatistampa\\\/la-valutazione-del-rischio-incendio-nelle-attivita-a-basso-rischio\\\/\"]}]},{\"@type\":\"BreadcrumbList\",\"@id\":\"https:\\\/\\\/www.article-marketing.eu\\\/comunicatistampa\\\/la-valutazione-del-rischio-incendio-nelle-attivita-a-basso-rischio\\\/#breadcrumb\",\"itemListElement\":[{\"@type\":\"ListItem\",\"position\":1,\"name\":\"Home\",\"item\":\"https:\\\/\\\/www.article-marketing.eu\\\/comunicatistampa\\\/\"},{\"@type\":\"ListItem\",\"position\":2,\"name\":\"La valutazione del rischio incendio nelle attivit\u00e0 a basso rischio\"}]},{\"@type\":\"WebSite\",\"@id\":\"https:\\\/\\\/www.article-marketing.eu\\\/comunicatistampa\\\/#website\",\"url\":\"https:\\\/\\\/www.article-marketing.eu\\\/comunicatistampa\\\/\",\"name\":\"Article Marketing\",\"description\":\"article marketing &amp; press release\",\"potentialAction\":[{\"@type\":\"SearchAction\",\"target\":{\"@type\":\"EntryPoint\",\"urlTemplate\":\"https:\\\/\\\/www.article-marketing.eu\\\/comunicatistampa\\\/?s={search_term_string}\"},\"query-input\":{\"@type\":\"PropertyValueSpecification\",\"valueRequired\":true,\"valueName\":\"search_term_string\"}}],\"inLanguage\":\"it-IT\"},{\"@type\":\"Person\",\"@id\":\"https:\\\/\\\/www.article-marketing.eu\\\/comunicatistampa\\\/#\\\/schema\\\/person\\\/d1985c4955ff71a05f49d68e3034b3cd\",\"name\":\"AIFUS\",\"image\":{\"@type\":\"ImageObject\",\"inLanguage\":\"it-IT\",\"@id\":\"https:\\\/\\\/secure.gravatar.com\\\/avatar\\\/05cf2a2ba057667571308b94c84f00ff48766ffac95710a87491a9b3ddcee484?s=96&d=mm&r=g\",\"url\":\"https:\\\/\\\/secure.gravatar.com\\\/avatar\\\/05cf2a2ba057667571308b94c84f00ff48766ffac95710a87491a9b3ddcee484?s=96&d=mm&r=g\",\"contentUrl\":\"https:\\\/\\\/secure.gravatar.com\\\/avatar\\\/05cf2a2ba057667571308b94c84f00ff48766ffac95710a87491a9b3ddcee484?s=96&d=mm&r=g\",\"caption\":\"AIFUS\"},\"url\":\"https:\\\/\\\/www.article-marketing.eu\\\/comunicatistampa\\\/author\\\/aifus\\\/\"}]}<\/script>\n<!-- \/ Yoast SEO plugin. -->","yoast_head_json":{"title":"La valutazione del rischio incendio nelle attivit\u00e0 a basso rischio","robots":{"index":"index","follow":"follow","max-snippet":"max-snippet:-1","max-image-preview":"max-image-preview:large","max-video-preview":"max-video-preview:-1"},"canonical":"https:\/\/www.article-marketing.eu\/comunicatistampa\/la-valutazione-del-rischio-incendio-nelle-attivita-a-basso-rischio\/","og_locale":"it_IT","og_type":"article","og_title":"La valutazione del rischio incendio nelle attivit\u00e0 a basso rischio","og_description":"Comunicato Stampa La valutazione del rischio incendio nelle attivit\u00e0 a basso rischio Un corso in presenza a Brescia il 31 gennaio 2023 si soffermer\u00e0 sulle regole per l\u2019applicazione delle nuove norme di prevenzione incendi e sulla predisposizione della valutazione del rischio incendio per le attivit\u00e0 a rischio basso. &nbsp; L\u2019entrata in vigore nei mesi scorsi di tre decreti ministeriali emanati nel mese di settembre del 2021 \u2013 decreto 1 settembreContinue reading...","og_url":"https:\/\/www.article-marketing.eu\/comunicatistampa\/la-valutazione-del-rischio-incendio-nelle-attivita-a-basso-rischio\/","og_site_name":"Article Marketing","article_published_time":"2022-12-23T06:32:48+00:00","author":"AIFUS","twitter_card":"summary_large_image","twitter_misc":{"Scritto da":"AIFUS","Tempo di lettura stimato":"5 minuti"},"schema":{"@context":"https:\/\/schema.org","@graph":[{"@type":"Article","@id":"https:\/\/www.article-marketing.eu\/comunicatistampa\/la-valutazione-del-rischio-incendio-nelle-attivita-a-basso-rischio\/#article","isPartOf":{"@id":"https:\/\/www.article-marketing.eu\/comunicatistampa\/la-valutazione-del-rischio-incendio-nelle-attivita-a-basso-rischio\/"},"author":{"name":"AIFUS","@id":"https:\/\/www.article-marketing.eu\/comunicatistampa\/#\/schema\/person\/d1985c4955ff71a05f49d68e3034b3cd"},"headline":"La valutazione del rischio incendio nelle attivit\u00e0 a basso rischio","datePublished":"2022-12-23T06:32:48+00:00","mainEntityOfPage":{"@id":"https:\/\/www.article-marketing.eu\/comunicatistampa\/la-valutazione-del-rischio-incendio-nelle-attivita-a-basso-rischio\/"},"wordCount":954,"commentCount":0,"keywords":["Aifos","Brescia","corso in presenza","decreto 1 settembre 2021","decreto 2 settembre 2021","decreto 3 settembre 2021","decreto Controlli","decreto GSA","decreto Minicodice","Decreto Ministeriale 10 marzo 1998","formazione","La valutazione del rischio incendio nelle attivit\u00e0 a rischio basso. Scenari e campi di applicazione","luoghi di lavoro a basso rischio di incendio","sicurezza sul lavoro","valutazione dei rischi di incendio"],"articleSection":["Comunicati stampa","Corsi","Istruzione","Servizi"],"inLanguage":"it-IT","potentialAction":[{"@type":"CommentAction","name":"Comment","target":["https:\/\/www.article-marketing.eu\/comunicatistampa\/la-valutazione-del-rischio-incendio-nelle-attivita-a-basso-rischio\/#respond"]}]},{"@type":"WebPage","@id":"https:\/\/www.article-marketing.eu\/comunicatistampa\/la-valutazione-del-rischio-incendio-nelle-attivita-a-basso-rischio\/","url":"https:\/\/www.article-marketing.eu\/comunicatistampa\/la-valutazione-del-rischio-incendio-nelle-attivita-a-basso-rischio\/","name":"La valutazione del rischio incendio nelle attivit\u00e0 a basso rischio","isPartOf":{"@id":"https:\/\/www.article-marketing.eu\/comunicatistampa\/#website"},"datePublished":"2022-12-23T06:32:48+00:00","author":{"@id":"https:\/\/www.article-marketing.eu\/comunicatistampa\/#\/schema\/person\/d1985c4955ff71a05f49d68e3034b3cd"},"breadcrumb":{"@id":"https:\/\/www.article-marketing.eu\/comunicatistampa\/la-valutazione-del-rischio-incendio-nelle-attivita-a-basso-rischio\/#breadcrumb"},"inLanguage":"it-IT","potentialAction":[{"@type":"ReadAction","target":["https:\/\/www.article-marketing.eu\/comunicatistampa\/la-valutazione-del-rischio-incendio-nelle-attivita-a-basso-rischio\/"]}]},{"@type":"BreadcrumbList","@id":"https:\/\/www.article-marketing.eu\/comunicatistampa\/la-valutazione-del-rischio-incendio-nelle-attivita-a-basso-rischio\/#breadcrumb","itemListElement":[{"@type":"ListItem","position":1,"name":"Home","item":"https:\/\/www.article-marketing.eu\/comunicatistampa\/"},{"@type":"ListItem","position":2,"name":"La valutazione del rischio incendio nelle attivit\u00e0 a basso rischio"}]},{"@type":"WebSite","@id":"https:\/\/www.article-marketing.eu\/comunicatistampa\/#website","url":"https:\/\/www.article-marketing.eu\/comunicatistampa\/","name":"Article Marketing","description":"article marketing &amp; press release","potentialAction":[{"@type":"SearchAction","target":{"@type":"EntryPoint","urlTemplate":"https:\/\/www.article-marketing.eu\/comunicatistampa\/?s={search_term_string}"},"query-input":{"@type":"PropertyValueSpecification","valueRequired":true,"valueName":"search_term_string"}}],"inLanguage":"it-IT"},{"@type":"Person","@id":"https:\/\/www.article-marketing.eu\/comunicatistampa\/#\/schema\/person\/d1985c4955ff71a05f49d68e3034b3cd","name":"AIFUS","image":{"@type":"ImageObject","inLanguage":"it-IT","@id":"https:\/\/secure.gravatar.com\/avatar\/05cf2a2ba057667571308b94c84f00ff48766ffac95710a87491a9b3ddcee484?s=96&d=mm&r=g","url":"https:\/\/secure.gravatar.com\/avatar\/05cf2a2ba057667571308b94c84f00ff48766ffac95710a87491a9b3ddcee484?s=96&d=mm&r=g","contentUrl":"https:\/\/secure.gravatar.com\/avatar\/05cf2a2ba057667571308b94c84f00ff48766ffac95710a87491a9b3ddcee484?s=96&d=mm&r=g","caption":"AIFUS"},"url":"https:\/\/www.article-marketing.eu\/comunicatistampa\/author\/aifus\/"}]}},"_links":{"self":[{"href":"https:\/\/www.article-marketing.eu\/comunicatistampa\/wp-json\/wp\/v2\/posts\/25692","targetHints":{"allow":["GET"]}}],"collection":[{"href":"https:\/\/www.article-marketing.eu\/comunicatistampa\/wp-json\/wp\/v2\/posts"}],"about":[{"href":"https:\/\/www.article-marketing.eu\/comunicatistampa\/wp-json\/wp\/v2\/types\/post"}],"author":[{"embeddable":true,"href":"https:\/\/www.article-marketing.eu\/comunicatistampa\/wp-json\/wp\/v2\/users\/881"}],"replies":[{"embeddable":true,"href":"https:\/\/www.article-marketing.eu\/comunicatistampa\/wp-json\/wp\/v2\/comments?post=25692"}],"version-history":[{"count":2,"href":"https:\/\/www.article-marketing.eu\/comunicatistampa\/wp-json\/wp\/v2\/posts\/25692\/revisions"}],"predecessor-version":[{"id":25794,"href":"https:\/\/www.article-marketing.eu\/comunicatistampa\/wp-json\/wp\/v2\/posts\/25692\/revisions\/25794"}],"wp:attachment":[{"href":"https:\/\/www.article-marketing.eu\/comunicatistampa\/wp-json\/wp\/v2\/media?parent=25692"}],"wp:term":[{"taxonomy":"category","embeddable":true,"href":"https:\/\/www.article-marketing.eu\/comunicatistampa\/wp-json\/wp\/v2\/categories?post=25692"},{"taxonomy":"post_tag","embeddable":true,"href":"https:\/\/www.article-marketing.eu\/comunicatistampa\/wp-json\/wp\/v2\/tags?post=25692"}],"curies":[{"name":"wp","href":"https:\/\/api.w.org\/{rel}","templated":true}]}}