{"id":25706,"date":"2022-12-14T17:57:33","date_gmt":"2022-12-14T16:57:33","guid":{"rendered":"https:\/\/www.article-marketing.eu\/comunicatistampa\/?p=25706"},"modified":"2022-12-14T17:57:33","modified_gmt":"2022-12-14T16:57:33","slug":"milano-e-stata-inaugurata-m4-la-linea-blu","status":"publish","type":"post","link":"https:\/\/www.article-marketing.eu\/comunicatistampa\/milano-e-stata-inaugurata-m4-la-linea-blu\/","title":{"rendered":"Milano, \u00e8 stata inaugurata M4, la linea blu"},"content":{"rendered":"<p><img loading=\"lazy\" decoding=\"async\" class=\"aligncenter\" src=\"https:\/\/images.pexels.com\/photos\/302428\/pexels-photo-302428.jpeg?auto=compress&amp;cs=tinysrgb&amp;w=1260&amp;h=750&amp;dpr=1\" alt=\"\" width=\"1068\" height=\"711\" \/><\/p>\n<p>\u00c8 stata inaugurata sabato 26 Novembre la nuova linea della metropolitana di Milano. La <strong>M4<\/strong> che collega l&#8217;aeroporto di Linate con la stazione di San Cristoforo.<\/p>\n<p>Al momento sono state aperte sei fermate, ovvero <em>Linate Aeroporto<\/em>, <em>Repetti<\/em>, <em>Stazione Forlanini<\/em>, <em>Argonne<\/em>, <em>Susa<\/em> e <em>Dateo<\/em>.<\/p>\n<p>Nel corso dei prossimi mesi saranno via via aperte tutte le altre fermate, inclusa <em>San Babila<\/em>, fino ad arrivare all&#8217;altro capolinea pi\u00f9 a Sud Ovest.<\/p>\n<p>L&#8217;apertura dell&#8217;intera linea <strong>\u00e8 prevista per il 2024<\/strong>. Dunque quello che \u00e8 stato inaugurato al momento \u00e8 soltanto il primo tratto, considerando anche i ritardi che hanno caratterizzato i lavori.<\/p>\n<p>Per questo motivo entro la fine del 2023 \u00e8 previsto che la linea blu arrivi fino a <em>San Babila<\/em>, laddove si incrocia la linea rossa <strong>M1<\/strong> ed \u00e8 possibile cambiare treno per aggiungere altre destinazioni.<\/p>\n<p>La <strong>M4<\/strong> \u00e8 una metropolitana leggera senza conducente, sebbene conservi caratteristiche di una classica, anche se gli standard tecnologici sono pi\u00f9 elevati.<\/p>\n<p>\u00c8 presente anche un <strong>sistema intelligente di controllo del traffico<\/strong> grazie al quale ai passeggeri viene garantito un livello di standard di sicurezza pi\u00f9 alto.<\/p>\n<p>Ad esempio, le porte delle carrozze andranno ad aprirsi soltanto quando i treni saranno fermi alle varie stazioni, impedendo cos\u00ec che possano esserci cadute o qualsiasi tipo di infortunio.<\/p>\n<p>Quando l&#8217;intera linea sar\u00e0 fruibile, parliamo dunque dell&#8217;autunno del 2024, sanno in tutto 21 le stazioni che contraddistingueranno questa nuova linea.<\/p>\n<p>Come gi\u00e0 detto essa si incrocer\u00e0 con la <strong>M1<\/strong> a <em>San Babila<\/em>, con la <strong>M3<\/strong> alla fermata di <em>Sforza Policlinico<\/em> e con la <strong>M2<\/strong> alla fermata di <em>S. Ambrogio<\/em>.<\/p>\n<p>&nbsp;<\/p>\n<h2>\u00c8 possibile raggiungere il centro di Milano da Linate con la M4?<\/h2>\n<p>Al momento purtroppo, dalla nuova fermata <em>Linate Aeroporto<\/em> non \u00e8 possibile raggiungere il centro di Milano con la linea <strong>M4<\/strong>.<\/p>\n<p>L&#8217;ultima fermata utile al momento \u00e8 infatti quella di <em>Dateo<\/em>, e siamo dunque a circa 2,5 km dalla zona del <strong>Duomo di Milano<\/strong> per intenderci.<\/p>\n<p>In quel caso eventualmente \u00e8 possibile completare il proprio tragitto facendo una corsa di taxi o al momento adoperare direttamente un servizio di <span style=\"color: #0000ff;\"><a style=\"color: #0000ff;\" href=\"https:\/\/www.ncc.milano.it\/ncc-aeroporto-linate\">NCC Linate<\/a><\/span>.<\/p>\n<p>&nbsp;<\/p>\n<h2>Quanto impiegher\u00e0 la M4 ad attraversare la citt\u00e0?<\/h2>\n<p>Quella dei tempi \u00e8 proprio una delle sfide che interessa la nuova M4 di Milano, la cosiddetta <em>Linea Blu<\/em>.<\/p>\n<p>Il progetto prevede infatti che la metro sar\u00e0 in grado di <strong>attraversare in soli 30 minuti la citt\u00e0<\/strong> andando dalla zona Est (dunque l&#8217;aeroporto di Linate) a quella Ovest (il capolinea di San Cristoforo).<\/p>\n<p>Davvero un progetto imponente dunque, e dei tempi di percorrenza veramente rapidi considerando che si attraversa l&#8217;intero centro storico partendo dall&#8217;aeroporto.<\/p>\n<p>La cittadinanza non vede per questo l&#8217;ora di poter sfruttare per intero la nuova linea, e per il momento i milanesi si accontentano di poter utilizzare le prime 6 fermate considerando che la prossima apertura fino a <em>Piazza San Babila<\/em> rappresenter\u00e0 una importante opportunit\u00e0 per la mobilit\u00e0, considerando che qui sar\u00e0 possibile passare sulla linea rossa e dunque raggiungere la propria destinazione da un&#8217;altra parte in citt\u00e0.<\/p>\n","protected":false},"excerpt":{"rendered":"<p>\u00c8 stata inaugurata sabato 26 Novembre la nuova linea della metropolitana di Milano. La M4 che collega l&#8217;aeroporto di Linate con la stazione di San Cristoforo. Al momento sono state aperte sei fermate, ovvero Linate Aeroporto, Repetti, Stazione Forlanini, Argonne, Susa e Dateo. Nel corso dei prossimi mesi saranno via via aperte tutte le altre fermate, inclusa San Babila, fino ad arrivare all&#8217;altro capolinea pi\u00f9 a Sud Ovest. L&#8217;apertura dell&#8217;intera<\/p>\n<p><a class=\"continue-reading\" href=\"https:\/\/www.article-marketing.eu\/comunicatistampa\/milano-e-stata-inaugurata-m4-la-linea-blu\/\">Continue reading&#8230;<\/a><\/p>\n","protected":false},"author":6045,"featured_media":0,"comment_status":"open","ping_status":"open","sticky":false,"template":"","format":"standard","meta":{"_monsterinsights_skip_tracking":false,"_monsterinsights_sitenote_active":false,"_monsterinsights_sitenote_note":"","_monsterinsights_sitenote_category":0,"footnotes":""},"categories":[394],"tags":[],"class_list":["post-25706","post","type-post","status-publish","format-standard","hentry","category-servizi"],"yoast_head":"<!-- This site is optimized with the Yoast SEO plugin v27.3 - https:\/\/yoast.com\/product\/yoast-seo-wordpress\/ -->\n<title>Milano, \u00e8 stata inaugurata M4, la linea blu - Article Marketing<\/title>\n<meta name=\"description\" content=\"\u00c8 stata inaugurata la nuova M4 di Milano, la linea che collegher\u00e0 l&#039;aeroporto di Linate con la zona a Sud Ovest della citt\u00e0.\" \/>\n<meta name=\"robots\" content=\"index, follow, max-snippet:-1, max-image-preview:large, max-video-preview:-1\" \/>\n<link rel=\"canonical\" href=\"https:\/\/www.article-marketing.eu\/comunicatistampa\/milano-e-stata-inaugurata-m4-la-linea-blu\/\" \/>\n<meta property=\"og:locale\" content=\"it_IT\" \/>\n<meta property=\"og:type\" content=\"article\" \/>\n<meta property=\"og:title\" content=\"Milano, \u00e8 stata inaugurata M4, la linea blu - Article Marketing\" \/>\n<meta property=\"og:description\" content=\"\u00c8 stata inaugurata la nuova M4 di Milano, la linea che collegher\u00e0 l&#039;aeroporto di Linate con la zona a Sud Ovest della citt\u00e0.\" \/>\n<meta property=\"og:url\" content=\"https:\/\/www.article-marketing.eu\/comunicatistampa\/milano-e-stata-inaugurata-m4-la-linea-blu\/\" \/>\n<meta property=\"og:site_name\" content=\"Article Marketing\" \/>\n<meta property=\"article:published_time\" content=\"2022-12-14T16:57:33+00:00\" \/>\n<meta property=\"og:image\" content=\"https:\/\/images.pexels.com\/photos\/302428\/pexels-photo-302428.jpeg?auto=compress&amp;cs=tinysrgb&amp;w=1260&amp;h=750&amp;dpr=1\" \/>\n<meta name=\"author\" content=\"choku\" \/>\n<meta name=\"twitter:card\" content=\"summary_large_image\" \/>\n<meta name=\"twitter:label1\" content=\"Scritto da\" \/>\n\t<meta name=\"twitter:data1\" content=\"choku\" \/>\n\t<meta name=\"twitter:label2\" content=\"Tempo di lettura stimato\" \/>\n\t<meta name=\"twitter:data2\" content=\"3 minuti\" \/>\n<script type=\"application\/ld+json\" class=\"yoast-schema-graph\">{\"@context\":\"https:\\\/\\\/schema.org\",\"@graph\":[{\"@type\":\"Article\",\"@id\":\"https:\\\/\\\/www.article-marketing.eu\\\/comunicatistampa\\\/milano-e-stata-inaugurata-m4-la-linea-blu\\\/#article\",\"isPartOf\":{\"@id\":\"https:\\\/\\\/www.article-marketing.eu\\\/comunicatistampa\\\/milano-e-stata-inaugurata-m4-la-linea-blu\\\/\"},\"author\":{\"name\":\"choku\",\"@id\":\"https:\\\/\\\/www.article-marketing.eu\\\/comunicatistampa\\\/#\\\/schema\\\/person\\\/66014a94dd443c88d1b7965dfa35b9ab\"},\"headline\":\"Milano, \u00e8 stata inaugurata M4, la linea blu\",\"datePublished\":\"2022-12-14T16:57:33+00:00\",\"mainEntityOfPage\":{\"@id\":\"https:\\\/\\\/www.article-marketing.eu\\\/comunicatistampa\\\/milano-e-stata-inaugurata-m4-la-linea-blu\\\/\"},\"wordCount\":478,\"commentCount\":0,\"image\":{\"@id\":\"https:\\\/\\\/www.article-marketing.eu\\\/comunicatistampa\\\/milano-e-stata-inaugurata-m4-la-linea-blu\\\/#primaryimage\"},\"thumbnailUrl\":\"https:\\\/\\\/images.pexels.com\\\/photos\\\/302428\\\/pexels-photo-302428.jpeg?auto=compress&amp;cs=tinysrgb&amp;w=1260&amp;h=750&amp;dpr=1\",\"articleSection\":[\"Servizi\"],\"inLanguage\":\"it-IT\",\"potentialAction\":[{\"@type\":\"CommentAction\",\"name\":\"Comment\",\"target\":[\"https:\\\/\\\/www.article-marketing.eu\\\/comunicatistampa\\\/milano-e-stata-inaugurata-m4-la-linea-blu\\\/#respond\"]}]},{\"@type\":\"WebPage\",\"@id\":\"https:\\\/\\\/www.article-marketing.eu\\\/comunicatistampa\\\/milano-e-stata-inaugurata-m4-la-linea-blu\\\/\",\"url\":\"https:\\\/\\\/www.article-marketing.eu\\\/comunicatistampa\\\/milano-e-stata-inaugurata-m4-la-linea-blu\\\/\",\"name\":\"Milano, \u00e8 stata inaugurata M4, la linea blu - Article Marketing\",\"isPartOf\":{\"@id\":\"https:\\\/\\\/www.article-marketing.eu\\\/comunicatistampa\\\/#website\"},\"primaryImageOfPage\":{\"@id\":\"https:\\\/\\\/www.article-marketing.eu\\\/comunicatistampa\\\/milano-e-stata-inaugurata-m4-la-linea-blu\\\/#primaryimage\"},\"image\":{\"@id\":\"https:\\\/\\\/www.article-marketing.eu\\\/comunicatistampa\\\/milano-e-stata-inaugurata-m4-la-linea-blu\\\/#primaryimage\"},\"thumbnailUrl\":\"https:\\\/\\\/images.pexels.com\\\/photos\\\/302428\\\/pexels-photo-302428.jpeg?auto=compress&amp;cs=tinysrgb&amp;w=1260&amp;h=750&amp;dpr=1\",\"datePublished\":\"2022-12-14T16:57:33+00:00\",\"author\":{\"@id\":\"https:\\\/\\\/www.article-marketing.eu\\\/comunicatistampa\\\/#\\\/schema\\\/person\\\/66014a94dd443c88d1b7965dfa35b9ab\"},\"description\":\"\u00c8 stata inaugurata la nuova M4 di Milano, la linea che collegher\u00e0 l'aeroporto di Linate con la zona a Sud Ovest della citt\u00e0.\",\"breadcrumb\":{\"@id\":\"https:\\\/\\\/www.article-marketing.eu\\\/comunicatistampa\\\/milano-e-stata-inaugurata-m4-la-linea-blu\\\/#breadcrumb\"},\"inLanguage\":\"it-IT\",\"potentialAction\":[{\"@type\":\"ReadAction\",\"target\":[\"https:\\\/\\\/www.article-marketing.eu\\\/comunicatistampa\\\/milano-e-stata-inaugurata-m4-la-linea-blu\\\/\"]}]},{\"@type\":\"ImageObject\",\"inLanguage\":\"it-IT\",\"@id\":\"https:\\\/\\\/www.article-marketing.eu\\\/comunicatistampa\\\/milano-e-stata-inaugurata-m4-la-linea-blu\\\/#primaryimage\",\"url\":\"https:\\\/\\\/images.pexels.com\\\/photos\\\/302428\\\/pexels-photo-302428.jpeg?auto=compress&amp;cs=tinysrgb&amp;w=1260&amp;h=750&amp;dpr=1\",\"contentUrl\":\"https:\\\/\\\/images.pexels.com\\\/photos\\\/302428\\\/pexels-photo-302428.jpeg?auto=compress&amp;cs=tinysrgb&amp;w=1260&amp;h=750&amp;dpr=1\"},{\"@type\":\"BreadcrumbList\",\"@id\":\"https:\\\/\\\/www.article-marketing.eu\\\/comunicatistampa\\\/milano-e-stata-inaugurata-m4-la-linea-blu\\\/#breadcrumb\",\"itemListElement\":[{\"@type\":\"ListItem\",\"position\":1,\"name\":\"Home\",\"item\":\"https:\\\/\\\/www.article-marketing.eu\\\/comunicatistampa\\\/\"},{\"@type\":\"ListItem\",\"position\":2,\"name\":\"Milano, \u00e8 stata inaugurata M4, la linea blu\"}]},{\"@type\":\"WebSite\",\"@id\":\"https:\\\/\\\/www.article-marketing.eu\\\/comunicatistampa\\\/#website\",\"url\":\"https:\\\/\\\/www.article-marketing.eu\\\/comunicatistampa\\\/\",\"name\":\"Article Marketing\",\"description\":\"article marketing &amp; press release\",\"potentialAction\":[{\"@type\":\"SearchAction\",\"target\":{\"@type\":\"EntryPoint\",\"urlTemplate\":\"https:\\\/\\\/www.article-marketing.eu\\\/comunicatistampa\\\/?s={search_term_string}\"},\"query-input\":{\"@type\":\"PropertyValueSpecification\",\"valueRequired\":true,\"valueName\":\"search_term_string\"}}],\"inLanguage\":\"it-IT\"},{\"@type\":\"Person\",\"@id\":\"https:\\\/\\\/www.article-marketing.eu\\\/comunicatistampa\\\/#\\\/schema\\\/person\\\/66014a94dd443c88d1b7965dfa35b9ab\",\"name\":\"choku\",\"image\":{\"@type\":\"ImageObject\",\"inLanguage\":\"it-IT\",\"@id\":\"https:\\\/\\\/secure.gravatar.com\\\/avatar\\\/4640bd84e9ff9ff692894d564910fbeb6594dbd45e1eb088aa1f2e88d8b3d043?s=96&d=mm&r=g\",\"url\":\"https:\\\/\\\/secure.gravatar.com\\\/avatar\\\/4640bd84e9ff9ff692894d564910fbeb6594dbd45e1eb088aa1f2e88d8b3d043?s=96&d=mm&r=g\",\"contentUrl\":\"https:\\\/\\\/secure.gravatar.com\\\/avatar\\\/4640bd84e9ff9ff692894d564910fbeb6594dbd45e1eb088aa1f2e88d8b3d043?s=96&d=mm&r=g\",\"caption\":\"choku\"},\"url\":\"https:\\\/\\\/www.article-marketing.eu\\\/comunicatistampa\\\/author\\\/choku\\\/\"}]}<\/script>\n<!-- \/ Yoast SEO plugin. -->","yoast_head_json":{"title":"Milano, \u00e8 stata inaugurata M4, la linea blu - Article Marketing","description":"\u00c8 stata inaugurata la nuova M4 di Milano, la linea che collegher\u00e0 l'aeroporto di Linate con la zona a Sud Ovest della citt\u00e0.","robots":{"index":"index","follow":"follow","max-snippet":"max-snippet:-1","max-image-preview":"max-image-preview:large","max-video-preview":"max-video-preview:-1"},"canonical":"https:\/\/www.article-marketing.eu\/comunicatistampa\/milano-e-stata-inaugurata-m4-la-linea-blu\/","og_locale":"it_IT","og_type":"article","og_title":"Milano, \u00e8 stata inaugurata M4, la linea blu - Article Marketing","og_description":"\u00c8 stata inaugurata la nuova M4 di Milano, la linea che collegher\u00e0 l'aeroporto di Linate con la zona a Sud Ovest della citt\u00e0.","og_url":"https:\/\/www.article-marketing.eu\/comunicatistampa\/milano-e-stata-inaugurata-m4-la-linea-blu\/","og_site_name":"Article Marketing","article_published_time":"2022-12-14T16:57:33+00:00","og_image":[{"url":"https:\/\/images.pexels.com\/photos\/302428\/pexels-photo-302428.jpeg?auto=compress&amp;cs=tinysrgb&amp;w=1260&amp;h=750&amp;dpr=1","type":"","width":"","height":""}],"author":"choku","twitter_card":"summary_large_image","twitter_misc":{"Scritto da":"choku","Tempo di lettura stimato":"3 minuti"},"schema":{"@context":"https:\/\/schema.org","@graph":[{"@type":"Article","@id":"https:\/\/www.article-marketing.eu\/comunicatistampa\/milano-e-stata-inaugurata-m4-la-linea-blu\/#article","isPartOf":{"@id":"https:\/\/www.article-marketing.eu\/comunicatistampa\/milano-e-stata-inaugurata-m4-la-linea-blu\/"},"author":{"name":"choku","@id":"https:\/\/www.article-marketing.eu\/comunicatistampa\/#\/schema\/person\/66014a94dd443c88d1b7965dfa35b9ab"},"headline":"Milano, \u00e8 stata inaugurata M4, la linea blu","datePublished":"2022-12-14T16:57:33+00:00","mainEntityOfPage":{"@id":"https:\/\/www.article-marketing.eu\/comunicatistampa\/milano-e-stata-inaugurata-m4-la-linea-blu\/"},"wordCount":478,"commentCount":0,"image":{"@id":"https:\/\/www.article-marketing.eu\/comunicatistampa\/milano-e-stata-inaugurata-m4-la-linea-blu\/#primaryimage"},"thumbnailUrl":"https:\/\/images.pexels.com\/photos\/302428\/pexels-photo-302428.jpeg?auto=compress&amp;cs=tinysrgb&amp;w=1260&amp;h=750&amp;dpr=1","articleSection":["Servizi"],"inLanguage":"it-IT","potentialAction":[{"@type":"CommentAction","name":"Comment","target":["https:\/\/www.article-marketing.eu\/comunicatistampa\/milano-e-stata-inaugurata-m4-la-linea-blu\/#respond"]}]},{"@type":"WebPage","@id":"https:\/\/www.article-marketing.eu\/comunicatistampa\/milano-e-stata-inaugurata-m4-la-linea-blu\/","url":"https:\/\/www.article-marketing.eu\/comunicatistampa\/milano-e-stata-inaugurata-m4-la-linea-blu\/","name":"Milano, \u00e8 stata inaugurata M4, la linea blu - Article Marketing","isPartOf":{"@id":"https:\/\/www.article-marketing.eu\/comunicatistampa\/#website"},"primaryImageOfPage":{"@id":"https:\/\/www.article-marketing.eu\/comunicatistampa\/milano-e-stata-inaugurata-m4-la-linea-blu\/#primaryimage"},"image":{"@id":"https:\/\/www.article-marketing.eu\/comunicatistampa\/milano-e-stata-inaugurata-m4-la-linea-blu\/#primaryimage"},"thumbnailUrl":"https:\/\/images.pexels.com\/photos\/302428\/pexels-photo-302428.jpeg?auto=compress&amp;cs=tinysrgb&amp;w=1260&amp;h=750&amp;dpr=1","datePublished":"2022-12-14T16:57:33+00:00","author":{"@id":"https:\/\/www.article-marketing.eu\/comunicatistampa\/#\/schema\/person\/66014a94dd443c88d1b7965dfa35b9ab"},"description":"\u00c8 stata inaugurata la nuova M4 di Milano, la linea che collegher\u00e0 l'aeroporto di Linate con la zona a Sud Ovest della citt\u00e0.","breadcrumb":{"@id":"https:\/\/www.article-marketing.eu\/comunicatistampa\/milano-e-stata-inaugurata-m4-la-linea-blu\/#breadcrumb"},"inLanguage":"it-IT","potentialAction":[{"@type":"ReadAction","target":["https:\/\/www.article-marketing.eu\/comunicatistampa\/milano-e-stata-inaugurata-m4-la-linea-blu\/"]}]},{"@type":"ImageObject","inLanguage":"it-IT","@id":"https:\/\/www.article-marketing.eu\/comunicatistampa\/milano-e-stata-inaugurata-m4-la-linea-blu\/#primaryimage","url":"https:\/\/images.pexels.com\/photos\/302428\/pexels-photo-302428.jpeg?auto=compress&amp;cs=tinysrgb&amp;w=1260&amp;h=750&amp;dpr=1","contentUrl":"https:\/\/images.pexels.com\/photos\/302428\/pexels-photo-302428.jpeg?auto=compress&amp;cs=tinysrgb&amp;w=1260&amp;h=750&amp;dpr=1"},{"@type":"BreadcrumbList","@id":"https:\/\/www.article-marketing.eu\/comunicatistampa\/milano-e-stata-inaugurata-m4-la-linea-blu\/#breadcrumb","itemListElement":[{"@type":"ListItem","position":1,"name":"Home","item":"https:\/\/www.article-marketing.eu\/comunicatistampa\/"},{"@type":"ListItem","position":2,"name":"Milano, \u00e8 stata inaugurata M4, la linea blu"}]},{"@type":"WebSite","@id":"https:\/\/www.article-marketing.eu\/comunicatistampa\/#website","url":"https:\/\/www.article-marketing.eu\/comunicatistampa\/","name":"Article Marketing","description":"article marketing &amp; press release","potentialAction":[{"@type":"SearchAction","target":{"@type":"EntryPoint","urlTemplate":"https:\/\/www.article-marketing.eu\/comunicatistampa\/?s={search_term_string}"},"query-input":{"@type":"PropertyValueSpecification","valueRequired":true,"valueName":"search_term_string"}}],"inLanguage":"it-IT"},{"@type":"Person","@id":"https:\/\/www.article-marketing.eu\/comunicatistampa\/#\/schema\/person\/66014a94dd443c88d1b7965dfa35b9ab","name":"choku","image":{"@type":"ImageObject","inLanguage":"it-IT","@id":"https:\/\/secure.gravatar.com\/avatar\/4640bd84e9ff9ff692894d564910fbeb6594dbd45e1eb088aa1f2e88d8b3d043?s=96&d=mm&r=g","url":"https:\/\/secure.gravatar.com\/avatar\/4640bd84e9ff9ff692894d564910fbeb6594dbd45e1eb088aa1f2e88d8b3d043?s=96&d=mm&r=g","contentUrl":"https:\/\/secure.gravatar.com\/avatar\/4640bd84e9ff9ff692894d564910fbeb6594dbd45e1eb088aa1f2e88d8b3d043?s=96&d=mm&r=g","caption":"choku"},"url":"https:\/\/www.article-marketing.eu\/comunicatistampa\/author\/choku\/"}]}},"_links":{"self":[{"href":"https:\/\/www.article-marketing.eu\/comunicatistampa\/wp-json\/wp\/v2\/posts\/25706","targetHints":{"allow":["GET"]}}],"collection":[{"href":"https:\/\/www.article-marketing.eu\/comunicatistampa\/wp-json\/wp\/v2\/posts"}],"about":[{"href":"https:\/\/www.article-marketing.eu\/comunicatistampa\/wp-json\/wp\/v2\/types\/post"}],"author":[{"embeddable":true,"href":"https:\/\/www.article-marketing.eu\/comunicatistampa\/wp-json\/wp\/v2\/users\/6045"}],"replies":[{"embeddable":true,"href":"https:\/\/www.article-marketing.eu\/comunicatistampa\/wp-json\/wp\/v2\/comments?post=25706"}],"version-history":[{"count":4,"href":"https:\/\/www.article-marketing.eu\/comunicatistampa\/wp-json\/wp\/v2\/posts\/25706\/revisions"}],"predecessor-version":[{"id":25731,"href":"https:\/\/www.article-marketing.eu\/comunicatistampa\/wp-json\/wp\/v2\/posts\/25706\/revisions\/25731"}],"wp:attachment":[{"href":"https:\/\/www.article-marketing.eu\/comunicatistampa\/wp-json\/wp\/v2\/media?parent=25706"}],"wp:term":[{"taxonomy":"category","embeddable":true,"href":"https:\/\/www.article-marketing.eu\/comunicatistampa\/wp-json\/wp\/v2\/categories?post=25706"},{"taxonomy":"post_tag","embeddable":true,"href":"https:\/\/www.article-marketing.eu\/comunicatistampa\/wp-json\/wp\/v2\/tags?post=25706"}],"curies":[{"name":"wp","href":"https:\/\/api.w.org\/{rel}","templated":true}]}}