{"id":25832,"date":"2022-12-18T13:42:23","date_gmt":"2022-12-18T12:42:23","guid":{"rendered":"https:\/\/www.article-marketing.eu\/comunicatistampa\/?p=25832"},"modified":"2022-12-18T13:42:23","modified_gmt":"2022-12-18T12:42:23","slug":"lisa-p-maledettisimo-natale","status":"publish","type":"post","link":"https:\/\/www.article-marketing.eu\/comunicatistampa\/lisa-p-maledettisimo-natale\/","title":{"rendered":"Lisa P &#8211; Maledettisimo Natale"},"content":{"rendered":"<p style=\"text-align: center;\"><strong>Il nuovo singolo della cantautrice<\/strong><\/p>\n<p><img loading=\"lazy\" decoding=\"async\" class=\"aligncenter\" src=\"https:\/\/www.joyfreepress.com\/wp-content\/uploads\/2022\/12\/Cover-Lisa-P.jpg\" width=\"414\" height=\"414\" \/><\/p>\n<p>Il Natale ci fa sentire ancora pi\u00f9 intensamente l\u2019assenza delle persone che amiamo. Ci fa pensare ai ti voglio bene che avremmo voluto dire e non abbiamo detto. A volte tornare indietro \u00e8 impossibile e resta solo il calore dei ricordi. A volte, invece, si pu\u00f2. E questa \u00e8 un\u2019opportunit\u00e0 che non va sprecata.<\/p>\n<p>Il singolo far\u00e0 parte di un nuovo lavoro discografico che uscir\u00e0 nel corso del 2023. La produzione artistica porta la firma di Marco Rinalduzzi, tra i pi\u00f9 importanti chitarristi italiani, per anni al fianco di artisti del calibro di Lucio Dalla, Zucchero, Sting e Mina.<\/p>\n<p><a href=\"https:\/\/www.youtube.com\/watch?v=zXj9xNvlgHg\">ASCOLTO BRANO<\/a><\/p>\n<p>Lisa P. \u00e8 Lisa Pratic\u00f2, interprete e cantautrice. Originaria di Praia a Mare, in Calabria, vive tutta la vita tra Roma e Milano. Studia canto jazz presso il Saint Louis College of Music e canto moderno presso la Melody Music School di Roma con i vocal coach Fabrizio Palma, Silvia Aprile e Francesco Di Nicola. Parallelamente studia recitazione presso il corso STAP del Brancaccio con Daniele Monterosi.<br \/>\nA 14 anni inizia ad esibirsi e, autodidatta nello studio della chitarra classica, comincia a comporre i primi brani. A 18 anni si trasferisce a Roma dove si laurea in economia a \u201cLa Sapienza\u201d. Dopo diverse collaborazioni musicali, dal 2009 inizia quella con Giovanni Risitano, nella Capitale per lavorare all\u2019ultimo disco di Antonello Venditti (\u00e8 compositore del brano \u201cUnica\u201d). Con lui tiene concerti in diversi club delle principali citt\u00e0 italiane.<br \/>\nNel 2012 fonda la band Lisa P. Live Band e lavora con musicisti noti della Capitale come Daniele Leucci, batterista (Mannarino, Alex Britti, Tozzi), Jacopo Carlini, pianista (Giorgia, Ultimo, Festival di Sanremo) e tanti altri.<br \/>\nCon il brano \u201cPer un pugno d\u2019amore\u201d, che racconta la violenza sulle donne attraverso gli occhi delle vittime, riceve condivisione e apprezzamento da parte di artisti del mondo della tv e dell\u2019intrattenimento (Jenny De Nucci, Maria Chiara Giannetta, Aurora Ruffino\u2026)<br \/>\n\u00c8 semifinalista al Festival di Castrocaro con il brano \u201cDove sei\u201d, di cui \u00e8 autrice, e semifinalista ad Area Sanremo con il brano \u201cRoma di Notte\u201d, di cui \u00e8 autrice insieme a Piji Siciliani.<\/p>\n<p>Contatti e social<br \/>\n<a href=\"https:\/\/www.lisapofficial.com\/\">https:\/\/www.lisapofficial.com\/<\/a><br \/>\nFacebook: @LisaP.cantante<br \/>\nInstagram: lisapvoice<br \/>\nTwitter: @lisapratico<br \/>\nYouTube Channel: Lisa P.<\/p>\n","protected":false},"excerpt":{"rendered":"<p>Il nuovo singolo della cantautrice Il Natale ci fa sentire ancora pi\u00f9 intensamente l\u2019assenza delle persone che amiamo. Ci fa pensare ai ti voglio bene che avremmo voluto dire e non abbiamo detto. A volte tornare indietro \u00e8 impossibile e resta solo il calore dei ricordi. A volte, invece, si pu\u00f2. E questa \u00e8 un\u2019opportunit\u00e0 che non va sprecata. Il singolo far\u00e0 parte di un nuovo lavoro discografico che uscir\u00e0<\/p>\n<p><a class=\"continue-reading\" href=\"https:\/\/www.article-marketing.eu\/comunicatistampa\/lisa-p-maledettisimo-natale\/\">Continue reading&#8230;<\/a><\/p>\n","protected":false},"author":1680,"featured_media":0,"comment_status":"open","ping_status":"open","sticky":false,"template":"","format":"standard","meta":{"_monsterinsights_skip_tracking":false,"_monsterinsights_sitenote_active":false,"_monsterinsights_sitenote_note":"","_monsterinsights_sitenote_category":0,"footnotes":""},"categories":[411],"tags":[10333,3051,4172,3522],"class_list":["post-25832","post","type-post","status-publish","format-standard","hentry","category-musica","tag-lisa-p","tag-natale","tag-news","tag-singolo"],"yoast_head":"<!-- This site is optimized with the Yoast SEO plugin v27.3 - https:\/\/yoast.com\/product\/yoast-seo-wordpress\/ -->\n<title>Lisa P - Maledettisimo Natale - Article Marketing<\/title>\n<meta name=\"robots\" content=\"index, follow, max-snippet:-1, max-image-preview:large, max-video-preview:-1\" \/>\n<link rel=\"canonical\" href=\"https:\/\/www.article-marketing.eu\/comunicatistampa\/lisa-p-maledettisimo-natale\/\" \/>\n<meta property=\"og:locale\" content=\"it_IT\" \/>\n<meta property=\"og:type\" content=\"article\" \/>\n<meta property=\"og:title\" content=\"Lisa P - Maledettisimo Natale - Article Marketing\" \/>\n<meta property=\"og:description\" content=\"Il nuovo singolo della cantautrice Il Natale ci fa sentire ancora pi\u00f9 intensamente l\u2019assenza delle persone che amiamo. Ci fa pensare ai ti voglio bene che avremmo voluto dire e non abbiamo detto. A volte tornare indietro \u00e8 impossibile e resta solo il calore dei ricordi. A volte, invece, si pu\u00f2. E questa \u00e8 un\u2019opportunit\u00e0 che non va sprecata. Il singolo far\u00e0 parte di un nuovo lavoro discografico che uscir\u00e0Continue reading...\" \/>\n<meta property=\"og:url\" content=\"https:\/\/www.article-marketing.eu\/comunicatistampa\/lisa-p-maledettisimo-natale\/\" \/>\n<meta property=\"og:site_name\" content=\"Article Marketing\" \/>\n<meta property=\"article:published_time\" content=\"2022-12-18T12:42:23+00:00\" \/>\n<meta property=\"og:image\" content=\"https:\/\/www.joyfreepress.com\/wp-content\/uploads\/2022\/12\/Cover-Lisa-P.jpg\" \/>\n<meta name=\"author\" content=\"Micro961\" \/>\n<meta name=\"twitter:card\" content=\"summary_large_image\" \/>\n<meta name=\"twitter:label1\" content=\"Scritto da\" \/>\n\t<meta name=\"twitter:data1\" content=\"Micro961\" \/>\n\t<meta name=\"twitter:label2\" content=\"Tempo di lettura stimato\" \/>\n\t<meta name=\"twitter:data2\" content=\"3 minuti\" \/>\n<script type=\"application\/ld+json\" class=\"yoast-schema-graph\">{\"@context\":\"https:\\\/\\\/schema.org\",\"@graph\":[{\"@type\":\"Article\",\"@id\":\"https:\\\/\\\/www.article-marketing.eu\\\/comunicatistampa\\\/lisa-p-maledettisimo-natale\\\/#article\",\"isPartOf\":{\"@id\":\"https:\\\/\\\/www.article-marketing.eu\\\/comunicatistampa\\\/lisa-p-maledettisimo-natale\\\/\"},\"author\":{\"name\":\"Micro961\",\"@id\":\"https:\\\/\\\/www.article-marketing.eu\\\/comunicatistampa\\\/#\\\/schema\\\/person\\\/9beeb909be59832a9bcbec84cb3786f5\"},\"headline\":\"Lisa P &#8211; Maledettisimo Natale\",\"datePublished\":\"2022-12-18T12:42:23+00:00\",\"mainEntityOfPage\":{\"@id\":\"https:\\\/\\\/www.article-marketing.eu\\\/comunicatistampa\\\/lisa-p-maledettisimo-natale\\\/\"},\"wordCount\":368,\"commentCount\":0,\"image\":{\"@id\":\"https:\\\/\\\/www.article-marketing.eu\\\/comunicatistampa\\\/lisa-p-maledettisimo-natale\\\/#primaryimage\"},\"thumbnailUrl\":\"https:\\\/\\\/www.joyfreepress.com\\\/wp-content\\\/uploads\\\/2022\\\/12\\\/Cover-Lisa-P.jpg\",\"keywords\":[\"Lisa P\",\"Natale\",\"News\",\"Singolo\"],\"articleSection\":[\"Musica\"],\"inLanguage\":\"it-IT\",\"potentialAction\":[{\"@type\":\"CommentAction\",\"name\":\"Comment\",\"target\":[\"https:\\\/\\\/www.article-marketing.eu\\\/comunicatistampa\\\/lisa-p-maledettisimo-natale\\\/#respond\"]}]},{\"@type\":\"WebPage\",\"@id\":\"https:\\\/\\\/www.article-marketing.eu\\\/comunicatistampa\\\/lisa-p-maledettisimo-natale\\\/\",\"url\":\"https:\\\/\\\/www.article-marketing.eu\\\/comunicatistampa\\\/lisa-p-maledettisimo-natale\\\/\",\"name\":\"Lisa P - Maledettisimo Natale - Article Marketing\",\"isPartOf\":{\"@id\":\"https:\\\/\\\/www.article-marketing.eu\\\/comunicatistampa\\\/#website\"},\"primaryImageOfPage\":{\"@id\":\"https:\\\/\\\/www.article-marketing.eu\\\/comunicatistampa\\\/lisa-p-maledettisimo-natale\\\/#primaryimage\"},\"image\":{\"@id\":\"https:\\\/\\\/www.article-marketing.eu\\\/comunicatistampa\\\/lisa-p-maledettisimo-natale\\\/#primaryimage\"},\"thumbnailUrl\":\"https:\\\/\\\/www.joyfreepress.com\\\/wp-content\\\/uploads\\\/2022\\\/12\\\/Cover-Lisa-P.jpg\",\"datePublished\":\"2022-12-18T12:42:23+00:00\",\"author\":{\"@id\":\"https:\\\/\\\/www.article-marketing.eu\\\/comunicatistampa\\\/#\\\/schema\\\/person\\\/9beeb909be59832a9bcbec84cb3786f5\"},\"breadcrumb\":{\"@id\":\"https:\\\/\\\/www.article-marketing.eu\\\/comunicatistampa\\\/lisa-p-maledettisimo-natale\\\/#breadcrumb\"},\"inLanguage\":\"it-IT\",\"potentialAction\":[{\"@type\":\"ReadAction\",\"target\":[\"https:\\\/\\\/www.article-marketing.eu\\\/comunicatistampa\\\/lisa-p-maledettisimo-natale\\\/\"]}]},{\"@type\":\"ImageObject\",\"inLanguage\":\"it-IT\",\"@id\":\"https:\\\/\\\/www.article-marketing.eu\\\/comunicatistampa\\\/lisa-p-maledettisimo-natale\\\/#primaryimage\",\"url\":\"https:\\\/\\\/www.joyfreepress.com\\\/wp-content\\\/uploads\\\/2022\\\/12\\\/Cover-Lisa-P.jpg\",\"contentUrl\":\"https:\\\/\\\/www.joyfreepress.com\\\/wp-content\\\/uploads\\\/2022\\\/12\\\/Cover-Lisa-P.jpg\"},{\"@type\":\"BreadcrumbList\",\"@id\":\"https:\\\/\\\/www.article-marketing.eu\\\/comunicatistampa\\\/lisa-p-maledettisimo-natale\\\/#breadcrumb\",\"itemListElement\":[{\"@type\":\"ListItem\",\"position\":1,\"name\":\"Home\",\"item\":\"https:\\\/\\\/www.article-marketing.eu\\\/comunicatistampa\\\/\"},{\"@type\":\"ListItem\",\"position\":2,\"name\":\"Lisa P &#8211; Maledettisimo Natale\"}]},{\"@type\":\"WebSite\",\"@id\":\"https:\\\/\\\/www.article-marketing.eu\\\/comunicatistampa\\\/#website\",\"url\":\"https:\\\/\\\/www.article-marketing.eu\\\/comunicatistampa\\\/\",\"name\":\"Article Marketing\",\"description\":\"article marketing &amp; press release\",\"potentialAction\":[{\"@type\":\"SearchAction\",\"target\":{\"@type\":\"EntryPoint\",\"urlTemplate\":\"https:\\\/\\\/www.article-marketing.eu\\\/comunicatistampa\\\/?s={search_term_string}\"},\"query-input\":{\"@type\":\"PropertyValueSpecification\",\"valueRequired\":true,\"valueName\":\"search_term_string\"}}],\"inLanguage\":\"it-IT\"},{\"@type\":\"Person\",\"@id\":\"https:\\\/\\\/www.article-marketing.eu\\\/comunicatistampa\\\/#\\\/schema\\\/person\\\/9beeb909be59832a9bcbec84cb3786f5\",\"name\":\"Micro961\",\"image\":{\"@type\":\"ImageObject\",\"inLanguage\":\"it-IT\",\"@id\":\"https:\\\/\\\/secure.gravatar.com\\\/avatar\\\/cd6f5864b85cc3687c05b2965bb186afcd70a2a89789a156c92a4f1d66e87827?s=96&d=mm&r=g\",\"url\":\"https:\\\/\\\/secure.gravatar.com\\\/avatar\\\/cd6f5864b85cc3687c05b2965bb186afcd70a2a89789a156c92a4f1d66e87827?s=96&d=mm&r=g\",\"contentUrl\":\"https:\\\/\\\/secure.gravatar.com\\\/avatar\\\/cd6f5864b85cc3687c05b2965bb186afcd70a2a89789a156c92a4f1d66e87827?s=96&d=mm&r=g\",\"caption\":\"Micro961\"},\"url\":\"https:\\\/\\\/www.article-marketing.eu\\\/comunicatistampa\\\/author\\\/micro961\\\/\"}]}<\/script>\n<!-- \/ Yoast SEO plugin. -->","yoast_head_json":{"title":"Lisa P - Maledettisimo Natale - Article Marketing","robots":{"index":"index","follow":"follow","max-snippet":"max-snippet:-1","max-image-preview":"max-image-preview:large","max-video-preview":"max-video-preview:-1"},"canonical":"https:\/\/www.article-marketing.eu\/comunicatistampa\/lisa-p-maledettisimo-natale\/","og_locale":"it_IT","og_type":"article","og_title":"Lisa P - Maledettisimo Natale - Article Marketing","og_description":"Il nuovo singolo della cantautrice Il Natale ci fa sentire ancora pi\u00f9 intensamente l\u2019assenza delle persone che amiamo. Ci fa pensare ai ti voglio bene che avremmo voluto dire e non abbiamo detto. A volte tornare indietro \u00e8 impossibile e resta solo il calore dei ricordi. A volte, invece, si pu\u00f2. E questa \u00e8 un\u2019opportunit\u00e0 che non va sprecata. Il singolo far\u00e0 parte di un nuovo lavoro discografico che uscir\u00e0Continue reading...","og_url":"https:\/\/www.article-marketing.eu\/comunicatistampa\/lisa-p-maledettisimo-natale\/","og_site_name":"Article Marketing","article_published_time":"2022-12-18T12:42:23+00:00","og_image":[{"url":"https:\/\/www.joyfreepress.com\/wp-content\/uploads\/2022\/12\/Cover-Lisa-P.jpg","type":"","width":"","height":""}],"author":"Micro961","twitter_card":"summary_large_image","twitter_misc":{"Scritto da":"Micro961","Tempo di lettura stimato":"3 minuti"},"schema":{"@context":"https:\/\/schema.org","@graph":[{"@type":"Article","@id":"https:\/\/www.article-marketing.eu\/comunicatistampa\/lisa-p-maledettisimo-natale\/#article","isPartOf":{"@id":"https:\/\/www.article-marketing.eu\/comunicatistampa\/lisa-p-maledettisimo-natale\/"},"author":{"name":"Micro961","@id":"https:\/\/www.article-marketing.eu\/comunicatistampa\/#\/schema\/person\/9beeb909be59832a9bcbec84cb3786f5"},"headline":"Lisa P &#8211; Maledettisimo Natale","datePublished":"2022-12-18T12:42:23+00:00","mainEntityOfPage":{"@id":"https:\/\/www.article-marketing.eu\/comunicatistampa\/lisa-p-maledettisimo-natale\/"},"wordCount":368,"commentCount":0,"image":{"@id":"https:\/\/www.article-marketing.eu\/comunicatistampa\/lisa-p-maledettisimo-natale\/#primaryimage"},"thumbnailUrl":"https:\/\/www.joyfreepress.com\/wp-content\/uploads\/2022\/12\/Cover-Lisa-P.jpg","keywords":["Lisa P","Natale","News","Singolo"],"articleSection":["Musica"],"inLanguage":"it-IT","potentialAction":[{"@type":"CommentAction","name":"Comment","target":["https:\/\/www.article-marketing.eu\/comunicatistampa\/lisa-p-maledettisimo-natale\/#respond"]}]},{"@type":"WebPage","@id":"https:\/\/www.article-marketing.eu\/comunicatistampa\/lisa-p-maledettisimo-natale\/","url":"https:\/\/www.article-marketing.eu\/comunicatistampa\/lisa-p-maledettisimo-natale\/","name":"Lisa P - Maledettisimo Natale - Article Marketing","isPartOf":{"@id":"https:\/\/www.article-marketing.eu\/comunicatistampa\/#website"},"primaryImageOfPage":{"@id":"https:\/\/www.article-marketing.eu\/comunicatistampa\/lisa-p-maledettisimo-natale\/#primaryimage"},"image":{"@id":"https:\/\/www.article-marketing.eu\/comunicatistampa\/lisa-p-maledettisimo-natale\/#primaryimage"},"thumbnailUrl":"https:\/\/www.joyfreepress.com\/wp-content\/uploads\/2022\/12\/Cover-Lisa-P.jpg","datePublished":"2022-12-18T12:42:23+00:00","author":{"@id":"https:\/\/www.article-marketing.eu\/comunicatistampa\/#\/schema\/person\/9beeb909be59832a9bcbec84cb3786f5"},"breadcrumb":{"@id":"https:\/\/www.article-marketing.eu\/comunicatistampa\/lisa-p-maledettisimo-natale\/#breadcrumb"},"inLanguage":"it-IT","potentialAction":[{"@type":"ReadAction","target":["https:\/\/www.article-marketing.eu\/comunicatistampa\/lisa-p-maledettisimo-natale\/"]}]},{"@type":"ImageObject","inLanguage":"it-IT","@id":"https:\/\/www.article-marketing.eu\/comunicatistampa\/lisa-p-maledettisimo-natale\/#primaryimage","url":"https:\/\/www.joyfreepress.com\/wp-content\/uploads\/2022\/12\/Cover-Lisa-P.jpg","contentUrl":"https:\/\/www.joyfreepress.com\/wp-content\/uploads\/2022\/12\/Cover-Lisa-P.jpg"},{"@type":"BreadcrumbList","@id":"https:\/\/www.article-marketing.eu\/comunicatistampa\/lisa-p-maledettisimo-natale\/#breadcrumb","itemListElement":[{"@type":"ListItem","position":1,"name":"Home","item":"https:\/\/www.article-marketing.eu\/comunicatistampa\/"},{"@type":"ListItem","position":2,"name":"Lisa P &#8211; Maledettisimo Natale"}]},{"@type":"WebSite","@id":"https:\/\/www.article-marketing.eu\/comunicatistampa\/#website","url":"https:\/\/www.article-marketing.eu\/comunicatistampa\/","name":"Article Marketing","description":"article marketing &amp; press release","potentialAction":[{"@type":"SearchAction","target":{"@type":"EntryPoint","urlTemplate":"https:\/\/www.article-marketing.eu\/comunicatistampa\/?s={search_term_string}"},"query-input":{"@type":"PropertyValueSpecification","valueRequired":true,"valueName":"search_term_string"}}],"inLanguage":"it-IT"},{"@type":"Person","@id":"https:\/\/www.article-marketing.eu\/comunicatistampa\/#\/schema\/person\/9beeb909be59832a9bcbec84cb3786f5","name":"Micro961","image":{"@type":"ImageObject","inLanguage":"it-IT","@id":"https:\/\/secure.gravatar.com\/avatar\/cd6f5864b85cc3687c05b2965bb186afcd70a2a89789a156c92a4f1d66e87827?s=96&d=mm&r=g","url":"https:\/\/secure.gravatar.com\/avatar\/cd6f5864b85cc3687c05b2965bb186afcd70a2a89789a156c92a4f1d66e87827?s=96&d=mm&r=g","contentUrl":"https:\/\/secure.gravatar.com\/avatar\/cd6f5864b85cc3687c05b2965bb186afcd70a2a89789a156c92a4f1d66e87827?s=96&d=mm&r=g","caption":"Micro961"},"url":"https:\/\/www.article-marketing.eu\/comunicatistampa\/author\/micro961\/"}]}},"_links":{"self":[{"href":"https:\/\/www.article-marketing.eu\/comunicatistampa\/wp-json\/wp\/v2\/posts\/25832","targetHints":{"allow":["GET"]}}],"collection":[{"href":"https:\/\/www.article-marketing.eu\/comunicatistampa\/wp-json\/wp\/v2\/posts"}],"about":[{"href":"https:\/\/www.article-marketing.eu\/comunicatistampa\/wp-json\/wp\/v2\/types\/post"}],"author":[{"embeddable":true,"href":"https:\/\/www.article-marketing.eu\/comunicatistampa\/wp-json\/wp\/v2\/users\/1680"}],"replies":[{"embeddable":true,"href":"https:\/\/www.article-marketing.eu\/comunicatistampa\/wp-json\/wp\/v2\/comments?post=25832"}],"version-history":[{"count":2,"href":"https:\/\/www.article-marketing.eu\/comunicatistampa\/wp-json\/wp\/v2\/posts\/25832\/revisions"}],"predecessor-version":[{"id":25843,"href":"https:\/\/www.article-marketing.eu\/comunicatistampa\/wp-json\/wp\/v2\/posts\/25832\/revisions\/25843"}],"wp:attachment":[{"href":"https:\/\/www.article-marketing.eu\/comunicatistampa\/wp-json\/wp\/v2\/media?parent=25832"}],"wp:term":[{"taxonomy":"category","embeddable":true,"href":"https:\/\/www.article-marketing.eu\/comunicatistampa\/wp-json\/wp\/v2\/categories?post=25832"},{"taxonomy":"post_tag","embeddable":true,"href":"https:\/\/www.article-marketing.eu\/comunicatistampa\/wp-json\/wp\/v2\/tags?post=25832"}],"curies":[{"name":"wp","href":"https:\/\/api.w.org\/{rel}","templated":true}]}}