{"id":25836,"date":"2022-12-18T13:40:39","date_gmt":"2022-12-18T12:40:39","guid":{"rendered":"https:\/\/www.article-marketing.eu\/comunicatistampa\/?p=25836"},"modified":"2022-12-18T13:40:39","modified_gmt":"2022-12-18T12:40:39","slug":"libri-la-saga-sul-popolo-messapico-rivive-in-eliade-gli-eredi-di-priamo-di-bruna-spagnuolo","status":"publish","type":"post","link":"https:\/\/www.article-marketing.eu\/comunicatistampa\/libri-la-saga-sul-popolo-messapico-rivive-in-eliade-gli-eredi-di-priamo-di-bruna-spagnuolo\/","title":{"rendered":"Libri, la saga sul Popolo Messapico rivive in Eliade (Gli eredi di Priamo) di Bruna Spagnuolo"},"content":{"rendered":"<p><img decoding=\"async\" class=\"alignleft\" src=\"https:\/\/blogger.googleusercontent.com\/img\/b\/R29vZ2xl\/AVvXsEgiv53CDn3i5ANarl_DjU9RDEFWhbY_zFmAfO0AP4KEUxyxNXb06o1a5dmmLS5ubQ5uzohCSvPZqTSV-6F4kIQDaz5VlwLCvGCO9yMGT8GClHVrse56yD7IImfc2Va-UTBkQ8EcW3jNTFxnGJ5iRdTM5RP3Qh_YFeFUOWw57243Th0w6JN_Jl3HqAm2eA\/s320\/Eliade.jpg\" alt=\"\" \/>\u00c8 uscito nelle librerie e nei bookstore online il romanzo &#8220;Eliade (Gli eredi di Priamo)&#8221; di Bruna Spagnuolo, il secondo e atteso volume della saga \u201cAngeli in ginocchio\u201d, imperniata sul recupero delle identit\u00e0 non tramandate. Il romanzo, pubblicato nella collana \u201cIdentit\u00e0 italiche\u201d, segue a distanza di un anno il volume Angela (Gli eredi dei Messapi).<\/p>\n<div>Per parlare ai lettori d\u2019oggi, Bruna Spagnuolo non sceglie il linguaggio freddo e asettico del saggio, ma quello pulsante di vita, evocativo e ricco di emozioni del romanzo storico dallo stile lirico araldo di una dignit\u00e0 linguistica da salvaguardare e tramandare. Sono le spore glottologiche a determinare i sopralluoghi dell\u2019autrice (dalla valle dell\u2019Indo, all\u2019Anatolia, alla Troade, alle rovine di Troia, alla Siritide di Policoro e alle valli del Sarmento e del Sinni) ma la ricerca si lascia sedurre dai sentieri imperscrutabili del mito e della narrativa letteraria lirica e avulsa da \u201cpresupponenze\u201d documentali di settore.<a name=\"more\"><\/a><br \/>\nEliade (Gli eredi di Priamo)<br \/>\nSembrava che tutto fosse stato detto sulla distruzione di Troia fino\u2026 all\u2019uscita di questo libro, che prende il via da un segreto sepolto nella vita di Priamo e da eventi incisi nelle ceneri di Troia e nella rosa dei venti di un viaggio epico.<\/div>\n<div>\n<p>Salvato da un eroe dalle misteriose implicazioni, Baletos, figlio di Brentos, figlio di Priamo, raggiunge la rada segreta delle navi gi\u00e0 pronte e prende il mare con i suoi figli, il giovane Egeo e il piccolo Cheones. Le insidie di una sosta avventurosa permettono soltanto ai figli di Baletos di giungere alle coste italiche, dove, intorno a tre sorgenti sacre, il popolo di Egeo fa prodigi mai veduti con materiali pregiati, terreni, coltivazioni e giardini e crea tradizioni-meraviglia, tra cui quella dell\u2019albero-calendario. Il fiume Siris, con il tempo, oscurer\u00e0 il nome della citt\u00e0, ma, prima, il principe Cheones parte con met\u00e0 del popolo di Egea, in cerca della patria perduta, seguito da Eliade, sua amata e suo alter ego, e da un dono con cui il re Egeo pone a dimora gli aghi laceranti delle vicende drammatiche in cui il principe schiavo Leuco \u00e8 punto di riferimento. Mentre parte del suo esercito naviga il Sarmento al contrario e il resto del popolo s\u2019inerpica verso i monti con animali da soma e clamore di armi e di voci, forze minacciose insidiano Cheones, per portargli via la sua amata. L\u2019incantesimo del fascino di Eliade, bella come una dea, permette l\u2019arrivo nella valle del grande Cubuk, il Sarmento, che Cheones elegge sua \u201cpatria\u201d ritrovata. I prodigi delle albanelle indicano i siti dei formicai umani dall\u2019indescrivibile vita operosa, teatro omerico di un amore epico scandito da tragici abissi esteriori e interiori e da guerre fatali tra le infedelt\u00e0 dell\u2019istinto e la fedelt\u00e0 del cuore. I tempi di riferimento non tolgono all\u2019amore tra Cheones ed Eliade nessuno dei respiri di attualit\u00e0 contenuti nelle grandi storie d\u2019amore di tutti i tempi, poich\u00e9 questo libro \u00e8, prima e al di sopra di tutto, una storia d\u2019amore cos\u00ec grande che il vento ancora la racconta e che trafigge il cielo con ogni grido libero del falco pellegrino\u2026Bruna Spagnuolo ha origini lucane. Collabora con molte riviste specializzate nazionali e internazionali. Vince il premio Romagna, nel 1985, ed esordisce con il suo primo libro di narrativa. Seguono molti premi e molte opere, che riecheggiano del fascino delle culture e dei popoli da lei conosciuti e amati nei suoi moltissimi lunghi soggiorni nelle pi\u00f9 sperdute latitudini del mondo. I suoi libri, molto recensiti e anche recitati, rubano all\u2019oblio personaggi indimenticabili, incastonandoli nell\u2019irrinunciabile identit\u00e0 delle culture di appartenenza. \u00c8 nella biblioteca del Quirinale.<\/p>\n<p><b>Info e contatti<\/b><\/p>\n<\/div>\n<div><a href=\"https:\/\/sosroots.it\/\">https:\/\/sosroots.it\/<br \/>\n<\/a><\/p>\n<div><\/div>\n<\/div>\n","protected":false},"excerpt":{"rendered":"<p>\u00c8 uscito nelle librerie e nei bookstore online il romanzo &#8220;Eliade (Gli eredi di Priamo)&#8221; di Bruna Spagnuolo, il secondo e atteso volume della saga \u201cAngeli in ginocchio\u201d, imperniata sul recupero delle identit\u00e0 non tramandate. Il romanzo, pubblicato nella collana \u201cIdentit\u00e0 italiche\u201d, segue a distanza di un anno il volume Angela (Gli eredi dei Messapi). Per parlare ai lettori d\u2019oggi, Bruna Spagnuolo non sceglie il linguaggio freddo e asettico del<\/p>\n<p><a class=\"continue-reading\" href=\"https:\/\/www.article-marketing.eu\/comunicatistampa\/libri-la-saga-sul-popolo-messapico-rivive-in-eliade-gli-eredi-di-priamo-di-bruna-spagnuolo\/\">Continue reading&#8230;<\/a><\/p>\n","protected":false},"author":920,"featured_media":0,"comment_status":"open","ping_status":"open","sticky":false,"template":"","format":"standard","meta":{"_monsterinsights_skip_tracking":false,"_monsterinsights_sitenote_active":false,"_monsterinsights_sitenote_note":"","_monsterinsights_sitenote_category":0,"footnotes":""},"categories":[410],"tags":[70,10334,10335,569,10336,3863],"class_list":["post-25836","post","type-post","status-publish","format-standard","hentry","category-libri","tag-basilicata","tag-bruna-spagnuolo","tag-eliade","tag-libri","tag-priamo","tag-romanzo"],"yoast_head":"<!-- This site is optimized with the Yoast SEO plugin v27.3 - https:\/\/yoast.com\/product\/yoast-seo-wordpress\/ -->\n<title>Libri, la saga sul Popolo Messapico rivive in Eliade (Gli eredi di Priamo) di Bruna Spagnuolo<\/title>\n<meta name=\"robots\" content=\"index, follow, max-snippet:-1, max-image-preview:large, max-video-preview:-1\" \/>\n<link rel=\"canonical\" href=\"https:\/\/www.article-marketing.eu\/comunicatistampa\/libri-la-saga-sul-popolo-messapico-rivive-in-eliade-gli-eredi-di-priamo-di-bruna-spagnuolo\/\" \/>\n<meta property=\"og:locale\" content=\"it_IT\" \/>\n<meta property=\"og:type\" content=\"article\" \/>\n<meta property=\"og:title\" content=\"Libri, la saga sul Popolo Messapico rivive in Eliade (Gli eredi di Priamo) di Bruna Spagnuolo\" \/>\n<meta property=\"og:description\" content=\"\u00c8 uscito nelle librerie e nei bookstore online il romanzo &#8220;Eliade (Gli eredi di Priamo)&#8221; di Bruna Spagnuolo, il secondo e atteso volume della saga \u201cAngeli in ginocchio\u201d, imperniata sul recupero delle identit\u00e0 non tramandate. Il romanzo, pubblicato nella collana \u201cIdentit\u00e0 italiche\u201d, segue a distanza di un anno il volume Angela (Gli eredi dei Messapi). Per parlare ai lettori d\u2019oggi, Bruna Spagnuolo non sceglie il linguaggio freddo e asettico delContinue reading...\" \/>\n<meta property=\"og:url\" content=\"https:\/\/www.article-marketing.eu\/comunicatistampa\/libri-la-saga-sul-popolo-messapico-rivive-in-eliade-gli-eredi-di-priamo-di-bruna-spagnuolo\/\" \/>\n<meta property=\"og:site_name\" content=\"Article Marketing\" \/>\n<meta property=\"article:published_time\" content=\"2022-12-18T12:40:39+00:00\" \/>\n<meta property=\"og:image\" content=\"https:\/\/blogger.googleusercontent.com\/img\/b\/R29vZ2xl\/AVvXsEgiv53CDn3i5ANarl_DjU9RDEFWhbY_zFmAfO0AP4KEUxyxNXb06o1a5dmmLS5ubQ5uzohCSvPZqTSV-6F4kIQDaz5VlwLCvGCO9yMGT8GClHVrse56yD7IImfc2Va-UTBkQ8EcW3jNTFxnGJ5iRdTM5RP3Qh_YFeFUOWw57243Th0w6JN_Jl3HqAm2eA\/s320\/Eliade.jpg\" \/>\n<meta name=\"author\" content=\"inpress\" \/>\n<meta name=\"twitter:card\" content=\"summary_large_image\" \/>\n<meta name=\"twitter:label1\" content=\"Scritto da\" \/>\n\t<meta name=\"twitter:data1\" content=\"inpress\" \/>\n\t<meta name=\"twitter:label2\" content=\"Tempo di lettura stimato\" \/>\n\t<meta name=\"twitter:data2\" content=\"4 minuti\" \/>\n<script type=\"application\/ld+json\" class=\"yoast-schema-graph\">{\"@context\":\"https:\\\/\\\/schema.org\",\"@graph\":[{\"@type\":\"Article\",\"@id\":\"https:\\\/\\\/www.article-marketing.eu\\\/comunicatistampa\\\/libri-la-saga-sul-popolo-messapico-rivive-in-eliade-gli-eredi-di-priamo-di-bruna-spagnuolo\\\/#article\",\"isPartOf\":{\"@id\":\"https:\\\/\\\/www.article-marketing.eu\\\/comunicatistampa\\\/libri-la-saga-sul-popolo-messapico-rivive-in-eliade-gli-eredi-di-priamo-di-bruna-spagnuolo\\\/\"},\"author\":{\"name\":\"inpress\",\"@id\":\"https:\\\/\\\/www.article-marketing.eu\\\/comunicatistampa\\\/#\\\/schema\\\/person\\\/6f87d425bef304dd8be1a0895dea44b2\"},\"headline\":\"Libri, la saga sul Popolo Messapico rivive in Eliade (Gli eredi di Priamo) di Bruna Spagnuolo\",\"datePublished\":\"2022-12-18T12:40:39+00:00\",\"mainEntityOfPage\":{\"@id\":\"https:\\\/\\\/www.article-marketing.eu\\\/comunicatistampa\\\/libri-la-saga-sul-popolo-messapico-rivive-in-eliade-gli-eredi-di-priamo-di-bruna-spagnuolo\\\/\"},\"wordCount\":624,\"commentCount\":0,\"image\":{\"@id\":\"https:\\\/\\\/www.article-marketing.eu\\\/comunicatistampa\\\/libri-la-saga-sul-popolo-messapico-rivive-in-eliade-gli-eredi-di-priamo-di-bruna-spagnuolo\\\/#primaryimage\"},\"thumbnailUrl\":\"https:\\\/\\\/blogger.googleusercontent.com\\\/img\\\/b\\\/R29vZ2xl\\\/AVvXsEgiv53CDn3i5ANarl_DjU9RDEFWhbY_zFmAfO0AP4KEUxyxNXb06o1a5dmmLS5ubQ5uzohCSvPZqTSV-6F4kIQDaz5VlwLCvGCO9yMGT8GClHVrse56yD7IImfc2Va-UTBkQ8EcW3jNTFxnGJ5iRdTM5RP3Qh_YFeFUOWw57243Th0w6JN_Jl3HqAm2eA\\\/s320\\\/Eliade.jpg\",\"keywords\":[\"basilicata\",\"Bruna Spagnuolo\",\"Eliade\",\"Libri\",\"Priamo\",\"romanzo\"],\"articleSection\":[\"Libri\"],\"inLanguage\":\"it-IT\",\"potentialAction\":[{\"@type\":\"CommentAction\",\"name\":\"Comment\",\"target\":[\"https:\\\/\\\/www.article-marketing.eu\\\/comunicatistampa\\\/libri-la-saga-sul-popolo-messapico-rivive-in-eliade-gli-eredi-di-priamo-di-bruna-spagnuolo\\\/#respond\"]}]},{\"@type\":\"WebPage\",\"@id\":\"https:\\\/\\\/www.article-marketing.eu\\\/comunicatistampa\\\/libri-la-saga-sul-popolo-messapico-rivive-in-eliade-gli-eredi-di-priamo-di-bruna-spagnuolo\\\/\",\"url\":\"https:\\\/\\\/www.article-marketing.eu\\\/comunicatistampa\\\/libri-la-saga-sul-popolo-messapico-rivive-in-eliade-gli-eredi-di-priamo-di-bruna-spagnuolo\\\/\",\"name\":\"Libri, la saga sul Popolo Messapico rivive in Eliade (Gli eredi di Priamo) di Bruna Spagnuolo\",\"isPartOf\":{\"@id\":\"https:\\\/\\\/www.article-marketing.eu\\\/comunicatistampa\\\/#website\"},\"primaryImageOfPage\":{\"@id\":\"https:\\\/\\\/www.article-marketing.eu\\\/comunicatistampa\\\/libri-la-saga-sul-popolo-messapico-rivive-in-eliade-gli-eredi-di-priamo-di-bruna-spagnuolo\\\/#primaryimage\"},\"image\":{\"@id\":\"https:\\\/\\\/www.article-marketing.eu\\\/comunicatistampa\\\/libri-la-saga-sul-popolo-messapico-rivive-in-eliade-gli-eredi-di-priamo-di-bruna-spagnuolo\\\/#primaryimage\"},\"thumbnailUrl\":\"https:\\\/\\\/blogger.googleusercontent.com\\\/img\\\/b\\\/R29vZ2xl\\\/AVvXsEgiv53CDn3i5ANarl_DjU9RDEFWhbY_zFmAfO0AP4KEUxyxNXb06o1a5dmmLS5ubQ5uzohCSvPZqTSV-6F4kIQDaz5VlwLCvGCO9yMGT8GClHVrse56yD7IImfc2Va-UTBkQ8EcW3jNTFxnGJ5iRdTM5RP3Qh_YFeFUOWw57243Th0w6JN_Jl3HqAm2eA\\\/s320\\\/Eliade.jpg\",\"datePublished\":\"2022-12-18T12:40:39+00:00\",\"author\":{\"@id\":\"https:\\\/\\\/www.article-marketing.eu\\\/comunicatistampa\\\/#\\\/schema\\\/person\\\/6f87d425bef304dd8be1a0895dea44b2\"},\"breadcrumb\":{\"@id\":\"https:\\\/\\\/www.article-marketing.eu\\\/comunicatistampa\\\/libri-la-saga-sul-popolo-messapico-rivive-in-eliade-gli-eredi-di-priamo-di-bruna-spagnuolo\\\/#breadcrumb\"},\"inLanguage\":\"it-IT\",\"potentialAction\":[{\"@type\":\"ReadAction\",\"target\":[\"https:\\\/\\\/www.article-marketing.eu\\\/comunicatistampa\\\/libri-la-saga-sul-popolo-messapico-rivive-in-eliade-gli-eredi-di-priamo-di-bruna-spagnuolo\\\/\"]}]},{\"@type\":\"ImageObject\",\"inLanguage\":\"it-IT\",\"@id\":\"https:\\\/\\\/www.article-marketing.eu\\\/comunicatistampa\\\/libri-la-saga-sul-popolo-messapico-rivive-in-eliade-gli-eredi-di-priamo-di-bruna-spagnuolo\\\/#primaryimage\",\"url\":\"https:\\\/\\\/blogger.googleusercontent.com\\\/img\\\/b\\\/R29vZ2xl\\\/AVvXsEgiv53CDn3i5ANarl_DjU9RDEFWhbY_zFmAfO0AP4KEUxyxNXb06o1a5dmmLS5ubQ5uzohCSvPZqTSV-6F4kIQDaz5VlwLCvGCO9yMGT8GClHVrse56yD7IImfc2Va-UTBkQ8EcW3jNTFxnGJ5iRdTM5RP3Qh_YFeFUOWw57243Th0w6JN_Jl3HqAm2eA\\\/s320\\\/Eliade.jpg\",\"contentUrl\":\"https:\\\/\\\/blogger.googleusercontent.com\\\/img\\\/b\\\/R29vZ2xl\\\/AVvXsEgiv53CDn3i5ANarl_DjU9RDEFWhbY_zFmAfO0AP4KEUxyxNXb06o1a5dmmLS5ubQ5uzohCSvPZqTSV-6F4kIQDaz5VlwLCvGCO9yMGT8GClHVrse56yD7IImfc2Va-UTBkQ8EcW3jNTFxnGJ5iRdTM5RP3Qh_YFeFUOWw57243Th0w6JN_Jl3HqAm2eA\\\/s320\\\/Eliade.jpg\"},{\"@type\":\"BreadcrumbList\",\"@id\":\"https:\\\/\\\/www.article-marketing.eu\\\/comunicatistampa\\\/libri-la-saga-sul-popolo-messapico-rivive-in-eliade-gli-eredi-di-priamo-di-bruna-spagnuolo\\\/#breadcrumb\",\"itemListElement\":[{\"@type\":\"ListItem\",\"position\":1,\"name\":\"Home\",\"item\":\"https:\\\/\\\/www.article-marketing.eu\\\/comunicatistampa\\\/\"},{\"@type\":\"ListItem\",\"position\":2,\"name\":\"Libri, la saga sul Popolo Messapico rivive in Eliade (Gli eredi di Priamo) di Bruna Spagnuolo\"}]},{\"@type\":\"WebSite\",\"@id\":\"https:\\\/\\\/www.article-marketing.eu\\\/comunicatistampa\\\/#website\",\"url\":\"https:\\\/\\\/www.article-marketing.eu\\\/comunicatistampa\\\/\",\"name\":\"Article Marketing\",\"description\":\"article marketing &amp; press release\",\"potentialAction\":[{\"@type\":\"SearchAction\",\"target\":{\"@type\":\"EntryPoint\",\"urlTemplate\":\"https:\\\/\\\/www.article-marketing.eu\\\/comunicatistampa\\\/?s={search_term_string}\"},\"query-input\":{\"@type\":\"PropertyValueSpecification\",\"valueRequired\":true,\"valueName\":\"search_term_string\"}}],\"inLanguage\":\"it-IT\"},{\"@type\":\"Person\",\"@id\":\"https:\\\/\\\/www.article-marketing.eu\\\/comunicatistampa\\\/#\\\/schema\\\/person\\\/6f87d425bef304dd8be1a0895dea44b2\",\"name\":\"inpress\",\"image\":{\"@type\":\"ImageObject\",\"inLanguage\":\"it-IT\",\"@id\":\"https:\\\/\\\/secure.gravatar.com\\\/avatar\\\/8b9495d9dcfa5a2ac0eb8e4559db3f5f00d7248a8baa15ed14f155afae420f7d?s=96&d=mm&r=g\",\"url\":\"https:\\\/\\\/secure.gravatar.com\\\/avatar\\\/8b9495d9dcfa5a2ac0eb8e4559db3f5f00d7248a8baa15ed14f155afae420f7d?s=96&d=mm&r=g\",\"contentUrl\":\"https:\\\/\\\/secure.gravatar.com\\\/avatar\\\/8b9495d9dcfa5a2ac0eb8e4559db3f5f00d7248a8baa15ed14f155afae420f7d?s=96&d=mm&r=g\",\"caption\":\"inpress\"},\"url\":\"https:\\\/\\\/www.article-marketing.eu\\\/comunicatistampa\\\/author\\\/inpress\\\/\"}]}<\/script>\n<!-- \/ Yoast SEO plugin. -->","yoast_head_json":{"title":"Libri, la saga sul Popolo Messapico rivive in Eliade (Gli eredi di Priamo) di Bruna Spagnuolo","robots":{"index":"index","follow":"follow","max-snippet":"max-snippet:-1","max-image-preview":"max-image-preview:large","max-video-preview":"max-video-preview:-1"},"canonical":"https:\/\/www.article-marketing.eu\/comunicatistampa\/libri-la-saga-sul-popolo-messapico-rivive-in-eliade-gli-eredi-di-priamo-di-bruna-spagnuolo\/","og_locale":"it_IT","og_type":"article","og_title":"Libri, la saga sul Popolo Messapico rivive in Eliade (Gli eredi di Priamo) di Bruna Spagnuolo","og_description":"\u00c8 uscito nelle librerie e nei bookstore online il romanzo &#8220;Eliade (Gli eredi di Priamo)&#8221; di Bruna Spagnuolo, il secondo e atteso volume della saga \u201cAngeli in ginocchio\u201d, imperniata sul recupero delle identit\u00e0 non tramandate. Il romanzo, pubblicato nella collana \u201cIdentit\u00e0 italiche\u201d, segue a distanza di un anno il volume Angela (Gli eredi dei Messapi). Per parlare ai lettori d\u2019oggi, Bruna Spagnuolo non sceglie il linguaggio freddo e asettico delContinue reading...","og_url":"https:\/\/www.article-marketing.eu\/comunicatistampa\/libri-la-saga-sul-popolo-messapico-rivive-in-eliade-gli-eredi-di-priamo-di-bruna-spagnuolo\/","og_site_name":"Article Marketing","article_published_time":"2022-12-18T12:40:39+00:00","og_image":[{"url":"https:\/\/blogger.googleusercontent.com\/img\/b\/R29vZ2xl\/AVvXsEgiv53CDn3i5ANarl_DjU9RDEFWhbY_zFmAfO0AP4KEUxyxNXb06o1a5dmmLS5ubQ5uzohCSvPZqTSV-6F4kIQDaz5VlwLCvGCO9yMGT8GClHVrse56yD7IImfc2Va-UTBkQ8EcW3jNTFxnGJ5iRdTM5RP3Qh_YFeFUOWw57243Th0w6JN_Jl3HqAm2eA\/s320\/Eliade.jpg","type":"","width":"","height":""}],"author":"inpress","twitter_card":"summary_large_image","twitter_misc":{"Scritto da":"inpress","Tempo di lettura stimato":"4 minuti"},"schema":{"@context":"https:\/\/schema.org","@graph":[{"@type":"Article","@id":"https:\/\/www.article-marketing.eu\/comunicatistampa\/libri-la-saga-sul-popolo-messapico-rivive-in-eliade-gli-eredi-di-priamo-di-bruna-spagnuolo\/#article","isPartOf":{"@id":"https:\/\/www.article-marketing.eu\/comunicatistampa\/libri-la-saga-sul-popolo-messapico-rivive-in-eliade-gli-eredi-di-priamo-di-bruna-spagnuolo\/"},"author":{"name":"inpress","@id":"https:\/\/www.article-marketing.eu\/comunicatistampa\/#\/schema\/person\/6f87d425bef304dd8be1a0895dea44b2"},"headline":"Libri, la saga sul Popolo Messapico rivive in Eliade (Gli eredi di Priamo) di Bruna Spagnuolo","datePublished":"2022-12-18T12:40:39+00:00","mainEntityOfPage":{"@id":"https:\/\/www.article-marketing.eu\/comunicatistampa\/libri-la-saga-sul-popolo-messapico-rivive-in-eliade-gli-eredi-di-priamo-di-bruna-spagnuolo\/"},"wordCount":624,"commentCount":0,"image":{"@id":"https:\/\/www.article-marketing.eu\/comunicatistampa\/libri-la-saga-sul-popolo-messapico-rivive-in-eliade-gli-eredi-di-priamo-di-bruna-spagnuolo\/#primaryimage"},"thumbnailUrl":"https:\/\/blogger.googleusercontent.com\/img\/b\/R29vZ2xl\/AVvXsEgiv53CDn3i5ANarl_DjU9RDEFWhbY_zFmAfO0AP4KEUxyxNXb06o1a5dmmLS5ubQ5uzohCSvPZqTSV-6F4kIQDaz5VlwLCvGCO9yMGT8GClHVrse56yD7IImfc2Va-UTBkQ8EcW3jNTFxnGJ5iRdTM5RP3Qh_YFeFUOWw57243Th0w6JN_Jl3HqAm2eA\/s320\/Eliade.jpg","keywords":["basilicata","Bruna Spagnuolo","Eliade","Libri","Priamo","romanzo"],"articleSection":["Libri"],"inLanguage":"it-IT","potentialAction":[{"@type":"CommentAction","name":"Comment","target":["https:\/\/www.article-marketing.eu\/comunicatistampa\/libri-la-saga-sul-popolo-messapico-rivive-in-eliade-gli-eredi-di-priamo-di-bruna-spagnuolo\/#respond"]}]},{"@type":"WebPage","@id":"https:\/\/www.article-marketing.eu\/comunicatistampa\/libri-la-saga-sul-popolo-messapico-rivive-in-eliade-gli-eredi-di-priamo-di-bruna-spagnuolo\/","url":"https:\/\/www.article-marketing.eu\/comunicatistampa\/libri-la-saga-sul-popolo-messapico-rivive-in-eliade-gli-eredi-di-priamo-di-bruna-spagnuolo\/","name":"Libri, la saga sul Popolo Messapico rivive in Eliade (Gli eredi di Priamo) di Bruna Spagnuolo","isPartOf":{"@id":"https:\/\/www.article-marketing.eu\/comunicatistampa\/#website"},"primaryImageOfPage":{"@id":"https:\/\/www.article-marketing.eu\/comunicatistampa\/libri-la-saga-sul-popolo-messapico-rivive-in-eliade-gli-eredi-di-priamo-di-bruna-spagnuolo\/#primaryimage"},"image":{"@id":"https:\/\/www.article-marketing.eu\/comunicatistampa\/libri-la-saga-sul-popolo-messapico-rivive-in-eliade-gli-eredi-di-priamo-di-bruna-spagnuolo\/#primaryimage"},"thumbnailUrl":"https:\/\/blogger.googleusercontent.com\/img\/b\/R29vZ2xl\/AVvXsEgiv53CDn3i5ANarl_DjU9RDEFWhbY_zFmAfO0AP4KEUxyxNXb06o1a5dmmLS5ubQ5uzohCSvPZqTSV-6F4kIQDaz5VlwLCvGCO9yMGT8GClHVrse56yD7IImfc2Va-UTBkQ8EcW3jNTFxnGJ5iRdTM5RP3Qh_YFeFUOWw57243Th0w6JN_Jl3HqAm2eA\/s320\/Eliade.jpg","datePublished":"2022-12-18T12:40:39+00:00","author":{"@id":"https:\/\/www.article-marketing.eu\/comunicatistampa\/#\/schema\/person\/6f87d425bef304dd8be1a0895dea44b2"},"breadcrumb":{"@id":"https:\/\/www.article-marketing.eu\/comunicatistampa\/libri-la-saga-sul-popolo-messapico-rivive-in-eliade-gli-eredi-di-priamo-di-bruna-spagnuolo\/#breadcrumb"},"inLanguage":"it-IT","potentialAction":[{"@type":"ReadAction","target":["https:\/\/www.article-marketing.eu\/comunicatistampa\/libri-la-saga-sul-popolo-messapico-rivive-in-eliade-gli-eredi-di-priamo-di-bruna-spagnuolo\/"]}]},{"@type":"ImageObject","inLanguage":"it-IT","@id":"https:\/\/www.article-marketing.eu\/comunicatistampa\/libri-la-saga-sul-popolo-messapico-rivive-in-eliade-gli-eredi-di-priamo-di-bruna-spagnuolo\/#primaryimage","url":"https:\/\/blogger.googleusercontent.com\/img\/b\/R29vZ2xl\/AVvXsEgiv53CDn3i5ANarl_DjU9RDEFWhbY_zFmAfO0AP4KEUxyxNXb06o1a5dmmLS5ubQ5uzohCSvPZqTSV-6F4kIQDaz5VlwLCvGCO9yMGT8GClHVrse56yD7IImfc2Va-UTBkQ8EcW3jNTFxnGJ5iRdTM5RP3Qh_YFeFUOWw57243Th0w6JN_Jl3HqAm2eA\/s320\/Eliade.jpg","contentUrl":"https:\/\/blogger.googleusercontent.com\/img\/b\/R29vZ2xl\/AVvXsEgiv53CDn3i5ANarl_DjU9RDEFWhbY_zFmAfO0AP4KEUxyxNXb06o1a5dmmLS5ubQ5uzohCSvPZqTSV-6F4kIQDaz5VlwLCvGCO9yMGT8GClHVrse56yD7IImfc2Va-UTBkQ8EcW3jNTFxnGJ5iRdTM5RP3Qh_YFeFUOWw57243Th0w6JN_Jl3HqAm2eA\/s320\/Eliade.jpg"},{"@type":"BreadcrumbList","@id":"https:\/\/www.article-marketing.eu\/comunicatistampa\/libri-la-saga-sul-popolo-messapico-rivive-in-eliade-gli-eredi-di-priamo-di-bruna-spagnuolo\/#breadcrumb","itemListElement":[{"@type":"ListItem","position":1,"name":"Home","item":"https:\/\/www.article-marketing.eu\/comunicatistampa\/"},{"@type":"ListItem","position":2,"name":"Libri, la saga sul Popolo Messapico rivive in Eliade (Gli eredi di Priamo) di Bruna Spagnuolo"}]},{"@type":"WebSite","@id":"https:\/\/www.article-marketing.eu\/comunicatistampa\/#website","url":"https:\/\/www.article-marketing.eu\/comunicatistampa\/","name":"Article Marketing","description":"article marketing &amp; press release","potentialAction":[{"@type":"SearchAction","target":{"@type":"EntryPoint","urlTemplate":"https:\/\/www.article-marketing.eu\/comunicatistampa\/?s={search_term_string}"},"query-input":{"@type":"PropertyValueSpecification","valueRequired":true,"valueName":"search_term_string"}}],"inLanguage":"it-IT"},{"@type":"Person","@id":"https:\/\/www.article-marketing.eu\/comunicatistampa\/#\/schema\/person\/6f87d425bef304dd8be1a0895dea44b2","name":"inpress","image":{"@type":"ImageObject","inLanguage":"it-IT","@id":"https:\/\/secure.gravatar.com\/avatar\/8b9495d9dcfa5a2ac0eb8e4559db3f5f00d7248a8baa15ed14f155afae420f7d?s=96&d=mm&r=g","url":"https:\/\/secure.gravatar.com\/avatar\/8b9495d9dcfa5a2ac0eb8e4559db3f5f00d7248a8baa15ed14f155afae420f7d?s=96&d=mm&r=g","contentUrl":"https:\/\/secure.gravatar.com\/avatar\/8b9495d9dcfa5a2ac0eb8e4559db3f5f00d7248a8baa15ed14f155afae420f7d?s=96&d=mm&r=g","caption":"inpress"},"url":"https:\/\/www.article-marketing.eu\/comunicatistampa\/author\/inpress\/"}]}},"_links":{"self":[{"href":"https:\/\/www.article-marketing.eu\/comunicatistampa\/wp-json\/wp\/v2\/posts\/25836","targetHints":{"allow":["GET"]}}],"collection":[{"href":"https:\/\/www.article-marketing.eu\/comunicatistampa\/wp-json\/wp\/v2\/posts"}],"about":[{"href":"https:\/\/www.article-marketing.eu\/comunicatistampa\/wp-json\/wp\/v2\/types\/post"}],"author":[{"embeddable":true,"href":"https:\/\/www.article-marketing.eu\/comunicatistampa\/wp-json\/wp\/v2\/users\/920"}],"replies":[{"embeddable":true,"href":"https:\/\/www.article-marketing.eu\/comunicatistampa\/wp-json\/wp\/v2\/comments?post=25836"}],"version-history":[{"count":2,"href":"https:\/\/www.article-marketing.eu\/comunicatistampa\/wp-json\/wp\/v2\/posts\/25836\/revisions"}],"predecessor-version":[{"id":25838,"href":"https:\/\/www.article-marketing.eu\/comunicatistampa\/wp-json\/wp\/v2\/posts\/25836\/revisions\/25838"}],"wp:attachment":[{"href":"https:\/\/www.article-marketing.eu\/comunicatistampa\/wp-json\/wp\/v2\/media?parent=25836"}],"wp:term":[{"taxonomy":"category","embeddable":true,"href":"https:\/\/www.article-marketing.eu\/comunicatistampa\/wp-json\/wp\/v2\/categories?post=25836"},{"taxonomy":"post_tag","embeddable":true,"href":"https:\/\/www.article-marketing.eu\/comunicatistampa\/wp-json\/wp\/v2\/tags?post=25836"}],"curies":[{"name":"wp","href":"https:\/\/api.w.org\/{rel}","templated":true}]}}