{"id":25854,"date":"2022-12-29T23:32:32","date_gmt":"2022-12-29T22:32:32","guid":{"rendered":"https:\/\/www.article-marketing.eu\/comunicatistampa\/?p=25854"},"modified":"2022-12-29T23:32:32","modified_gmt":"2022-12-29T22:32:32","slug":"manutenzione-alitalia-intesa-raggiunta-ora-il-ramo-appartiene-ad-atitech-di-gianni-lettieri","status":"publish","type":"post","link":"https:\/\/www.article-marketing.eu\/comunicatistampa\/manutenzione-alitalia-intesa-raggiunta-ora-il-ramo-appartiene-ad-atitech-di-gianni-lettieri\/","title":{"rendered":"Manutenzione Alitalia, intesa raggiunta: ora il ramo appartiene ad Atitech di Gianni Lettieri"},"content":{"rendered":"<p><em><strong><a title=\"Gianni Lettieri acquisizione del ramo maintenance di Alitalia\" href=\"https:\/\/www.napolitoday.it\/economia\/polo-aeronautico-napoli-gianni-lettieri.html\">Gianni Lettieri<\/a>: hub di Capodichino e Fiumicino strategici per riportare in Italia i principali player del settore.<\/strong><\/em><\/p>\n<p><a title=\"Gianni Lettieri, acquisizione maintenance Alitalia\" href=\"https:\/\/www.napolitoday.it\/economia\/polo-aeronautico-napoli-gianni-lettieri.html\"><img loading=\"lazy\" decoding=\"async\" src=\"https:\/\/citynews-napolitoday.stgy.ovh\/~media\/horizontal-hi\/48092090827891\/whatsapp-image-2022-09-02-at-15-41-18-2.jpeg\" alt=\"Gianni Lettieri \" width=\"200\" height=\"113\" \/><\/a><\/p>\n<h2>Cosa prevede l\u2019accordo siglato tra l\u2019azienda guidata da Gianni Lettieri e i commissari Alitalia<\/h2>\n<p>Dopo una trattativa durata oltre sei mesi si \u00e8 concluso l\u2019iter di cessione dell\u2019ex ramo maintenance Alitalia. Il complesso di Fiumicino e i suoi lavoratori, adesso passano ufficialmente ad Atitech, l\u2019azienda guidata da <a title=\"Gianni Lettieri focus Napoli Today \" href=\"https:\/\/www.napolitoday.it\/economia\/polo-aeronautico-napoli-gianni-lettieri.html\">Gianni Lettieri<\/a> con sede a Capodichino e oggi leader nel mercato EMEA. A siglare l\u2019accordo, oltre all\u2019imprenditore napoletano e ai commissari dell\u2019ex compagnia di bandiera, anche i sindacati Filt-Cgil, Fit-Cisl, Uiltrasporti e Ugl Trasporto aereo. Nel dettaglio, l\u2019operazione portata avanti da Atitech prevede un contratto in esclusiva con ITA Airways su tutta la manutenzione degli aeromobili e l\u2019assorbimento dei 940 lavoratori dislocati tra l\u2019hub di Fiumicino e i diversi scali nazionali e internazionali. Ci\u00f2 consentir\u00e0 alla MRO (Maintenance, Repair and Overhaul) di <strong>Gianni Lettieri<\/strong> di passare dall\u2019assistenza negli hangar a quella di linea: Washington, Buenos Aires, Sud Africa, Tel Aviv, Casablanca, Osaka, Mosca sono solo alcuni dei poli presi in gestione da Atitech.<\/p>\n<h2>Gianni Lettieri: \u201c<em>Prossima step verso polo unico l\u2019acquisizione di Ams<\/em>\u201d<\/h2>\n<p>In occasione dell\u2019annuncio, il Presidente <strong>Gianni Lettieri<\/strong> ha dichiarato che l\u2019obiettivo di Atitech \u00e8 \u201c<em>dotare l\u2019Italia di un\u2019infrastruttura strategica nel campo delle manutenzioni aeronautiche in grado di offrire soluzioni chiavi in mano, cos\u00ec come accade gi\u00e0 nei principali Paesi europei\u201d<\/em>. Quello del polo unico \u00e8 un progetto che l\u2019imprenditore porta avanti fin dai primi anni alla guida dell\u2019azienda di Capodichino: un\u2019officina italiana dedicata alla riparazione a 360\u00b0 in grado di assorbire fino a 3.000 unit\u00e0 e raggiungere un fatturato di 500 milioni di euro. L\u2019assorbimento di Fiumicino \u00e8 una tappa strategica, che consente di intercettare compagnie aeree di livello internazionale, ma non \u00e8 l\u2019ultima: il prossimo step prevede infatti anche l\u2019acquisizione di Ams (Aitalia Maintenance Systems), sempre con sede a Fiumicino e specializzata nella manutenzione dei motori. Intanto nei prossimi giorni verranno gi\u00e0 avviate le procedure di assorbimento del complesso romano e dei suoi lavoratori: \u201c<em>In Atitech e Alitalia esistono professionalit\u00e0 e competenze capaci di soddisfare le pi\u00f9 svariate esigenze dei vettori presenti sul mercato, in tempi rapidi ed assicurando standard di qualit\u00e0 molto alti<\/em> \u2013 ha commentato <strong>Gianni Lettieri<\/strong> \u2013 <em>Know how ed expertise che puntiamo a valorizzare, anche attraverso interventi di formazione continua e l\u2019utilizzo di tecnologie sempre pi\u00f9 performanti\u201d<\/em>.<\/p>\n","protected":false},"excerpt":{"rendered":"<p>Gianni Lettieri: hub di Capodichino e Fiumicino strategici per riportare in Italia i principali player del settore. Cosa prevede l\u2019accordo siglato tra l\u2019azienda guidata da Gianni Lettieri e i commissari Alitalia Dopo una trattativa durata oltre sei mesi si \u00e8 concluso l\u2019iter di cessione dell\u2019ex ramo maintenance Alitalia. Il complesso di Fiumicino e i suoi lavoratori, adesso passano ufficialmente ad Atitech, l\u2019azienda guidata da Gianni Lettieri con sede a Capodichino<\/p>\n<p><a class=\"continue-reading\" href=\"https:\/\/www.article-marketing.eu\/comunicatistampa\/manutenzione-alitalia-intesa-raggiunta-ora-il-ramo-appartiene-ad-atitech-di-gianni-lettieri\/\">Continue reading&#8230;<\/a><\/p>\n","protected":false},"author":7190,"featured_media":0,"comment_status":"open","ping_status":"open","sticky":false,"template":"","format":"standard","meta":{"_monsterinsights_skip_tracking":false,"_monsterinsights_sitenote_active":false,"_monsterinsights_sitenote_note":"","_monsterinsights_sitenote_category":0,"footnotes":""},"categories":[386],"tags":[9494],"class_list":["post-25854","post","type-post","status-publish","format-standard","hentry","category-economia-e-lavoro","tag-gianni-lettieri"],"yoast_head":"<!-- This site is optimized with the Yoast SEO plugin v27.3 - https:\/\/yoast.com\/product\/yoast-seo-wordpress\/ -->\n<title>Manutenzione Alitalia, intesa raggiunta: ora il ramo appartiene ad Atitech di Gianni Lettieri<\/title>\n<meta name=\"robots\" content=\"index, follow, max-snippet:-1, max-image-preview:large, max-video-preview:-1\" \/>\n<link rel=\"canonical\" href=\"https:\/\/www.article-marketing.eu\/comunicatistampa\/manutenzione-alitalia-intesa-raggiunta-ora-il-ramo-appartiene-ad-atitech-di-gianni-lettieri\/\" \/>\n<meta property=\"og:locale\" content=\"it_IT\" \/>\n<meta property=\"og:type\" content=\"article\" \/>\n<meta property=\"og:title\" content=\"Manutenzione Alitalia, intesa raggiunta: ora il ramo appartiene ad Atitech di Gianni Lettieri\" \/>\n<meta property=\"og:description\" content=\"Gianni Lettieri: hub di Capodichino e Fiumicino strategici per riportare in Italia i principali player del settore. Cosa prevede l\u2019accordo siglato tra l\u2019azienda guidata da Gianni Lettieri e i commissari Alitalia Dopo una trattativa durata oltre sei mesi si \u00e8 concluso l\u2019iter di cessione dell\u2019ex ramo maintenance Alitalia. Il complesso di Fiumicino e i suoi lavoratori, adesso passano ufficialmente ad Atitech, l\u2019azienda guidata da Gianni Lettieri con sede a CapodichinoContinue reading...\" \/>\n<meta property=\"og:url\" content=\"https:\/\/www.article-marketing.eu\/comunicatistampa\/manutenzione-alitalia-intesa-raggiunta-ora-il-ramo-appartiene-ad-atitech-di-gianni-lettieri\/\" \/>\n<meta property=\"og:site_name\" content=\"Article Marketing\" \/>\n<meta property=\"article:published_time\" content=\"2022-12-29T22:32:32+00:00\" \/>\n<meta property=\"og:image\" content=\"https:\/\/citynews-napolitoday.stgy.ovh\/~media\/horizontal-hi\/48092090827891\/whatsapp-image-2022-09-02-at-15-41-18-2.jpeg\" \/>\n<meta name=\"author\" content=\"glofficeprnews\" \/>\n<meta name=\"twitter:card\" content=\"summary_large_image\" \/>\n<meta name=\"twitter:label1\" content=\"Scritto da\" \/>\n\t<meta name=\"twitter:data1\" content=\"glofficeprnews\" \/>\n\t<meta name=\"twitter:label2\" content=\"Tempo di lettura stimato\" \/>\n\t<meta name=\"twitter:data2\" content=\"3 minuti\" \/>\n<script type=\"application\/ld+json\" class=\"yoast-schema-graph\">{\"@context\":\"https:\\\/\\\/schema.org\",\"@graph\":[{\"@type\":\"Article\",\"@id\":\"https:\\\/\\\/www.article-marketing.eu\\\/comunicatistampa\\\/manutenzione-alitalia-intesa-raggiunta-ora-il-ramo-appartiene-ad-atitech-di-gianni-lettieri\\\/#article\",\"isPartOf\":{\"@id\":\"https:\\\/\\\/www.article-marketing.eu\\\/comunicatistampa\\\/manutenzione-alitalia-intesa-raggiunta-ora-il-ramo-appartiene-ad-atitech-di-gianni-lettieri\\\/\"},\"author\":{\"name\":\"glofficeprnews\",\"@id\":\"https:\\\/\\\/www.article-marketing.eu\\\/comunicatistampa\\\/#\\\/schema\\\/person\\\/e671b60aab591381d585023cd318a080\"},\"headline\":\"Manutenzione Alitalia, intesa raggiunta: ora il ramo appartiene ad Atitech di Gianni Lettieri\",\"datePublished\":\"2022-12-29T22:32:32+00:00\",\"mainEntityOfPage\":{\"@id\":\"https:\\\/\\\/www.article-marketing.eu\\\/comunicatistampa\\\/manutenzione-alitalia-intesa-raggiunta-ora-il-ramo-appartiene-ad-atitech-di-gianni-lettieri\\\/\"},\"wordCount\":415,\"commentCount\":0,\"image\":{\"@id\":\"https:\\\/\\\/www.article-marketing.eu\\\/comunicatistampa\\\/manutenzione-alitalia-intesa-raggiunta-ora-il-ramo-appartiene-ad-atitech-di-gianni-lettieri\\\/#primaryimage\"},\"thumbnailUrl\":\"https:\\\/\\\/citynews-napolitoday.stgy.ovh\\\/~media\\\/horizontal-hi\\\/48092090827891\\\/whatsapp-image-2022-09-02-at-15-41-18-2.jpeg\",\"keywords\":[\"Gianni Lettieri\"],\"articleSection\":[\"Economia e lavoro\"],\"inLanguage\":\"it-IT\",\"potentialAction\":[{\"@type\":\"CommentAction\",\"name\":\"Comment\",\"target\":[\"https:\\\/\\\/www.article-marketing.eu\\\/comunicatistampa\\\/manutenzione-alitalia-intesa-raggiunta-ora-il-ramo-appartiene-ad-atitech-di-gianni-lettieri\\\/#respond\"]}]},{\"@type\":\"WebPage\",\"@id\":\"https:\\\/\\\/www.article-marketing.eu\\\/comunicatistampa\\\/manutenzione-alitalia-intesa-raggiunta-ora-il-ramo-appartiene-ad-atitech-di-gianni-lettieri\\\/\",\"url\":\"https:\\\/\\\/www.article-marketing.eu\\\/comunicatistampa\\\/manutenzione-alitalia-intesa-raggiunta-ora-il-ramo-appartiene-ad-atitech-di-gianni-lettieri\\\/\",\"name\":\"Manutenzione Alitalia, intesa raggiunta: ora il ramo appartiene ad Atitech di Gianni Lettieri\",\"isPartOf\":{\"@id\":\"https:\\\/\\\/www.article-marketing.eu\\\/comunicatistampa\\\/#website\"},\"primaryImageOfPage\":{\"@id\":\"https:\\\/\\\/www.article-marketing.eu\\\/comunicatistampa\\\/manutenzione-alitalia-intesa-raggiunta-ora-il-ramo-appartiene-ad-atitech-di-gianni-lettieri\\\/#primaryimage\"},\"image\":{\"@id\":\"https:\\\/\\\/www.article-marketing.eu\\\/comunicatistampa\\\/manutenzione-alitalia-intesa-raggiunta-ora-il-ramo-appartiene-ad-atitech-di-gianni-lettieri\\\/#primaryimage\"},\"thumbnailUrl\":\"https:\\\/\\\/citynews-napolitoday.stgy.ovh\\\/~media\\\/horizontal-hi\\\/48092090827891\\\/whatsapp-image-2022-09-02-at-15-41-18-2.jpeg\",\"datePublished\":\"2022-12-29T22:32:32+00:00\",\"author\":{\"@id\":\"https:\\\/\\\/www.article-marketing.eu\\\/comunicatistampa\\\/#\\\/schema\\\/person\\\/e671b60aab591381d585023cd318a080\"},\"breadcrumb\":{\"@id\":\"https:\\\/\\\/www.article-marketing.eu\\\/comunicatistampa\\\/manutenzione-alitalia-intesa-raggiunta-ora-il-ramo-appartiene-ad-atitech-di-gianni-lettieri\\\/#breadcrumb\"},\"inLanguage\":\"it-IT\",\"potentialAction\":[{\"@type\":\"ReadAction\",\"target\":[\"https:\\\/\\\/www.article-marketing.eu\\\/comunicatistampa\\\/manutenzione-alitalia-intesa-raggiunta-ora-il-ramo-appartiene-ad-atitech-di-gianni-lettieri\\\/\"]}]},{\"@type\":\"ImageObject\",\"inLanguage\":\"it-IT\",\"@id\":\"https:\\\/\\\/www.article-marketing.eu\\\/comunicatistampa\\\/manutenzione-alitalia-intesa-raggiunta-ora-il-ramo-appartiene-ad-atitech-di-gianni-lettieri\\\/#primaryimage\",\"url\":\"https:\\\/\\\/citynews-napolitoday.stgy.ovh\\\/~media\\\/horizontal-hi\\\/48092090827891\\\/whatsapp-image-2022-09-02-at-15-41-18-2.jpeg\",\"contentUrl\":\"https:\\\/\\\/citynews-napolitoday.stgy.ovh\\\/~media\\\/horizontal-hi\\\/48092090827891\\\/whatsapp-image-2022-09-02-at-15-41-18-2.jpeg\"},{\"@type\":\"BreadcrumbList\",\"@id\":\"https:\\\/\\\/www.article-marketing.eu\\\/comunicatistampa\\\/manutenzione-alitalia-intesa-raggiunta-ora-il-ramo-appartiene-ad-atitech-di-gianni-lettieri\\\/#breadcrumb\",\"itemListElement\":[{\"@type\":\"ListItem\",\"position\":1,\"name\":\"Home\",\"item\":\"https:\\\/\\\/www.article-marketing.eu\\\/comunicatistampa\\\/\"},{\"@type\":\"ListItem\",\"position\":2,\"name\":\"Manutenzione Alitalia, intesa raggiunta: ora il ramo appartiene ad Atitech di Gianni Lettieri\"}]},{\"@type\":\"WebSite\",\"@id\":\"https:\\\/\\\/www.article-marketing.eu\\\/comunicatistampa\\\/#website\",\"url\":\"https:\\\/\\\/www.article-marketing.eu\\\/comunicatistampa\\\/\",\"name\":\"Article Marketing\",\"description\":\"article marketing &amp; press release\",\"potentialAction\":[{\"@type\":\"SearchAction\",\"target\":{\"@type\":\"EntryPoint\",\"urlTemplate\":\"https:\\\/\\\/www.article-marketing.eu\\\/comunicatistampa\\\/?s={search_term_string}\"},\"query-input\":{\"@type\":\"PropertyValueSpecification\",\"valueRequired\":true,\"valueName\":\"search_term_string\"}}],\"inLanguage\":\"it-IT\"},{\"@type\":\"Person\",\"@id\":\"https:\\\/\\\/www.article-marketing.eu\\\/comunicatistampa\\\/#\\\/schema\\\/person\\\/e671b60aab591381d585023cd318a080\",\"name\":\"glofficeprnews\",\"image\":{\"@type\":\"ImageObject\",\"inLanguage\":\"it-IT\",\"@id\":\"https:\\\/\\\/secure.gravatar.com\\\/avatar\\\/8c63f677859ecaebf1cc4c53ba163fd5a5836461425fd7fc8231273fff4dfb68?s=96&d=mm&r=g\",\"url\":\"https:\\\/\\\/secure.gravatar.com\\\/avatar\\\/8c63f677859ecaebf1cc4c53ba163fd5a5836461425fd7fc8231273fff4dfb68?s=96&d=mm&r=g\",\"contentUrl\":\"https:\\\/\\\/secure.gravatar.com\\\/avatar\\\/8c63f677859ecaebf1cc4c53ba163fd5a5836461425fd7fc8231273fff4dfb68?s=96&d=mm&r=g\",\"caption\":\"glofficeprnews\"},\"url\":\"https:\\\/\\\/www.article-marketing.eu\\\/comunicatistampa\\\/author\\\/glofficeprnews\\\/\"}]}<\/script>\n<!-- \/ Yoast SEO plugin. -->","yoast_head_json":{"title":"Manutenzione Alitalia, intesa raggiunta: ora il ramo appartiene ad Atitech di Gianni Lettieri","robots":{"index":"index","follow":"follow","max-snippet":"max-snippet:-1","max-image-preview":"max-image-preview:large","max-video-preview":"max-video-preview:-1"},"canonical":"https:\/\/www.article-marketing.eu\/comunicatistampa\/manutenzione-alitalia-intesa-raggiunta-ora-il-ramo-appartiene-ad-atitech-di-gianni-lettieri\/","og_locale":"it_IT","og_type":"article","og_title":"Manutenzione Alitalia, intesa raggiunta: ora il ramo appartiene ad Atitech di Gianni Lettieri","og_description":"Gianni Lettieri: hub di Capodichino e Fiumicino strategici per riportare in Italia i principali player del settore. Cosa prevede l\u2019accordo siglato tra l\u2019azienda guidata da Gianni Lettieri e i commissari Alitalia Dopo una trattativa durata oltre sei mesi si \u00e8 concluso l\u2019iter di cessione dell\u2019ex ramo maintenance Alitalia. Il complesso di Fiumicino e i suoi lavoratori, adesso passano ufficialmente ad Atitech, l\u2019azienda guidata da Gianni Lettieri con sede a CapodichinoContinue reading...","og_url":"https:\/\/www.article-marketing.eu\/comunicatistampa\/manutenzione-alitalia-intesa-raggiunta-ora-il-ramo-appartiene-ad-atitech-di-gianni-lettieri\/","og_site_name":"Article Marketing","article_published_time":"2022-12-29T22:32:32+00:00","og_image":[{"url":"https:\/\/citynews-napolitoday.stgy.ovh\/~media\/horizontal-hi\/48092090827891\/whatsapp-image-2022-09-02-at-15-41-18-2.jpeg","type":"","width":"","height":""}],"author":"glofficeprnews","twitter_card":"summary_large_image","twitter_misc":{"Scritto da":"glofficeprnews","Tempo di lettura stimato":"3 minuti"},"schema":{"@context":"https:\/\/schema.org","@graph":[{"@type":"Article","@id":"https:\/\/www.article-marketing.eu\/comunicatistampa\/manutenzione-alitalia-intesa-raggiunta-ora-il-ramo-appartiene-ad-atitech-di-gianni-lettieri\/#article","isPartOf":{"@id":"https:\/\/www.article-marketing.eu\/comunicatistampa\/manutenzione-alitalia-intesa-raggiunta-ora-il-ramo-appartiene-ad-atitech-di-gianni-lettieri\/"},"author":{"name":"glofficeprnews","@id":"https:\/\/www.article-marketing.eu\/comunicatistampa\/#\/schema\/person\/e671b60aab591381d585023cd318a080"},"headline":"Manutenzione Alitalia, intesa raggiunta: ora il ramo appartiene ad Atitech di Gianni Lettieri","datePublished":"2022-12-29T22:32:32+00:00","mainEntityOfPage":{"@id":"https:\/\/www.article-marketing.eu\/comunicatistampa\/manutenzione-alitalia-intesa-raggiunta-ora-il-ramo-appartiene-ad-atitech-di-gianni-lettieri\/"},"wordCount":415,"commentCount":0,"image":{"@id":"https:\/\/www.article-marketing.eu\/comunicatistampa\/manutenzione-alitalia-intesa-raggiunta-ora-il-ramo-appartiene-ad-atitech-di-gianni-lettieri\/#primaryimage"},"thumbnailUrl":"https:\/\/citynews-napolitoday.stgy.ovh\/~media\/horizontal-hi\/48092090827891\/whatsapp-image-2022-09-02-at-15-41-18-2.jpeg","keywords":["Gianni Lettieri"],"articleSection":["Economia e lavoro"],"inLanguage":"it-IT","potentialAction":[{"@type":"CommentAction","name":"Comment","target":["https:\/\/www.article-marketing.eu\/comunicatistampa\/manutenzione-alitalia-intesa-raggiunta-ora-il-ramo-appartiene-ad-atitech-di-gianni-lettieri\/#respond"]}]},{"@type":"WebPage","@id":"https:\/\/www.article-marketing.eu\/comunicatistampa\/manutenzione-alitalia-intesa-raggiunta-ora-il-ramo-appartiene-ad-atitech-di-gianni-lettieri\/","url":"https:\/\/www.article-marketing.eu\/comunicatistampa\/manutenzione-alitalia-intesa-raggiunta-ora-il-ramo-appartiene-ad-atitech-di-gianni-lettieri\/","name":"Manutenzione Alitalia, intesa raggiunta: ora il ramo appartiene ad Atitech di Gianni Lettieri","isPartOf":{"@id":"https:\/\/www.article-marketing.eu\/comunicatistampa\/#website"},"primaryImageOfPage":{"@id":"https:\/\/www.article-marketing.eu\/comunicatistampa\/manutenzione-alitalia-intesa-raggiunta-ora-il-ramo-appartiene-ad-atitech-di-gianni-lettieri\/#primaryimage"},"image":{"@id":"https:\/\/www.article-marketing.eu\/comunicatistampa\/manutenzione-alitalia-intesa-raggiunta-ora-il-ramo-appartiene-ad-atitech-di-gianni-lettieri\/#primaryimage"},"thumbnailUrl":"https:\/\/citynews-napolitoday.stgy.ovh\/~media\/horizontal-hi\/48092090827891\/whatsapp-image-2022-09-02-at-15-41-18-2.jpeg","datePublished":"2022-12-29T22:32:32+00:00","author":{"@id":"https:\/\/www.article-marketing.eu\/comunicatistampa\/#\/schema\/person\/e671b60aab591381d585023cd318a080"},"breadcrumb":{"@id":"https:\/\/www.article-marketing.eu\/comunicatistampa\/manutenzione-alitalia-intesa-raggiunta-ora-il-ramo-appartiene-ad-atitech-di-gianni-lettieri\/#breadcrumb"},"inLanguage":"it-IT","potentialAction":[{"@type":"ReadAction","target":["https:\/\/www.article-marketing.eu\/comunicatistampa\/manutenzione-alitalia-intesa-raggiunta-ora-il-ramo-appartiene-ad-atitech-di-gianni-lettieri\/"]}]},{"@type":"ImageObject","inLanguage":"it-IT","@id":"https:\/\/www.article-marketing.eu\/comunicatistampa\/manutenzione-alitalia-intesa-raggiunta-ora-il-ramo-appartiene-ad-atitech-di-gianni-lettieri\/#primaryimage","url":"https:\/\/citynews-napolitoday.stgy.ovh\/~media\/horizontal-hi\/48092090827891\/whatsapp-image-2022-09-02-at-15-41-18-2.jpeg","contentUrl":"https:\/\/citynews-napolitoday.stgy.ovh\/~media\/horizontal-hi\/48092090827891\/whatsapp-image-2022-09-02-at-15-41-18-2.jpeg"},{"@type":"BreadcrumbList","@id":"https:\/\/www.article-marketing.eu\/comunicatistampa\/manutenzione-alitalia-intesa-raggiunta-ora-il-ramo-appartiene-ad-atitech-di-gianni-lettieri\/#breadcrumb","itemListElement":[{"@type":"ListItem","position":1,"name":"Home","item":"https:\/\/www.article-marketing.eu\/comunicatistampa\/"},{"@type":"ListItem","position":2,"name":"Manutenzione Alitalia, intesa raggiunta: ora il ramo appartiene ad Atitech di Gianni Lettieri"}]},{"@type":"WebSite","@id":"https:\/\/www.article-marketing.eu\/comunicatistampa\/#website","url":"https:\/\/www.article-marketing.eu\/comunicatistampa\/","name":"Article Marketing","description":"article marketing &amp; press release","potentialAction":[{"@type":"SearchAction","target":{"@type":"EntryPoint","urlTemplate":"https:\/\/www.article-marketing.eu\/comunicatistampa\/?s={search_term_string}"},"query-input":{"@type":"PropertyValueSpecification","valueRequired":true,"valueName":"search_term_string"}}],"inLanguage":"it-IT"},{"@type":"Person","@id":"https:\/\/www.article-marketing.eu\/comunicatistampa\/#\/schema\/person\/e671b60aab591381d585023cd318a080","name":"glofficeprnews","image":{"@type":"ImageObject","inLanguage":"it-IT","@id":"https:\/\/secure.gravatar.com\/avatar\/8c63f677859ecaebf1cc4c53ba163fd5a5836461425fd7fc8231273fff4dfb68?s=96&d=mm&r=g","url":"https:\/\/secure.gravatar.com\/avatar\/8c63f677859ecaebf1cc4c53ba163fd5a5836461425fd7fc8231273fff4dfb68?s=96&d=mm&r=g","contentUrl":"https:\/\/secure.gravatar.com\/avatar\/8c63f677859ecaebf1cc4c53ba163fd5a5836461425fd7fc8231273fff4dfb68?s=96&d=mm&r=g","caption":"glofficeprnews"},"url":"https:\/\/www.article-marketing.eu\/comunicatistampa\/author\/glofficeprnews\/"}]}},"_links":{"self":[{"href":"https:\/\/www.article-marketing.eu\/comunicatistampa\/wp-json\/wp\/v2\/posts\/25854","targetHints":{"allow":["GET"]}}],"collection":[{"href":"https:\/\/www.article-marketing.eu\/comunicatistampa\/wp-json\/wp\/v2\/posts"}],"about":[{"href":"https:\/\/www.article-marketing.eu\/comunicatistampa\/wp-json\/wp\/v2\/types\/post"}],"author":[{"embeddable":true,"href":"https:\/\/www.article-marketing.eu\/comunicatistampa\/wp-json\/wp\/v2\/users\/7190"}],"replies":[{"embeddable":true,"href":"https:\/\/www.article-marketing.eu\/comunicatistampa\/wp-json\/wp\/v2\/comments?post=25854"}],"version-history":[{"count":2,"href":"https:\/\/www.article-marketing.eu\/comunicatistampa\/wp-json\/wp\/v2\/posts\/25854\/revisions"}],"predecessor-version":[{"id":25902,"href":"https:\/\/www.article-marketing.eu\/comunicatistampa\/wp-json\/wp\/v2\/posts\/25854\/revisions\/25902"}],"wp:attachment":[{"href":"https:\/\/www.article-marketing.eu\/comunicatistampa\/wp-json\/wp\/v2\/media?parent=25854"}],"wp:term":[{"taxonomy":"category","embeddable":true,"href":"https:\/\/www.article-marketing.eu\/comunicatistampa\/wp-json\/wp\/v2\/categories?post=25854"},{"taxonomy":"post_tag","embeddable":true,"href":"https:\/\/www.article-marketing.eu\/comunicatistampa\/wp-json\/wp\/v2\/tags?post=25854"}],"curies":[{"name":"wp","href":"https:\/\/api.w.org\/{rel}","templated":true}]}}