{"id":25858,"date":"2022-12-29T23:30:51","date_gmt":"2022-12-29T22:30:51","guid":{"rendered":"https:\/\/www.article-marketing.eu\/comunicatistampa\/?p=25858"},"modified":"2022-12-29T23:30:51","modified_gmt":"2022-12-29T22:30:51","slug":"stefano-donnarumma-terna-via-libera-da-commissione-europea-per-collegamento-italia-tunisia","status":"publish","type":"post","link":"https:\/\/www.article-marketing.eu\/comunicatistampa\/stefano-donnarumma-terna-via-libera-da-commissione-europea-per-collegamento-italia-tunisia\/","title":{"rendered":"Stefano Donnarumma (Terna): via libera da Commissione Europea per collegamento Italia &#8211; Tunisia"},"content":{"rendered":"<p><em><strong>Con un finanziamento di 307 milioni di euro, arriva il via libera dalla Commissione Europea per la nuova interconnessione elettrica di Terna tra l\u2019Italia e la Tunisia. L\u2019AD <a title=\"Stefano Donnarumma speech dell'AD di Terna\" href=\"https:\/\/www.youtube.com\/watch?v=Tbu9InBdAVc\">Stefano Donnarumma<\/a>: \u201cRealizzeremo un ponte tra l\u2019Africa e l\u2019Europa in un cotesto in cui l\u2019Italia, sempre di pi\u00f9, diviene hub energetico nel mediterraneo\u201d.<\/strong><\/em><\/p>\n<p><a title=\"Stefano Donnarumma AD di Terna \" href=\"https:\/\/www.youtube.com\/watch?v=Tbu9InBdAVc\"><img loading=\"lazy\" decoding=\"async\" src=\"https:\/\/www.topmanagers.it\/SharingFolder\/TopManager\/it\/ManagerProfilePhoto\/Photo\/stefano-donnarumma-terna-topmanagers.jpg\" alt=\"Stefano Donnarumma \" width=\"200\" height=\"158\" \/><\/a><\/p>\n<h2>Stefano Donnarumma: il finanziamento per il progetto di Terna<\/h2>\n<p>Il collegamento sottomarino richieder\u00e0 un investimento complessivo di 850 milioni di euro. Di questi, 307 milioni saranno finanziati attraverso Connecting Europe Facility (CEF), il fondo dell\u2019Unione europea destinato allo sviluppo di progetti volti al potenziamento delle infrastrutture energetiche comunitarie. <strong>Terna<\/strong>, insieme al gestore della rete elettrica tunisina STEG, realizzer\u00e0 un cavo sottomarino da 600 MW di potenza che per oltre 200 chilometri, e una profondit\u00e0 massima di 800 metri, collegher\u00e0 il continente europeo a quello africano. La nuova interconnessione giocher\u00e0 un ruolo fondamentale non solo per l\u2019integrazione dei mercati dell\u2019energia elettrica e per la sicurezza dell\u2019approvvigionamento energetico, ma anche per lo sviluppo della produzione di energia da fonti rinnovabili in Europa e Africa. Una volta attivo, il cavo sottomarino contribuir\u00e0 inoltre alla riduzione delle emissioni responsabili dell&#8217;alterazione climatica.<\/p>\n<h2>Stefano Donnarumma: il ruolo di hub elettrico dell\u2019Italia<\/h2>\n<p>\u201c<em>Grazie a questa opera<\/em> \u2013 ha dichiarato <a title=\"Stefano Donnarumma video Youtube \" href=\"https:\/\/www.youtube.com\/watch?v=Tbu9InBdAVc\">Stefano Donnarumma<\/a> \u2013 <em>l&#8217;Italia<\/em> <em>potr\u00e0 concretamente diventare un hub energetico del Mediterraneo<\/em>\u201d. \u00c8 la prima volta nella storia che i fondi comunitari CEF vengono assegnati a un\u2019opera infrastrutturale sviluppata in collaborazione tra uno Stato Membro e uno Stato Terzo. \u201c<em>Si tratta di una infrastruttura strategica per il nostro Paese e per l&#8217;Europa, che potr\u00e0 contribuire in maniera significativa all&#8217;indipendenza energetica, alla sicurezza del sistema elettrico e allo sviluppo delle fonti rinnovabili\u201d, <\/em>ha aggiunto l\u2019AD di <strong>Terna<\/strong>.<em> \u201cSiamo molto soddisfatti del finanziamento da parte della Commissione Europea &#8211; il primo mai assegnato a un progetto intercontinentale &#8211; che ha riconosciuto la valenza strategica del nostro progetto<\/em>\u201d. Il gestore della rete elettrica nazionale conta oggi un totale di 26 linee transfrontaliere gi\u00e0 attive: la nuova interconnessione tra Italia e Tunisia consentir\u00e0 pertanto al nostro Paese di rafforzare il ruolo di hub elettrico nel mediterraneo, diventando protagonista a livello internazionale.<\/p>\n","protected":false},"excerpt":{"rendered":"<p>Con un finanziamento di 307 milioni di euro, arriva il via libera dalla Commissione Europea per la nuova interconnessione elettrica di Terna tra l\u2019Italia e la Tunisia. L\u2019AD Stefano Donnarumma: \u201cRealizzeremo un ponte tra l\u2019Africa e l\u2019Europa in un cotesto in cui l\u2019Italia, sempre di pi\u00f9, diviene hub energetico nel mediterraneo\u201d. Stefano Donnarumma: il finanziamento per il progetto di Terna Il collegamento sottomarino richieder\u00e0 un investimento complessivo di 850 milioni<\/p>\n<p><a class=\"continue-reading\" href=\"https:\/\/www.article-marketing.eu\/comunicatistampa\/stefano-donnarumma-terna-via-libera-da-commissione-europea-per-collegamento-italia-tunisia\/\">Continue reading&#8230;<\/a><\/p>\n","protected":false},"author":7206,"featured_media":0,"comment_status":"open","ping_status":"open","sticky":false,"template":"","format":"standard","meta":{"_monsterinsights_skip_tracking":false,"_monsterinsights_sitenote_active":false,"_monsterinsights_sitenote_note":"","_monsterinsights_sitenote_category":0,"footnotes":""},"categories":[386],"tags":[9564,9563],"class_list":["post-25858","post","type-post","status-publish","format-standard","hentry","category-economia-e-lavoro","tag-stefano-donnarumma","tag-terna"],"yoast_head":"<!-- This site is optimized with the Yoast SEO plugin v27.3 - https:\/\/yoast.com\/product\/yoast-seo-wordpress\/ -->\n<title>Stefano Donnarumma (Terna): via libera da Commissione Europea per collegamento Italia - Tunisia<\/title>\n<meta name=\"robots\" content=\"index, follow, max-snippet:-1, max-image-preview:large, max-video-preview:-1\" \/>\n<link rel=\"canonical\" href=\"https:\/\/www.article-marketing.eu\/comunicatistampa\/stefano-donnarumma-terna-via-libera-da-commissione-europea-per-collegamento-italia-tunisia\/\" \/>\n<meta property=\"og:locale\" content=\"it_IT\" \/>\n<meta property=\"og:type\" content=\"article\" \/>\n<meta property=\"og:title\" content=\"Stefano Donnarumma (Terna): via libera da Commissione Europea per collegamento Italia - Tunisia\" \/>\n<meta property=\"og:description\" content=\"Con un finanziamento di 307 milioni di euro, arriva il via libera dalla Commissione Europea per la nuova interconnessione elettrica di Terna tra l\u2019Italia e la Tunisia. L\u2019AD Stefano Donnarumma: \u201cRealizzeremo un ponte tra l\u2019Africa e l\u2019Europa in un cotesto in cui l\u2019Italia, sempre di pi\u00f9, diviene hub energetico nel mediterraneo\u201d. Stefano Donnarumma: il finanziamento per il progetto di Terna Il collegamento sottomarino richieder\u00e0 un investimento complessivo di 850 milioniContinue reading...\" \/>\n<meta property=\"og:url\" content=\"https:\/\/www.article-marketing.eu\/comunicatistampa\/stefano-donnarumma-terna-via-libera-da-commissione-europea-per-collegamento-italia-tunisia\/\" \/>\n<meta property=\"og:site_name\" content=\"Article Marketing\" \/>\n<meta property=\"article:published_time\" content=\"2022-12-29T22:30:51+00:00\" \/>\n<meta property=\"og:image\" content=\"https:\/\/www.topmanagers.it\/SharingFolder\/TopManager\/it\/ManagerProfilePhoto\/Photo\/stefano-donnarumma-terna-topmanagers.jpg\" \/>\n<meta name=\"author\" content=\"pressreleaself\" \/>\n<meta name=\"twitter:card\" content=\"summary_large_image\" \/>\n<meta name=\"twitter:label1\" content=\"Scritto da\" \/>\n\t<meta name=\"twitter:data1\" content=\"pressreleaself\" \/>\n\t<meta name=\"twitter:label2\" content=\"Tempo di lettura stimato\" \/>\n\t<meta name=\"twitter:data2\" content=\"3 minuti\" \/>\n<script type=\"application\/ld+json\" class=\"yoast-schema-graph\">{\"@context\":\"https:\\\/\\\/schema.org\",\"@graph\":[{\"@type\":\"Article\",\"@id\":\"https:\\\/\\\/www.article-marketing.eu\\\/comunicatistampa\\\/stefano-donnarumma-terna-via-libera-da-commissione-europea-per-collegamento-italia-tunisia\\\/#article\",\"isPartOf\":{\"@id\":\"https:\\\/\\\/www.article-marketing.eu\\\/comunicatistampa\\\/stefano-donnarumma-terna-via-libera-da-commissione-europea-per-collegamento-italia-tunisia\\\/\"},\"author\":{\"name\":\"pressreleaself\",\"@id\":\"https:\\\/\\\/www.article-marketing.eu\\\/comunicatistampa\\\/#\\\/schema\\\/person\\\/e12b1bc04ee2394a2e51cf979ebbbbb6\"},\"headline\":\"Stefano Donnarumma (Terna): via libera da Commissione Europea per collegamento Italia &#8211; Tunisia\",\"datePublished\":\"2022-12-29T22:30:51+00:00\",\"mainEntityOfPage\":{\"@id\":\"https:\\\/\\\/www.article-marketing.eu\\\/comunicatistampa\\\/stefano-donnarumma-terna-via-libera-da-commissione-europea-per-collegamento-italia-tunisia\\\/\"},\"wordCount\":365,\"commentCount\":0,\"image\":{\"@id\":\"https:\\\/\\\/www.article-marketing.eu\\\/comunicatistampa\\\/stefano-donnarumma-terna-via-libera-da-commissione-europea-per-collegamento-italia-tunisia\\\/#primaryimage\"},\"thumbnailUrl\":\"https:\\\/\\\/www.topmanagers.it\\\/SharingFolder\\\/TopManager\\\/it\\\/ManagerProfilePhoto\\\/Photo\\\/stefano-donnarumma-terna-topmanagers.jpg\",\"keywords\":[\"Stefano Donnarumma\",\"Terna\"],\"articleSection\":[\"Economia e lavoro\"],\"inLanguage\":\"it-IT\",\"potentialAction\":[{\"@type\":\"CommentAction\",\"name\":\"Comment\",\"target\":[\"https:\\\/\\\/www.article-marketing.eu\\\/comunicatistampa\\\/stefano-donnarumma-terna-via-libera-da-commissione-europea-per-collegamento-italia-tunisia\\\/#respond\"]}]},{\"@type\":\"WebPage\",\"@id\":\"https:\\\/\\\/www.article-marketing.eu\\\/comunicatistampa\\\/stefano-donnarumma-terna-via-libera-da-commissione-europea-per-collegamento-italia-tunisia\\\/\",\"url\":\"https:\\\/\\\/www.article-marketing.eu\\\/comunicatistampa\\\/stefano-donnarumma-terna-via-libera-da-commissione-europea-per-collegamento-italia-tunisia\\\/\",\"name\":\"Stefano Donnarumma (Terna): via libera da Commissione Europea per collegamento Italia - Tunisia\",\"isPartOf\":{\"@id\":\"https:\\\/\\\/www.article-marketing.eu\\\/comunicatistampa\\\/#website\"},\"primaryImageOfPage\":{\"@id\":\"https:\\\/\\\/www.article-marketing.eu\\\/comunicatistampa\\\/stefano-donnarumma-terna-via-libera-da-commissione-europea-per-collegamento-italia-tunisia\\\/#primaryimage\"},\"image\":{\"@id\":\"https:\\\/\\\/www.article-marketing.eu\\\/comunicatistampa\\\/stefano-donnarumma-terna-via-libera-da-commissione-europea-per-collegamento-italia-tunisia\\\/#primaryimage\"},\"thumbnailUrl\":\"https:\\\/\\\/www.topmanagers.it\\\/SharingFolder\\\/TopManager\\\/it\\\/ManagerProfilePhoto\\\/Photo\\\/stefano-donnarumma-terna-topmanagers.jpg\",\"datePublished\":\"2022-12-29T22:30:51+00:00\",\"author\":{\"@id\":\"https:\\\/\\\/www.article-marketing.eu\\\/comunicatistampa\\\/#\\\/schema\\\/person\\\/e12b1bc04ee2394a2e51cf979ebbbbb6\"},\"breadcrumb\":{\"@id\":\"https:\\\/\\\/www.article-marketing.eu\\\/comunicatistampa\\\/stefano-donnarumma-terna-via-libera-da-commissione-europea-per-collegamento-italia-tunisia\\\/#breadcrumb\"},\"inLanguage\":\"it-IT\",\"potentialAction\":[{\"@type\":\"ReadAction\",\"target\":[\"https:\\\/\\\/www.article-marketing.eu\\\/comunicatistampa\\\/stefano-donnarumma-terna-via-libera-da-commissione-europea-per-collegamento-italia-tunisia\\\/\"]}]},{\"@type\":\"ImageObject\",\"inLanguage\":\"it-IT\",\"@id\":\"https:\\\/\\\/www.article-marketing.eu\\\/comunicatistampa\\\/stefano-donnarumma-terna-via-libera-da-commissione-europea-per-collegamento-italia-tunisia\\\/#primaryimage\",\"url\":\"https:\\\/\\\/www.topmanagers.it\\\/SharingFolder\\\/TopManager\\\/it\\\/ManagerProfilePhoto\\\/Photo\\\/stefano-donnarumma-terna-topmanagers.jpg\",\"contentUrl\":\"https:\\\/\\\/www.topmanagers.it\\\/SharingFolder\\\/TopManager\\\/it\\\/ManagerProfilePhoto\\\/Photo\\\/stefano-donnarumma-terna-topmanagers.jpg\"},{\"@type\":\"BreadcrumbList\",\"@id\":\"https:\\\/\\\/www.article-marketing.eu\\\/comunicatistampa\\\/stefano-donnarumma-terna-via-libera-da-commissione-europea-per-collegamento-italia-tunisia\\\/#breadcrumb\",\"itemListElement\":[{\"@type\":\"ListItem\",\"position\":1,\"name\":\"Home\",\"item\":\"https:\\\/\\\/www.article-marketing.eu\\\/comunicatistampa\\\/\"},{\"@type\":\"ListItem\",\"position\":2,\"name\":\"Stefano Donnarumma (Terna): via libera da Commissione Europea per collegamento Italia &#8211; Tunisia\"}]},{\"@type\":\"WebSite\",\"@id\":\"https:\\\/\\\/www.article-marketing.eu\\\/comunicatistampa\\\/#website\",\"url\":\"https:\\\/\\\/www.article-marketing.eu\\\/comunicatistampa\\\/\",\"name\":\"Article Marketing\",\"description\":\"article marketing &amp; press release\",\"potentialAction\":[{\"@type\":\"SearchAction\",\"target\":{\"@type\":\"EntryPoint\",\"urlTemplate\":\"https:\\\/\\\/www.article-marketing.eu\\\/comunicatistampa\\\/?s={search_term_string}\"},\"query-input\":{\"@type\":\"PropertyValueSpecification\",\"valueRequired\":true,\"valueName\":\"search_term_string\"}}],\"inLanguage\":\"it-IT\"},{\"@type\":\"Person\",\"@id\":\"https:\\\/\\\/www.article-marketing.eu\\\/comunicatistampa\\\/#\\\/schema\\\/person\\\/e12b1bc04ee2394a2e51cf979ebbbbb6\",\"name\":\"pressreleaself\",\"image\":{\"@type\":\"ImageObject\",\"inLanguage\":\"it-IT\",\"@id\":\"https:\\\/\\\/secure.gravatar.com\\\/avatar\\\/58b2e897ca1b290b3c87ba2112be22b2d12e7af8fea0975d839430be1249d1a3?s=96&d=mm&r=g\",\"url\":\"https:\\\/\\\/secure.gravatar.com\\\/avatar\\\/58b2e897ca1b290b3c87ba2112be22b2d12e7af8fea0975d839430be1249d1a3?s=96&d=mm&r=g\",\"contentUrl\":\"https:\\\/\\\/secure.gravatar.com\\\/avatar\\\/58b2e897ca1b290b3c87ba2112be22b2d12e7af8fea0975d839430be1249d1a3?s=96&d=mm&r=g\",\"caption\":\"pressreleaself\"},\"url\":\"https:\\\/\\\/www.article-marketing.eu\\\/comunicatistampa\\\/author\\\/pressreleaself\\\/\"}]}<\/script>\n<!-- \/ Yoast SEO plugin. -->","yoast_head_json":{"title":"Stefano Donnarumma (Terna): via libera da Commissione Europea per collegamento Italia - Tunisia","robots":{"index":"index","follow":"follow","max-snippet":"max-snippet:-1","max-image-preview":"max-image-preview:large","max-video-preview":"max-video-preview:-1"},"canonical":"https:\/\/www.article-marketing.eu\/comunicatistampa\/stefano-donnarumma-terna-via-libera-da-commissione-europea-per-collegamento-italia-tunisia\/","og_locale":"it_IT","og_type":"article","og_title":"Stefano Donnarumma (Terna): via libera da Commissione Europea per collegamento Italia - Tunisia","og_description":"Con un finanziamento di 307 milioni di euro, arriva il via libera dalla Commissione Europea per la nuova interconnessione elettrica di Terna tra l\u2019Italia e la Tunisia. L\u2019AD Stefano Donnarumma: \u201cRealizzeremo un ponte tra l\u2019Africa e l\u2019Europa in un cotesto in cui l\u2019Italia, sempre di pi\u00f9, diviene hub energetico nel mediterraneo\u201d. Stefano Donnarumma: il finanziamento per il progetto di Terna Il collegamento sottomarino richieder\u00e0 un investimento complessivo di 850 milioniContinue reading...","og_url":"https:\/\/www.article-marketing.eu\/comunicatistampa\/stefano-donnarumma-terna-via-libera-da-commissione-europea-per-collegamento-italia-tunisia\/","og_site_name":"Article Marketing","article_published_time":"2022-12-29T22:30:51+00:00","og_image":[{"url":"https:\/\/www.topmanagers.it\/SharingFolder\/TopManager\/it\/ManagerProfilePhoto\/Photo\/stefano-donnarumma-terna-topmanagers.jpg","type":"","width":"","height":""}],"author":"pressreleaself","twitter_card":"summary_large_image","twitter_misc":{"Scritto da":"pressreleaself","Tempo di lettura stimato":"3 minuti"},"schema":{"@context":"https:\/\/schema.org","@graph":[{"@type":"Article","@id":"https:\/\/www.article-marketing.eu\/comunicatistampa\/stefano-donnarumma-terna-via-libera-da-commissione-europea-per-collegamento-italia-tunisia\/#article","isPartOf":{"@id":"https:\/\/www.article-marketing.eu\/comunicatistampa\/stefano-donnarumma-terna-via-libera-da-commissione-europea-per-collegamento-italia-tunisia\/"},"author":{"name":"pressreleaself","@id":"https:\/\/www.article-marketing.eu\/comunicatistampa\/#\/schema\/person\/e12b1bc04ee2394a2e51cf979ebbbbb6"},"headline":"Stefano Donnarumma (Terna): via libera da Commissione Europea per collegamento Italia &#8211; Tunisia","datePublished":"2022-12-29T22:30:51+00:00","mainEntityOfPage":{"@id":"https:\/\/www.article-marketing.eu\/comunicatistampa\/stefano-donnarumma-terna-via-libera-da-commissione-europea-per-collegamento-italia-tunisia\/"},"wordCount":365,"commentCount":0,"image":{"@id":"https:\/\/www.article-marketing.eu\/comunicatistampa\/stefano-donnarumma-terna-via-libera-da-commissione-europea-per-collegamento-italia-tunisia\/#primaryimage"},"thumbnailUrl":"https:\/\/www.topmanagers.it\/SharingFolder\/TopManager\/it\/ManagerProfilePhoto\/Photo\/stefano-donnarumma-terna-topmanagers.jpg","keywords":["Stefano Donnarumma","Terna"],"articleSection":["Economia e lavoro"],"inLanguage":"it-IT","potentialAction":[{"@type":"CommentAction","name":"Comment","target":["https:\/\/www.article-marketing.eu\/comunicatistampa\/stefano-donnarumma-terna-via-libera-da-commissione-europea-per-collegamento-italia-tunisia\/#respond"]}]},{"@type":"WebPage","@id":"https:\/\/www.article-marketing.eu\/comunicatistampa\/stefano-donnarumma-terna-via-libera-da-commissione-europea-per-collegamento-italia-tunisia\/","url":"https:\/\/www.article-marketing.eu\/comunicatistampa\/stefano-donnarumma-terna-via-libera-da-commissione-europea-per-collegamento-italia-tunisia\/","name":"Stefano Donnarumma (Terna): via libera da Commissione Europea per collegamento Italia - Tunisia","isPartOf":{"@id":"https:\/\/www.article-marketing.eu\/comunicatistampa\/#website"},"primaryImageOfPage":{"@id":"https:\/\/www.article-marketing.eu\/comunicatistampa\/stefano-donnarumma-terna-via-libera-da-commissione-europea-per-collegamento-italia-tunisia\/#primaryimage"},"image":{"@id":"https:\/\/www.article-marketing.eu\/comunicatistampa\/stefano-donnarumma-terna-via-libera-da-commissione-europea-per-collegamento-italia-tunisia\/#primaryimage"},"thumbnailUrl":"https:\/\/www.topmanagers.it\/SharingFolder\/TopManager\/it\/ManagerProfilePhoto\/Photo\/stefano-donnarumma-terna-topmanagers.jpg","datePublished":"2022-12-29T22:30:51+00:00","author":{"@id":"https:\/\/www.article-marketing.eu\/comunicatistampa\/#\/schema\/person\/e12b1bc04ee2394a2e51cf979ebbbbb6"},"breadcrumb":{"@id":"https:\/\/www.article-marketing.eu\/comunicatistampa\/stefano-donnarumma-terna-via-libera-da-commissione-europea-per-collegamento-italia-tunisia\/#breadcrumb"},"inLanguage":"it-IT","potentialAction":[{"@type":"ReadAction","target":["https:\/\/www.article-marketing.eu\/comunicatistampa\/stefano-donnarumma-terna-via-libera-da-commissione-europea-per-collegamento-italia-tunisia\/"]}]},{"@type":"ImageObject","inLanguage":"it-IT","@id":"https:\/\/www.article-marketing.eu\/comunicatistampa\/stefano-donnarumma-terna-via-libera-da-commissione-europea-per-collegamento-italia-tunisia\/#primaryimage","url":"https:\/\/www.topmanagers.it\/SharingFolder\/TopManager\/it\/ManagerProfilePhoto\/Photo\/stefano-donnarumma-terna-topmanagers.jpg","contentUrl":"https:\/\/www.topmanagers.it\/SharingFolder\/TopManager\/it\/ManagerProfilePhoto\/Photo\/stefano-donnarumma-terna-topmanagers.jpg"},{"@type":"BreadcrumbList","@id":"https:\/\/www.article-marketing.eu\/comunicatistampa\/stefano-donnarumma-terna-via-libera-da-commissione-europea-per-collegamento-italia-tunisia\/#breadcrumb","itemListElement":[{"@type":"ListItem","position":1,"name":"Home","item":"https:\/\/www.article-marketing.eu\/comunicatistampa\/"},{"@type":"ListItem","position":2,"name":"Stefano Donnarumma (Terna): via libera da Commissione Europea per collegamento Italia &#8211; Tunisia"}]},{"@type":"WebSite","@id":"https:\/\/www.article-marketing.eu\/comunicatistampa\/#website","url":"https:\/\/www.article-marketing.eu\/comunicatistampa\/","name":"Article Marketing","description":"article marketing &amp; press release","potentialAction":[{"@type":"SearchAction","target":{"@type":"EntryPoint","urlTemplate":"https:\/\/www.article-marketing.eu\/comunicatistampa\/?s={search_term_string}"},"query-input":{"@type":"PropertyValueSpecification","valueRequired":true,"valueName":"search_term_string"}}],"inLanguage":"it-IT"},{"@type":"Person","@id":"https:\/\/www.article-marketing.eu\/comunicatistampa\/#\/schema\/person\/e12b1bc04ee2394a2e51cf979ebbbbb6","name":"pressreleaself","image":{"@type":"ImageObject","inLanguage":"it-IT","@id":"https:\/\/secure.gravatar.com\/avatar\/58b2e897ca1b290b3c87ba2112be22b2d12e7af8fea0975d839430be1249d1a3?s=96&d=mm&r=g","url":"https:\/\/secure.gravatar.com\/avatar\/58b2e897ca1b290b3c87ba2112be22b2d12e7af8fea0975d839430be1249d1a3?s=96&d=mm&r=g","contentUrl":"https:\/\/secure.gravatar.com\/avatar\/58b2e897ca1b290b3c87ba2112be22b2d12e7af8fea0975d839430be1249d1a3?s=96&d=mm&r=g","caption":"pressreleaself"},"url":"https:\/\/www.article-marketing.eu\/comunicatistampa\/author\/pressreleaself\/"}]}},"_links":{"self":[{"href":"https:\/\/www.article-marketing.eu\/comunicatistampa\/wp-json\/wp\/v2\/posts\/25858","targetHints":{"allow":["GET"]}}],"collection":[{"href":"https:\/\/www.article-marketing.eu\/comunicatistampa\/wp-json\/wp\/v2\/posts"}],"about":[{"href":"https:\/\/www.article-marketing.eu\/comunicatistampa\/wp-json\/wp\/v2\/types\/post"}],"author":[{"embeddable":true,"href":"https:\/\/www.article-marketing.eu\/comunicatistampa\/wp-json\/wp\/v2\/users\/7206"}],"replies":[{"embeddable":true,"href":"https:\/\/www.article-marketing.eu\/comunicatistampa\/wp-json\/wp\/v2\/comments?post=25858"}],"version-history":[{"count":2,"href":"https:\/\/www.article-marketing.eu\/comunicatistampa\/wp-json\/wp\/v2\/posts\/25858\/revisions"}],"predecessor-version":[{"id":25896,"href":"https:\/\/www.article-marketing.eu\/comunicatistampa\/wp-json\/wp\/v2\/posts\/25858\/revisions\/25896"}],"wp:attachment":[{"href":"https:\/\/www.article-marketing.eu\/comunicatistampa\/wp-json\/wp\/v2\/media?parent=25858"}],"wp:term":[{"taxonomy":"category","embeddable":true,"href":"https:\/\/www.article-marketing.eu\/comunicatistampa\/wp-json\/wp\/v2\/categories?post=25858"},{"taxonomy":"post_tag","embeddable":true,"href":"https:\/\/www.article-marketing.eu\/comunicatistampa\/wp-json\/wp\/v2\/tags?post=25858"}],"curies":[{"name":"wp","href":"https:\/\/api.w.org\/{rel}","templated":true}]}}