{"id":25860,"date":"2023-01-02T16:07:19","date_gmt":"2023-01-02T15:07:19","guid":{"rendered":"https:\/\/www.article-marketing.eu\/comunicatistampa\/?p=25860"},"modified":"2023-01-02T16:07:19","modified_gmt":"2023-01-02T15:07:19","slug":"al-san-giovanni-di-dio-e-ruggi-daragona-di-salerno-un-protocollo-terapeutico-assistenziale-per-i-pazienti-affetti-da-emoglobinopatie","status":"publish","type":"post","link":"https:\/\/www.article-marketing.eu\/comunicatistampa\/al-san-giovanni-di-dio-e-ruggi-daragona-di-salerno-un-protocollo-terapeutico-assistenziale-per-i-pazienti-affetti-da-emoglobinopatie\/","title":{"rendered":"Al \u201cSan Giovanni di Dio e Ruggi d\u2019Aragona\u201d di Salerno un Protocollo Terapeutico Assistenziale per i pazienti affetti da emoglobinopatie"},"content":{"rendered":"<p><i>Per Salvatrice Bacco, presidente dell&#8217;Associazione Thalassemici del salernitano &#8220;Vivere&#8221; lo strumento adottato dalla Direzione Generale della Azienda Ospedaliera Universitaria rappresenta un risultato importante e atteso, dopo anni di segnalazioni.\u00a0<\/i><\/p>\n<p><img decoding=\"async\" class=\"alignleft\" src=\"https:\/\/blogger.googleusercontent.com\/img\/a\/AVvXsEg5yLhR1LVH_X_CcPh-YV7uXMKBEo7ciQzRipUnrWf4p08nz0uULcnBjkjbhF5z0_BRzHs_jW-A1X9IXe4FvzpRfoPQcal4VZvdi6pReIfyjLWlRksKlfkV9DpfV2zIdd1xc3q-uhyhscyjXh74zOnq6XS1B9mci7g0XPhoPn01SUD51rZ1WOkFd4huJw=s320\" alt=\"\" \/><\/p>\n<div>Salerno \u2013 Con deliberazione n. 797 del 7 dicembre scorso, il direttore generale dell&#8217;Azienda Ospedaliera Universitaria &#8220;San Giovanni di Dio e Ruggi d&#8217;Aragona&#8221;, Vincenzo D&#8217;Amato, ha adottato il Protocollo Terapeutico Assistenziale (PTA) per le Emoglobinopatie. Un risultato importante e atteso, questo, per i pazienti affetti da alterazioni ematologiche che, dopo la soppressione dell&#8217;Unit\u00e0 Operativa Semplice dedicata (2016) e ancor pi\u00f9 durante l&#8217;emergenza Covid, avevano visto ridursi l&#8217;attenzione alla cura, i controlli e persino il personale disponibile nel Day Hospital trasfusionale.<a name=\"more\"><\/a><\/div>\n<div><\/div>\n<div>\n<p>&#8220;Desidero ringraziare il direttore generale Vincenzo D&#8217;Amato e il direttore sanitario Anna Emilia Vozzella del &#8220;San Giovanni di Dio e Ruggi d&#8217;Aragona&#8221; &#8211; \u00a0dichiara Salvatrice Bacco, presidente dell&#8217;Associazione Thalassemici del salernitano &#8220;Vivere&#8221;, aderente alla United Onlus Federazione Italiana delle Thalassemie, Emoglobinopatie Rare e Drepanocitosi \u2013 per aver recepito le richieste dell&#8217;associazione e averle tradotte in uno strumento di gestione clinica che definisce finalmente un pi\u00f9 accurato livello di assistenza per i pazienti con talassemie ed emoglobinopatie. La Direzione Generale si \u00e8 attivata subito, fin dalle prime segnalazioni, per \u00a0dare risposte efficaci e migliorare la qualit\u00e0 dei servizi gi\u00e0 nelle more dell&#8217;adozione della deliberazione ufficiale&#8221;.<\/p>\n<p>&#8220;Le nostre segnalazioni \u2013 prosegue Salvatrice Bacco \u2013 sono iniziate gi\u00e0 prima dell&#8217;emergenza Covid. Da quando, cio\u00e8, abbiamo cominciato a trovare l&#8217;ambulatorio per la trasfusione vuoto, senza n\u00e9 medici n\u00e9 infermieri. Solo suonando un campanello potevamo richiamare l&#8217;attenzione del personale di turno, proveniente da altre aree del reparto. Fin dal 2017 abbiamo chiesto di rinnovare le poltrone da trasfusione, vecchie e scomode, risalenti agli anni Ottanta. Il nostro ambulatorio si trova in un&#8217;area che, a differenza delle altre aree dello stesso reparto, non \u00e8 stata ristrutturata nel corso degli anni. Abbiamo anche chiesto un&#8217;area di parcheggio riservata in prossimit\u00e0 dell&#8217;ambulatorio, date le nostre condizioni fisiche subito dopo la terapia. Ai problemi strutturali, se ne sono aggiunti altri contingenti durante l&#8217;emergenza Covid. Sono stati sospesi i controlli periodici relativi alle comorbit\u00e0 e alle complicanze. E questo ci ha molto allarmati. Da qui l&#8217;importanza di uno strumento come il PTA, per il quale esprimiamo riconoscenza e gratitudine al dottor Vincenzo D&#8217;Amato, alla dottoressa Anna Emilia Vozzella e al gruppo di lavoro che ha stilato il documento&#8221;.<\/p>\n<p>Il PTA per la presa in carico dei pazienti affetti da emoglobinopatie definisce con chiarezza gli obiettivi, i ruoli e gli ambiti di intervento, garantendo la riproducibilit\u00e0 e l&#8217;uniformit\u00e0 delle prestazioni erogate. In base a tale strumento, l&#8217;Azienda Ospedaliera si impegna a fornire un&#8217;ottimale organizzazione del percorso assistenziale, con personale medico-infermieristico dedicato, a implementare l&#8217;attivit\u00e0 di auditing periodico sia clinico che organizzativo e a fornire un calendario delle disponibilit\u00e0 per le visite semestrali con gli specialisti collegati al fine di identificare per tempo le complicanze della malattia e gli effetti collaterali dovuti alle terapie. Il documento, inoltre, prevede l&#8217;apertura alle nuove terapie approvate dall&#8217;AIFA. Attraverso il PTA, inoltre, il &#8220;San Giovanni di Dio e Ruggi d&#8217;Aragona&#8221; pu\u00f2 attrarre anche quei pazienti con emoglobinopatie \u2013 un centinaio nella provincia di Salerno \u2013 che in atto si recano in laboratori trasfusionali con livelli di assistenza meno elevati.<\/p>\n<p>&#8220;Siamo soddisfatti per questo risultato \u2013 conclude la presidente dell&#8217;Associazione Thalassemici del salernitano &#8220;Vivere&#8221; &#8211; Ci auguriamo ora che sia data piena e concreta attuazione a quanto previsto dal PTA, soprattutto per ci\u00f2 che riguarda l&#8217;assegnazione di personale medico-infermieristico dedicato, che ad oggi non \u00e8 ancora avvenuta. In un&#8217;ottica di crescente miglioramento della qualit\u00e0 delle prestazioni, auspichiamo che l&#8217;attenzione sui pazienti affetti da emoglobinopatie resti alta e che nel tempo si possa tornare a riaprire una UOS dedicata, magari con il rinnovo dei locali e parcheggi riservati. A Salerno, per fortuna, non si verificano le carenze stagionali di sangue che sussistono in altre realt\u00e0 e di questo siamo grati ai donatori che ci permettono di continuare a vivere. Ci preoccupa, invece, il fatto che a causa del collocamento a riposo per limiti di et\u00e0 del personale che ci ha seguiti in questi anni si possa determinare una discontinuit\u00e0 nell&#8217;assistenza. Ci auguriamo che la responsabile del Day Hospital Elisa De Michele e i suoi collaboratori possano essere affiancati da nuovo personale da formare per favorire un graduale travaso delle competenze e delle conoscenze&#8221;.<\/p>\n<\/div>\n","protected":false},"excerpt":{"rendered":"<p>Per Salvatrice Bacco, presidente dell&#8217;Associazione Thalassemici del salernitano &#8220;Vivere&#8221; lo strumento adottato dalla Direzione Generale della Azienda Ospedaliera Universitaria rappresenta un risultato importante e atteso, dopo anni di segnalazioni.\u00a0 Salerno \u2013 Con deliberazione n. 797 del 7 dicembre scorso, il direttore generale dell&#8217;Azienda Ospedaliera Universitaria &#8220;San Giovanni di Dio e Ruggi d&#8217;Aragona&#8221;, Vincenzo D&#8217;Amato, ha adottato il Protocollo Terapeutico Assistenziale (PTA) per le Emoglobinopatie. Un risultato importante e atteso, questo,<\/p>\n<p><a class=\"continue-reading\" href=\"https:\/\/www.article-marketing.eu\/comunicatistampa\/al-san-giovanni-di-dio-e-ruggi-daragona-di-salerno-un-protocollo-terapeutico-assistenziale-per-i-pazienti-affetti-da-emoglobinopatie\/\">Continue reading&#8230;<\/a><\/p>\n","protected":false},"author":920,"featured_media":0,"comment_status":"open","ping_status":"open","sticky":false,"template":"","format":"standard","meta":{"_monsterinsights_skip_tracking":false,"_monsterinsights_sitenote_active":false,"_monsterinsights_sitenote_note":"","_monsterinsights_sitenote_category":0,"footnotes":""},"categories":[371],"tags":[10338,10339,10340,10341,10342,4362,10343],"class_list":["post-25860","post","type-post","status-publish","format-standard","hentry","category-medicina","tag-aou-san-giovanni-e-ruggi-daragona","tag-emoglobinopatie","tag-malattie-rare","tag-protocollo-terapeutico-assistenziale","tag-salvatrice-bacco","tag-sanita","tag-united-onlus"],"yoast_head":"<!-- This site is optimized with the Yoast SEO plugin v27.3 - https:\/\/yoast.com\/product\/yoast-seo-wordpress\/ -->\n<title>Al \u201cSan Giovanni di Dio e Ruggi d\u2019Aragona\u201d di Salerno un Protocollo Terapeutico Assistenziale per i pazienti affetti da emoglobinopatie<\/title>\n<meta name=\"robots\" content=\"index, follow, max-snippet:-1, max-image-preview:large, max-video-preview:-1\" \/>\n<link rel=\"canonical\" href=\"https:\/\/www.article-marketing.eu\/comunicatistampa\/al-san-giovanni-di-dio-e-ruggi-daragona-di-salerno-un-protocollo-terapeutico-assistenziale-per-i-pazienti-affetti-da-emoglobinopatie\/\" \/>\n<meta property=\"og:locale\" content=\"it_IT\" \/>\n<meta property=\"og:type\" content=\"article\" \/>\n<meta property=\"og:title\" content=\"Al \u201cSan Giovanni di Dio e Ruggi d\u2019Aragona\u201d di Salerno un Protocollo Terapeutico Assistenziale per i pazienti affetti da emoglobinopatie\" \/>\n<meta property=\"og:description\" content=\"Per Salvatrice Bacco, presidente dell&#8217;Associazione Thalassemici del salernitano &#8220;Vivere&#8221; lo strumento adottato dalla Direzione Generale della Azienda Ospedaliera Universitaria rappresenta un risultato importante e atteso, dopo anni di segnalazioni.\u00a0 Salerno \u2013 Con deliberazione n. 797 del 7 dicembre scorso, il direttore generale dell&#8217;Azienda Ospedaliera Universitaria &#8220;San Giovanni di Dio e Ruggi d&#8217;Aragona&#8221;, Vincenzo D&#8217;Amato, ha adottato il Protocollo Terapeutico Assistenziale (PTA) per le Emoglobinopatie. Un risultato importante e atteso, questo,Continue reading...\" \/>\n<meta property=\"og:url\" content=\"https:\/\/www.article-marketing.eu\/comunicatistampa\/al-san-giovanni-di-dio-e-ruggi-daragona-di-salerno-un-protocollo-terapeutico-assistenziale-per-i-pazienti-affetti-da-emoglobinopatie\/\" \/>\n<meta property=\"og:site_name\" content=\"Article Marketing\" \/>\n<meta property=\"article:published_time\" content=\"2023-01-02T15:07:19+00:00\" \/>\n<meta property=\"og:image\" content=\"https:\/\/blogger.googleusercontent.com\/img\/a\/AVvXsEg5yLhR1LVH_X_CcPh-YV7uXMKBEo7ciQzRipUnrWf4p08nz0uULcnBjkjbhF5z0_BRzHs_jW-A1X9IXe4FvzpRfoPQcal4VZvdi6pReIfyjLWlRksKlfkV9DpfV2zIdd1xc3q-uhyhscyjXh74zOnq6XS1B9mci7g0XPhoPn01SUD51rZ1WOkFd4huJw=s320\" \/>\n<meta name=\"author\" content=\"inpress\" \/>\n<meta name=\"twitter:card\" content=\"summary_large_image\" \/>\n<meta name=\"twitter:label1\" content=\"Scritto da\" \/>\n\t<meta name=\"twitter:data1\" content=\"inpress\" \/>\n\t<meta name=\"twitter:label2\" content=\"Tempo di lettura stimato\" \/>\n\t<meta name=\"twitter:data2\" content=\"4 minuti\" \/>\n<script type=\"application\/ld+json\" class=\"yoast-schema-graph\">{\"@context\":\"https:\\\/\\\/schema.org\",\"@graph\":[{\"@type\":\"Article\",\"@id\":\"https:\\\/\\\/www.article-marketing.eu\\\/comunicatistampa\\\/al-san-giovanni-di-dio-e-ruggi-daragona-di-salerno-un-protocollo-terapeutico-assistenziale-per-i-pazienti-affetti-da-emoglobinopatie\\\/#article\",\"isPartOf\":{\"@id\":\"https:\\\/\\\/www.article-marketing.eu\\\/comunicatistampa\\\/al-san-giovanni-di-dio-e-ruggi-daragona-di-salerno-un-protocollo-terapeutico-assistenziale-per-i-pazienti-affetti-da-emoglobinopatie\\\/\"},\"author\":{\"name\":\"inpress\",\"@id\":\"https:\\\/\\\/www.article-marketing.eu\\\/comunicatistampa\\\/#\\\/schema\\\/person\\\/6f87d425bef304dd8be1a0895dea44b2\"},\"headline\":\"Al \u201cSan Giovanni di Dio e Ruggi d\u2019Aragona\u201d di Salerno un Protocollo Terapeutico Assistenziale per i pazienti affetti da emoglobinopatie\",\"datePublished\":\"2023-01-02T15:07:19+00:00\",\"mainEntityOfPage\":{\"@id\":\"https:\\\/\\\/www.article-marketing.eu\\\/comunicatistampa\\\/al-san-giovanni-di-dio-e-ruggi-daragona-di-salerno-un-protocollo-terapeutico-assistenziale-per-i-pazienti-affetti-da-emoglobinopatie\\\/\"},\"wordCount\":721,\"commentCount\":0,\"image\":{\"@id\":\"https:\\\/\\\/www.article-marketing.eu\\\/comunicatistampa\\\/al-san-giovanni-di-dio-e-ruggi-daragona-di-salerno-un-protocollo-terapeutico-assistenziale-per-i-pazienti-affetti-da-emoglobinopatie\\\/#primaryimage\"},\"thumbnailUrl\":\"https:\\\/\\\/blogger.googleusercontent.com\\\/img\\\/a\\\/AVvXsEg5yLhR1LVH_X_CcPh-YV7uXMKBEo7ciQzRipUnrWf4p08nz0uULcnBjkjbhF5z0_BRzHs_jW-A1X9IXe4FvzpRfoPQcal4VZvdi6pReIfyjLWlRksKlfkV9DpfV2zIdd1xc3q-uhyhscyjXh74zOnq6XS1B9mci7g0XPhoPn01SUD51rZ1WOkFd4huJw=s320\",\"keywords\":[\"AOU San Giovanni e Ruggi D'Aragona\",\"Emoglobinopatie\",\"Malattie rare\",\"Protocollo Terapeutico Assistenziale\",\"Salvatrice Bacco\",\"Sanit\u00e0\",\"United onlus\"],\"articleSection\":[\"Medicina\"],\"inLanguage\":\"it-IT\",\"potentialAction\":[{\"@type\":\"CommentAction\",\"name\":\"Comment\",\"target\":[\"https:\\\/\\\/www.article-marketing.eu\\\/comunicatistampa\\\/al-san-giovanni-di-dio-e-ruggi-daragona-di-salerno-un-protocollo-terapeutico-assistenziale-per-i-pazienti-affetti-da-emoglobinopatie\\\/#respond\"]}]},{\"@type\":\"WebPage\",\"@id\":\"https:\\\/\\\/www.article-marketing.eu\\\/comunicatistampa\\\/al-san-giovanni-di-dio-e-ruggi-daragona-di-salerno-un-protocollo-terapeutico-assistenziale-per-i-pazienti-affetti-da-emoglobinopatie\\\/\",\"url\":\"https:\\\/\\\/www.article-marketing.eu\\\/comunicatistampa\\\/al-san-giovanni-di-dio-e-ruggi-daragona-di-salerno-un-protocollo-terapeutico-assistenziale-per-i-pazienti-affetti-da-emoglobinopatie\\\/\",\"name\":\"Al \u201cSan Giovanni di Dio e Ruggi d\u2019Aragona\u201d di Salerno un Protocollo Terapeutico Assistenziale per i pazienti affetti da emoglobinopatie\",\"isPartOf\":{\"@id\":\"https:\\\/\\\/www.article-marketing.eu\\\/comunicatistampa\\\/#website\"},\"primaryImageOfPage\":{\"@id\":\"https:\\\/\\\/www.article-marketing.eu\\\/comunicatistampa\\\/al-san-giovanni-di-dio-e-ruggi-daragona-di-salerno-un-protocollo-terapeutico-assistenziale-per-i-pazienti-affetti-da-emoglobinopatie\\\/#primaryimage\"},\"image\":{\"@id\":\"https:\\\/\\\/www.article-marketing.eu\\\/comunicatistampa\\\/al-san-giovanni-di-dio-e-ruggi-daragona-di-salerno-un-protocollo-terapeutico-assistenziale-per-i-pazienti-affetti-da-emoglobinopatie\\\/#primaryimage\"},\"thumbnailUrl\":\"https:\\\/\\\/blogger.googleusercontent.com\\\/img\\\/a\\\/AVvXsEg5yLhR1LVH_X_CcPh-YV7uXMKBEo7ciQzRipUnrWf4p08nz0uULcnBjkjbhF5z0_BRzHs_jW-A1X9IXe4FvzpRfoPQcal4VZvdi6pReIfyjLWlRksKlfkV9DpfV2zIdd1xc3q-uhyhscyjXh74zOnq6XS1B9mci7g0XPhoPn01SUD51rZ1WOkFd4huJw=s320\",\"datePublished\":\"2023-01-02T15:07:19+00:00\",\"author\":{\"@id\":\"https:\\\/\\\/www.article-marketing.eu\\\/comunicatistampa\\\/#\\\/schema\\\/person\\\/6f87d425bef304dd8be1a0895dea44b2\"},\"breadcrumb\":{\"@id\":\"https:\\\/\\\/www.article-marketing.eu\\\/comunicatistampa\\\/al-san-giovanni-di-dio-e-ruggi-daragona-di-salerno-un-protocollo-terapeutico-assistenziale-per-i-pazienti-affetti-da-emoglobinopatie\\\/#breadcrumb\"},\"inLanguage\":\"it-IT\",\"potentialAction\":[{\"@type\":\"ReadAction\",\"target\":[\"https:\\\/\\\/www.article-marketing.eu\\\/comunicatistampa\\\/al-san-giovanni-di-dio-e-ruggi-daragona-di-salerno-un-protocollo-terapeutico-assistenziale-per-i-pazienti-affetti-da-emoglobinopatie\\\/\"]}]},{\"@type\":\"ImageObject\",\"inLanguage\":\"it-IT\",\"@id\":\"https:\\\/\\\/www.article-marketing.eu\\\/comunicatistampa\\\/al-san-giovanni-di-dio-e-ruggi-daragona-di-salerno-un-protocollo-terapeutico-assistenziale-per-i-pazienti-affetti-da-emoglobinopatie\\\/#primaryimage\",\"url\":\"https:\\\/\\\/blogger.googleusercontent.com\\\/img\\\/a\\\/AVvXsEg5yLhR1LVH_X_CcPh-YV7uXMKBEo7ciQzRipUnrWf4p08nz0uULcnBjkjbhF5z0_BRzHs_jW-A1X9IXe4FvzpRfoPQcal4VZvdi6pReIfyjLWlRksKlfkV9DpfV2zIdd1xc3q-uhyhscyjXh74zOnq6XS1B9mci7g0XPhoPn01SUD51rZ1WOkFd4huJw=s320\",\"contentUrl\":\"https:\\\/\\\/blogger.googleusercontent.com\\\/img\\\/a\\\/AVvXsEg5yLhR1LVH_X_CcPh-YV7uXMKBEo7ciQzRipUnrWf4p08nz0uULcnBjkjbhF5z0_BRzHs_jW-A1X9IXe4FvzpRfoPQcal4VZvdi6pReIfyjLWlRksKlfkV9DpfV2zIdd1xc3q-uhyhscyjXh74zOnq6XS1B9mci7g0XPhoPn01SUD51rZ1WOkFd4huJw=s320\"},{\"@type\":\"BreadcrumbList\",\"@id\":\"https:\\\/\\\/www.article-marketing.eu\\\/comunicatistampa\\\/al-san-giovanni-di-dio-e-ruggi-daragona-di-salerno-un-protocollo-terapeutico-assistenziale-per-i-pazienti-affetti-da-emoglobinopatie\\\/#breadcrumb\",\"itemListElement\":[{\"@type\":\"ListItem\",\"position\":1,\"name\":\"Home\",\"item\":\"https:\\\/\\\/www.article-marketing.eu\\\/comunicatistampa\\\/\"},{\"@type\":\"ListItem\",\"position\":2,\"name\":\"Al \u201cSan Giovanni di Dio e Ruggi d\u2019Aragona\u201d di Salerno un Protocollo Terapeutico Assistenziale per i pazienti affetti da emoglobinopatie\"}]},{\"@type\":\"WebSite\",\"@id\":\"https:\\\/\\\/www.article-marketing.eu\\\/comunicatistampa\\\/#website\",\"url\":\"https:\\\/\\\/www.article-marketing.eu\\\/comunicatistampa\\\/\",\"name\":\"Article Marketing\",\"description\":\"article marketing &amp; press release\",\"potentialAction\":[{\"@type\":\"SearchAction\",\"target\":{\"@type\":\"EntryPoint\",\"urlTemplate\":\"https:\\\/\\\/www.article-marketing.eu\\\/comunicatistampa\\\/?s={search_term_string}\"},\"query-input\":{\"@type\":\"PropertyValueSpecification\",\"valueRequired\":true,\"valueName\":\"search_term_string\"}}],\"inLanguage\":\"it-IT\"},{\"@type\":\"Person\",\"@id\":\"https:\\\/\\\/www.article-marketing.eu\\\/comunicatistampa\\\/#\\\/schema\\\/person\\\/6f87d425bef304dd8be1a0895dea44b2\",\"name\":\"inpress\",\"image\":{\"@type\":\"ImageObject\",\"inLanguage\":\"it-IT\",\"@id\":\"https:\\\/\\\/secure.gravatar.com\\\/avatar\\\/8b9495d9dcfa5a2ac0eb8e4559db3f5f00d7248a8baa15ed14f155afae420f7d?s=96&d=mm&r=g\",\"url\":\"https:\\\/\\\/secure.gravatar.com\\\/avatar\\\/8b9495d9dcfa5a2ac0eb8e4559db3f5f00d7248a8baa15ed14f155afae420f7d?s=96&d=mm&r=g\",\"contentUrl\":\"https:\\\/\\\/secure.gravatar.com\\\/avatar\\\/8b9495d9dcfa5a2ac0eb8e4559db3f5f00d7248a8baa15ed14f155afae420f7d?s=96&d=mm&r=g\",\"caption\":\"inpress\"},\"url\":\"https:\\\/\\\/www.article-marketing.eu\\\/comunicatistampa\\\/author\\\/inpress\\\/\"}]}<\/script>\n<!-- \/ Yoast SEO plugin. -->","yoast_head_json":{"title":"Al \u201cSan Giovanni di Dio e Ruggi d\u2019Aragona\u201d di Salerno un Protocollo Terapeutico Assistenziale per i pazienti affetti da emoglobinopatie","robots":{"index":"index","follow":"follow","max-snippet":"max-snippet:-1","max-image-preview":"max-image-preview:large","max-video-preview":"max-video-preview:-1"},"canonical":"https:\/\/www.article-marketing.eu\/comunicatistampa\/al-san-giovanni-di-dio-e-ruggi-daragona-di-salerno-un-protocollo-terapeutico-assistenziale-per-i-pazienti-affetti-da-emoglobinopatie\/","og_locale":"it_IT","og_type":"article","og_title":"Al \u201cSan Giovanni di Dio e Ruggi d\u2019Aragona\u201d di Salerno un Protocollo Terapeutico Assistenziale per i pazienti affetti da emoglobinopatie","og_description":"Per Salvatrice Bacco, presidente dell&#8217;Associazione Thalassemici del salernitano &#8220;Vivere&#8221; lo strumento adottato dalla Direzione Generale della Azienda Ospedaliera Universitaria rappresenta un risultato importante e atteso, dopo anni di segnalazioni.\u00a0 Salerno \u2013 Con deliberazione n. 797 del 7 dicembre scorso, il direttore generale dell&#8217;Azienda Ospedaliera Universitaria &#8220;San Giovanni di Dio e Ruggi d&#8217;Aragona&#8221;, Vincenzo D&#8217;Amato, ha adottato il Protocollo Terapeutico Assistenziale (PTA) per le Emoglobinopatie. Un risultato importante e atteso, questo,Continue reading...","og_url":"https:\/\/www.article-marketing.eu\/comunicatistampa\/al-san-giovanni-di-dio-e-ruggi-daragona-di-salerno-un-protocollo-terapeutico-assistenziale-per-i-pazienti-affetti-da-emoglobinopatie\/","og_site_name":"Article Marketing","article_published_time":"2023-01-02T15:07:19+00:00","og_image":[{"url":"https:\/\/blogger.googleusercontent.com\/img\/a\/AVvXsEg5yLhR1LVH_X_CcPh-YV7uXMKBEo7ciQzRipUnrWf4p08nz0uULcnBjkjbhF5z0_BRzHs_jW-A1X9IXe4FvzpRfoPQcal4VZvdi6pReIfyjLWlRksKlfkV9DpfV2zIdd1xc3q-uhyhscyjXh74zOnq6XS1B9mci7g0XPhoPn01SUD51rZ1WOkFd4huJw=s320","type":"","width":"","height":""}],"author":"inpress","twitter_card":"summary_large_image","twitter_misc":{"Scritto da":"inpress","Tempo di lettura stimato":"4 minuti"},"schema":{"@context":"https:\/\/schema.org","@graph":[{"@type":"Article","@id":"https:\/\/www.article-marketing.eu\/comunicatistampa\/al-san-giovanni-di-dio-e-ruggi-daragona-di-salerno-un-protocollo-terapeutico-assistenziale-per-i-pazienti-affetti-da-emoglobinopatie\/#article","isPartOf":{"@id":"https:\/\/www.article-marketing.eu\/comunicatistampa\/al-san-giovanni-di-dio-e-ruggi-daragona-di-salerno-un-protocollo-terapeutico-assistenziale-per-i-pazienti-affetti-da-emoglobinopatie\/"},"author":{"name":"inpress","@id":"https:\/\/www.article-marketing.eu\/comunicatistampa\/#\/schema\/person\/6f87d425bef304dd8be1a0895dea44b2"},"headline":"Al \u201cSan Giovanni di Dio e Ruggi d\u2019Aragona\u201d di Salerno un Protocollo Terapeutico Assistenziale per i pazienti affetti da emoglobinopatie","datePublished":"2023-01-02T15:07:19+00:00","mainEntityOfPage":{"@id":"https:\/\/www.article-marketing.eu\/comunicatistampa\/al-san-giovanni-di-dio-e-ruggi-daragona-di-salerno-un-protocollo-terapeutico-assistenziale-per-i-pazienti-affetti-da-emoglobinopatie\/"},"wordCount":721,"commentCount":0,"image":{"@id":"https:\/\/www.article-marketing.eu\/comunicatistampa\/al-san-giovanni-di-dio-e-ruggi-daragona-di-salerno-un-protocollo-terapeutico-assistenziale-per-i-pazienti-affetti-da-emoglobinopatie\/#primaryimage"},"thumbnailUrl":"https:\/\/blogger.googleusercontent.com\/img\/a\/AVvXsEg5yLhR1LVH_X_CcPh-YV7uXMKBEo7ciQzRipUnrWf4p08nz0uULcnBjkjbhF5z0_BRzHs_jW-A1X9IXe4FvzpRfoPQcal4VZvdi6pReIfyjLWlRksKlfkV9DpfV2zIdd1xc3q-uhyhscyjXh74zOnq6XS1B9mci7g0XPhoPn01SUD51rZ1WOkFd4huJw=s320","keywords":["AOU San Giovanni e Ruggi D'Aragona","Emoglobinopatie","Malattie rare","Protocollo Terapeutico Assistenziale","Salvatrice Bacco","Sanit\u00e0","United onlus"],"articleSection":["Medicina"],"inLanguage":"it-IT","potentialAction":[{"@type":"CommentAction","name":"Comment","target":["https:\/\/www.article-marketing.eu\/comunicatistampa\/al-san-giovanni-di-dio-e-ruggi-daragona-di-salerno-un-protocollo-terapeutico-assistenziale-per-i-pazienti-affetti-da-emoglobinopatie\/#respond"]}]},{"@type":"WebPage","@id":"https:\/\/www.article-marketing.eu\/comunicatistampa\/al-san-giovanni-di-dio-e-ruggi-daragona-di-salerno-un-protocollo-terapeutico-assistenziale-per-i-pazienti-affetti-da-emoglobinopatie\/","url":"https:\/\/www.article-marketing.eu\/comunicatistampa\/al-san-giovanni-di-dio-e-ruggi-daragona-di-salerno-un-protocollo-terapeutico-assistenziale-per-i-pazienti-affetti-da-emoglobinopatie\/","name":"Al \u201cSan Giovanni di Dio e Ruggi d\u2019Aragona\u201d di Salerno un Protocollo Terapeutico Assistenziale per i pazienti affetti da emoglobinopatie","isPartOf":{"@id":"https:\/\/www.article-marketing.eu\/comunicatistampa\/#website"},"primaryImageOfPage":{"@id":"https:\/\/www.article-marketing.eu\/comunicatistampa\/al-san-giovanni-di-dio-e-ruggi-daragona-di-salerno-un-protocollo-terapeutico-assistenziale-per-i-pazienti-affetti-da-emoglobinopatie\/#primaryimage"},"image":{"@id":"https:\/\/www.article-marketing.eu\/comunicatistampa\/al-san-giovanni-di-dio-e-ruggi-daragona-di-salerno-un-protocollo-terapeutico-assistenziale-per-i-pazienti-affetti-da-emoglobinopatie\/#primaryimage"},"thumbnailUrl":"https:\/\/blogger.googleusercontent.com\/img\/a\/AVvXsEg5yLhR1LVH_X_CcPh-YV7uXMKBEo7ciQzRipUnrWf4p08nz0uULcnBjkjbhF5z0_BRzHs_jW-A1X9IXe4FvzpRfoPQcal4VZvdi6pReIfyjLWlRksKlfkV9DpfV2zIdd1xc3q-uhyhscyjXh74zOnq6XS1B9mci7g0XPhoPn01SUD51rZ1WOkFd4huJw=s320","datePublished":"2023-01-02T15:07:19+00:00","author":{"@id":"https:\/\/www.article-marketing.eu\/comunicatistampa\/#\/schema\/person\/6f87d425bef304dd8be1a0895dea44b2"},"breadcrumb":{"@id":"https:\/\/www.article-marketing.eu\/comunicatistampa\/al-san-giovanni-di-dio-e-ruggi-daragona-di-salerno-un-protocollo-terapeutico-assistenziale-per-i-pazienti-affetti-da-emoglobinopatie\/#breadcrumb"},"inLanguage":"it-IT","potentialAction":[{"@type":"ReadAction","target":["https:\/\/www.article-marketing.eu\/comunicatistampa\/al-san-giovanni-di-dio-e-ruggi-daragona-di-salerno-un-protocollo-terapeutico-assistenziale-per-i-pazienti-affetti-da-emoglobinopatie\/"]}]},{"@type":"ImageObject","inLanguage":"it-IT","@id":"https:\/\/www.article-marketing.eu\/comunicatistampa\/al-san-giovanni-di-dio-e-ruggi-daragona-di-salerno-un-protocollo-terapeutico-assistenziale-per-i-pazienti-affetti-da-emoglobinopatie\/#primaryimage","url":"https:\/\/blogger.googleusercontent.com\/img\/a\/AVvXsEg5yLhR1LVH_X_CcPh-YV7uXMKBEo7ciQzRipUnrWf4p08nz0uULcnBjkjbhF5z0_BRzHs_jW-A1X9IXe4FvzpRfoPQcal4VZvdi6pReIfyjLWlRksKlfkV9DpfV2zIdd1xc3q-uhyhscyjXh74zOnq6XS1B9mci7g0XPhoPn01SUD51rZ1WOkFd4huJw=s320","contentUrl":"https:\/\/blogger.googleusercontent.com\/img\/a\/AVvXsEg5yLhR1LVH_X_CcPh-YV7uXMKBEo7ciQzRipUnrWf4p08nz0uULcnBjkjbhF5z0_BRzHs_jW-A1X9IXe4FvzpRfoPQcal4VZvdi6pReIfyjLWlRksKlfkV9DpfV2zIdd1xc3q-uhyhscyjXh74zOnq6XS1B9mci7g0XPhoPn01SUD51rZ1WOkFd4huJw=s320"},{"@type":"BreadcrumbList","@id":"https:\/\/www.article-marketing.eu\/comunicatistampa\/al-san-giovanni-di-dio-e-ruggi-daragona-di-salerno-un-protocollo-terapeutico-assistenziale-per-i-pazienti-affetti-da-emoglobinopatie\/#breadcrumb","itemListElement":[{"@type":"ListItem","position":1,"name":"Home","item":"https:\/\/www.article-marketing.eu\/comunicatistampa\/"},{"@type":"ListItem","position":2,"name":"Al \u201cSan Giovanni di Dio e Ruggi d\u2019Aragona\u201d di Salerno un Protocollo Terapeutico Assistenziale per i pazienti affetti da emoglobinopatie"}]},{"@type":"WebSite","@id":"https:\/\/www.article-marketing.eu\/comunicatistampa\/#website","url":"https:\/\/www.article-marketing.eu\/comunicatistampa\/","name":"Article Marketing","description":"article marketing &amp; press release","potentialAction":[{"@type":"SearchAction","target":{"@type":"EntryPoint","urlTemplate":"https:\/\/www.article-marketing.eu\/comunicatistampa\/?s={search_term_string}"},"query-input":{"@type":"PropertyValueSpecification","valueRequired":true,"valueName":"search_term_string"}}],"inLanguage":"it-IT"},{"@type":"Person","@id":"https:\/\/www.article-marketing.eu\/comunicatistampa\/#\/schema\/person\/6f87d425bef304dd8be1a0895dea44b2","name":"inpress","image":{"@type":"ImageObject","inLanguage":"it-IT","@id":"https:\/\/secure.gravatar.com\/avatar\/8b9495d9dcfa5a2ac0eb8e4559db3f5f00d7248a8baa15ed14f155afae420f7d?s=96&d=mm&r=g","url":"https:\/\/secure.gravatar.com\/avatar\/8b9495d9dcfa5a2ac0eb8e4559db3f5f00d7248a8baa15ed14f155afae420f7d?s=96&d=mm&r=g","contentUrl":"https:\/\/secure.gravatar.com\/avatar\/8b9495d9dcfa5a2ac0eb8e4559db3f5f00d7248a8baa15ed14f155afae420f7d?s=96&d=mm&r=g","caption":"inpress"},"url":"https:\/\/www.article-marketing.eu\/comunicatistampa\/author\/inpress\/"}]}},"_links":{"self":[{"href":"https:\/\/www.article-marketing.eu\/comunicatistampa\/wp-json\/wp\/v2\/posts\/25860","targetHints":{"allow":["GET"]}}],"collection":[{"href":"https:\/\/www.article-marketing.eu\/comunicatistampa\/wp-json\/wp\/v2\/posts"}],"about":[{"href":"https:\/\/www.article-marketing.eu\/comunicatistampa\/wp-json\/wp\/v2\/types\/post"}],"author":[{"embeddable":true,"href":"https:\/\/www.article-marketing.eu\/comunicatistampa\/wp-json\/wp\/v2\/users\/920"}],"replies":[{"embeddable":true,"href":"https:\/\/www.article-marketing.eu\/comunicatistampa\/wp-json\/wp\/v2\/comments?post=25860"}],"version-history":[{"count":2,"href":"https:\/\/www.article-marketing.eu\/comunicatistampa\/wp-json\/wp\/v2\/posts\/25860\/revisions"}],"predecessor-version":[{"id":25921,"href":"https:\/\/www.article-marketing.eu\/comunicatistampa\/wp-json\/wp\/v2\/posts\/25860\/revisions\/25921"}],"wp:attachment":[{"href":"https:\/\/www.article-marketing.eu\/comunicatistampa\/wp-json\/wp\/v2\/media?parent=25860"}],"wp:term":[{"taxonomy":"category","embeddable":true,"href":"https:\/\/www.article-marketing.eu\/comunicatistampa\/wp-json\/wp\/v2\/categories?post=25860"},{"taxonomy":"post_tag","embeddable":true,"href":"https:\/\/www.article-marketing.eu\/comunicatistampa\/wp-json\/wp\/v2\/tags?post=25860"}],"curies":[{"name":"wp","href":"https:\/\/api.w.org\/{rel}","templated":true}]}}