{"id":25870,"date":"2023-01-02T16:08:31","date_gmt":"2023-01-02T15:08:31","guid":{"rendered":"https:\/\/www.article-marketing.eu\/comunicatistampa\/?p=25870"},"modified":"2023-01-02T16:08:31","modified_gmt":"2023-01-02T15:08:31","slug":"libri-allo-spazio-open-si-presenta-mi-hai-trovata-tu-di-maria-rita-concilio","status":"publish","type":"post","link":"https:\/\/www.article-marketing.eu\/comunicatistampa\/libri-allo-spazio-open-si-presenta-mi-hai-trovata-tu-di-maria-rita-concilio\/","title":{"rendered":"Libri, allo Spazio Open si presenta \u201cMi hai trovata tu\u201d di Maria Rita Concilio"},"content":{"rendered":"<p><img decoding=\"async\" class=\"alignleft\" src=\"https:\/\/blogger.googleusercontent.com\/img\/b\/R29vZ2xl\/AVvXsEgoJ3RT3mpK86yH2NW8q7eF4VNx27PVbEom56Xa15JvfWxjjLAKDBNzxnIFCE9OYvj5lHqIhHT3TLz6oP-k0HY48W9jmiZM2ky4n04zW3RN7LPVmnrIWOZiYYIIOsXl-1v_CAdx4kb3PjhEhQ1tt6mOkNmd7v_a-rVFuTi83fdbBcUhOG-t5ufTNIxw_A\/s320\/Presentazione%20Reggio%20Calabria%20locandina%20A4.jpg\" alt=\"\" \/>Reggio Calabria &#8211; Gioved\u00ec 29 dicembre alle ore 18 nei locali di Spazio Open, in via dei Filippini 25 a Reggio Calabria si terr\u00e0 la presentazione del libro \u201cMi hai trovata tu\u201d di Maria Rita Concilio. Interverr\u00e0 Maria Antonietta Rositani, sopravvissuta a una tragica storia che le ha fatto sperimentare una delle pi\u00f9 estreme conseguenze della dipendenza affettiva. La Rositani dialogher\u00e0 con l\u2019autrice sul tema delle dipendenze affettive. A fare gli onori di casa sar\u00e0 Antonella Cuzzocrea della Casa Editrice Citt\u00e0 del Sole.\u00a0<a name=\"more\"><\/a><\/p>\n<p>\u201cMi hai trovata tu\u201d (Youcanprint, 2022) \u00e8 il romanzo di esordio di Maria Rita Concilio, manager in una multinazionale italiana, gi\u00e0 autrice della silloge poetica &#8220;Ancora un alito di vento&#8221; pubblicato per le Edizioni Tracce nel 2007. Il romanzo parla di vite sospese, come barche dondolanti sul mare al tramonto. Di naufragi sentimentali sulle rotte della felicit\u00e0. Di dolori che levigano l&#8217;anima e il corpo, come fanno le onde con i ciottoli sulla riva. Ma anche della voglia di rialzarsi e ricominciare un nuovo viaggio. E del coraggio di essere s\u00e9 stessi, in una societ\u00e0 che ci vorrebbe cinici e insensibili.<\/p>\n<p>Tra i temi affrontati, spiccano in particolare, quelli relativi alle dipendenze affettive e alla relazione insana con il cibo (anoressia e bulimia), il sentirsi sbagliati o non accettati, che possono portare al desiderio di \u201csmettere di vivere\u201d. Dalle pagine del romanzo emergono innumerevoli temi di interesse: il viaggio introspettivo della protagonista che pu\u00f2 essere d&#8217;aiuto per chi lotta contro i disturbi del comportamento alimentare; la rappresentazione della societ\u00e0 disumanizzante e orientata al profitto che espropria l&#8217;individuo del suo tempo e della sua anima; il profondo rapporto d&#8217;amore con il mare che si alimenta della contemplazione delle onde e di passeggiate solitarie sulla battigia; e soprattutto la riflessione sul fatto che la felicit\u00e0 non vada ricercata all&#8217;esterno, nelle cose materiali e nelle persone che ci circondano, ma dentro di noi, nell&#8217;autenticit\u00e0 delle nostre passioni e aspirazioni.<\/p>\n","protected":false},"excerpt":{"rendered":"<p>Reggio Calabria &#8211; Gioved\u00ec 29 dicembre alle ore 18 nei locali di Spazio Open, in via dei Filippini 25 a Reggio Calabria si terr\u00e0 la presentazione del libro \u201cMi hai trovata tu\u201d di Maria Rita Concilio. Interverr\u00e0 Maria Antonietta Rositani, sopravvissuta a una tragica storia che le ha fatto sperimentare una delle pi\u00f9 estreme conseguenze della dipendenza affettiva. La Rositani dialogher\u00e0 con l\u2019autrice sul tema delle dipendenze affettive. A fare<\/p>\n<p><a class=\"continue-reading\" href=\"https:\/\/www.article-marketing.eu\/comunicatistampa\/libri-allo-spazio-open-si-presenta-mi-hai-trovata-tu-di-maria-rita-concilio\/\">Continue reading&#8230;<\/a><\/p>\n","protected":false},"author":920,"featured_media":0,"comment_status":"open","ping_status":"open","sticky":false,"template":"","format":"standard","meta":{"_monsterinsights_skip_tracking":false,"_monsterinsights_sitenote_active":false,"_monsterinsights_sitenote_note":"","_monsterinsights_sitenote_category":0,"footnotes":""},"categories":[410],"tags":[10348,10349,10350,10351,10352],"class_list":["post-25870","post","type-post","status-publish","format-standard","hentry","category-libri","tag-dipendenze-affettive","tag-maria-antonietta-rositani","tag-maria-rita-concilio","tag-presentazioni-di-libri","tag-spazio-open"],"yoast_head":"<!-- This site is optimized with the Yoast SEO plugin v27.3 - https:\/\/yoast.com\/product\/yoast-seo-wordpress\/ -->\n<title>Libri, allo Spazio Open si presenta \u201cMi hai trovata tu\u201d di Maria Rita Concilio<\/title>\n<meta name=\"robots\" content=\"index, follow, max-snippet:-1, max-image-preview:large, max-video-preview:-1\" \/>\n<link rel=\"canonical\" href=\"https:\/\/www.article-marketing.eu\/comunicatistampa\/libri-allo-spazio-open-si-presenta-mi-hai-trovata-tu-di-maria-rita-concilio\/\" \/>\n<meta property=\"og:locale\" content=\"it_IT\" \/>\n<meta property=\"og:type\" content=\"article\" \/>\n<meta property=\"og:title\" content=\"Libri, allo Spazio Open si presenta \u201cMi hai trovata tu\u201d di Maria Rita Concilio\" \/>\n<meta property=\"og:description\" content=\"Reggio Calabria &#8211; Gioved\u00ec 29 dicembre alle ore 18 nei locali di Spazio Open, in via dei Filippini 25 a Reggio Calabria si terr\u00e0 la presentazione del libro \u201cMi hai trovata tu\u201d di Maria Rita Concilio. Interverr\u00e0 Maria Antonietta Rositani, sopravvissuta a una tragica storia che le ha fatto sperimentare una delle pi\u00f9 estreme conseguenze della dipendenza affettiva. La Rositani dialogher\u00e0 con l\u2019autrice sul tema delle dipendenze affettive. A fareContinue reading...\" \/>\n<meta property=\"og:url\" content=\"https:\/\/www.article-marketing.eu\/comunicatistampa\/libri-allo-spazio-open-si-presenta-mi-hai-trovata-tu-di-maria-rita-concilio\/\" \/>\n<meta property=\"og:site_name\" content=\"Article Marketing\" \/>\n<meta property=\"article:published_time\" content=\"2023-01-02T15:08:31+00:00\" \/>\n<meta property=\"og:image\" content=\"https:\/\/blogger.googleusercontent.com\/img\/b\/R29vZ2xl\/AVvXsEgoJ3RT3mpK86yH2NW8q7eF4VNx27PVbEom56Xa15JvfWxjjLAKDBNzxnIFCE9OYvj5lHqIhHT3TLz6oP-k0HY48W9jmiZM2ky4n04zW3RN7LPVmnrIWOZiYYIIOsXl-1v_CAdx4kb3PjhEhQ1tt6mOkNmd7v_a-rVFuTi83fdbBcUhOG-t5ufTNIxw_A\/s320\/Presentazione%20Reggio%20Calabria%20locandina%20A4.jpg\" \/>\n<meta name=\"author\" content=\"inpress\" \/>\n<meta name=\"twitter:card\" content=\"summary_large_image\" \/>\n<meta name=\"twitter:label1\" content=\"Scritto da\" \/>\n\t<meta name=\"twitter:data1\" content=\"inpress\" \/>\n\t<meta name=\"twitter:label2\" content=\"Tempo di lettura stimato\" \/>\n\t<meta name=\"twitter:data2\" content=\"2 minuti\" \/>\n<script type=\"application\/ld+json\" class=\"yoast-schema-graph\">{\"@context\":\"https:\\\/\\\/schema.org\",\"@graph\":[{\"@type\":\"Article\",\"@id\":\"https:\\\/\\\/www.article-marketing.eu\\\/comunicatistampa\\\/libri-allo-spazio-open-si-presenta-mi-hai-trovata-tu-di-maria-rita-concilio\\\/#article\",\"isPartOf\":{\"@id\":\"https:\\\/\\\/www.article-marketing.eu\\\/comunicatistampa\\\/libri-allo-spazio-open-si-presenta-mi-hai-trovata-tu-di-maria-rita-concilio\\\/\"},\"author\":{\"name\":\"inpress\",\"@id\":\"https:\\\/\\\/www.article-marketing.eu\\\/comunicatistampa\\\/#\\\/schema\\\/person\\\/6f87d425bef304dd8be1a0895dea44b2\"},\"headline\":\"Libri, allo Spazio Open si presenta \u201cMi hai trovata tu\u201d di Maria Rita Concilio\",\"datePublished\":\"2023-01-02T15:08:31+00:00\",\"mainEntityOfPage\":{\"@id\":\"https:\\\/\\\/www.article-marketing.eu\\\/comunicatistampa\\\/libri-allo-spazio-open-si-presenta-mi-hai-trovata-tu-di-maria-rita-concilio\\\/\"},\"wordCount\":328,\"commentCount\":0,\"image\":{\"@id\":\"https:\\\/\\\/www.article-marketing.eu\\\/comunicatistampa\\\/libri-allo-spazio-open-si-presenta-mi-hai-trovata-tu-di-maria-rita-concilio\\\/#primaryimage\"},\"thumbnailUrl\":\"https:\\\/\\\/blogger.googleusercontent.com\\\/img\\\/b\\\/R29vZ2xl\\\/AVvXsEgoJ3RT3mpK86yH2NW8q7eF4VNx27PVbEom56Xa15JvfWxjjLAKDBNzxnIFCE9OYvj5lHqIhHT3TLz6oP-k0HY48W9jmiZM2ky4n04zW3RN7LPVmnrIWOZiYYIIOsXl-1v_CAdx4kb3PjhEhQ1tt6mOkNmd7v_a-rVFuTi83fdbBcUhOG-t5ufTNIxw_A\\\/s320\\\/Presentazione%20Reggio%20Calabria%20locandina%20A4.jpg\",\"keywords\":[\"dipendenze affettive\",\"Maria Antonietta Rositani\",\"Maria Rita Concilio\",\"presentazioni di libri\",\"Spazio Open\"],\"articleSection\":[\"Libri\"],\"inLanguage\":\"it-IT\",\"potentialAction\":[{\"@type\":\"CommentAction\",\"name\":\"Comment\",\"target\":[\"https:\\\/\\\/www.article-marketing.eu\\\/comunicatistampa\\\/libri-allo-spazio-open-si-presenta-mi-hai-trovata-tu-di-maria-rita-concilio\\\/#respond\"]}]},{\"@type\":\"WebPage\",\"@id\":\"https:\\\/\\\/www.article-marketing.eu\\\/comunicatistampa\\\/libri-allo-spazio-open-si-presenta-mi-hai-trovata-tu-di-maria-rita-concilio\\\/\",\"url\":\"https:\\\/\\\/www.article-marketing.eu\\\/comunicatistampa\\\/libri-allo-spazio-open-si-presenta-mi-hai-trovata-tu-di-maria-rita-concilio\\\/\",\"name\":\"Libri, allo Spazio Open si presenta \u201cMi hai trovata tu\u201d di Maria Rita Concilio\",\"isPartOf\":{\"@id\":\"https:\\\/\\\/www.article-marketing.eu\\\/comunicatistampa\\\/#website\"},\"primaryImageOfPage\":{\"@id\":\"https:\\\/\\\/www.article-marketing.eu\\\/comunicatistampa\\\/libri-allo-spazio-open-si-presenta-mi-hai-trovata-tu-di-maria-rita-concilio\\\/#primaryimage\"},\"image\":{\"@id\":\"https:\\\/\\\/www.article-marketing.eu\\\/comunicatistampa\\\/libri-allo-spazio-open-si-presenta-mi-hai-trovata-tu-di-maria-rita-concilio\\\/#primaryimage\"},\"thumbnailUrl\":\"https:\\\/\\\/blogger.googleusercontent.com\\\/img\\\/b\\\/R29vZ2xl\\\/AVvXsEgoJ3RT3mpK86yH2NW8q7eF4VNx27PVbEom56Xa15JvfWxjjLAKDBNzxnIFCE9OYvj5lHqIhHT3TLz6oP-k0HY48W9jmiZM2ky4n04zW3RN7LPVmnrIWOZiYYIIOsXl-1v_CAdx4kb3PjhEhQ1tt6mOkNmd7v_a-rVFuTi83fdbBcUhOG-t5ufTNIxw_A\\\/s320\\\/Presentazione%20Reggio%20Calabria%20locandina%20A4.jpg\",\"datePublished\":\"2023-01-02T15:08:31+00:00\",\"author\":{\"@id\":\"https:\\\/\\\/www.article-marketing.eu\\\/comunicatistampa\\\/#\\\/schema\\\/person\\\/6f87d425bef304dd8be1a0895dea44b2\"},\"breadcrumb\":{\"@id\":\"https:\\\/\\\/www.article-marketing.eu\\\/comunicatistampa\\\/libri-allo-spazio-open-si-presenta-mi-hai-trovata-tu-di-maria-rita-concilio\\\/#breadcrumb\"},\"inLanguage\":\"it-IT\",\"potentialAction\":[{\"@type\":\"ReadAction\",\"target\":[\"https:\\\/\\\/www.article-marketing.eu\\\/comunicatistampa\\\/libri-allo-spazio-open-si-presenta-mi-hai-trovata-tu-di-maria-rita-concilio\\\/\"]}]},{\"@type\":\"ImageObject\",\"inLanguage\":\"it-IT\",\"@id\":\"https:\\\/\\\/www.article-marketing.eu\\\/comunicatistampa\\\/libri-allo-spazio-open-si-presenta-mi-hai-trovata-tu-di-maria-rita-concilio\\\/#primaryimage\",\"url\":\"https:\\\/\\\/blogger.googleusercontent.com\\\/img\\\/b\\\/R29vZ2xl\\\/AVvXsEgoJ3RT3mpK86yH2NW8q7eF4VNx27PVbEom56Xa15JvfWxjjLAKDBNzxnIFCE9OYvj5lHqIhHT3TLz6oP-k0HY48W9jmiZM2ky4n04zW3RN7LPVmnrIWOZiYYIIOsXl-1v_CAdx4kb3PjhEhQ1tt6mOkNmd7v_a-rVFuTi83fdbBcUhOG-t5ufTNIxw_A\\\/s320\\\/Presentazione%20Reggio%20Calabria%20locandina%20A4.jpg\",\"contentUrl\":\"https:\\\/\\\/blogger.googleusercontent.com\\\/img\\\/b\\\/R29vZ2xl\\\/AVvXsEgoJ3RT3mpK86yH2NW8q7eF4VNx27PVbEom56Xa15JvfWxjjLAKDBNzxnIFCE9OYvj5lHqIhHT3TLz6oP-k0HY48W9jmiZM2ky4n04zW3RN7LPVmnrIWOZiYYIIOsXl-1v_CAdx4kb3PjhEhQ1tt6mOkNmd7v_a-rVFuTi83fdbBcUhOG-t5ufTNIxw_A\\\/s320\\\/Presentazione%20Reggio%20Calabria%20locandina%20A4.jpg\"},{\"@type\":\"BreadcrumbList\",\"@id\":\"https:\\\/\\\/www.article-marketing.eu\\\/comunicatistampa\\\/libri-allo-spazio-open-si-presenta-mi-hai-trovata-tu-di-maria-rita-concilio\\\/#breadcrumb\",\"itemListElement\":[{\"@type\":\"ListItem\",\"position\":1,\"name\":\"Home\",\"item\":\"https:\\\/\\\/www.article-marketing.eu\\\/comunicatistampa\\\/\"},{\"@type\":\"ListItem\",\"position\":2,\"name\":\"Libri, allo Spazio Open si presenta \u201cMi hai trovata tu\u201d di Maria Rita Concilio\"}]},{\"@type\":\"WebSite\",\"@id\":\"https:\\\/\\\/www.article-marketing.eu\\\/comunicatistampa\\\/#website\",\"url\":\"https:\\\/\\\/www.article-marketing.eu\\\/comunicatistampa\\\/\",\"name\":\"Article Marketing\",\"description\":\"article marketing &amp; press release\",\"potentialAction\":[{\"@type\":\"SearchAction\",\"target\":{\"@type\":\"EntryPoint\",\"urlTemplate\":\"https:\\\/\\\/www.article-marketing.eu\\\/comunicatistampa\\\/?s={search_term_string}\"},\"query-input\":{\"@type\":\"PropertyValueSpecification\",\"valueRequired\":true,\"valueName\":\"search_term_string\"}}],\"inLanguage\":\"it-IT\"},{\"@type\":\"Person\",\"@id\":\"https:\\\/\\\/www.article-marketing.eu\\\/comunicatistampa\\\/#\\\/schema\\\/person\\\/6f87d425bef304dd8be1a0895dea44b2\",\"name\":\"inpress\",\"image\":{\"@type\":\"ImageObject\",\"inLanguage\":\"it-IT\",\"@id\":\"https:\\\/\\\/secure.gravatar.com\\\/avatar\\\/8b9495d9dcfa5a2ac0eb8e4559db3f5f00d7248a8baa15ed14f155afae420f7d?s=96&d=mm&r=g\",\"url\":\"https:\\\/\\\/secure.gravatar.com\\\/avatar\\\/8b9495d9dcfa5a2ac0eb8e4559db3f5f00d7248a8baa15ed14f155afae420f7d?s=96&d=mm&r=g\",\"contentUrl\":\"https:\\\/\\\/secure.gravatar.com\\\/avatar\\\/8b9495d9dcfa5a2ac0eb8e4559db3f5f00d7248a8baa15ed14f155afae420f7d?s=96&d=mm&r=g\",\"caption\":\"inpress\"},\"url\":\"https:\\\/\\\/www.article-marketing.eu\\\/comunicatistampa\\\/author\\\/inpress\\\/\"}]}<\/script>\n<!-- \/ Yoast SEO plugin. -->","yoast_head_json":{"title":"Libri, allo Spazio Open si presenta \u201cMi hai trovata tu\u201d di Maria Rita Concilio","robots":{"index":"index","follow":"follow","max-snippet":"max-snippet:-1","max-image-preview":"max-image-preview:large","max-video-preview":"max-video-preview:-1"},"canonical":"https:\/\/www.article-marketing.eu\/comunicatistampa\/libri-allo-spazio-open-si-presenta-mi-hai-trovata-tu-di-maria-rita-concilio\/","og_locale":"it_IT","og_type":"article","og_title":"Libri, allo Spazio Open si presenta \u201cMi hai trovata tu\u201d di Maria Rita Concilio","og_description":"Reggio Calabria &#8211; Gioved\u00ec 29 dicembre alle ore 18 nei locali di Spazio Open, in via dei Filippini 25 a Reggio Calabria si terr\u00e0 la presentazione del libro \u201cMi hai trovata tu\u201d di Maria Rita Concilio. Interverr\u00e0 Maria Antonietta Rositani, sopravvissuta a una tragica storia che le ha fatto sperimentare una delle pi\u00f9 estreme conseguenze della dipendenza affettiva. La Rositani dialogher\u00e0 con l\u2019autrice sul tema delle dipendenze affettive. A fareContinue reading...","og_url":"https:\/\/www.article-marketing.eu\/comunicatistampa\/libri-allo-spazio-open-si-presenta-mi-hai-trovata-tu-di-maria-rita-concilio\/","og_site_name":"Article Marketing","article_published_time":"2023-01-02T15:08:31+00:00","og_image":[{"url":"https:\/\/blogger.googleusercontent.com\/img\/b\/R29vZ2xl\/AVvXsEgoJ3RT3mpK86yH2NW8q7eF4VNx27PVbEom56Xa15JvfWxjjLAKDBNzxnIFCE9OYvj5lHqIhHT3TLz6oP-k0HY48W9jmiZM2ky4n04zW3RN7LPVmnrIWOZiYYIIOsXl-1v_CAdx4kb3PjhEhQ1tt6mOkNmd7v_a-rVFuTi83fdbBcUhOG-t5ufTNIxw_A\/s320\/Presentazione%20Reggio%20Calabria%20locandina%20A4.jpg","type":"","width":"","height":""}],"author":"inpress","twitter_card":"summary_large_image","twitter_misc":{"Scritto da":"inpress","Tempo di lettura stimato":"2 minuti"},"schema":{"@context":"https:\/\/schema.org","@graph":[{"@type":"Article","@id":"https:\/\/www.article-marketing.eu\/comunicatistampa\/libri-allo-spazio-open-si-presenta-mi-hai-trovata-tu-di-maria-rita-concilio\/#article","isPartOf":{"@id":"https:\/\/www.article-marketing.eu\/comunicatistampa\/libri-allo-spazio-open-si-presenta-mi-hai-trovata-tu-di-maria-rita-concilio\/"},"author":{"name":"inpress","@id":"https:\/\/www.article-marketing.eu\/comunicatistampa\/#\/schema\/person\/6f87d425bef304dd8be1a0895dea44b2"},"headline":"Libri, allo Spazio Open si presenta \u201cMi hai trovata tu\u201d di Maria Rita Concilio","datePublished":"2023-01-02T15:08:31+00:00","mainEntityOfPage":{"@id":"https:\/\/www.article-marketing.eu\/comunicatistampa\/libri-allo-spazio-open-si-presenta-mi-hai-trovata-tu-di-maria-rita-concilio\/"},"wordCount":328,"commentCount":0,"image":{"@id":"https:\/\/www.article-marketing.eu\/comunicatistampa\/libri-allo-spazio-open-si-presenta-mi-hai-trovata-tu-di-maria-rita-concilio\/#primaryimage"},"thumbnailUrl":"https:\/\/blogger.googleusercontent.com\/img\/b\/R29vZ2xl\/AVvXsEgoJ3RT3mpK86yH2NW8q7eF4VNx27PVbEom56Xa15JvfWxjjLAKDBNzxnIFCE9OYvj5lHqIhHT3TLz6oP-k0HY48W9jmiZM2ky4n04zW3RN7LPVmnrIWOZiYYIIOsXl-1v_CAdx4kb3PjhEhQ1tt6mOkNmd7v_a-rVFuTi83fdbBcUhOG-t5ufTNIxw_A\/s320\/Presentazione%20Reggio%20Calabria%20locandina%20A4.jpg","keywords":["dipendenze affettive","Maria Antonietta Rositani","Maria Rita Concilio","presentazioni di libri","Spazio Open"],"articleSection":["Libri"],"inLanguage":"it-IT","potentialAction":[{"@type":"CommentAction","name":"Comment","target":["https:\/\/www.article-marketing.eu\/comunicatistampa\/libri-allo-spazio-open-si-presenta-mi-hai-trovata-tu-di-maria-rita-concilio\/#respond"]}]},{"@type":"WebPage","@id":"https:\/\/www.article-marketing.eu\/comunicatistampa\/libri-allo-spazio-open-si-presenta-mi-hai-trovata-tu-di-maria-rita-concilio\/","url":"https:\/\/www.article-marketing.eu\/comunicatistampa\/libri-allo-spazio-open-si-presenta-mi-hai-trovata-tu-di-maria-rita-concilio\/","name":"Libri, allo Spazio Open si presenta \u201cMi hai trovata tu\u201d di Maria Rita Concilio","isPartOf":{"@id":"https:\/\/www.article-marketing.eu\/comunicatistampa\/#website"},"primaryImageOfPage":{"@id":"https:\/\/www.article-marketing.eu\/comunicatistampa\/libri-allo-spazio-open-si-presenta-mi-hai-trovata-tu-di-maria-rita-concilio\/#primaryimage"},"image":{"@id":"https:\/\/www.article-marketing.eu\/comunicatistampa\/libri-allo-spazio-open-si-presenta-mi-hai-trovata-tu-di-maria-rita-concilio\/#primaryimage"},"thumbnailUrl":"https:\/\/blogger.googleusercontent.com\/img\/b\/R29vZ2xl\/AVvXsEgoJ3RT3mpK86yH2NW8q7eF4VNx27PVbEom56Xa15JvfWxjjLAKDBNzxnIFCE9OYvj5lHqIhHT3TLz6oP-k0HY48W9jmiZM2ky4n04zW3RN7LPVmnrIWOZiYYIIOsXl-1v_CAdx4kb3PjhEhQ1tt6mOkNmd7v_a-rVFuTi83fdbBcUhOG-t5ufTNIxw_A\/s320\/Presentazione%20Reggio%20Calabria%20locandina%20A4.jpg","datePublished":"2023-01-02T15:08:31+00:00","author":{"@id":"https:\/\/www.article-marketing.eu\/comunicatistampa\/#\/schema\/person\/6f87d425bef304dd8be1a0895dea44b2"},"breadcrumb":{"@id":"https:\/\/www.article-marketing.eu\/comunicatistampa\/libri-allo-spazio-open-si-presenta-mi-hai-trovata-tu-di-maria-rita-concilio\/#breadcrumb"},"inLanguage":"it-IT","potentialAction":[{"@type":"ReadAction","target":["https:\/\/www.article-marketing.eu\/comunicatistampa\/libri-allo-spazio-open-si-presenta-mi-hai-trovata-tu-di-maria-rita-concilio\/"]}]},{"@type":"ImageObject","inLanguage":"it-IT","@id":"https:\/\/www.article-marketing.eu\/comunicatistampa\/libri-allo-spazio-open-si-presenta-mi-hai-trovata-tu-di-maria-rita-concilio\/#primaryimage","url":"https:\/\/blogger.googleusercontent.com\/img\/b\/R29vZ2xl\/AVvXsEgoJ3RT3mpK86yH2NW8q7eF4VNx27PVbEom56Xa15JvfWxjjLAKDBNzxnIFCE9OYvj5lHqIhHT3TLz6oP-k0HY48W9jmiZM2ky4n04zW3RN7LPVmnrIWOZiYYIIOsXl-1v_CAdx4kb3PjhEhQ1tt6mOkNmd7v_a-rVFuTi83fdbBcUhOG-t5ufTNIxw_A\/s320\/Presentazione%20Reggio%20Calabria%20locandina%20A4.jpg","contentUrl":"https:\/\/blogger.googleusercontent.com\/img\/b\/R29vZ2xl\/AVvXsEgoJ3RT3mpK86yH2NW8q7eF4VNx27PVbEom56Xa15JvfWxjjLAKDBNzxnIFCE9OYvj5lHqIhHT3TLz6oP-k0HY48W9jmiZM2ky4n04zW3RN7LPVmnrIWOZiYYIIOsXl-1v_CAdx4kb3PjhEhQ1tt6mOkNmd7v_a-rVFuTi83fdbBcUhOG-t5ufTNIxw_A\/s320\/Presentazione%20Reggio%20Calabria%20locandina%20A4.jpg"},{"@type":"BreadcrumbList","@id":"https:\/\/www.article-marketing.eu\/comunicatistampa\/libri-allo-spazio-open-si-presenta-mi-hai-trovata-tu-di-maria-rita-concilio\/#breadcrumb","itemListElement":[{"@type":"ListItem","position":1,"name":"Home","item":"https:\/\/www.article-marketing.eu\/comunicatistampa\/"},{"@type":"ListItem","position":2,"name":"Libri, allo Spazio Open si presenta \u201cMi hai trovata tu\u201d di Maria Rita Concilio"}]},{"@type":"WebSite","@id":"https:\/\/www.article-marketing.eu\/comunicatistampa\/#website","url":"https:\/\/www.article-marketing.eu\/comunicatistampa\/","name":"Article Marketing","description":"article marketing &amp; press release","potentialAction":[{"@type":"SearchAction","target":{"@type":"EntryPoint","urlTemplate":"https:\/\/www.article-marketing.eu\/comunicatistampa\/?s={search_term_string}"},"query-input":{"@type":"PropertyValueSpecification","valueRequired":true,"valueName":"search_term_string"}}],"inLanguage":"it-IT"},{"@type":"Person","@id":"https:\/\/www.article-marketing.eu\/comunicatistampa\/#\/schema\/person\/6f87d425bef304dd8be1a0895dea44b2","name":"inpress","image":{"@type":"ImageObject","inLanguage":"it-IT","@id":"https:\/\/secure.gravatar.com\/avatar\/8b9495d9dcfa5a2ac0eb8e4559db3f5f00d7248a8baa15ed14f155afae420f7d?s=96&d=mm&r=g","url":"https:\/\/secure.gravatar.com\/avatar\/8b9495d9dcfa5a2ac0eb8e4559db3f5f00d7248a8baa15ed14f155afae420f7d?s=96&d=mm&r=g","contentUrl":"https:\/\/secure.gravatar.com\/avatar\/8b9495d9dcfa5a2ac0eb8e4559db3f5f00d7248a8baa15ed14f155afae420f7d?s=96&d=mm&r=g","caption":"inpress"},"url":"https:\/\/www.article-marketing.eu\/comunicatistampa\/author\/inpress\/"}]}},"_links":{"self":[{"href":"https:\/\/www.article-marketing.eu\/comunicatistampa\/wp-json\/wp\/v2\/posts\/25870","targetHints":{"allow":["GET"]}}],"collection":[{"href":"https:\/\/www.article-marketing.eu\/comunicatistampa\/wp-json\/wp\/v2\/posts"}],"about":[{"href":"https:\/\/www.article-marketing.eu\/comunicatistampa\/wp-json\/wp\/v2\/types\/post"}],"author":[{"embeddable":true,"href":"https:\/\/www.article-marketing.eu\/comunicatistampa\/wp-json\/wp\/v2\/users\/920"}],"replies":[{"embeddable":true,"href":"https:\/\/www.article-marketing.eu\/comunicatistampa\/wp-json\/wp\/v2\/comments?post=25870"}],"version-history":[{"count":2,"href":"https:\/\/www.article-marketing.eu\/comunicatistampa\/wp-json\/wp\/v2\/posts\/25870\/revisions"}],"predecessor-version":[{"id":25925,"href":"https:\/\/www.article-marketing.eu\/comunicatistampa\/wp-json\/wp\/v2\/posts\/25870\/revisions\/25925"}],"wp:attachment":[{"href":"https:\/\/www.article-marketing.eu\/comunicatistampa\/wp-json\/wp\/v2\/media?parent=25870"}],"wp:term":[{"taxonomy":"category","embeddable":true,"href":"https:\/\/www.article-marketing.eu\/comunicatistampa\/wp-json\/wp\/v2\/categories?post=25870"},{"taxonomy":"post_tag","embeddable":true,"href":"https:\/\/www.article-marketing.eu\/comunicatistampa\/wp-json\/wp\/v2\/tags?post=25870"}],"curies":[{"name":"wp","href":"https:\/\/api.w.org\/{rel}","templated":true}]}}