{"id":25875,"date":"2023-01-02T16:03:51","date_gmt":"2023-01-02T15:03:51","guid":{"rendered":"https:\/\/www.article-marketing.eu\/comunicatistampa\/?p=25875"},"modified":"2023-01-02T16:03:51","modified_gmt":"2023-01-02T15:03:51","slug":"lombardi-in-vacanza-col-prestito-48","status":"publish","type":"post","link":"https:\/\/www.article-marketing.eu\/comunicatistampa\/lombardi-in-vacanza-col-prestito-48\/","title":{"rendered":"Lombardi in vacanza col prestito: +48%"},"content":{"rendered":"<p>Dopo un anno, il 2021, in cui si era cominciata a sentire chiara e netta la voglia di tornare a viaggiare dei lombardi, il 2022 \u00e8 evidentemente quello in cui questa volont\u00e0 si \u00e8 concretizzata, soprattutto nel periodo invernale, tanto che, secondo i calcoli fatti da <strong><a href=\"https:\/\/www.facile.it\/\">Facile.it<\/a> prendendo in considerazione un campione di oltre 17.000 casi<\/strong>, nel periodo settembre \u2013 novembre 2022, le richieste di prestiti personali compilate online per <strong>viaggi e vacanze \u00e8 aumentata del 48%<\/strong> rispetto al medesimo intervallo temporale del 2021.<\/p>\n<p>In crescita anche <strong>l\u2019importo medio richiesto<\/strong> a questo scopo (passato dai 5.224 euro del 2021 ai 5.675 euro del 2022; +9%) e, prevedibilmente, anche i <strong>tempi di restituzione<\/strong> (cresciuti da 47 a 51 mensilit\u00e0; anche in questo caso +9%).<\/p>\n<p>Diminuisce, invece, <strong>l\u2019et\u00e0 media<\/strong> del richiedente che passa da 35 a 33 anni.<\/p>\n<p>Grazie all&#8217;incremento\u00a0delle richieste per viaggi e vacanze, il loro peso relativo rispetto al totale di quelle presentate in Lombardia passa dall&#8217;1,1% all&#8217;1,3%, (+ 22,7%)<\/p>\n<p><strong>Per che cosa chiedono i prestiti i lombardi.<\/strong><\/p>\n<p>Quali sono le principali finalit\u00e0 per le quali si chiede un prestito personale in Lombardia? Secondo l\u2019analisi di Facile.it al primo posto resiste saldamente l\u2019ottenimento di <strong>liquidit\u00e0<\/strong> (che rappresenta il 32,4% del totale richieste), seguita dall\u2019acquisto di <strong>auto usate<\/strong> (17,1% del totale, ma in calo del 10,3% rispetto ad un anno fa nel suo peso sul totale richieste) ed il <strong>consolidamento debiti<\/strong> (14,7%; +28,2% se confrontata con il valore 2021).<\/p>\n<p>Appena fuori dal podio e tutte in calo la <strong>ristrutturazione immobili<\/strong> (10,09%; -21,1%), <strong>l\u2019acquisto di arredi<\/strong> (6,5%; -12,3%) e le <strong>spese mediche<\/strong> (4,4%; -2,7%).<\/p>\n<p>Se guardiamo alle finalit\u00e0 che, dalla fine del 2021 alla fine del 2022, hanno accresciuto maggiormente il loro peso sul totale richieste presentate in Lombardia, al primo posto troviamo i prestiti per <strong>Formazione ed Universit\u00e0<\/strong> (+39,9%) seguiti da quelli per finanziare il <strong>consolidamento dei debiti<\/strong> (28,2%), l\u2019acquisto di <strong>viaggi e vacanze<\/strong> (+22,7%) e quello di <strong>PC e strumenti elettronici<\/strong> (+16,6%).<\/p>\n<p>A livello complessivo, <strong>l\u2019importo medio che i lombardi hanno richiesto alle finanziarie<\/strong> per i prestiti personali \u00e8 passato dai 10.839 euro del periodo settembre \u2013 novembre 2021 agli 11.429 euro degli stessi mesi del 2022 (+5,4%).<\/p>\n<p>&nbsp;<\/p>\n","protected":false},"excerpt":{"rendered":"<p>Dopo un anno, il 2021, in cui si era cominciata a sentire chiara e netta la voglia di tornare a viaggiare dei lombardi, il 2022 \u00e8 evidentemente quello in cui questa volont\u00e0 si \u00e8 concretizzata, soprattutto nel periodo invernale, tanto che, secondo i calcoli fatti da Facile.it prendendo in considerazione un campione di oltre 17.000 casi, nel periodo settembre \u2013 novembre 2022, le richieste di prestiti personali compilate online per<\/p>\n<p><a class=\"continue-reading\" href=\"https:\/\/www.article-marketing.eu\/comunicatistampa\/lombardi-in-vacanza-col-prestito-48\/\">Continue reading&#8230;<\/a><\/p>\n","protected":false},"author":62,"featured_media":0,"comment_status":"open","ping_status":"open","sticky":false,"template":"","format":"standard","meta":{"_monsterinsights_skip_tracking":false,"_monsterinsights_sitenote_active":false,"_monsterinsights_sitenote_note":"","_monsterinsights_sitenote_category":0,"footnotes":""},"categories":[386],"tags":[555,793,3406,10353,870,235],"class_list":["post-25875","post","type-post","status-publish","format-standard","hentry","category-economia-e-lavoro","tag-facile-it","tag-lombardia","tag-prestiti","tag-prestiti-per-vacanze","tag-vacanze","tag-viaggi"],"yoast_head":"<!-- This site is optimized with the Yoast SEO plugin v27.3 - https:\/\/yoast.com\/product\/yoast-seo-wordpress\/ -->\n<title>Lombardi in vacanza col prestito: +48% - Article Marketing<\/title>\n<meta name=\"robots\" content=\"index, follow, max-snippet:-1, max-image-preview:large, max-video-preview:-1\" \/>\n<link rel=\"canonical\" href=\"https:\/\/www.article-marketing.eu\/comunicatistampa\/lombardi-in-vacanza-col-prestito-48\/\" \/>\n<meta property=\"og:locale\" content=\"it_IT\" \/>\n<meta property=\"og:type\" content=\"article\" \/>\n<meta property=\"og:title\" content=\"Lombardi in vacanza col prestito: +48% - Article Marketing\" \/>\n<meta property=\"og:description\" content=\"Dopo un anno, il 2021, in cui si era cominciata a sentire chiara e netta la voglia di tornare a viaggiare dei lombardi, il 2022 \u00e8 evidentemente quello in cui questa volont\u00e0 si \u00e8 concretizzata, soprattutto nel periodo invernale, tanto che, secondo i calcoli fatti da Facile.it prendendo in considerazione un campione di oltre 17.000 casi, nel periodo settembre \u2013 novembre 2022, le richieste di prestiti personali compilate online perContinue reading...\" \/>\n<meta property=\"og:url\" content=\"https:\/\/www.article-marketing.eu\/comunicatistampa\/lombardi-in-vacanza-col-prestito-48\/\" \/>\n<meta property=\"og:site_name\" content=\"Article Marketing\" \/>\n<meta property=\"article:published_time\" content=\"2023-01-02T15:03:51+00:00\" \/>\n<meta name=\"author\" content=\"Facile.it\" \/>\n<meta name=\"twitter:card\" content=\"summary_large_image\" \/>\n<meta name=\"twitter:label1\" content=\"Scritto da\" \/>\n\t<meta name=\"twitter:data1\" content=\"Facile.it\" \/>\n\t<meta name=\"twitter:label2\" content=\"Tempo di lettura stimato\" \/>\n\t<meta name=\"twitter:data2\" content=\"2 minuti\" \/>\n<script type=\"application\/ld+json\" class=\"yoast-schema-graph\">{\"@context\":\"https:\\\/\\\/schema.org\",\"@graph\":[{\"@type\":\"Article\",\"@id\":\"https:\\\/\\\/www.article-marketing.eu\\\/comunicatistampa\\\/lombardi-in-vacanza-col-prestito-48\\\/#article\",\"isPartOf\":{\"@id\":\"https:\\\/\\\/www.article-marketing.eu\\\/comunicatistampa\\\/lombardi-in-vacanza-col-prestito-48\\\/\"},\"author\":{\"name\":\"Facile.it\",\"@id\":\"https:\\\/\\\/www.article-marketing.eu\\\/comunicatistampa\\\/#\\\/schema\\\/person\\\/1deca6d9e0cf173abfe76a90ef261a2a\"},\"headline\":\"Lombardi in vacanza col prestito: +48%\",\"datePublished\":\"2023-01-02T15:03:51+00:00\",\"mainEntityOfPage\":{\"@id\":\"https:\\\/\\\/www.article-marketing.eu\\\/comunicatistampa\\\/lombardi-in-vacanza-col-prestito-48\\\/\"},\"wordCount\":331,\"commentCount\":0,\"keywords\":[\"facile.it\",\"Lombardia\",\"prestiti\",\"prestiti per vacanze\",\"vacanze\",\"viaggi\"],\"articleSection\":[\"Economia e lavoro\"],\"inLanguage\":\"it-IT\",\"potentialAction\":[{\"@type\":\"CommentAction\",\"name\":\"Comment\",\"target\":[\"https:\\\/\\\/www.article-marketing.eu\\\/comunicatistampa\\\/lombardi-in-vacanza-col-prestito-48\\\/#respond\"]}]},{\"@type\":\"WebPage\",\"@id\":\"https:\\\/\\\/www.article-marketing.eu\\\/comunicatistampa\\\/lombardi-in-vacanza-col-prestito-48\\\/\",\"url\":\"https:\\\/\\\/www.article-marketing.eu\\\/comunicatistampa\\\/lombardi-in-vacanza-col-prestito-48\\\/\",\"name\":\"Lombardi in vacanza col prestito: +48% - Article Marketing\",\"isPartOf\":{\"@id\":\"https:\\\/\\\/www.article-marketing.eu\\\/comunicatistampa\\\/#website\"},\"datePublished\":\"2023-01-02T15:03:51+00:00\",\"author\":{\"@id\":\"https:\\\/\\\/www.article-marketing.eu\\\/comunicatistampa\\\/#\\\/schema\\\/person\\\/1deca6d9e0cf173abfe76a90ef261a2a\"},\"breadcrumb\":{\"@id\":\"https:\\\/\\\/www.article-marketing.eu\\\/comunicatistampa\\\/lombardi-in-vacanza-col-prestito-48\\\/#breadcrumb\"},\"inLanguage\":\"it-IT\",\"potentialAction\":[{\"@type\":\"ReadAction\",\"target\":[\"https:\\\/\\\/www.article-marketing.eu\\\/comunicatistampa\\\/lombardi-in-vacanza-col-prestito-48\\\/\"]}]},{\"@type\":\"BreadcrumbList\",\"@id\":\"https:\\\/\\\/www.article-marketing.eu\\\/comunicatistampa\\\/lombardi-in-vacanza-col-prestito-48\\\/#breadcrumb\",\"itemListElement\":[{\"@type\":\"ListItem\",\"position\":1,\"name\":\"Home\",\"item\":\"https:\\\/\\\/www.article-marketing.eu\\\/comunicatistampa\\\/\"},{\"@type\":\"ListItem\",\"position\":2,\"name\":\"Lombardi in vacanza col prestito: +48%\"}]},{\"@type\":\"WebSite\",\"@id\":\"https:\\\/\\\/www.article-marketing.eu\\\/comunicatistampa\\\/#website\",\"url\":\"https:\\\/\\\/www.article-marketing.eu\\\/comunicatistampa\\\/\",\"name\":\"Article Marketing\",\"description\":\"article marketing &amp; press release\",\"potentialAction\":[{\"@type\":\"SearchAction\",\"target\":{\"@type\":\"EntryPoint\",\"urlTemplate\":\"https:\\\/\\\/www.article-marketing.eu\\\/comunicatistampa\\\/?s={search_term_string}\"},\"query-input\":{\"@type\":\"PropertyValueSpecification\",\"valueRequired\":true,\"valueName\":\"search_term_string\"}}],\"inLanguage\":\"it-IT\"},{\"@type\":\"Person\",\"@id\":\"https:\\\/\\\/www.article-marketing.eu\\\/comunicatistampa\\\/#\\\/schema\\\/person\\\/1deca6d9e0cf173abfe76a90ef261a2a\",\"name\":\"Facile.it\",\"image\":{\"@type\":\"ImageObject\",\"inLanguage\":\"it-IT\",\"@id\":\"https:\\\/\\\/secure.gravatar.com\\\/avatar\\\/2623775dfcd174bde1a788a4bc028e9035747fa40886953f4954f56c45cf4b34?s=96&d=mm&r=g\",\"url\":\"https:\\\/\\\/secure.gravatar.com\\\/avatar\\\/2623775dfcd174bde1a788a4bc028e9035747fa40886953f4954f56c45cf4b34?s=96&d=mm&r=g\",\"contentUrl\":\"https:\\\/\\\/secure.gravatar.com\\\/avatar\\\/2623775dfcd174bde1a788a4bc028e9035747fa40886953f4954f56c45cf4b34?s=96&d=mm&r=g\",\"caption\":\"Facile.it\"},\"url\":\"https:\\\/\\\/www.article-marketing.eu\\\/comunicatistampa\\\/author\\\/facile-it\\\/\"}]}<\/script>\n<!-- \/ Yoast SEO plugin. -->","yoast_head_json":{"title":"Lombardi in vacanza col prestito: +48% - Article Marketing","robots":{"index":"index","follow":"follow","max-snippet":"max-snippet:-1","max-image-preview":"max-image-preview:large","max-video-preview":"max-video-preview:-1"},"canonical":"https:\/\/www.article-marketing.eu\/comunicatistampa\/lombardi-in-vacanza-col-prestito-48\/","og_locale":"it_IT","og_type":"article","og_title":"Lombardi in vacanza col prestito: +48% - Article Marketing","og_description":"Dopo un anno, il 2021, in cui si era cominciata a sentire chiara e netta la voglia di tornare a viaggiare dei lombardi, il 2022 \u00e8 evidentemente quello in cui questa volont\u00e0 si \u00e8 concretizzata, soprattutto nel periodo invernale, tanto che, secondo i calcoli fatti da Facile.it prendendo in considerazione un campione di oltre 17.000 casi, nel periodo settembre \u2013 novembre 2022, le richieste di prestiti personali compilate online perContinue reading...","og_url":"https:\/\/www.article-marketing.eu\/comunicatistampa\/lombardi-in-vacanza-col-prestito-48\/","og_site_name":"Article Marketing","article_published_time":"2023-01-02T15:03:51+00:00","author":"Facile.it","twitter_card":"summary_large_image","twitter_misc":{"Scritto da":"Facile.it","Tempo di lettura stimato":"2 minuti"},"schema":{"@context":"https:\/\/schema.org","@graph":[{"@type":"Article","@id":"https:\/\/www.article-marketing.eu\/comunicatistampa\/lombardi-in-vacanza-col-prestito-48\/#article","isPartOf":{"@id":"https:\/\/www.article-marketing.eu\/comunicatistampa\/lombardi-in-vacanza-col-prestito-48\/"},"author":{"name":"Facile.it","@id":"https:\/\/www.article-marketing.eu\/comunicatistampa\/#\/schema\/person\/1deca6d9e0cf173abfe76a90ef261a2a"},"headline":"Lombardi in vacanza col prestito: +48%","datePublished":"2023-01-02T15:03:51+00:00","mainEntityOfPage":{"@id":"https:\/\/www.article-marketing.eu\/comunicatistampa\/lombardi-in-vacanza-col-prestito-48\/"},"wordCount":331,"commentCount":0,"keywords":["facile.it","Lombardia","prestiti","prestiti per vacanze","vacanze","viaggi"],"articleSection":["Economia e lavoro"],"inLanguage":"it-IT","potentialAction":[{"@type":"CommentAction","name":"Comment","target":["https:\/\/www.article-marketing.eu\/comunicatistampa\/lombardi-in-vacanza-col-prestito-48\/#respond"]}]},{"@type":"WebPage","@id":"https:\/\/www.article-marketing.eu\/comunicatistampa\/lombardi-in-vacanza-col-prestito-48\/","url":"https:\/\/www.article-marketing.eu\/comunicatistampa\/lombardi-in-vacanza-col-prestito-48\/","name":"Lombardi in vacanza col prestito: +48% - Article Marketing","isPartOf":{"@id":"https:\/\/www.article-marketing.eu\/comunicatistampa\/#website"},"datePublished":"2023-01-02T15:03:51+00:00","author":{"@id":"https:\/\/www.article-marketing.eu\/comunicatistampa\/#\/schema\/person\/1deca6d9e0cf173abfe76a90ef261a2a"},"breadcrumb":{"@id":"https:\/\/www.article-marketing.eu\/comunicatistampa\/lombardi-in-vacanza-col-prestito-48\/#breadcrumb"},"inLanguage":"it-IT","potentialAction":[{"@type":"ReadAction","target":["https:\/\/www.article-marketing.eu\/comunicatistampa\/lombardi-in-vacanza-col-prestito-48\/"]}]},{"@type":"BreadcrumbList","@id":"https:\/\/www.article-marketing.eu\/comunicatistampa\/lombardi-in-vacanza-col-prestito-48\/#breadcrumb","itemListElement":[{"@type":"ListItem","position":1,"name":"Home","item":"https:\/\/www.article-marketing.eu\/comunicatistampa\/"},{"@type":"ListItem","position":2,"name":"Lombardi in vacanza col prestito: +48%"}]},{"@type":"WebSite","@id":"https:\/\/www.article-marketing.eu\/comunicatistampa\/#website","url":"https:\/\/www.article-marketing.eu\/comunicatistampa\/","name":"Article Marketing","description":"article marketing &amp; press release","potentialAction":[{"@type":"SearchAction","target":{"@type":"EntryPoint","urlTemplate":"https:\/\/www.article-marketing.eu\/comunicatistampa\/?s={search_term_string}"},"query-input":{"@type":"PropertyValueSpecification","valueRequired":true,"valueName":"search_term_string"}}],"inLanguage":"it-IT"},{"@type":"Person","@id":"https:\/\/www.article-marketing.eu\/comunicatistampa\/#\/schema\/person\/1deca6d9e0cf173abfe76a90ef261a2a","name":"Facile.it","image":{"@type":"ImageObject","inLanguage":"it-IT","@id":"https:\/\/secure.gravatar.com\/avatar\/2623775dfcd174bde1a788a4bc028e9035747fa40886953f4954f56c45cf4b34?s=96&d=mm&r=g","url":"https:\/\/secure.gravatar.com\/avatar\/2623775dfcd174bde1a788a4bc028e9035747fa40886953f4954f56c45cf4b34?s=96&d=mm&r=g","contentUrl":"https:\/\/secure.gravatar.com\/avatar\/2623775dfcd174bde1a788a4bc028e9035747fa40886953f4954f56c45cf4b34?s=96&d=mm&r=g","caption":"Facile.it"},"url":"https:\/\/www.article-marketing.eu\/comunicatistampa\/author\/facile-it\/"}]}},"_links":{"self":[{"href":"https:\/\/www.article-marketing.eu\/comunicatistampa\/wp-json\/wp\/v2\/posts\/25875","targetHints":{"allow":["GET"]}}],"collection":[{"href":"https:\/\/www.article-marketing.eu\/comunicatistampa\/wp-json\/wp\/v2\/posts"}],"about":[{"href":"https:\/\/www.article-marketing.eu\/comunicatistampa\/wp-json\/wp\/v2\/types\/post"}],"author":[{"embeddable":true,"href":"https:\/\/www.article-marketing.eu\/comunicatistampa\/wp-json\/wp\/v2\/users\/62"}],"replies":[{"embeddable":true,"href":"https:\/\/www.article-marketing.eu\/comunicatistampa\/wp-json\/wp\/v2\/comments?post=25875"}],"version-history":[{"count":2,"href":"https:\/\/www.article-marketing.eu\/comunicatistampa\/wp-json\/wp\/v2\/posts\/25875\/revisions"}],"predecessor-version":[{"id":25915,"href":"https:\/\/www.article-marketing.eu\/comunicatistampa\/wp-json\/wp\/v2\/posts\/25875\/revisions\/25915"}],"wp:attachment":[{"href":"https:\/\/www.article-marketing.eu\/comunicatistampa\/wp-json\/wp\/v2\/media?parent=25875"}],"wp:term":[{"taxonomy":"category","embeddable":true,"href":"https:\/\/www.article-marketing.eu\/comunicatistampa\/wp-json\/wp\/v2\/categories?post=25875"},{"taxonomy":"post_tag","embeddable":true,"href":"https:\/\/www.article-marketing.eu\/comunicatistampa\/wp-json\/wp\/v2\/tags?post=25875"}],"curies":[{"name":"wp","href":"https:\/\/api.w.org\/{rel}","templated":true}]}}