{"id":25887,"date":"2023-01-02T16:04:50","date_gmt":"2023-01-02T15:04:50","guid":{"rendered":"https:\/\/www.article-marketing.eu\/comunicatistampa\/?p=25887"},"modified":"2023-01-02T16:04:50","modified_gmt":"2023-01-02T15:04:50","slug":"copma-presenta-il-bilancio-di-responsabilita-sociale-2021","status":"publish","type":"post","link":"https:\/\/www.article-marketing.eu\/comunicatistampa\/copma-presenta-il-bilancio-di-responsabilita-sociale-2021\/","title":{"rendered":"Copma presenta il Bilancio di Responsabilit\u00e0 Sociale 2021"},"content":{"rendered":"<p><em><strong><a title=\"Copma focus su Professionisti e Aziende\" href=\"https:\/\/www.professionistieaziende.it\/copma\/copma.php\">Copma<\/a> ha presentato il Bilancio di Responsabilit\u00e0 Sociale 2021 nel corso dell\u2019evento \u201cCopma 2030. La via del futuro: dal bilancio sociale alla responsabilit\u00e0 integrata\u201d. Presenti anche l\u2019Assessore al Bilancio e Rapporti con l\u2019UE della Regione Emilia-Romagna Paolo Calvano e il Presidente di Legacoop Mauro Lusetti.<\/strong><\/em><\/p>\n<p><a title=\"Copma profilo \" href=\"https:\/\/www.professionistieaziende.it\/copma\/copma.php\"><img loading=\"lazy\" decoding=\"async\" src=\"https:\/\/www.professionistieaziende.it\/copma\/copma.jpg\" alt=\"Copma\" width=\"200\" height=\"68\" \/><\/a><\/p>\n<h2>Il Bilancio di Responsabilit\u00e0 Sociale 2021 di Copma<\/h2>\n<p>\u201c<em>Partiamo da una base solida per superare i nostri limiti e per guardare al futuro con fiducia<\/em>\u201d. Cos\u00ec la Presidente di <a title=\"Copma profilo aziendale\" href=\"https:\/\/www.professionistieaziende.it\/copma\/copma.php\">Copma<\/a> Silvia Grandi ha introdotto \u201cCopma 2030. La via del futuro: dal bilancio sociale alla responsabilit\u00e0 integrata\u201d. L\u2019evento, tenutosi lo scorso 26 novembre presso l\u2019Auditorium di Via Veneziani a Ferrara, \u00e8 stata un\u2019occasione per riflettere sull\u2019impatto sociale che hanno le azioni della cooperativa e sulle nuove prospettive imprenditoriali, sulla scia dell\u2019Agenda Onu 2030. \u201c<em>Copma 2030 \u00e8 un titolo ambizioso, che si collega alla Agenda Onu e alla nostra tensione al futuro della cooperativa<\/em> \u2013 ha continuato la Presidente \u2013 <em>I 17 obiettivi dello sviluppo sostenibile avranno una loro efficacia se ognuno di noi contribuir\u00e0 nella propria parte a realizzarli<\/em>\u201d.<\/p>\n<h2>I commenti di Paolo Calvano e Mauro Lusetti sull\u2019impegno di Copma<\/h2>\n<p>All\u2019evento era presente anche l\u2019Assessore al Bilancio e Rapporti con l\u2019UE della Regione Emilia-Romagna Paolo Calvano, il quale ha sottolineato come l\u2019attenzione di <strong>Copma<\/strong> all\u2019Agenda 2030 non sia n\u00e9 scontata, n\u00e9 formale, ma piuttosto caratterizzata da un approccio sostanziale. La cooperativa, in collaborazione con l\u2019Universit\u00e0 di Ferrara, ha ideato un innovativo sistema di sanificazione che si basa sull\u2019utilizzo di detergenti microbici anzich\u00e9 chimici, riuscendo a raggiungere risultati straordinari. Alla luce delle tante imprese che fanno della sostenibilit\u00e0 solo una logica di marketing, il Presidente di Legacoop Mauro Lusetti ha rimarcato la necessit\u00e0 di una \u201c<em>coerenza rispetto ai valori cooperativi<\/em>\u201d, da vivere \u201c<em>non solo come elemento etico, ma misurato concretamente nel nostro agire quotidiano<\/em>\u201d.<\/p>\n","protected":false},"excerpt":{"rendered":"<p>Copma ha presentato il Bilancio di Responsabilit\u00e0 Sociale 2021 nel corso dell\u2019evento \u201cCopma 2030. La via del futuro: dal bilancio sociale alla responsabilit\u00e0 integrata\u201d. Presenti anche l\u2019Assessore al Bilancio e Rapporti con l\u2019UE della Regione Emilia-Romagna Paolo Calvano e il Presidente di Legacoop Mauro Lusetti. Il Bilancio di Responsabilit\u00e0 Sociale 2021 di Copma \u201cPartiamo da una base solida per superare i nostri limiti e per guardare al futuro con fiducia\u201d.<\/p>\n<p><a class=\"continue-reading\" href=\"https:\/\/www.article-marketing.eu\/comunicatistampa\/copma-presenta-il-bilancio-di-responsabilita-sociale-2021\/\">Continue reading&#8230;<\/a><\/p>\n","protected":false},"author":6477,"featured_media":0,"comment_status":"open","ping_status":"open","sticky":false,"template":"","format":"standard","meta":{"_monsterinsights_skip_tracking":false,"_monsterinsights_sitenote_active":false,"_monsterinsights_sitenote_note":"","_monsterinsights_sitenote_category":0,"footnotes":""},"categories":[362],"tags":[10024],"class_list":["post-25887","post","type-post","status-publish","format-standard","hentry","category-societa","tag-copma"],"yoast_head":"<!-- This site is optimized with the Yoast SEO plugin v27.3 - https:\/\/yoast.com\/product\/yoast-seo-wordpress\/ -->\n<title>Copma presenta il Bilancio di Responsabilit\u00e0 Sociale 2021<\/title>\n<meta name=\"robots\" content=\"index, follow, max-snippet:-1, max-image-preview:large, max-video-preview:-1\" \/>\n<link rel=\"canonical\" href=\"https:\/\/www.article-marketing.eu\/comunicatistampa\/copma-presenta-il-bilancio-di-responsabilita-sociale-2021\/\" \/>\n<meta property=\"og:locale\" content=\"it_IT\" \/>\n<meta property=\"og:type\" content=\"article\" \/>\n<meta property=\"og:title\" content=\"Copma presenta il Bilancio di Responsabilit\u00e0 Sociale 2021\" \/>\n<meta property=\"og:description\" content=\"Copma ha presentato il Bilancio di Responsabilit\u00e0 Sociale 2021 nel corso dell\u2019evento \u201cCopma 2030. La via del futuro: dal bilancio sociale alla responsabilit\u00e0 integrata\u201d. Presenti anche l\u2019Assessore al Bilancio e Rapporti con l\u2019UE della Regione Emilia-Romagna Paolo Calvano e il Presidente di Legacoop Mauro Lusetti. Il Bilancio di Responsabilit\u00e0 Sociale 2021 di Copma \u201cPartiamo da una base solida per superare i nostri limiti e per guardare al futuro con fiducia\u201d.Continue reading...\" \/>\n<meta property=\"og:url\" content=\"https:\/\/www.article-marketing.eu\/comunicatistampa\/copma-presenta-il-bilancio-di-responsabilita-sociale-2021\/\" \/>\n<meta property=\"og:site_name\" content=\"Article Marketing\" \/>\n<meta property=\"article:published_time\" content=\"2023-01-02T15:04:50+00:00\" \/>\n<meta property=\"og:image\" content=\"https:\/\/www.professionistieaziende.it\/copma\/copma.jpg\" \/>\n<meta name=\"author\" content=\"articolinews\" \/>\n<meta name=\"twitter:card\" content=\"summary_large_image\" \/>\n<meta name=\"twitter:label1\" content=\"Scritto da\" \/>\n\t<meta name=\"twitter:data1\" content=\"articolinews\" \/>\n\t<meta name=\"twitter:label2\" content=\"Tempo di lettura stimato\" \/>\n\t<meta name=\"twitter:data2\" content=\"2 minuti\" \/>\n<script type=\"application\/ld+json\" class=\"yoast-schema-graph\">{\"@context\":\"https:\\\/\\\/schema.org\",\"@graph\":[{\"@type\":\"Article\",\"@id\":\"https:\\\/\\\/www.article-marketing.eu\\\/comunicatistampa\\\/copma-presenta-il-bilancio-di-responsabilita-sociale-2021\\\/#article\",\"isPartOf\":{\"@id\":\"https:\\\/\\\/www.article-marketing.eu\\\/comunicatistampa\\\/copma-presenta-il-bilancio-di-responsabilita-sociale-2021\\\/\"},\"author\":{\"name\":\"articolinews\",\"@id\":\"https:\\\/\\\/www.article-marketing.eu\\\/comunicatistampa\\\/#\\\/schema\\\/person\\\/2fcaf8f8f3a9eef9eb7f27532d3ca458\"},\"headline\":\"Copma presenta il Bilancio di Responsabilit\u00e0 Sociale 2021\",\"datePublished\":\"2023-01-02T15:04:50+00:00\",\"mainEntityOfPage\":{\"@id\":\"https:\\\/\\\/www.article-marketing.eu\\\/comunicatistampa\\\/copma-presenta-il-bilancio-di-responsabilita-sociale-2021\\\/\"},\"wordCount\":307,\"commentCount\":0,\"image\":{\"@id\":\"https:\\\/\\\/www.article-marketing.eu\\\/comunicatistampa\\\/copma-presenta-il-bilancio-di-responsabilita-sociale-2021\\\/#primaryimage\"},\"thumbnailUrl\":\"https:\\\/\\\/www.professionistieaziende.it\\\/copma\\\/copma.jpg\",\"keywords\":[\"Copma\"],\"articleSection\":[\"Societ\u00e0\"],\"inLanguage\":\"it-IT\",\"potentialAction\":[{\"@type\":\"CommentAction\",\"name\":\"Comment\",\"target\":[\"https:\\\/\\\/www.article-marketing.eu\\\/comunicatistampa\\\/copma-presenta-il-bilancio-di-responsabilita-sociale-2021\\\/#respond\"]}]},{\"@type\":\"WebPage\",\"@id\":\"https:\\\/\\\/www.article-marketing.eu\\\/comunicatistampa\\\/copma-presenta-il-bilancio-di-responsabilita-sociale-2021\\\/\",\"url\":\"https:\\\/\\\/www.article-marketing.eu\\\/comunicatistampa\\\/copma-presenta-il-bilancio-di-responsabilita-sociale-2021\\\/\",\"name\":\"Copma presenta il Bilancio di Responsabilit\u00e0 Sociale 2021\",\"isPartOf\":{\"@id\":\"https:\\\/\\\/www.article-marketing.eu\\\/comunicatistampa\\\/#website\"},\"primaryImageOfPage\":{\"@id\":\"https:\\\/\\\/www.article-marketing.eu\\\/comunicatistampa\\\/copma-presenta-il-bilancio-di-responsabilita-sociale-2021\\\/#primaryimage\"},\"image\":{\"@id\":\"https:\\\/\\\/www.article-marketing.eu\\\/comunicatistampa\\\/copma-presenta-il-bilancio-di-responsabilita-sociale-2021\\\/#primaryimage\"},\"thumbnailUrl\":\"https:\\\/\\\/www.professionistieaziende.it\\\/copma\\\/copma.jpg\",\"datePublished\":\"2023-01-02T15:04:50+00:00\",\"author\":{\"@id\":\"https:\\\/\\\/www.article-marketing.eu\\\/comunicatistampa\\\/#\\\/schema\\\/person\\\/2fcaf8f8f3a9eef9eb7f27532d3ca458\"},\"breadcrumb\":{\"@id\":\"https:\\\/\\\/www.article-marketing.eu\\\/comunicatistampa\\\/copma-presenta-il-bilancio-di-responsabilita-sociale-2021\\\/#breadcrumb\"},\"inLanguage\":\"it-IT\",\"potentialAction\":[{\"@type\":\"ReadAction\",\"target\":[\"https:\\\/\\\/www.article-marketing.eu\\\/comunicatistampa\\\/copma-presenta-il-bilancio-di-responsabilita-sociale-2021\\\/\"]}]},{\"@type\":\"ImageObject\",\"inLanguage\":\"it-IT\",\"@id\":\"https:\\\/\\\/www.article-marketing.eu\\\/comunicatistampa\\\/copma-presenta-il-bilancio-di-responsabilita-sociale-2021\\\/#primaryimage\",\"url\":\"https:\\\/\\\/www.professionistieaziende.it\\\/copma\\\/copma.jpg\",\"contentUrl\":\"https:\\\/\\\/www.professionistieaziende.it\\\/copma\\\/copma.jpg\"},{\"@type\":\"BreadcrumbList\",\"@id\":\"https:\\\/\\\/www.article-marketing.eu\\\/comunicatistampa\\\/copma-presenta-il-bilancio-di-responsabilita-sociale-2021\\\/#breadcrumb\",\"itemListElement\":[{\"@type\":\"ListItem\",\"position\":1,\"name\":\"Home\",\"item\":\"https:\\\/\\\/www.article-marketing.eu\\\/comunicatistampa\\\/\"},{\"@type\":\"ListItem\",\"position\":2,\"name\":\"Copma presenta il Bilancio di Responsabilit\u00e0 Sociale 2021\"}]},{\"@type\":\"WebSite\",\"@id\":\"https:\\\/\\\/www.article-marketing.eu\\\/comunicatistampa\\\/#website\",\"url\":\"https:\\\/\\\/www.article-marketing.eu\\\/comunicatistampa\\\/\",\"name\":\"Article Marketing\",\"description\":\"article marketing &amp; press release\",\"potentialAction\":[{\"@type\":\"SearchAction\",\"target\":{\"@type\":\"EntryPoint\",\"urlTemplate\":\"https:\\\/\\\/www.article-marketing.eu\\\/comunicatistampa\\\/?s={search_term_string}\"},\"query-input\":{\"@type\":\"PropertyValueSpecification\",\"valueRequired\":true,\"valueName\":\"search_term_string\"}}],\"inLanguage\":\"it-IT\"},{\"@type\":\"Person\",\"@id\":\"https:\\\/\\\/www.article-marketing.eu\\\/comunicatistampa\\\/#\\\/schema\\\/person\\\/2fcaf8f8f3a9eef9eb7f27532d3ca458\",\"name\":\"articolinews\",\"image\":{\"@type\":\"ImageObject\",\"inLanguage\":\"it-IT\",\"@id\":\"https:\\\/\\\/secure.gravatar.com\\\/avatar\\\/9e2a264bab04e17dea24d937c9956304649a848cb73c46747a692ff1bdeb1cb7?s=96&d=mm&r=g\",\"url\":\"https:\\\/\\\/secure.gravatar.com\\\/avatar\\\/9e2a264bab04e17dea24d937c9956304649a848cb73c46747a692ff1bdeb1cb7?s=96&d=mm&r=g\",\"contentUrl\":\"https:\\\/\\\/secure.gravatar.com\\\/avatar\\\/9e2a264bab04e17dea24d937c9956304649a848cb73c46747a692ff1bdeb1cb7?s=96&d=mm&r=g\",\"caption\":\"articolinews\"},\"url\":\"https:\\\/\\\/www.article-marketing.eu\\\/comunicatistampa\\\/author\\\/articolinews\\\/\"}]}<\/script>\n<!-- \/ Yoast SEO plugin. -->","yoast_head_json":{"title":"Copma presenta il Bilancio di Responsabilit\u00e0 Sociale 2021","robots":{"index":"index","follow":"follow","max-snippet":"max-snippet:-1","max-image-preview":"max-image-preview:large","max-video-preview":"max-video-preview:-1"},"canonical":"https:\/\/www.article-marketing.eu\/comunicatistampa\/copma-presenta-il-bilancio-di-responsabilita-sociale-2021\/","og_locale":"it_IT","og_type":"article","og_title":"Copma presenta il Bilancio di Responsabilit\u00e0 Sociale 2021","og_description":"Copma ha presentato il Bilancio di Responsabilit\u00e0 Sociale 2021 nel corso dell\u2019evento \u201cCopma 2030. La via del futuro: dal bilancio sociale alla responsabilit\u00e0 integrata\u201d. Presenti anche l\u2019Assessore al Bilancio e Rapporti con l\u2019UE della Regione Emilia-Romagna Paolo Calvano e il Presidente di Legacoop Mauro Lusetti. Il Bilancio di Responsabilit\u00e0 Sociale 2021 di Copma \u201cPartiamo da una base solida per superare i nostri limiti e per guardare al futuro con fiducia\u201d.Continue reading...","og_url":"https:\/\/www.article-marketing.eu\/comunicatistampa\/copma-presenta-il-bilancio-di-responsabilita-sociale-2021\/","og_site_name":"Article Marketing","article_published_time":"2023-01-02T15:04:50+00:00","og_image":[{"url":"https:\/\/www.professionistieaziende.it\/copma\/copma.jpg","type":"","width":"","height":""}],"author":"articolinews","twitter_card":"summary_large_image","twitter_misc":{"Scritto da":"articolinews","Tempo di lettura stimato":"2 minuti"},"schema":{"@context":"https:\/\/schema.org","@graph":[{"@type":"Article","@id":"https:\/\/www.article-marketing.eu\/comunicatistampa\/copma-presenta-il-bilancio-di-responsabilita-sociale-2021\/#article","isPartOf":{"@id":"https:\/\/www.article-marketing.eu\/comunicatistampa\/copma-presenta-il-bilancio-di-responsabilita-sociale-2021\/"},"author":{"name":"articolinews","@id":"https:\/\/www.article-marketing.eu\/comunicatistampa\/#\/schema\/person\/2fcaf8f8f3a9eef9eb7f27532d3ca458"},"headline":"Copma presenta il Bilancio di Responsabilit\u00e0 Sociale 2021","datePublished":"2023-01-02T15:04:50+00:00","mainEntityOfPage":{"@id":"https:\/\/www.article-marketing.eu\/comunicatistampa\/copma-presenta-il-bilancio-di-responsabilita-sociale-2021\/"},"wordCount":307,"commentCount":0,"image":{"@id":"https:\/\/www.article-marketing.eu\/comunicatistampa\/copma-presenta-il-bilancio-di-responsabilita-sociale-2021\/#primaryimage"},"thumbnailUrl":"https:\/\/www.professionistieaziende.it\/copma\/copma.jpg","keywords":["Copma"],"articleSection":["Societ\u00e0"],"inLanguage":"it-IT","potentialAction":[{"@type":"CommentAction","name":"Comment","target":["https:\/\/www.article-marketing.eu\/comunicatistampa\/copma-presenta-il-bilancio-di-responsabilita-sociale-2021\/#respond"]}]},{"@type":"WebPage","@id":"https:\/\/www.article-marketing.eu\/comunicatistampa\/copma-presenta-il-bilancio-di-responsabilita-sociale-2021\/","url":"https:\/\/www.article-marketing.eu\/comunicatistampa\/copma-presenta-il-bilancio-di-responsabilita-sociale-2021\/","name":"Copma presenta il Bilancio di Responsabilit\u00e0 Sociale 2021","isPartOf":{"@id":"https:\/\/www.article-marketing.eu\/comunicatistampa\/#website"},"primaryImageOfPage":{"@id":"https:\/\/www.article-marketing.eu\/comunicatistampa\/copma-presenta-il-bilancio-di-responsabilita-sociale-2021\/#primaryimage"},"image":{"@id":"https:\/\/www.article-marketing.eu\/comunicatistampa\/copma-presenta-il-bilancio-di-responsabilita-sociale-2021\/#primaryimage"},"thumbnailUrl":"https:\/\/www.professionistieaziende.it\/copma\/copma.jpg","datePublished":"2023-01-02T15:04:50+00:00","author":{"@id":"https:\/\/www.article-marketing.eu\/comunicatistampa\/#\/schema\/person\/2fcaf8f8f3a9eef9eb7f27532d3ca458"},"breadcrumb":{"@id":"https:\/\/www.article-marketing.eu\/comunicatistampa\/copma-presenta-il-bilancio-di-responsabilita-sociale-2021\/#breadcrumb"},"inLanguage":"it-IT","potentialAction":[{"@type":"ReadAction","target":["https:\/\/www.article-marketing.eu\/comunicatistampa\/copma-presenta-il-bilancio-di-responsabilita-sociale-2021\/"]}]},{"@type":"ImageObject","inLanguage":"it-IT","@id":"https:\/\/www.article-marketing.eu\/comunicatistampa\/copma-presenta-il-bilancio-di-responsabilita-sociale-2021\/#primaryimage","url":"https:\/\/www.professionistieaziende.it\/copma\/copma.jpg","contentUrl":"https:\/\/www.professionistieaziende.it\/copma\/copma.jpg"},{"@type":"BreadcrumbList","@id":"https:\/\/www.article-marketing.eu\/comunicatistampa\/copma-presenta-il-bilancio-di-responsabilita-sociale-2021\/#breadcrumb","itemListElement":[{"@type":"ListItem","position":1,"name":"Home","item":"https:\/\/www.article-marketing.eu\/comunicatistampa\/"},{"@type":"ListItem","position":2,"name":"Copma presenta il Bilancio di Responsabilit\u00e0 Sociale 2021"}]},{"@type":"WebSite","@id":"https:\/\/www.article-marketing.eu\/comunicatistampa\/#website","url":"https:\/\/www.article-marketing.eu\/comunicatistampa\/","name":"Article Marketing","description":"article marketing &amp; press release","potentialAction":[{"@type":"SearchAction","target":{"@type":"EntryPoint","urlTemplate":"https:\/\/www.article-marketing.eu\/comunicatistampa\/?s={search_term_string}"},"query-input":{"@type":"PropertyValueSpecification","valueRequired":true,"valueName":"search_term_string"}}],"inLanguage":"it-IT"},{"@type":"Person","@id":"https:\/\/www.article-marketing.eu\/comunicatistampa\/#\/schema\/person\/2fcaf8f8f3a9eef9eb7f27532d3ca458","name":"articolinews","image":{"@type":"ImageObject","inLanguage":"it-IT","@id":"https:\/\/secure.gravatar.com\/avatar\/9e2a264bab04e17dea24d937c9956304649a848cb73c46747a692ff1bdeb1cb7?s=96&d=mm&r=g","url":"https:\/\/secure.gravatar.com\/avatar\/9e2a264bab04e17dea24d937c9956304649a848cb73c46747a692ff1bdeb1cb7?s=96&d=mm&r=g","contentUrl":"https:\/\/secure.gravatar.com\/avatar\/9e2a264bab04e17dea24d937c9956304649a848cb73c46747a692ff1bdeb1cb7?s=96&d=mm&r=g","caption":"articolinews"},"url":"https:\/\/www.article-marketing.eu\/comunicatistampa\/author\/articolinews\/"}]}},"_links":{"self":[{"href":"https:\/\/www.article-marketing.eu\/comunicatistampa\/wp-json\/wp\/v2\/posts\/25887","targetHints":{"allow":["GET"]}}],"collection":[{"href":"https:\/\/www.article-marketing.eu\/comunicatistampa\/wp-json\/wp\/v2\/posts"}],"about":[{"href":"https:\/\/www.article-marketing.eu\/comunicatistampa\/wp-json\/wp\/v2\/types\/post"}],"author":[{"embeddable":true,"href":"https:\/\/www.article-marketing.eu\/comunicatistampa\/wp-json\/wp\/v2\/users\/6477"}],"replies":[{"embeddable":true,"href":"https:\/\/www.article-marketing.eu\/comunicatistampa\/wp-json\/wp\/v2\/comments?post=25887"}],"version-history":[{"count":3,"href":"https:\/\/www.article-marketing.eu\/comunicatistampa\/wp-json\/wp\/v2\/posts\/25887\/revisions"}],"predecessor-version":[{"id":25919,"href":"https:\/\/www.article-marketing.eu\/comunicatistampa\/wp-json\/wp\/v2\/posts\/25887\/revisions\/25919"}],"wp:attachment":[{"href":"https:\/\/www.article-marketing.eu\/comunicatistampa\/wp-json\/wp\/v2\/media?parent=25887"}],"wp:term":[{"taxonomy":"category","embeddable":true,"href":"https:\/\/www.article-marketing.eu\/comunicatistampa\/wp-json\/wp\/v2\/categories?post=25887"},{"taxonomy":"post_tag","embeddable":true,"href":"https:\/\/www.article-marketing.eu\/comunicatistampa\/wp-json\/wp\/v2\/tags?post=25887"}],"curies":[{"name":"wp","href":"https:\/\/api.w.org\/{rel}","templated":true}]}}