{"id":25890,"date":"2023-01-02T16:10:23","date_gmt":"2023-01-02T15:10:23","guid":{"rendered":"https:\/\/www.article-marketing.eu\/comunicatistampa\/?p=25890"},"modified":"2023-01-02T16:10:23","modified_gmt":"2023-01-02T15:10:23","slug":"massimo-malvestio-il-presente-e-il-futuro-economico-del-veneto-lintervista","status":"publish","type":"post","link":"https:\/\/www.article-marketing.eu\/comunicatistampa\/massimo-malvestio-il-presente-e-il-futuro-economico-del-veneto-lintervista\/","title":{"rendered":"Massimo Malvestio: il presente e il futuro economico del Veneto, l\u2019intervista"},"content":{"rendered":"<p><em><strong>Un viaggio politico nell\u2019economia del Veneto di oggi: la vision sulla \u201cZaiaeconomics\u201d di <a title=\"Massimo Malvestio, analisi politica dell'economia del Veneto di oggi\" href=\"https:\/\/www.bassanonet.it\/economia\/30297-zaiaeconomics_parte_prima_.html\">Massimo Malvestio<\/a>, una delle autorevoli voci intervistate nell\u2019articolo-inchiesta.<\/strong><\/em><\/p>\n<p><a title=\"Massimo Malvestio analizza la Zaiaeconomics\" href=\"https:\/\/www.bassanonet.it\/economia\/30297-zaiaeconomics_parte_prima_.html\"><img loading=\"lazy\" decoding=\"async\" src=\"https:\/\/www.nellanotizia.net\/public\/fileuploati\/22-06-29289-1.jpg\" alt=\"Massimo Malvestio\" width=\"200\" height=\"267\" \/><\/a><\/p>\n<h2>Massimo Malvestio: il Veneto una regione che rimane competitiva nel mondo, a dispetto di tutto e di tutti<\/h2>\n<p>Lo sguardo di <a title=\"Massimo Malvestio, focus sull'economia del Veneto\" href=\"https:\/\/www.bassanonet.it\/economia\/30297-zaiaeconomics_parte_prima_.html\">Massimo Malvestio<\/a> sul presente e sul futuro economico del Veneto: l\u2019avvocato, uno dei pi\u00f9 grandi conoscitori degli equilibri della finanza regionale, \u00e8 stato intervistato nell\u2019ambito di un articolo-inchiesta sull\u2019esistenza o meno di una \u201cZaiaeconomics\u201d, ossia una \u201c<em>visione aggiornata dello sviluppo regionale \u2018made in Zaia\u2019, in grado di scavalcare anche la notoriet\u00e0 del suo pragmatismo di navigato amministratore locale e di formidabile uomo di consensi, doti peraltro che gli vengono gi\u00e0 riconosciuti a largo raggio<\/em>\u201d, come spiega su \u201cBassanonet\u201d l\u2019autore Luigi Marcadella. Tra le autorevoli voci intervistate in merito quella dell\u2019avvocato <strong>Massimo Malvestio<\/strong>, di cui si ricorda anche l\u2019attivit\u00e0 come scrittore ed editorialista per diverse testate tra cui il \u201cCorriere del Veneto\u201d: \u201c<em>Il dato che racconta cos\u2019\u00e8 ancora il Veneto \u00e8 l\u2019export. Una regione che rimane competitiva nel mondo, a dispetto di tutto e di tutti<\/em><em>. <\/em><em>C\u2019\u00e8 ancora un ceto produttivo, di imprenditori e lavoratori, che \u00e8 di qualit\u00e0 eccezionale. Quando dico ceto produttivo includo anche tutti quei servizi pubblici che sono funzionali alla competitivit\u00e0 di un sistema come la sanit\u00e0, le universit\u00e0, gli enti locali<\/em>\u201d.<\/p>\n<h2>Massimo Malvestio: la necessit\u00e0 di rendere attrattivo e competitivo un territorio policentrico come il Veneto<\/h2>\n<p>Esiste dunque una \u201cZaiaeconomics\u201d? Secondo <strong>Massimo Malvestio<\/strong> \u201c<em>le colline del prosecco e l\u2019avere trasformato il prosecco in un fenomeno mondiale, ma anche le Olimpiadi, sono risultati notevolissimi<\/em>\u201d. Questi sono esempi \u201c<em>dei tratti caratteristici dell\u2019azione di Luca Zaia: la Regione grande attore di marketing territoriale\u201d<\/em>. In questo<em> \u201cZaia non ha rivali<\/em>\u201d. L\u2019avvocato individua per\u00f2 \u201c<em>un vuoto ogni qualvolta l\u2019azione che serve non \u00e8 un\u2019azione prettamente amministrativa<\/em>\u201d: d\u2019altronde, come spiega, \u201c<em>vuole essere solo un amministratore della Regione\u201d <\/em>e<em> \u201cnessuno pu\u00f2 obbligarlo a fare un mestiere per cui non si \u00e8 candidato<\/em>\u201d. Il problema per\u00f2 rimane: \u201c<em>Si \u00e8 visto nelle municipalizzate dove Zaia non aveva nessun potere in termini amministrativi e si \u00e8 tenuto sempre alla larga dall\u2019argomento. Poteva andare bene se ci fosse stata una politica regionale a livello di partiti, un tempo avremmo avuto figure come Rumor che non era solo Presidente del Consiglio ma anche capo politico, ma l\u00ec c\u2019\u00e8 il vuoto pneumatico. Cos\u00ec il Veneto \u00e8 definitivamente periferia rispetto a Lombardia, Emilia Romagna e Lazio<\/em>\u201d. Ma oltre a quanto detto, secondo <strong>Massimo Malvestio<\/strong>, il Veneto, in finanza, ha pagato \u201c<em>anche l\u2019essere una regione policentrica, mentre ovunque tutto si riunisce intorno a grandi poli aggreganti<\/em>\u201d. Il problema vero \u00e8 quindi \u201c<em>proporre un modello di sviluppo basato su quello che il Veneto effettivamente \u00e8 e quindi la domanda \u00e8: come rendere attrattivo e competitivo un territorio policentrico<\/em>\u201d. Nonostante tutto, osserva infine l\u2019avvocato, il Veneto ha ancora \u201c<em>tali e tante risorse da potercela fare ma l\u2019azione senza pensiero non baster\u00e0 pi\u00f9<\/em>\u201d.<\/p>\n","protected":false},"excerpt":{"rendered":"<p>Un viaggio politico nell\u2019economia del Veneto di oggi: la vision sulla \u201cZaiaeconomics\u201d di Massimo Malvestio, una delle autorevoli voci intervistate nell\u2019articolo-inchiesta. Massimo Malvestio: il Veneto una regione che rimane competitiva nel mondo, a dispetto di tutto e di tutti Lo sguardo di Massimo Malvestio sul presente e sul futuro economico del Veneto: l\u2019avvocato, uno dei pi\u00f9 grandi conoscitori degli equilibri della finanza regionale, \u00e8 stato intervistato nell\u2019ambito di un articolo-inchiesta<\/p>\n<p><a class=\"continue-reading\" href=\"https:\/\/www.article-marketing.eu\/comunicatistampa\/massimo-malvestio-il-presente-e-il-futuro-economico-del-veneto-lintervista\/\">Continue reading&#8230;<\/a><\/p>\n","protected":false},"author":6477,"featured_media":0,"comment_status":"open","ping_status":"open","sticky":false,"template":"","format":"standard","meta":{"_monsterinsights_skip_tracking":false,"_monsterinsights_sitenote_active":false,"_monsterinsights_sitenote_note":"","_monsterinsights_sitenote_category":0,"footnotes":""},"categories":[386],"tags":[9308],"class_list":["post-25890","post","type-post","status-publish","format-standard","hentry","category-economia-e-lavoro","tag-massimo-malvestio"],"yoast_head":"<!-- This site is optimized with the Yoast SEO plugin v27.3 - https:\/\/yoast.com\/product\/yoast-seo-wordpress\/ -->\n<title>Massimo Malvestio: il presente e il futuro economico del Veneto, l\u2019intervista<\/title>\n<meta name=\"robots\" content=\"index, follow, max-snippet:-1, max-image-preview:large, max-video-preview:-1\" \/>\n<link rel=\"canonical\" href=\"https:\/\/www.article-marketing.eu\/comunicatistampa\/massimo-malvestio-il-presente-e-il-futuro-economico-del-veneto-lintervista\/\" \/>\n<meta property=\"og:locale\" content=\"it_IT\" \/>\n<meta property=\"og:type\" content=\"article\" \/>\n<meta property=\"og:title\" content=\"Massimo Malvestio: il presente e il futuro economico del Veneto, l\u2019intervista\" \/>\n<meta property=\"og:description\" content=\"Un viaggio politico nell\u2019economia del Veneto di oggi: la vision sulla \u201cZaiaeconomics\u201d di Massimo Malvestio, una delle autorevoli voci intervistate nell\u2019articolo-inchiesta. Massimo Malvestio: il Veneto una regione che rimane competitiva nel mondo, a dispetto di tutto e di tutti Lo sguardo di Massimo Malvestio sul presente e sul futuro economico del Veneto: l\u2019avvocato, uno dei pi\u00f9 grandi conoscitori degli equilibri della finanza regionale, \u00e8 stato intervistato nell\u2019ambito di un articolo-inchiestaContinue reading...\" \/>\n<meta property=\"og:url\" content=\"https:\/\/www.article-marketing.eu\/comunicatistampa\/massimo-malvestio-il-presente-e-il-futuro-economico-del-veneto-lintervista\/\" \/>\n<meta property=\"og:site_name\" content=\"Article Marketing\" \/>\n<meta property=\"article:published_time\" content=\"2023-01-02T15:10:23+00:00\" \/>\n<meta property=\"og:image\" content=\"https:\/\/www.nellanotizia.net\/public\/fileuploati\/22-06-29289-1.jpg\" \/>\n<meta name=\"author\" content=\"articolinews\" \/>\n<meta name=\"twitter:card\" content=\"summary_large_image\" \/>\n<meta name=\"twitter:label1\" content=\"Scritto da\" \/>\n\t<meta name=\"twitter:data1\" content=\"articolinews\" \/>\n\t<meta name=\"twitter:label2\" content=\"Tempo di lettura stimato\" \/>\n\t<meta name=\"twitter:data2\" content=\"3 minuti\" \/>\n<script type=\"application\/ld+json\" class=\"yoast-schema-graph\">{\"@context\":\"https:\\\/\\\/schema.org\",\"@graph\":[{\"@type\":\"Article\",\"@id\":\"https:\\\/\\\/www.article-marketing.eu\\\/comunicatistampa\\\/massimo-malvestio-il-presente-e-il-futuro-economico-del-veneto-lintervista\\\/#article\",\"isPartOf\":{\"@id\":\"https:\\\/\\\/www.article-marketing.eu\\\/comunicatistampa\\\/massimo-malvestio-il-presente-e-il-futuro-economico-del-veneto-lintervista\\\/\"},\"author\":{\"name\":\"articolinews\",\"@id\":\"https:\\\/\\\/www.article-marketing.eu\\\/comunicatistampa\\\/#\\\/schema\\\/person\\\/2fcaf8f8f3a9eef9eb7f27532d3ca458\"},\"headline\":\"Massimo Malvestio: il presente e il futuro economico del Veneto, l\u2019intervista\",\"datePublished\":\"2023-01-02T15:10:23+00:00\",\"mainEntityOfPage\":{\"@id\":\"https:\\\/\\\/www.article-marketing.eu\\\/comunicatistampa\\\/massimo-malvestio-il-presente-e-il-futuro-economico-del-veneto-lintervista\\\/\"},\"wordCount\":501,\"commentCount\":0,\"image\":{\"@id\":\"https:\\\/\\\/www.article-marketing.eu\\\/comunicatistampa\\\/massimo-malvestio-il-presente-e-il-futuro-economico-del-veneto-lintervista\\\/#primaryimage\"},\"thumbnailUrl\":\"https:\\\/\\\/www.nellanotizia.net\\\/public\\\/fileuploati\\\/22-06-29289-1.jpg\",\"keywords\":[\"Massimo Malvestio\"],\"articleSection\":[\"Economia e lavoro\"],\"inLanguage\":\"it-IT\",\"potentialAction\":[{\"@type\":\"CommentAction\",\"name\":\"Comment\",\"target\":[\"https:\\\/\\\/www.article-marketing.eu\\\/comunicatistampa\\\/massimo-malvestio-il-presente-e-il-futuro-economico-del-veneto-lintervista\\\/#respond\"]}]},{\"@type\":\"WebPage\",\"@id\":\"https:\\\/\\\/www.article-marketing.eu\\\/comunicatistampa\\\/massimo-malvestio-il-presente-e-il-futuro-economico-del-veneto-lintervista\\\/\",\"url\":\"https:\\\/\\\/www.article-marketing.eu\\\/comunicatistampa\\\/massimo-malvestio-il-presente-e-il-futuro-economico-del-veneto-lintervista\\\/\",\"name\":\"Massimo Malvestio: il presente e il futuro economico del Veneto, l\u2019intervista\",\"isPartOf\":{\"@id\":\"https:\\\/\\\/www.article-marketing.eu\\\/comunicatistampa\\\/#website\"},\"primaryImageOfPage\":{\"@id\":\"https:\\\/\\\/www.article-marketing.eu\\\/comunicatistampa\\\/massimo-malvestio-il-presente-e-il-futuro-economico-del-veneto-lintervista\\\/#primaryimage\"},\"image\":{\"@id\":\"https:\\\/\\\/www.article-marketing.eu\\\/comunicatistampa\\\/massimo-malvestio-il-presente-e-il-futuro-economico-del-veneto-lintervista\\\/#primaryimage\"},\"thumbnailUrl\":\"https:\\\/\\\/www.nellanotizia.net\\\/public\\\/fileuploati\\\/22-06-29289-1.jpg\",\"datePublished\":\"2023-01-02T15:10:23+00:00\",\"author\":{\"@id\":\"https:\\\/\\\/www.article-marketing.eu\\\/comunicatistampa\\\/#\\\/schema\\\/person\\\/2fcaf8f8f3a9eef9eb7f27532d3ca458\"},\"breadcrumb\":{\"@id\":\"https:\\\/\\\/www.article-marketing.eu\\\/comunicatistampa\\\/massimo-malvestio-il-presente-e-il-futuro-economico-del-veneto-lintervista\\\/#breadcrumb\"},\"inLanguage\":\"it-IT\",\"potentialAction\":[{\"@type\":\"ReadAction\",\"target\":[\"https:\\\/\\\/www.article-marketing.eu\\\/comunicatistampa\\\/massimo-malvestio-il-presente-e-il-futuro-economico-del-veneto-lintervista\\\/\"]}]},{\"@type\":\"ImageObject\",\"inLanguage\":\"it-IT\",\"@id\":\"https:\\\/\\\/www.article-marketing.eu\\\/comunicatistampa\\\/massimo-malvestio-il-presente-e-il-futuro-economico-del-veneto-lintervista\\\/#primaryimage\",\"url\":\"https:\\\/\\\/www.nellanotizia.net\\\/public\\\/fileuploati\\\/22-06-29289-1.jpg\",\"contentUrl\":\"https:\\\/\\\/www.nellanotizia.net\\\/public\\\/fileuploati\\\/22-06-29289-1.jpg\"},{\"@type\":\"BreadcrumbList\",\"@id\":\"https:\\\/\\\/www.article-marketing.eu\\\/comunicatistampa\\\/massimo-malvestio-il-presente-e-il-futuro-economico-del-veneto-lintervista\\\/#breadcrumb\",\"itemListElement\":[{\"@type\":\"ListItem\",\"position\":1,\"name\":\"Home\",\"item\":\"https:\\\/\\\/www.article-marketing.eu\\\/comunicatistampa\\\/\"},{\"@type\":\"ListItem\",\"position\":2,\"name\":\"Massimo Malvestio: il presente e il futuro economico del Veneto, l\u2019intervista\"}]},{\"@type\":\"WebSite\",\"@id\":\"https:\\\/\\\/www.article-marketing.eu\\\/comunicatistampa\\\/#website\",\"url\":\"https:\\\/\\\/www.article-marketing.eu\\\/comunicatistampa\\\/\",\"name\":\"Article Marketing\",\"description\":\"article marketing &amp; press release\",\"potentialAction\":[{\"@type\":\"SearchAction\",\"target\":{\"@type\":\"EntryPoint\",\"urlTemplate\":\"https:\\\/\\\/www.article-marketing.eu\\\/comunicatistampa\\\/?s={search_term_string}\"},\"query-input\":{\"@type\":\"PropertyValueSpecification\",\"valueRequired\":true,\"valueName\":\"search_term_string\"}}],\"inLanguage\":\"it-IT\"},{\"@type\":\"Person\",\"@id\":\"https:\\\/\\\/www.article-marketing.eu\\\/comunicatistampa\\\/#\\\/schema\\\/person\\\/2fcaf8f8f3a9eef9eb7f27532d3ca458\",\"name\":\"articolinews\",\"image\":{\"@type\":\"ImageObject\",\"inLanguage\":\"it-IT\",\"@id\":\"https:\\\/\\\/secure.gravatar.com\\\/avatar\\\/9e2a264bab04e17dea24d937c9956304649a848cb73c46747a692ff1bdeb1cb7?s=96&d=mm&r=g\",\"url\":\"https:\\\/\\\/secure.gravatar.com\\\/avatar\\\/9e2a264bab04e17dea24d937c9956304649a848cb73c46747a692ff1bdeb1cb7?s=96&d=mm&r=g\",\"contentUrl\":\"https:\\\/\\\/secure.gravatar.com\\\/avatar\\\/9e2a264bab04e17dea24d937c9956304649a848cb73c46747a692ff1bdeb1cb7?s=96&d=mm&r=g\",\"caption\":\"articolinews\"},\"url\":\"https:\\\/\\\/www.article-marketing.eu\\\/comunicatistampa\\\/author\\\/articolinews\\\/\"}]}<\/script>\n<!-- \/ Yoast SEO plugin. -->","yoast_head_json":{"title":"Massimo Malvestio: il presente e il futuro economico del Veneto, l\u2019intervista","robots":{"index":"index","follow":"follow","max-snippet":"max-snippet:-1","max-image-preview":"max-image-preview:large","max-video-preview":"max-video-preview:-1"},"canonical":"https:\/\/www.article-marketing.eu\/comunicatistampa\/massimo-malvestio-il-presente-e-il-futuro-economico-del-veneto-lintervista\/","og_locale":"it_IT","og_type":"article","og_title":"Massimo Malvestio: il presente e il futuro economico del Veneto, l\u2019intervista","og_description":"Un viaggio politico nell\u2019economia del Veneto di oggi: la vision sulla \u201cZaiaeconomics\u201d di Massimo Malvestio, una delle autorevoli voci intervistate nell\u2019articolo-inchiesta. Massimo Malvestio: il Veneto una regione che rimane competitiva nel mondo, a dispetto di tutto e di tutti Lo sguardo di Massimo Malvestio sul presente e sul futuro economico del Veneto: l\u2019avvocato, uno dei pi\u00f9 grandi conoscitori degli equilibri della finanza regionale, \u00e8 stato intervistato nell\u2019ambito di un articolo-inchiestaContinue reading...","og_url":"https:\/\/www.article-marketing.eu\/comunicatistampa\/massimo-malvestio-il-presente-e-il-futuro-economico-del-veneto-lintervista\/","og_site_name":"Article Marketing","article_published_time":"2023-01-02T15:10:23+00:00","og_image":[{"url":"https:\/\/www.nellanotizia.net\/public\/fileuploati\/22-06-29289-1.jpg","type":"","width":"","height":""}],"author":"articolinews","twitter_card":"summary_large_image","twitter_misc":{"Scritto da":"articolinews","Tempo di lettura stimato":"3 minuti"},"schema":{"@context":"https:\/\/schema.org","@graph":[{"@type":"Article","@id":"https:\/\/www.article-marketing.eu\/comunicatistampa\/massimo-malvestio-il-presente-e-il-futuro-economico-del-veneto-lintervista\/#article","isPartOf":{"@id":"https:\/\/www.article-marketing.eu\/comunicatistampa\/massimo-malvestio-il-presente-e-il-futuro-economico-del-veneto-lintervista\/"},"author":{"name":"articolinews","@id":"https:\/\/www.article-marketing.eu\/comunicatistampa\/#\/schema\/person\/2fcaf8f8f3a9eef9eb7f27532d3ca458"},"headline":"Massimo Malvestio: il presente e il futuro economico del Veneto, l\u2019intervista","datePublished":"2023-01-02T15:10:23+00:00","mainEntityOfPage":{"@id":"https:\/\/www.article-marketing.eu\/comunicatistampa\/massimo-malvestio-il-presente-e-il-futuro-economico-del-veneto-lintervista\/"},"wordCount":501,"commentCount":0,"image":{"@id":"https:\/\/www.article-marketing.eu\/comunicatistampa\/massimo-malvestio-il-presente-e-il-futuro-economico-del-veneto-lintervista\/#primaryimage"},"thumbnailUrl":"https:\/\/www.nellanotizia.net\/public\/fileuploati\/22-06-29289-1.jpg","keywords":["Massimo Malvestio"],"articleSection":["Economia e lavoro"],"inLanguage":"it-IT","potentialAction":[{"@type":"CommentAction","name":"Comment","target":["https:\/\/www.article-marketing.eu\/comunicatistampa\/massimo-malvestio-il-presente-e-il-futuro-economico-del-veneto-lintervista\/#respond"]}]},{"@type":"WebPage","@id":"https:\/\/www.article-marketing.eu\/comunicatistampa\/massimo-malvestio-il-presente-e-il-futuro-economico-del-veneto-lintervista\/","url":"https:\/\/www.article-marketing.eu\/comunicatistampa\/massimo-malvestio-il-presente-e-il-futuro-economico-del-veneto-lintervista\/","name":"Massimo Malvestio: il presente e il futuro economico del Veneto, l\u2019intervista","isPartOf":{"@id":"https:\/\/www.article-marketing.eu\/comunicatistampa\/#website"},"primaryImageOfPage":{"@id":"https:\/\/www.article-marketing.eu\/comunicatistampa\/massimo-malvestio-il-presente-e-il-futuro-economico-del-veneto-lintervista\/#primaryimage"},"image":{"@id":"https:\/\/www.article-marketing.eu\/comunicatistampa\/massimo-malvestio-il-presente-e-il-futuro-economico-del-veneto-lintervista\/#primaryimage"},"thumbnailUrl":"https:\/\/www.nellanotizia.net\/public\/fileuploati\/22-06-29289-1.jpg","datePublished":"2023-01-02T15:10:23+00:00","author":{"@id":"https:\/\/www.article-marketing.eu\/comunicatistampa\/#\/schema\/person\/2fcaf8f8f3a9eef9eb7f27532d3ca458"},"breadcrumb":{"@id":"https:\/\/www.article-marketing.eu\/comunicatistampa\/massimo-malvestio-il-presente-e-il-futuro-economico-del-veneto-lintervista\/#breadcrumb"},"inLanguage":"it-IT","potentialAction":[{"@type":"ReadAction","target":["https:\/\/www.article-marketing.eu\/comunicatistampa\/massimo-malvestio-il-presente-e-il-futuro-economico-del-veneto-lintervista\/"]}]},{"@type":"ImageObject","inLanguage":"it-IT","@id":"https:\/\/www.article-marketing.eu\/comunicatistampa\/massimo-malvestio-il-presente-e-il-futuro-economico-del-veneto-lintervista\/#primaryimage","url":"https:\/\/www.nellanotizia.net\/public\/fileuploati\/22-06-29289-1.jpg","contentUrl":"https:\/\/www.nellanotizia.net\/public\/fileuploati\/22-06-29289-1.jpg"},{"@type":"BreadcrumbList","@id":"https:\/\/www.article-marketing.eu\/comunicatistampa\/massimo-malvestio-il-presente-e-il-futuro-economico-del-veneto-lintervista\/#breadcrumb","itemListElement":[{"@type":"ListItem","position":1,"name":"Home","item":"https:\/\/www.article-marketing.eu\/comunicatistampa\/"},{"@type":"ListItem","position":2,"name":"Massimo Malvestio: il presente e il futuro economico del Veneto, l\u2019intervista"}]},{"@type":"WebSite","@id":"https:\/\/www.article-marketing.eu\/comunicatistampa\/#website","url":"https:\/\/www.article-marketing.eu\/comunicatistampa\/","name":"Article Marketing","description":"article marketing &amp; press release","potentialAction":[{"@type":"SearchAction","target":{"@type":"EntryPoint","urlTemplate":"https:\/\/www.article-marketing.eu\/comunicatistampa\/?s={search_term_string}"},"query-input":{"@type":"PropertyValueSpecification","valueRequired":true,"valueName":"search_term_string"}}],"inLanguage":"it-IT"},{"@type":"Person","@id":"https:\/\/www.article-marketing.eu\/comunicatistampa\/#\/schema\/person\/2fcaf8f8f3a9eef9eb7f27532d3ca458","name":"articolinews","image":{"@type":"ImageObject","inLanguage":"it-IT","@id":"https:\/\/secure.gravatar.com\/avatar\/9e2a264bab04e17dea24d937c9956304649a848cb73c46747a692ff1bdeb1cb7?s=96&d=mm&r=g","url":"https:\/\/secure.gravatar.com\/avatar\/9e2a264bab04e17dea24d937c9956304649a848cb73c46747a692ff1bdeb1cb7?s=96&d=mm&r=g","contentUrl":"https:\/\/secure.gravatar.com\/avatar\/9e2a264bab04e17dea24d937c9956304649a848cb73c46747a692ff1bdeb1cb7?s=96&d=mm&r=g","caption":"articolinews"},"url":"https:\/\/www.article-marketing.eu\/comunicatistampa\/author\/articolinews\/"}]}},"_links":{"self":[{"href":"https:\/\/www.article-marketing.eu\/comunicatistampa\/wp-json\/wp\/v2\/posts\/25890","targetHints":{"allow":["GET"]}}],"collection":[{"href":"https:\/\/www.article-marketing.eu\/comunicatistampa\/wp-json\/wp\/v2\/posts"}],"about":[{"href":"https:\/\/www.article-marketing.eu\/comunicatistampa\/wp-json\/wp\/v2\/types\/post"}],"author":[{"embeddable":true,"href":"https:\/\/www.article-marketing.eu\/comunicatistampa\/wp-json\/wp\/v2\/users\/6477"}],"replies":[{"embeddable":true,"href":"https:\/\/www.article-marketing.eu\/comunicatistampa\/wp-json\/wp\/v2\/comments?post=25890"}],"version-history":[{"count":2,"href":"https:\/\/www.article-marketing.eu\/comunicatistampa\/wp-json\/wp\/v2\/posts\/25890\/revisions"}],"predecessor-version":[{"id":25929,"href":"https:\/\/www.article-marketing.eu\/comunicatistampa\/wp-json\/wp\/v2\/posts\/25890\/revisions\/25929"}],"wp:attachment":[{"href":"https:\/\/www.article-marketing.eu\/comunicatistampa\/wp-json\/wp\/v2\/media?parent=25890"}],"wp:term":[{"taxonomy":"category","embeddable":true,"href":"https:\/\/www.article-marketing.eu\/comunicatistampa\/wp-json\/wp\/v2\/categories?post=25890"},{"taxonomy":"post_tag","embeddable":true,"href":"https:\/\/www.article-marketing.eu\/comunicatistampa\/wp-json\/wp\/v2\/tags?post=25890"}],"curies":[{"name":"wp","href":"https:\/\/api.w.org\/{rel}","templated":true}]}}