{"id":25912,"date":"2022-12-30T15:04:06","date_gmt":"2022-12-30T14:04:06","guid":{"rendered":"https:\/\/www.article-marketing.eu\/comunicatistampa\/?p=25912"},"modified":"2022-12-30T15:04:06","modified_gmt":"2022-12-30T14:04:06","slug":"il-cartello-feat-eneri-sto-bene","status":"publish","type":"post","link":"https:\/\/www.article-marketing.eu\/comunicatistampa\/il-cartello-feat-eneri-sto-bene\/","title":{"rendered":"Il Cartello Feat. En\u00e9ri &#8211; Sto bene"},"content":{"rendered":"<p class=\"p1\" style=\"text-align: center;\"><span class=\"s1\"><i>Il nuovo brano nato dalla collaborazione tra i due cantautori<br \/>\n<\/i><\/span><span class=\"s1\"><i>Una riflessione sulla fatica di essere sinceri e le domande da evitare<\/i><\/span><\/p>\n<p><img loading=\"lazy\" decoding=\"async\" class=\"aligncenter\" src=\"https:\/\/www.joyfreepress.com\/wp-content\/uploads\/2022\/12\/Cover-Ilcastello.jpg\" width=\"368\" height=\"368\" \/><\/p>\n<p class=\"p3\"><span class=\"s1\">\u00abSto bene\u00bb \u00e8 un\u2019espressione che troppe volte si usa in modo incoerente e soprattutto, non veritiero. \u00c8 un <b>modo per evitare di spiegare, di raccontare, di dire veramente ci\u00f2 che si sta affrontando<\/b>. <\/span><\/p>\n<p class=\"p3\"><span class=\"s1\">\u00ab<i>In realt\u00e0 non sto bene, spesso e volentieri mi ritrovavo a far festa in mezzo<span class=\"Apple-converted-space\">\u00a0 <\/span>a gente felice ed io l\u00ec a fissare un punto. Non \u00e8 che non mi piacciono le feste anzi, ma arriva sempre un momento delle serata dove mi escludo dal resto, le voci diventano suoni e le persone immagini.<\/i>\u00bb <b>Il Cartello<\/b><\/span><\/p>\n<p class=\"p3\"><span class=\"s1\">Il messaggio del brano andava condiviso e cos\u00ec sono nate le collaborazioni che lo hanno arricchito e completato. <b>En\u00e9ri<\/b> ha dato voce e parole con il suo speciale timbro, mentre Max al Majorizm Lab ha donato il giusto sound al tutto. <\/span><\/p>\n<p class=\"p3\"><span class=\"s1\">Il video \u00e8 stato ideato e realizzato da Samuele Apperti ed \u00e8 caratterizzato dalla scelta stilistica di utilizzare vibes indie e riprese a mano libera per avvicinare il brano e gli artisti al pubblico, collegando il sentimento vero della canzone a delle riprese reali, quasi documentaristiche. La scelta di posizionare En\u00e9ri e il Cartello in ambienti allegri e spensierati d\u00e0 il contrasto che accentua il loro stato d\u2019animo di infelicit\u00e0. Il ballo creato e realizzato dalla ballerina Carmen Diop \u00e8 ispirato alla shuffle dance.<\/span><\/p>\n<p><a href=\"https:\/\/youtu.be\/3GVhwkIsb24\">GUARDA IL VIDEO\u00a0<\/a><\/p>\n<p class=\"p3\"><span class=\"s1\"><b>Il Cartello<\/b>, pseudonimo di Salvatore Diego Di Gioia, \u00e8 un cantautore italiano. Nato a Foggia nel 1993 si trasferisce a Rimini nel 2007 e comincia a muovere i primi passi nel mondo della musica.<\/span><\/p>\n<p class=\"p3\"><span class=\"s1\">Nel 2015 canta all\u2019interno di una band alternative rock \u201c Breathing The Night \u201d. Nel 2019 inizia a scrivere brani per altri artisti e per se stesso dando vita ad un progetto pop con influenze indie. Nel 2020 avvia il suo progetto come solista con il nome d\u2019arte \u201cIl Cartello\u201d, <\/span><span class=\"s1\">usando questo nome vuole dare un punto di riferimento a chi nella musica si appiglia.<\/span><\/p>\n<p class=\"p3\"><span class=\"s1\">Dopo alcune demo e preparazione in studio, l\u20198 gennaio 2021 esce il suo primo singolo che lancia il suo progetto con la canzone dal titolo \u201cRicordare\u201d, brano che parla di ricordi di una storia finita e di quanto essi siano perfetti cos\u00ec, senza il bisogno di tornare indietro e cambiare qualcosa, esattamente come una canzone scritta male. Il 1 aprile 2021 esce \u201cSiamo Rotti Dentro\u201d che racconta di come un cuore possa sopravvivere pur essendo a pezzi, incollato con della colla da due soldi e di come un\u2019amore sia perfetto cos\u00ec, tra due esseri senza identit\u00e0 sessuale e senza la paura di essere giudicati. Il 1 giugno \u00e8 il turno di \u201cUn Mondo Senza Filtri\u201d che raggiunge pi\u00f9 di 30 mila streaming su Spotify, racontando racconta una ricerca continua di un mondo senza finzioni. Il 25 marzo 2022 lancia il nuovo progetto con En\u00e9ri, brano dal titolo \u201cCosa importa a noi\u201d. Il videoclip girato in Spagna ha raccolto quasi 200 mila views su YouTube e tanti altri streams sulle varie piattaforme digitali. Ora in lavorazione il suo primo album presso il Majorizm Lab.<\/span><\/p>\n<p class=\"p3\"><span class=\"s1\"><b>En\u00e9ri<\/b>, pseudonimo di Musarra Pizzo Maria Irene, \u00e8 una cantautrice italiana. Nata a Patern\u00f2, in provincia di Catania, muove i primi passi nella musica partecipando ad alcuni concorsi canori gi\u00e0 all\u2019et\u00e0 di 4 anni. A 19 si trasferisce a Rimini dove approfondisce le sue conoscenze musicali registrando cover soul. Inizia il suo percorso da cantautrice Incidendo il primo singolo \u2018\u2019Cosa Importa A noi\u2019\u2019 in collaborazione con Diego Di Gioia (Il Cartello) \u00e8 attualmente impegnata nella creazioni di nuovi brani con diversi featuring. <\/span><\/p>\n<p class=\"p3\"><span class=\"s1\"><b>Il Cartello<\/b><\/span><\/p>\n<p class=\"p3\"><span class=\"s1\">FACEBOOK:<br \/>\n<a href=\"https:\/\/www.facebook.com\/il.cartello.della.musica\/\"><span class=\"s2\">https:\/\/www.facebook.com\/il.cartello.della.musica\/<\/span><\/a><\/span><\/p>\n<p class=\"p3\"><span class=\"s1\">YOUTUBE:<br \/>\n<a href=\"https:\/\/www.youtube.com\/@ilcartello2581\"><span class=\"s2\">https:\/\/www.youtube.com\/@ilcartello2581<\/span><\/a><\/span><\/p>\n<p class=\"p3\"><span class=\"s1\">SPOTIFY:<br \/>\n<span class=\"s2\">https:\/\/open.spotify.com\/artist\/37zRHg3iIB7xWtsuWsiXrv<\/span><\/span><\/p>\n<p class=\"p3\"><span class=\"s1\"><b>En\u00e9ri<\/b><\/span><\/p>\n<p class=\"p3\"><span class=\"s1\">INSTAGRAM:<span class=\"Apple-converted-space\">\u00a0 <\/span><br \/>\n<span class=\"s2\">https:\/\/www.instagram.com\/eneri_vibes\/<\/span><\/span><\/p>\n","protected":false},"excerpt":{"rendered":"<p>Il nuovo brano nato dalla collaborazione tra i due cantautori Una riflessione sulla fatica di essere sinceri e le domande da evitare \u00abSto bene\u00bb \u00e8 un\u2019espressione che troppe volte si usa in modo incoerente e soprattutto, non veritiero. \u00c8 un modo per evitare di spiegare, di raccontare, di dire veramente ci\u00f2 che si sta affrontando. \u00abIn realt\u00e0 non sto bene, spesso e volentieri mi ritrovavo a far festa in mezzo\u00a0<\/p>\n<p><a class=\"continue-reading\" href=\"https:\/\/www.article-marketing.eu\/comunicatistampa\/il-cartello-feat-eneri-sto-bene\/\">Continue reading&#8230;<\/a><\/p>\n","protected":false},"author":1680,"featured_media":0,"comment_status":"open","ping_status":"open","sticky":false,"template":"","format":"standard","meta":{"_monsterinsights_skip_tracking":false,"_monsterinsights_sitenote_active":false,"_monsterinsights_sitenote_note":"","_monsterinsights_sitenote_category":0,"footnotes":""},"categories":[411],"tags":[10359,10358,4172,3522],"class_list":["post-25912","post","type-post","status-publish","format-standard","hentry","category-musica","tag-eneri","tag-il-cartello","tag-news","tag-singolo"],"yoast_head":"<!-- This site is optimized with the Yoast SEO plugin v27.3 - https:\/\/yoast.com\/product\/yoast-seo-wordpress\/ -->\n<title>Il Cartello Feat. En\u00e9ri - Sto bene - Article Marketing<\/title>\n<meta name=\"robots\" content=\"index, follow, max-snippet:-1, max-image-preview:large, max-video-preview:-1\" \/>\n<link rel=\"canonical\" href=\"https:\/\/www.article-marketing.eu\/comunicatistampa\/il-cartello-feat-eneri-sto-bene\/\" \/>\n<meta property=\"og:locale\" content=\"it_IT\" \/>\n<meta property=\"og:type\" content=\"article\" \/>\n<meta property=\"og:title\" content=\"Il Cartello Feat. En\u00e9ri - Sto bene - Article Marketing\" \/>\n<meta property=\"og:description\" content=\"Il nuovo brano nato dalla collaborazione tra i due cantautori Una riflessione sulla fatica di essere sinceri e le domande da evitare \u00abSto bene\u00bb \u00e8 un\u2019espressione che troppe volte si usa in modo incoerente e soprattutto, non veritiero. \u00c8 un modo per evitare di spiegare, di raccontare, di dire veramente ci\u00f2 che si sta affrontando. \u00abIn realt\u00e0 non sto bene, spesso e volentieri mi ritrovavo a far festa in mezzo\u00a0Continue reading...\" \/>\n<meta property=\"og:url\" content=\"https:\/\/www.article-marketing.eu\/comunicatistampa\/il-cartello-feat-eneri-sto-bene\/\" \/>\n<meta property=\"og:site_name\" content=\"Article Marketing\" \/>\n<meta property=\"article:published_time\" content=\"2022-12-30T14:04:06+00:00\" \/>\n<meta property=\"og:image\" content=\"https:\/\/www.joyfreepress.com\/wp-content\/uploads\/2022\/12\/Cover-Ilcastello.jpg\" \/>\n<meta name=\"author\" content=\"Micro961\" \/>\n<meta name=\"twitter:card\" content=\"summary_large_image\" \/>\n<meta name=\"twitter:label1\" content=\"Scritto da\" \/>\n\t<meta name=\"twitter:data1\" content=\"Micro961\" \/>\n\t<meta name=\"twitter:label2\" content=\"Tempo di lettura stimato\" \/>\n\t<meta name=\"twitter:data2\" content=\"4 minuti\" \/>\n<script type=\"application\/ld+json\" class=\"yoast-schema-graph\">{\"@context\":\"https:\\\/\\\/schema.org\",\"@graph\":[{\"@type\":\"Article\",\"@id\":\"https:\\\/\\\/www.article-marketing.eu\\\/comunicatistampa\\\/il-cartello-feat-eneri-sto-bene\\\/#article\",\"isPartOf\":{\"@id\":\"https:\\\/\\\/www.article-marketing.eu\\\/comunicatistampa\\\/il-cartello-feat-eneri-sto-bene\\\/\"},\"author\":{\"name\":\"Micro961\",\"@id\":\"https:\\\/\\\/www.article-marketing.eu\\\/comunicatistampa\\\/#\\\/schema\\\/person\\\/9beeb909be59832a9bcbec84cb3786f5\"},\"headline\":\"Il Cartello Feat. En\u00e9ri &#8211; Sto bene\",\"datePublished\":\"2022-12-30T14:04:06+00:00\",\"mainEntityOfPage\":{\"@id\":\"https:\\\/\\\/www.article-marketing.eu\\\/comunicatistampa\\\/il-cartello-feat-eneri-sto-bene\\\/\"},\"wordCount\":629,\"commentCount\":0,\"image\":{\"@id\":\"https:\\\/\\\/www.article-marketing.eu\\\/comunicatistampa\\\/il-cartello-feat-eneri-sto-bene\\\/#primaryimage\"},\"thumbnailUrl\":\"https:\\\/\\\/www.joyfreepress.com\\\/wp-content\\\/uploads\\\/2022\\\/12\\\/Cover-Ilcastello.jpg\",\"keywords\":[\"En\u00e9ri\",\"Il Cartello\",\"News\",\"Singolo\"],\"articleSection\":[\"Musica\"],\"inLanguage\":\"it-IT\",\"potentialAction\":[{\"@type\":\"CommentAction\",\"name\":\"Comment\",\"target\":[\"https:\\\/\\\/www.article-marketing.eu\\\/comunicatistampa\\\/il-cartello-feat-eneri-sto-bene\\\/#respond\"]}]},{\"@type\":\"WebPage\",\"@id\":\"https:\\\/\\\/www.article-marketing.eu\\\/comunicatistampa\\\/il-cartello-feat-eneri-sto-bene\\\/\",\"url\":\"https:\\\/\\\/www.article-marketing.eu\\\/comunicatistampa\\\/il-cartello-feat-eneri-sto-bene\\\/\",\"name\":\"Il Cartello Feat. En\u00e9ri - Sto bene - Article Marketing\",\"isPartOf\":{\"@id\":\"https:\\\/\\\/www.article-marketing.eu\\\/comunicatistampa\\\/#website\"},\"primaryImageOfPage\":{\"@id\":\"https:\\\/\\\/www.article-marketing.eu\\\/comunicatistampa\\\/il-cartello-feat-eneri-sto-bene\\\/#primaryimage\"},\"image\":{\"@id\":\"https:\\\/\\\/www.article-marketing.eu\\\/comunicatistampa\\\/il-cartello-feat-eneri-sto-bene\\\/#primaryimage\"},\"thumbnailUrl\":\"https:\\\/\\\/www.joyfreepress.com\\\/wp-content\\\/uploads\\\/2022\\\/12\\\/Cover-Ilcastello.jpg\",\"datePublished\":\"2022-12-30T14:04:06+00:00\",\"author\":{\"@id\":\"https:\\\/\\\/www.article-marketing.eu\\\/comunicatistampa\\\/#\\\/schema\\\/person\\\/9beeb909be59832a9bcbec84cb3786f5\"},\"breadcrumb\":{\"@id\":\"https:\\\/\\\/www.article-marketing.eu\\\/comunicatistampa\\\/il-cartello-feat-eneri-sto-bene\\\/#breadcrumb\"},\"inLanguage\":\"it-IT\",\"potentialAction\":[{\"@type\":\"ReadAction\",\"target\":[\"https:\\\/\\\/www.article-marketing.eu\\\/comunicatistampa\\\/il-cartello-feat-eneri-sto-bene\\\/\"]}]},{\"@type\":\"ImageObject\",\"inLanguage\":\"it-IT\",\"@id\":\"https:\\\/\\\/www.article-marketing.eu\\\/comunicatistampa\\\/il-cartello-feat-eneri-sto-bene\\\/#primaryimage\",\"url\":\"https:\\\/\\\/www.joyfreepress.com\\\/wp-content\\\/uploads\\\/2022\\\/12\\\/Cover-Ilcastello.jpg\",\"contentUrl\":\"https:\\\/\\\/www.joyfreepress.com\\\/wp-content\\\/uploads\\\/2022\\\/12\\\/Cover-Ilcastello.jpg\"},{\"@type\":\"BreadcrumbList\",\"@id\":\"https:\\\/\\\/www.article-marketing.eu\\\/comunicatistampa\\\/il-cartello-feat-eneri-sto-bene\\\/#breadcrumb\",\"itemListElement\":[{\"@type\":\"ListItem\",\"position\":1,\"name\":\"Home\",\"item\":\"https:\\\/\\\/www.article-marketing.eu\\\/comunicatistampa\\\/\"},{\"@type\":\"ListItem\",\"position\":2,\"name\":\"Il Cartello Feat. En\u00e9ri &#8211; Sto bene\"}]},{\"@type\":\"WebSite\",\"@id\":\"https:\\\/\\\/www.article-marketing.eu\\\/comunicatistampa\\\/#website\",\"url\":\"https:\\\/\\\/www.article-marketing.eu\\\/comunicatistampa\\\/\",\"name\":\"Article Marketing\",\"description\":\"article marketing &amp; press release\",\"potentialAction\":[{\"@type\":\"SearchAction\",\"target\":{\"@type\":\"EntryPoint\",\"urlTemplate\":\"https:\\\/\\\/www.article-marketing.eu\\\/comunicatistampa\\\/?s={search_term_string}\"},\"query-input\":{\"@type\":\"PropertyValueSpecification\",\"valueRequired\":true,\"valueName\":\"search_term_string\"}}],\"inLanguage\":\"it-IT\"},{\"@type\":\"Person\",\"@id\":\"https:\\\/\\\/www.article-marketing.eu\\\/comunicatistampa\\\/#\\\/schema\\\/person\\\/9beeb909be59832a9bcbec84cb3786f5\",\"name\":\"Micro961\",\"image\":{\"@type\":\"ImageObject\",\"inLanguage\":\"it-IT\",\"@id\":\"https:\\\/\\\/secure.gravatar.com\\\/avatar\\\/cd6f5864b85cc3687c05b2965bb186afcd70a2a89789a156c92a4f1d66e87827?s=96&d=mm&r=g\",\"url\":\"https:\\\/\\\/secure.gravatar.com\\\/avatar\\\/cd6f5864b85cc3687c05b2965bb186afcd70a2a89789a156c92a4f1d66e87827?s=96&d=mm&r=g\",\"contentUrl\":\"https:\\\/\\\/secure.gravatar.com\\\/avatar\\\/cd6f5864b85cc3687c05b2965bb186afcd70a2a89789a156c92a4f1d66e87827?s=96&d=mm&r=g\",\"caption\":\"Micro961\"},\"url\":\"https:\\\/\\\/www.article-marketing.eu\\\/comunicatistampa\\\/author\\\/micro961\\\/\"}]}<\/script>\n<!-- \/ Yoast SEO plugin. -->","yoast_head_json":{"title":"Il Cartello Feat. En\u00e9ri - Sto bene - Article Marketing","robots":{"index":"index","follow":"follow","max-snippet":"max-snippet:-1","max-image-preview":"max-image-preview:large","max-video-preview":"max-video-preview:-1"},"canonical":"https:\/\/www.article-marketing.eu\/comunicatistampa\/il-cartello-feat-eneri-sto-bene\/","og_locale":"it_IT","og_type":"article","og_title":"Il Cartello Feat. En\u00e9ri - Sto bene - Article Marketing","og_description":"Il nuovo brano nato dalla collaborazione tra i due cantautori Una riflessione sulla fatica di essere sinceri e le domande da evitare \u00abSto bene\u00bb \u00e8 un\u2019espressione che troppe volte si usa in modo incoerente e soprattutto, non veritiero. \u00c8 un modo per evitare di spiegare, di raccontare, di dire veramente ci\u00f2 che si sta affrontando. \u00abIn realt\u00e0 non sto bene, spesso e volentieri mi ritrovavo a far festa in mezzo\u00a0Continue reading...","og_url":"https:\/\/www.article-marketing.eu\/comunicatistampa\/il-cartello-feat-eneri-sto-bene\/","og_site_name":"Article Marketing","article_published_time":"2022-12-30T14:04:06+00:00","og_image":[{"url":"https:\/\/www.joyfreepress.com\/wp-content\/uploads\/2022\/12\/Cover-Ilcastello.jpg","type":"","width":"","height":""}],"author":"Micro961","twitter_card":"summary_large_image","twitter_misc":{"Scritto da":"Micro961","Tempo di lettura stimato":"4 minuti"},"schema":{"@context":"https:\/\/schema.org","@graph":[{"@type":"Article","@id":"https:\/\/www.article-marketing.eu\/comunicatistampa\/il-cartello-feat-eneri-sto-bene\/#article","isPartOf":{"@id":"https:\/\/www.article-marketing.eu\/comunicatistampa\/il-cartello-feat-eneri-sto-bene\/"},"author":{"name":"Micro961","@id":"https:\/\/www.article-marketing.eu\/comunicatistampa\/#\/schema\/person\/9beeb909be59832a9bcbec84cb3786f5"},"headline":"Il Cartello Feat. En\u00e9ri &#8211; Sto bene","datePublished":"2022-12-30T14:04:06+00:00","mainEntityOfPage":{"@id":"https:\/\/www.article-marketing.eu\/comunicatistampa\/il-cartello-feat-eneri-sto-bene\/"},"wordCount":629,"commentCount":0,"image":{"@id":"https:\/\/www.article-marketing.eu\/comunicatistampa\/il-cartello-feat-eneri-sto-bene\/#primaryimage"},"thumbnailUrl":"https:\/\/www.joyfreepress.com\/wp-content\/uploads\/2022\/12\/Cover-Ilcastello.jpg","keywords":["En\u00e9ri","Il Cartello","News","Singolo"],"articleSection":["Musica"],"inLanguage":"it-IT","potentialAction":[{"@type":"CommentAction","name":"Comment","target":["https:\/\/www.article-marketing.eu\/comunicatistampa\/il-cartello-feat-eneri-sto-bene\/#respond"]}]},{"@type":"WebPage","@id":"https:\/\/www.article-marketing.eu\/comunicatistampa\/il-cartello-feat-eneri-sto-bene\/","url":"https:\/\/www.article-marketing.eu\/comunicatistampa\/il-cartello-feat-eneri-sto-bene\/","name":"Il Cartello Feat. En\u00e9ri - Sto bene - Article Marketing","isPartOf":{"@id":"https:\/\/www.article-marketing.eu\/comunicatistampa\/#website"},"primaryImageOfPage":{"@id":"https:\/\/www.article-marketing.eu\/comunicatistampa\/il-cartello-feat-eneri-sto-bene\/#primaryimage"},"image":{"@id":"https:\/\/www.article-marketing.eu\/comunicatistampa\/il-cartello-feat-eneri-sto-bene\/#primaryimage"},"thumbnailUrl":"https:\/\/www.joyfreepress.com\/wp-content\/uploads\/2022\/12\/Cover-Ilcastello.jpg","datePublished":"2022-12-30T14:04:06+00:00","author":{"@id":"https:\/\/www.article-marketing.eu\/comunicatistampa\/#\/schema\/person\/9beeb909be59832a9bcbec84cb3786f5"},"breadcrumb":{"@id":"https:\/\/www.article-marketing.eu\/comunicatistampa\/il-cartello-feat-eneri-sto-bene\/#breadcrumb"},"inLanguage":"it-IT","potentialAction":[{"@type":"ReadAction","target":["https:\/\/www.article-marketing.eu\/comunicatistampa\/il-cartello-feat-eneri-sto-bene\/"]}]},{"@type":"ImageObject","inLanguage":"it-IT","@id":"https:\/\/www.article-marketing.eu\/comunicatistampa\/il-cartello-feat-eneri-sto-bene\/#primaryimage","url":"https:\/\/www.joyfreepress.com\/wp-content\/uploads\/2022\/12\/Cover-Ilcastello.jpg","contentUrl":"https:\/\/www.joyfreepress.com\/wp-content\/uploads\/2022\/12\/Cover-Ilcastello.jpg"},{"@type":"BreadcrumbList","@id":"https:\/\/www.article-marketing.eu\/comunicatistampa\/il-cartello-feat-eneri-sto-bene\/#breadcrumb","itemListElement":[{"@type":"ListItem","position":1,"name":"Home","item":"https:\/\/www.article-marketing.eu\/comunicatistampa\/"},{"@type":"ListItem","position":2,"name":"Il Cartello Feat. En\u00e9ri &#8211; Sto bene"}]},{"@type":"WebSite","@id":"https:\/\/www.article-marketing.eu\/comunicatistampa\/#website","url":"https:\/\/www.article-marketing.eu\/comunicatistampa\/","name":"Article Marketing","description":"article marketing &amp; press release","potentialAction":[{"@type":"SearchAction","target":{"@type":"EntryPoint","urlTemplate":"https:\/\/www.article-marketing.eu\/comunicatistampa\/?s={search_term_string}"},"query-input":{"@type":"PropertyValueSpecification","valueRequired":true,"valueName":"search_term_string"}}],"inLanguage":"it-IT"},{"@type":"Person","@id":"https:\/\/www.article-marketing.eu\/comunicatistampa\/#\/schema\/person\/9beeb909be59832a9bcbec84cb3786f5","name":"Micro961","image":{"@type":"ImageObject","inLanguage":"it-IT","@id":"https:\/\/secure.gravatar.com\/avatar\/cd6f5864b85cc3687c05b2965bb186afcd70a2a89789a156c92a4f1d66e87827?s=96&d=mm&r=g","url":"https:\/\/secure.gravatar.com\/avatar\/cd6f5864b85cc3687c05b2965bb186afcd70a2a89789a156c92a4f1d66e87827?s=96&d=mm&r=g","contentUrl":"https:\/\/secure.gravatar.com\/avatar\/cd6f5864b85cc3687c05b2965bb186afcd70a2a89789a156c92a4f1d66e87827?s=96&d=mm&r=g","caption":"Micro961"},"url":"https:\/\/www.article-marketing.eu\/comunicatistampa\/author\/micro961\/"}]}},"_links":{"self":[{"href":"https:\/\/www.article-marketing.eu\/comunicatistampa\/wp-json\/wp\/v2\/posts\/25912","targetHints":{"allow":["GET"]}}],"collection":[{"href":"https:\/\/www.article-marketing.eu\/comunicatistampa\/wp-json\/wp\/v2\/posts"}],"about":[{"href":"https:\/\/www.article-marketing.eu\/comunicatistampa\/wp-json\/wp\/v2\/types\/post"}],"author":[{"embeddable":true,"href":"https:\/\/www.article-marketing.eu\/comunicatistampa\/wp-json\/wp\/v2\/users\/1680"}],"replies":[{"embeddable":true,"href":"https:\/\/www.article-marketing.eu\/comunicatistampa\/wp-json\/wp\/v2\/comments?post=25912"}],"version-history":[{"count":2,"href":"https:\/\/www.article-marketing.eu\/comunicatistampa\/wp-json\/wp\/v2\/posts\/25912\/revisions"}],"predecessor-version":[{"id":25914,"href":"https:\/\/www.article-marketing.eu\/comunicatistampa\/wp-json\/wp\/v2\/posts\/25912\/revisions\/25914"}],"wp:attachment":[{"href":"https:\/\/www.article-marketing.eu\/comunicatistampa\/wp-json\/wp\/v2\/media?parent=25912"}],"wp:term":[{"taxonomy":"category","embeddable":true,"href":"https:\/\/www.article-marketing.eu\/comunicatistampa\/wp-json\/wp\/v2\/categories?post=25912"},{"taxonomy":"post_tag","embeddable":true,"href":"https:\/\/www.article-marketing.eu\/comunicatistampa\/wp-json\/wp\/v2\/tags?post=25912"}],"curies":[{"name":"wp","href":"https:\/\/api.w.org\/{rel}","templated":true}]}}