{"id":25937,"date":"2023-01-11T15:55:34","date_gmt":"2023-01-11T14:55:34","guid":{"rendered":"https:\/\/www.article-marketing.eu\/comunicatistampa\/?p=25937"},"modified":"2023-01-11T15:55:34","modified_gmt":"2023-01-11T14:55:34","slug":"utilitalia-a-roma-convegno-su-energia-e-utilities-le-dichiarazioni-di-luca-dal-fabbro-iren","status":"publish","type":"post","link":"https:\/\/www.article-marketing.eu\/comunicatistampa\/utilitalia-a-roma-convegno-su-energia-e-utilities-le-dichiarazioni-di-luca-dal-fabbro-iren\/","title":{"rendered":"Utilitalia, a Roma convegno su energia e utilities: le dichiarazioni di Luca Dal Fabbro (Iren)"},"content":{"rendered":"<p><em><strong>Utilities e istituzioni devono dialogare per garantire lo sviluppo energetico del Paese: \u00e8 il messaggio lanciato dal Presidente di Iren <a title=\"Luca Dal Fabbro, presidente di Iren parla delle Multiutility\" href=\"https:\/\/www.adnkronos.com\/energia-dal-fabbro-iren-multiutility-sostengono-sforzo-per-autonomia_IfmxBu9EZrqC0WpuLtKaj\">Luca Dal Fabbro<\/a> durante il suo intervento al convegno organizzato da Utilitalia sulla crisi energetica.<\/strong><\/em><\/p>\n<p><a title=\"Luca Dal Fabbro presidente di Iren \" href=\"https:\/\/www.adnkronos.com\/energia-dal-fabbro-iren-multiutility-sostengono-sforzo-per-autonomia_IfmxBu9EZrqC0WpuLtKaj\"><img loading=\"lazy\" decoding=\"async\" src=\"https:\/\/www.adnkronos.com\/resources\/027c-16d74c7f0cc0-b549be2a7b3e-1000\/format\/big\/luca_dal_fabbro_iren_fg.jpg\" alt=\"Luca Dal Fabbro\" width=\"200\" height=\"133\" \/><\/a><\/p>\n<h2>Luca Dal Fabbro: \u201c<em>Utilities? Parte della soluzione. Sul gas occorre massima prudenza<\/em>\u201d<\/h2>\n<p>Si \u00e8 tenuto lo scorso 16 dicembre a Roma il convegno \u201cCrisi dell\u2019Energia. Gli impatti sulle utilities e il contributo del comparto\u201d. Promosso da Utilitalia, l\u2019evento \u00e8 stata l\u2019occasione per fare il punto sui temi della sicurezza energetica e dell\u2019approvvigionamento e delineare una nuova strategia per consentire al Paese di affrontare il rincaro dei prezzi degli ultimi mesi. Tra i relatori anche <a title=\"Luca Dal Fabbro, presidente di Iren focus di Adnkronos\" href=\"https:\/\/www.adnkronos.com\/energia-dal-fabbro-iren-multiutility-sostengono-sforzo-per-autonomia_IfmxBu9EZrqC0WpuLtKaj\">Luca Dal Fabbro<\/a>, Presidente di Iren, che in merito alla crisi energetica acuita dal conflitto russo-ucraino ha dichiarato: \u201c<em>Le utilities sono parte della soluzione. Nonostante negli ultimi mesi sia stato colpevolizzato e strumentalizzato, il nostro comparto \u00e8 l\u2019unico ad investire nell\u2019economia reale del Paese. Abbiamo anche sopperito ad una serie di rischi che il sistema non poteva assorbire. Ci\u00f2 ha garantito al Paese di avere operatori in grado di comprare gas nonostante la tempesta<\/em>\u201d. Una tempesta ancora oggi in pieno svolgimento: \u201c<em>Questo inverno lo abbiamo superato, ma cosa succeder\u00e0 a fine 2023? Sul tema del gas bisogna stare attenti a non cadere dalla padella alla brace<\/em> \u2013 avverte <strong>Luca Dal Fabbro<\/strong> \u2013 <em>alcuni Paesi, dove ora ci stiamo rifornendo, non sono stabilissimi e c\u2019\u00e8 bisogno di massima prudenza<\/em>\u201d.<\/p>\n<h2>Crisi energetica, quale la soluzione? Il pensiero di Luca Dal Fabbro<\/h2>\n<p>Per prepararsi al gas in arrivo dalle nuove direttrici Sud-Nord, aggiunge <strong>Luca Dal Fabbro<\/strong>, ci sar\u00e0 bisogno di ulteriori rigassificatori. Porto Empedocle e Gioia Tauro sono un esempio. Tuttavia, per garantire sicurezza energetica sia a livello nazionale che europeo nel lungo periodo occorre una cabina di regia che coinvolga istituzioni come Utilitalia, l\u2019apparato statale e le aziende: \u201c<em>Mai come oggi la sicurezza energetica e la competitivit\u00e0 del Paese richiedono un dialogo costruttivo e franco fra le aziende e gli apparati dello stato, che non \u00e8 n\u00e9 un amico n\u00e9 un nemico ma una controparte, al fine di garantire uno sviluppo rapido a beneficio del Paese in settori vitali e strategici quali energia, acqua ed economia circolare<\/em>\u201d. Quest\u2019ultima, insieme con la sostenibilit\u00e0, rappresenta un pilastro fondamentale della soluzione del problema: \u201c<em>Il PNRR lo ha gi\u00e0 recepito e lo ha fatto proprio anche il nuovo Governo<\/em> \u2013 ha commentato <strong>Luca Dal Fabbro<\/strong> \u2013 <em>Per questo Iren e le grandi multiutility sostengono lo sforzo dell\u2019Esecutivo sul tema del Price Cap a Bruxelles e sul piano di sviluppo di produzione di energia nazionale che potr\u00e0 renderci autonomi e pi\u00f9 resilienti a shock futuri<\/em>\u201d.<\/p>\n","protected":false},"excerpt":{"rendered":"<p>Utilities e istituzioni devono dialogare per garantire lo sviluppo energetico del Paese: \u00e8 il messaggio lanciato dal Presidente di Iren Luca Dal Fabbro durante il suo intervento al convegno organizzato da Utilitalia sulla crisi energetica. Luca Dal Fabbro: \u201cUtilities? Parte della soluzione. Sul gas occorre massima prudenza\u201d Si \u00e8 tenuto lo scorso 16 dicembre a Roma il convegno \u201cCrisi dell\u2019Energia. Gli impatti sulle utilities e il contributo del comparto\u201d. Promosso<\/p>\n<p><a class=\"continue-reading\" href=\"https:\/\/www.article-marketing.eu\/comunicatistampa\/utilitalia-a-roma-convegno-su-energia-e-utilities-le-dichiarazioni-di-luca-dal-fabbro-iren\/\">Continue reading&#8230;<\/a><\/p>\n","protected":false},"author":6477,"featured_media":0,"comment_status":"open","ping_status":"open","sticky":false,"template":"","format":"standard","meta":{"_monsterinsights_skip_tracking":false,"_monsterinsights_sitenote_active":false,"_monsterinsights_sitenote_note":"","_monsterinsights_sitenote_category":0,"footnotes":""},"categories":[386],"tags":[10361],"class_list":["post-25937","post","type-post","status-publish","format-standard","hentry","category-economia-e-lavoro","tag-luca-dal-fabbro"],"yoast_head":"<!-- This site is optimized with the Yoast SEO plugin v27.3 - https:\/\/yoast.com\/product\/yoast-seo-wordpress\/ -->\n<title>Utilitalia, a Roma convegno su energia e utilities: le dichiarazioni di Luca Dal Fabbro (Iren)<\/title>\n<meta name=\"robots\" content=\"index, follow, max-snippet:-1, max-image-preview:large, max-video-preview:-1\" \/>\n<link rel=\"canonical\" href=\"https:\/\/www.article-marketing.eu\/comunicatistampa\/utilitalia-a-roma-convegno-su-energia-e-utilities-le-dichiarazioni-di-luca-dal-fabbro-iren\/\" \/>\n<meta property=\"og:locale\" content=\"it_IT\" \/>\n<meta property=\"og:type\" content=\"article\" \/>\n<meta property=\"og:title\" content=\"Utilitalia, a Roma convegno su energia e utilities: le dichiarazioni di Luca Dal Fabbro (Iren)\" \/>\n<meta property=\"og:description\" content=\"Utilities e istituzioni devono dialogare per garantire lo sviluppo energetico del Paese: \u00e8 il messaggio lanciato dal Presidente di Iren Luca Dal Fabbro durante il suo intervento al convegno organizzato da Utilitalia sulla crisi energetica. Luca Dal Fabbro: \u201cUtilities? Parte della soluzione. Sul gas occorre massima prudenza\u201d Si \u00e8 tenuto lo scorso 16 dicembre a Roma il convegno \u201cCrisi dell\u2019Energia. Gli impatti sulle utilities e il contributo del comparto\u201d. PromossoContinue reading...\" \/>\n<meta property=\"og:url\" content=\"https:\/\/www.article-marketing.eu\/comunicatistampa\/utilitalia-a-roma-convegno-su-energia-e-utilities-le-dichiarazioni-di-luca-dal-fabbro-iren\/\" \/>\n<meta property=\"og:site_name\" content=\"Article Marketing\" \/>\n<meta property=\"article:published_time\" content=\"2023-01-11T14:55:34+00:00\" \/>\n<meta property=\"og:image\" content=\"https:\/\/www.adnkronos.com\/resources\/027c-16d74c7f0cc0-b549be2a7b3e-1000\/format\/big\/luca_dal_fabbro_iren_fg.jpg\" \/>\n<meta name=\"author\" content=\"articolinews\" \/>\n<meta name=\"twitter:card\" content=\"summary_large_image\" \/>\n<meta name=\"twitter:label1\" content=\"Scritto da\" \/>\n\t<meta name=\"twitter:data1\" content=\"articolinews\" \/>\n\t<meta name=\"twitter:label2\" content=\"Tempo di lettura stimato\" \/>\n\t<meta name=\"twitter:data2\" content=\"3 minuti\" \/>\n<script type=\"application\/ld+json\" class=\"yoast-schema-graph\">{\"@context\":\"https:\\\/\\\/schema.org\",\"@graph\":[{\"@type\":\"Article\",\"@id\":\"https:\\\/\\\/www.article-marketing.eu\\\/comunicatistampa\\\/utilitalia-a-roma-convegno-su-energia-e-utilities-le-dichiarazioni-di-luca-dal-fabbro-iren\\\/#article\",\"isPartOf\":{\"@id\":\"https:\\\/\\\/www.article-marketing.eu\\\/comunicatistampa\\\/utilitalia-a-roma-convegno-su-energia-e-utilities-le-dichiarazioni-di-luca-dal-fabbro-iren\\\/\"},\"author\":{\"name\":\"articolinews\",\"@id\":\"https:\\\/\\\/www.article-marketing.eu\\\/comunicatistampa\\\/#\\\/schema\\\/person\\\/2fcaf8f8f3a9eef9eb7f27532d3ca458\"},\"headline\":\"Utilitalia, a Roma convegno su energia e utilities: le dichiarazioni di Luca Dal Fabbro (Iren)\",\"datePublished\":\"2023-01-11T14:55:34+00:00\",\"mainEntityOfPage\":{\"@id\":\"https:\\\/\\\/www.article-marketing.eu\\\/comunicatistampa\\\/utilitalia-a-roma-convegno-su-energia-e-utilities-le-dichiarazioni-di-luca-dal-fabbro-iren\\\/\"},\"wordCount\":450,\"commentCount\":0,\"image\":{\"@id\":\"https:\\\/\\\/www.article-marketing.eu\\\/comunicatistampa\\\/utilitalia-a-roma-convegno-su-energia-e-utilities-le-dichiarazioni-di-luca-dal-fabbro-iren\\\/#primaryimage\"},\"thumbnailUrl\":\"https:\\\/\\\/www.adnkronos.com\\\/resources\\\/027c-16d74c7f0cc0-b549be2a7b3e-1000\\\/format\\\/big\\\/luca_dal_fabbro_iren_fg.jpg\",\"keywords\":[\"Luca Dal Fabbro\"],\"articleSection\":[\"Economia e lavoro\"],\"inLanguage\":\"it-IT\",\"potentialAction\":[{\"@type\":\"CommentAction\",\"name\":\"Comment\",\"target\":[\"https:\\\/\\\/www.article-marketing.eu\\\/comunicatistampa\\\/utilitalia-a-roma-convegno-su-energia-e-utilities-le-dichiarazioni-di-luca-dal-fabbro-iren\\\/#respond\"]}]},{\"@type\":\"WebPage\",\"@id\":\"https:\\\/\\\/www.article-marketing.eu\\\/comunicatistampa\\\/utilitalia-a-roma-convegno-su-energia-e-utilities-le-dichiarazioni-di-luca-dal-fabbro-iren\\\/\",\"url\":\"https:\\\/\\\/www.article-marketing.eu\\\/comunicatistampa\\\/utilitalia-a-roma-convegno-su-energia-e-utilities-le-dichiarazioni-di-luca-dal-fabbro-iren\\\/\",\"name\":\"Utilitalia, a Roma convegno su energia e utilities: le dichiarazioni di Luca Dal Fabbro (Iren)\",\"isPartOf\":{\"@id\":\"https:\\\/\\\/www.article-marketing.eu\\\/comunicatistampa\\\/#website\"},\"primaryImageOfPage\":{\"@id\":\"https:\\\/\\\/www.article-marketing.eu\\\/comunicatistampa\\\/utilitalia-a-roma-convegno-su-energia-e-utilities-le-dichiarazioni-di-luca-dal-fabbro-iren\\\/#primaryimage\"},\"image\":{\"@id\":\"https:\\\/\\\/www.article-marketing.eu\\\/comunicatistampa\\\/utilitalia-a-roma-convegno-su-energia-e-utilities-le-dichiarazioni-di-luca-dal-fabbro-iren\\\/#primaryimage\"},\"thumbnailUrl\":\"https:\\\/\\\/www.adnkronos.com\\\/resources\\\/027c-16d74c7f0cc0-b549be2a7b3e-1000\\\/format\\\/big\\\/luca_dal_fabbro_iren_fg.jpg\",\"datePublished\":\"2023-01-11T14:55:34+00:00\",\"author\":{\"@id\":\"https:\\\/\\\/www.article-marketing.eu\\\/comunicatistampa\\\/#\\\/schema\\\/person\\\/2fcaf8f8f3a9eef9eb7f27532d3ca458\"},\"breadcrumb\":{\"@id\":\"https:\\\/\\\/www.article-marketing.eu\\\/comunicatistampa\\\/utilitalia-a-roma-convegno-su-energia-e-utilities-le-dichiarazioni-di-luca-dal-fabbro-iren\\\/#breadcrumb\"},\"inLanguage\":\"it-IT\",\"potentialAction\":[{\"@type\":\"ReadAction\",\"target\":[\"https:\\\/\\\/www.article-marketing.eu\\\/comunicatistampa\\\/utilitalia-a-roma-convegno-su-energia-e-utilities-le-dichiarazioni-di-luca-dal-fabbro-iren\\\/\"]}]},{\"@type\":\"ImageObject\",\"inLanguage\":\"it-IT\",\"@id\":\"https:\\\/\\\/www.article-marketing.eu\\\/comunicatistampa\\\/utilitalia-a-roma-convegno-su-energia-e-utilities-le-dichiarazioni-di-luca-dal-fabbro-iren\\\/#primaryimage\",\"url\":\"https:\\\/\\\/www.adnkronos.com\\\/resources\\\/027c-16d74c7f0cc0-b549be2a7b3e-1000\\\/format\\\/big\\\/luca_dal_fabbro_iren_fg.jpg\",\"contentUrl\":\"https:\\\/\\\/www.adnkronos.com\\\/resources\\\/027c-16d74c7f0cc0-b549be2a7b3e-1000\\\/format\\\/big\\\/luca_dal_fabbro_iren_fg.jpg\"},{\"@type\":\"BreadcrumbList\",\"@id\":\"https:\\\/\\\/www.article-marketing.eu\\\/comunicatistampa\\\/utilitalia-a-roma-convegno-su-energia-e-utilities-le-dichiarazioni-di-luca-dal-fabbro-iren\\\/#breadcrumb\",\"itemListElement\":[{\"@type\":\"ListItem\",\"position\":1,\"name\":\"Home\",\"item\":\"https:\\\/\\\/www.article-marketing.eu\\\/comunicatistampa\\\/\"},{\"@type\":\"ListItem\",\"position\":2,\"name\":\"Utilitalia, a Roma convegno su energia e utilities: le dichiarazioni di Luca Dal Fabbro (Iren)\"}]},{\"@type\":\"WebSite\",\"@id\":\"https:\\\/\\\/www.article-marketing.eu\\\/comunicatistampa\\\/#website\",\"url\":\"https:\\\/\\\/www.article-marketing.eu\\\/comunicatistampa\\\/\",\"name\":\"Article Marketing\",\"description\":\"article marketing &amp; press release\",\"potentialAction\":[{\"@type\":\"SearchAction\",\"target\":{\"@type\":\"EntryPoint\",\"urlTemplate\":\"https:\\\/\\\/www.article-marketing.eu\\\/comunicatistampa\\\/?s={search_term_string}\"},\"query-input\":{\"@type\":\"PropertyValueSpecification\",\"valueRequired\":true,\"valueName\":\"search_term_string\"}}],\"inLanguage\":\"it-IT\"},{\"@type\":\"Person\",\"@id\":\"https:\\\/\\\/www.article-marketing.eu\\\/comunicatistampa\\\/#\\\/schema\\\/person\\\/2fcaf8f8f3a9eef9eb7f27532d3ca458\",\"name\":\"articolinews\",\"image\":{\"@type\":\"ImageObject\",\"inLanguage\":\"it-IT\",\"@id\":\"https:\\\/\\\/secure.gravatar.com\\\/avatar\\\/9e2a264bab04e17dea24d937c9956304649a848cb73c46747a692ff1bdeb1cb7?s=96&d=mm&r=g\",\"url\":\"https:\\\/\\\/secure.gravatar.com\\\/avatar\\\/9e2a264bab04e17dea24d937c9956304649a848cb73c46747a692ff1bdeb1cb7?s=96&d=mm&r=g\",\"contentUrl\":\"https:\\\/\\\/secure.gravatar.com\\\/avatar\\\/9e2a264bab04e17dea24d937c9956304649a848cb73c46747a692ff1bdeb1cb7?s=96&d=mm&r=g\",\"caption\":\"articolinews\"},\"url\":\"https:\\\/\\\/www.article-marketing.eu\\\/comunicatistampa\\\/author\\\/articolinews\\\/\"}]}<\/script>\n<!-- \/ Yoast SEO plugin. -->","yoast_head_json":{"title":"Utilitalia, a Roma convegno su energia e utilities: le dichiarazioni di Luca Dal Fabbro (Iren)","robots":{"index":"index","follow":"follow","max-snippet":"max-snippet:-1","max-image-preview":"max-image-preview:large","max-video-preview":"max-video-preview:-1"},"canonical":"https:\/\/www.article-marketing.eu\/comunicatistampa\/utilitalia-a-roma-convegno-su-energia-e-utilities-le-dichiarazioni-di-luca-dal-fabbro-iren\/","og_locale":"it_IT","og_type":"article","og_title":"Utilitalia, a Roma convegno su energia e utilities: le dichiarazioni di Luca Dal Fabbro (Iren)","og_description":"Utilities e istituzioni devono dialogare per garantire lo sviluppo energetico del Paese: \u00e8 il messaggio lanciato dal Presidente di Iren Luca Dal Fabbro durante il suo intervento al convegno organizzato da Utilitalia sulla crisi energetica. Luca Dal Fabbro: \u201cUtilities? Parte della soluzione. Sul gas occorre massima prudenza\u201d Si \u00e8 tenuto lo scorso 16 dicembre a Roma il convegno \u201cCrisi dell\u2019Energia. Gli impatti sulle utilities e il contributo del comparto\u201d. PromossoContinue reading...","og_url":"https:\/\/www.article-marketing.eu\/comunicatistampa\/utilitalia-a-roma-convegno-su-energia-e-utilities-le-dichiarazioni-di-luca-dal-fabbro-iren\/","og_site_name":"Article Marketing","article_published_time":"2023-01-11T14:55:34+00:00","og_image":[{"url":"https:\/\/www.adnkronos.com\/resources\/027c-16d74c7f0cc0-b549be2a7b3e-1000\/format\/big\/luca_dal_fabbro_iren_fg.jpg","type":"","width":"","height":""}],"author":"articolinews","twitter_card":"summary_large_image","twitter_misc":{"Scritto da":"articolinews","Tempo di lettura stimato":"3 minuti"},"schema":{"@context":"https:\/\/schema.org","@graph":[{"@type":"Article","@id":"https:\/\/www.article-marketing.eu\/comunicatistampa\/utilitalia-a-roma-convegno-su-energia-e-utilities-le-dichiarazioni-di-luca-dal-fabbro-iren\/#article","isPartOf":{"@id":"https:\/\/www.article-marketing.eu\/comunicatistampa\/utilitalia-a-roma-convegno-su-energia-e-utilities-le-dichiarazioni-di-luca-dal-fabbro-iren\/"},"author":{"name":"articolinews","@id":"https:\/\/www.article-marketing.eu\/comunicatistampa\/#\/schema\/person\/2fcaf8f8f3a9eef9eb7f27532d3ca458"},"headline":"Utilitalia, a Roma convegno su energia e utilities: le dichiarazioni di Luca Dal Fabbro (Iren)","datePublished":"2023-01-11T14:55:34+00:00","mainEntityOfPage":{"@id":"https:\/\/www.article-marketing.eu\/comunicatistampa\/utilitalia-a-roma-convegno-su-energia-e-utilities-le-dichiarazioni-di-luca-dal-fabbro-iren\/"},"wordCount":450,"commentCount":0,"image":{"@id":"https:\/\/www.article-marketing.eu\/comunicatistampa\/utilitalia-a-roma-convegno-su-energia-e-utilities-le-dichiarazioni-di-luca-dal-fabbro-iren\/#primaryimage"},"thumbnailUrl":"https:\/\/www.adnkronos.com\/resources\/027c-16d74c7f0cc0-b549be2a7b3e-1000\/format\/big\/luca_dal_fabbro_iren_fg.jpg","keywords":["Luca Dal Fabbro"],"articleSection":["Economia e lavoro"],"inLanguage":"it-IT","potentialAction":[{"@type":"CommentAction","name":"Comment","target":["https:\/\/www.article-marketing.eu\/comunicatistampa\/utilitalia-a-roma-convegno-su-energia-e-utilities-le-dichiarazioni-di-luca-dal-fabbro-iren\/#respond"]}]},{"@type":"WebPage","@id":"https:\/\/www.article-marketing.eu\/comunicatistampa\/utilitalia-a-roma-convegno-su-energia-e-utilities-le-dichiarazioni-di-luca-dal-fabbro-iren\/","url":"https:\/\/www.article-marketing.eu\/comunicatistampa\/utilitalia-a-roma-convegno-su-energia-e-utilities-le-dichiarazioni-di-luca-dal-fabbro-iren\/","name":"Utilitalia, a Roma convegno su energia e utilities: le dichiarazioni di Luca Dal Fabbro (Iren)","isPartOf":{"@id":"https:\/\/www.article-marketing.eu\/comunicatistampa\/#website"},"primaryImageOfPage":{"@id":"https:\/\/www.article-marketing.eu\/comunicatistampa\/utilitalia-a-roma-convegno-su-energia-e-utilities-le-dichiarazioni-di-luca-dal-fabbro-iren\/#primaryimage"},"image":{"@id":"https:\/\/www.article-marketing.eu\/comunicatistampa\/utilitalia-a-roma-convegno-su-energia-e-utilities-le-dichiarazioni-di-luca-dal-fabbro-iren\/#primaryimage"},"thumbnailUrl":"https:\/\/www.adnkronos.com\/resources\/027c-16d74c7f0cc0-b549be2a7b3e-1000\/format\/big\/luca_dal_fabbro_iren_fg.jpg","datePublished":"2023-01-11T14:55:34+00:00","author":{"@id":"https:\/\/www.article-marketing.eu\/comunicatistampa\/#\/schema\/person\/2fcaf8f8f3a9eef9eb7f27532d3ca458"},"breadcrumb":{"@id":"https:\/\/www.article-marketing.eu\/comunicatistampa\/utilitalia-a-roma-convegno-su-energia-e-utilities-le-dichiarazioni-di-luca-dal-fabbro-iren\/#breadcrumb"},"inLanguage":"it-IT","potentialAction":[{"@type":"ReadAction","target":["https:\/\/www.article-marketing.eu\/comunicatistampa\/utilitalia-a-roma-convegno-su-energia-e-utilities-le-dichiarazioni-di-luca-dal-fabbro-iren\/"]}]},{"@type":"ImageObject","inLanguage":"it-IT","@id":"https:\/\/www.article-marketing.eu\/comunicatistampa\/utilitalia-a-roma-convegno-su-energia-e-utilities-le-dichiarazioni-di-luca-dal-fabbro-iren\/#primaryimage","url":"https:\/\/www.adnkronos.com\/resources\/027c-16d74c7f0cc0-b549be2a7b3e-1000\/format\/big\/luca_dal_fabbro_iren_fg.jpg","contentUrl":"https:\/\/www.adnkronos.com\/resources\/027c-16d74c7f0cc0-b549be2a7b3e-1000\/format\/big\/luca_dal_fabbro_iren_fg.jpg"},{"@type":"BreadcrumbList","@id":"https:\/\/www.article-marketing.eu\/comunicatistampa\/utilitalia-a-roma-convegno-su-energia-e-utilities-le-dichiarazioni-di-luca-dal-fabbro-iren\/#breadcrumb","itemListElement":[{"@type":"ListItem","position":1,"name":"Home","item":"https:\/\/www.article-marketing.eu\/comunicatistampa\/"},{"@type":"ListItem","position":2,"name":"Utilitalia, a Roma convegno su energia e utilities: le dichiarazioni di Luca Dal Fabbro (Iren)"}]},{"@type":"WebSite","@id":"https:\/\/www.article-marketing.eu\/comunicatistampa\/#website","url":"https:\/\/www.article-marketing.eu\/comunicatistampa\/","name":"Article Marketing","description":"article marketing &amp; press release","potentialAction":[{"@type":"SearchAction","target":{"@type":"EntryPoint","urlTemplate":"https:\/\/www.article-marketing.eu\/comunicatistampa\/?s={search_term_string}"},"query-input":{"@type":"PropertyValueSpecification","valueRequired":true,"valueName":"search_term_string"}}],"inLanguage":"it-IT"},{"@type":"Person","@id":"https:\/\/www.article-marketing.eu\/comunicatistampa\/#\/schema\/person\/2fcaf8f8f3a9eef9eb7f27532d3ca458","name":"articolinews","image":{"@type":"ImageObject","inLanguage":"it-IT","@id":"https:\/\/secure.gravatar.com\/avatar\/9e2a264bab04e17dea24d937c9956304649a848cb73c46747a692ff1bdeb1cb7?s=96&d=mm&r=g","url":"https:\/\/secure.gravatar.com\/avatar\/9e2a264bab04e17dea24d937c9956304649a848cb73c46747a692ff1bdeb1cb7?s=96&d=mm&r=g","contentUrl":"https:\/\/secure.gravatar.com\/avatar\/9e2a264bab04e17dea24d937c9956304649a848cb73c46747a692ff1bdeb1cb7?s=96&d=mm&r=g","caption":"articolinews"},"url":"https:\/\/www.article-marketing.eu\/comunicatistampa\/author\/articolinews\/"}]}},"_links":{"self":[{"href":"https:\/\/www.article-marketing.eu\/comunicatistampa\/wp-json\/wp\/v2\/posts\/25937","targetHints":{"allow":["GET"]}}],"collection":[{"href":"https:\/\/www.article-marketing.eu\/comunicatistampa\/wp-json\/wp\/v2\/posts"}],"about":[{"href":"https:\/\/www.article-marketing.eu\/comunicatistampa\/wp-json\/wp\/v2\/types\/post"}],"author":[{"embeddable":true,"href":"https:\/\/www.article-marketing.eu\/comunicatistampa\/wp-json\/wp\/v2\/users\/6477"}],"replies":[{"embeddable":true,"href":"https:\/\/www.article-marketing.eu\/comunicatistampa\/wp-json\/wp\/v2\/comments?post=25937"}],"version-history":[{"count":2,"href":"https:\/\/www.article-marketing.eu\/comunicatistampa\/wp-json\/wp\/v2\/posts\/25937\/revisions"}],"predecessor-version":[{"id":26003,"href":"https:\/\/www.article-marketing.eu\/comunicatistampa\/wp-json\/wp\/v2\/posts\/25937\/revisions\/26003"}],"wp:attachment":[{"href":"https:\/\/www.article-marketing.eu\/comunicatistampa\/wp-json\/wp\/v2\/media?parent=25937"}],"wp:term":[{"taxonomy":"category","embeddable":true,"href":"https:\/\/www.article-marketing.eu\/comunicatistampa\/wp-json\/wp\/v2\/categories?post=25937"},{"taxonomy":"post_tag","embeddable":true,"href":"https:\/\/www.article-marketing.eu\/comunicatistampa\/wp-json\/wp\/v2\/tags?post=25937"}],"curies":[{"name":"wp","href":"https:\/\/api.w.org\/{rel}","templated":true}]}}