{"id":25939,"date":"2023-01-11T15:55:58","date_gmt":"2023-01-11T14:55:58","guid":{"rendered":"https:\/\/www.article-marketing.eu\/comunicatistampa\/?p=25939"},"modified":"2023-01-11T15:55:58","modified_gmt":"2023-01-11T14:55:58","slug":"convention-atitech-gianni-lettieri-a-fiumicino-per-accogliere-gli-ex-dipendenti-alitalia","status":"publish","type":"post","link":"https:\/\/www.article-marketing.eu\/comunicatistampa\/convention-atitech-gianni-lettieri-a-fiumicino-per-accogliere-gli-ex-dipendenti-alitalia\/","title":{"rendered":"Convention Atitech, Gianni Lettieri a Fiumicino per accogliere gli ex dipendenti Alitalia"},"content":{"rendered":"<p><em><strong>L\u2019incontro con i tecnici ex Alitalia si \u00e8 tenuto all\u2019Hilton Rome Airport. Sul palco, oltre a <a title=\"Gianni Lettieri alla Convention atitech\" href=\"https:\/\/www.ilriformista.it\/convention-atitech-il-presidente-gianni-lettieri-siamo-la-piu-grande-societa-di-manutenzione-aeronautica-indipendente-del-mercato-emea-334787\/\">Gianni Lettieri<\/a>, anche Gianni Letta e il campione olimpionico Stefano Baldini.<\/strong><\/em><\/p>\n<p><a title=\"Gianni Lettieri presidente di Atitech \" href=\"https:\/\/www.ilriformista.it\/convention-atitech-il-presidente-gianni-lettieri-siamo-la-piu-grande-societa-di-manutenzione-aeronautica-indipendente-del-mercato-emea-334787\/\"><img loading=\"lazy\" decoding=\"async\" src=\"https:\/\/www.ilriformista.it\/wp-content\/uploads\/2022\/12\/gianni-lettieri-presidente-atitech-900x600.jpeg\" alt=\"Gianni Lettieri\" width=\"200\" height=\"133\" \/><\/a><\/p>\n<h2>L\u2019intervento di Gianni Lettieri alla Convention Atitech<\/h2>\n<p>Si \u00e8 tenuta lo scorso 14 dicembre, presso l\u2019Hilton Rome Airport, la Convention promossa da Atitech per dare ufficialmente il benvenuto ai 940 lavoratori provenienti dall\u2019ex ramo manutenzione Alitalia. Nelle ultime settimane, la MRO (Maintenance, Repair and Overhaul) guidata da <a title=\"Gianni Lettieri focus Il Riformista \" href=\"https:\/\/www.ilriformista.it\/convention-atitech-il-presidente-gianni-lettieri-siamo-la-piu-grande-societa-di-manutenzione-aeronautica-indipendente-del-mercato-emea-334787\/\">Gianni Lettieri<\/a> ha portato a termine le procedure di assorbimento avviate subito dopo la firma della cessione del complesso di Fiumicino da parte dei commissari dell\u2019ex compagnia di bandiera. Grazie all\u2019operazione, l\u2019azienda di Capodichino ha praticamente raddoppiato la sua capacit\u00e0: oggi Atitech pu\u00f2 infatti contare su ulteriori 4 hangar nonch\u00e9 su 6 linee di produzione per gli aeromobili \u201cnarrow body\u201d e 5 per i \u201cwide body\u201d. E non solo: grazie ai 32 scali totali diffusi tra Europa, Africa, Medio Oriente, Asia e Sud America, ora l\u2019azienda napoletana \u00e8 pronta a passare all\u2019assistenza di linea. Nel suo intervento, <strong>Gianni Lettieri<\/strong> si \u00e8 rivolto direttamente ai tecnici di Fiumicino: \u201c<em>Dovete essere orgogliosi della vostra professionalit\u00e0<\/em> \u2013 ha dichiarato l\u2019imprenditore sul palco \u2013 <em>siete tra i pi\u00f9 bravi e competenti al mondo, ma negli ultimi 20 anni non siete stati messi in condizione di lavorare al meglio delle vostre possibilit\u00e0, avete operato in un clima di perenne incertezza<\/em>\u201d.<\/p>\n<h2>\u201c<em>Gianni Lettieri? Un imprenditore vero, determinato e aperto all\u2019innovazione<\/em>\u201d: il commento di Gianni Letta<\/h2>\n<p>Ad affiancare il Patron di Atitech anche diversi ospiti di eccezione, tra cui l\u2019ex Sottosegretario alla Presidenza del Consiglio Gianni Letta e il maratoneta Stefano Baldini, campione olimpionico ad Atene 2004 e testimonial della Convention targata Atitech. \u201c<em><strong>Gianni Lettieri<\/strong> \u00e8 un imprenditore vero, un innovatore attento e capace<\/em> \u2013 ha dichiarato Letta, che nel 2009 prese parte come Sottosegretario ai tavoli sindacali per l\u2019acquisizione di Atitech \u2013. <em>La sua avventura nel mondo aeronautico \u00e8 iniziata allora<\/em>. <em>Ricordo la sua determinazione durante le negoziazioni, perch\u00e9 voleva fortemente questa azienda e voleva capire come funzionava<\/em>\u201d. Con l\u2019operazione di Fiumicino, l\u2019obiettivo di <strong>Gianni Lettieri<\/strong> di dotare il Paese di un polo unico dedicato alla manutenzione aeronautica assume nuova linfa. Le ambizioni di crescita non si limitano tuttavia al complesso romano. Nelle ultime settimane, l\u2019imprenditore ha gi\u00e0 annunciato il prossimo step, ossia l\u2019acquisizione di Alitalia Maintenance Systems, con sede sempre a Fiumicino e unica azienda italiana specializzata in manutenzione, revisione e riparazione di motori per aeromobili, unit\u00e0 di potenza ausiliaria, componenti aeronautici e aeroderivati.<\/p>\n","protected":false},"excerpt":{"rendered":"<p>L\u2019incontro con i tecnici ex Alitalia si \u00e8 tenuto all\u2019Hilton Rome Airport. Sul palco, oltre a Gianni Lettieri, anche Gianni Letta e il campione olimpionico Stefano Baldini. L\u2019intervento di Gianni Lettieri alla Convention Atitech Si \u00e8 tenuta lo scorso 14 dicembre, presso l\u2019Hilton Rome Airport, la Convention promossa da Atitech per dare ufficialmente il benvenuto ai 940 lavoratori provenienti dall\u2019ex ramo manutenzione Alitalia. Nelle ultime settimane, la MRO (Maintenance, Repair<\/p>\n<p><a class=\"continue-reading\" href=\"https:\/\/www.article-marketing.eu\/comunicatistampa\/convention-atitech-gianni-lettieri-a-fiumicino-per-accogliere-gli-ex-dipendenti-alitalia\/\">Continue reading&#8230;<\/a><\/p>\n","protected":false},"author":7190,"featured_media":0,"comment_status":"open","ping_status":"open","sticky":false,"template":"","format":"standard","meta":{"_monsterinsights_skip_tracking":false,"_monsterinsights_sitenote_active":false,"_monsterinsights_sitenote_note":"","_monsterinsights_sitenote_category":0,"footnotes":""},"categories":[386],"tags":[9494],"class_list":["post-25939","post","type-post","status-publish","format-standard","hentry","category-economia-e-lavoro","tag-gianni-lettieri"],"yoast_head":"<!-- This site is optimized with the Yoast SEO plugin v27.3 - https:\/\/yoast.com\/product\/yoast-seo-wordpress\/ -->\n<title>Convention Atitech, Gianni Lettieri a Fiumicino per accogliere gli ex dipendenti Alitalia<\/title>\n<meta name=\"robots\" content=\"index, follow, max-snippet:-1, max-image-preview:large, max-video-preview:-1\" \/>\n<link rel=\"canonical\" href=\"https:\/\/www.article-marketing.eu\/comunicatistampa\/convention-atitech-gianni-lettieri-a-fiumicino-per-accogliere-gli-ex-dipendenti-alitalia\/\" \/>\n<meta property=\"og:locale\" content=\"it_IT\" \/>\n<meta property=\"og:type\" content=\"article\" \/>\n<meta property=\"og:title\" content=\"Convention Atitech, Gianni Lettieri a Fiumicino per accogliere gli ex dipendenti Alitalia\" \/>\n<meta property=\"og:description\" content=\"L\u2019incontro con i tecnici ex Alitalia si \u00e8 tenuto all\u2019Hilton Rome Airport. Sul palco, oltre a Gianni Lettieri, anche Gianni Letta e il campione olimpionico Stefano Baldini. L\u2019intervento di Gianni Lettieri alla Convention Atitech Si \u00e8 tenuta lo scorso 14 dicembre, presso l\u2019Hilton Rome Airport, la Convention promossa da Atitech per dare ufficialmente il benvenuto ai 940 lavoratori provenienti dall\u2019ex ramo manutenzione Alitalia. Nelle ultime settimane, la MRO (Maintenance, RepairContinue reading...\" \/>\n<meta property=\"og:url\" content=\"https:\/\/www.article-marketing.eu\/comunicatistampa\/convention-atitech-gianni-lettieri-a-fiumicino-per-accogliere-gli-ex-dipendenti-alitalia\/\" \/>\n<meta property=\"og:site_name\" content=\"Article Marketing\" \/>\n<meta property=\"article:published_time\" content=\"2023-01-11T14:55:58+00:00\" \/>\n<meta property=\"og:image\" content=\"https:\/\/www.ilriformista.it\/wp-content\/uploads\/2022\/12\/gianni-lettieri-presidente-atitech-900x600.jpeg\" \/>\n<meta name=\"author\" content=\"glofficeprnews\" \/>\n<meta name=\"twitter:card\" content=\"summary_large_image\" \/>\n<meta name=\"twitter:label1\" content=\"Scritto da\" \/>\n\t<meta name=\"twitter:data1\" content=\"glofficeprnews\" \/>\n\t<meta name=\"twitter:label2\" content=\"Tempo di lettura stimato\" \/>\n\t<meta name=\"twitter:data2\" content=\"3 minuti\" \/>\n<script type=\"application\/ld+json\" class=\"yoast-schema-graph\">{\"@context\":\"https:\\\/\\\/schema.org\",\"@graph\":[{\"@type\":\"Article\",\"@id\":\"https:\\\/\\\/www.article-marketing.eu\\\/comunicatistampa\\\/convention-atitech-gianni-lettieri-a-fiumicino-per-accogliere-gli-ex-dipendenti-alitalia\\\/#article\",\"isPartOf\":{\"@id\":\"https:\\\/\\\/www.article-marketing.eu\\\/comunicatistampa\\\/convention-atitech-gianni-lettieri-a-fiumicino-per-accogliere-gli-ex-dipendenti-alitalia\\\/\"},\"author\":{\"name\":\"glofficeprnews\",\"@id\":\"https:\\\/\\\/www.article-marketing.eu\\\/comunicatistampa\\\/#\\\/schema\\\/person\\\/e671b60aab591381d585023cd318a080\"},\"headline\":\"Convention Atitech, Gianni Lettieri a Fiumicino per accogliere gli ex dipendenti Alitalia\",\"datePublished\":\"2023-01-11T14:55:58+00:00\",\"mainEntityOfPage\":{\"@id\":\"https:\\\/\\\/www.article-marketing.eu\\\/comunicatistampa\\\/convention-atitech-gianni-lettieri-a-fiumicino-per-accogliere-gli-ex-dipendenti-alitalia\\\/\"},\"wordCount\":424,\"commentCount\":0,\"image\":{\"@id\":\"https:\\\/\\\/www.article-marketing.eu\\\/comunicatistampa\\\/convention-atitech-gianni-lettieri-a-fiumicino-per-accogliere-gli-ex-dipendenti-alitalia\\\/#primaryimage\"},\"thumbnailUrl\":\"https:\\\/\\\/www.ilriformista.it\\\/wp-content\\\/uploads\\\/2022\\\/12\\\/gianni-lettieri-presidente-atitech-900x600.jpeg\",\"keywords\":[\"Gianni Lettieri\"],\"articleSection\":[\"Economia e lavoro\"],\"inLanguage\":\"it-IT\",\"potentialAction\":[{\"@type\":\"CommentAction\",\"name\":\"Comment\",\"target\":[\"https:\\\/\\\/www.article-marketing.eu\\\/comunicatistampa\\\/convention-atitech-gianni-lettieri-a-fiumicino-per-accogliere-gli-ex-dipendenti-alitalia\\\/#respond\"]}]},{\"@type\":\"WebPage\",\"@id\":\"https:\\\/\\\/www.article-marketing.eu\\\/comunicatistampa\\\/convention-atitech-gianni-lettieri-a-fiumicino-per-accogliere-gli-ex-dipendenti-alitalia\\\/\",\"url\":\"https:\\\/\\\/www.article-marketing.eu\\\/comunicatistampa\\\/convention-atitech-gianni-lettieri-a-fiumicino-per-accogliere-gli-ex-dipendenti-alitalia\\\/\",\"name\":\"Convention Atitech, Gianni Lettieri a Fiumicino per accogliere gli ex dipendenti Alitalia\",\"isPartOf\":{\"@id\":\"https:\\\/\\\/www.article-marketing.eu\\\/comunicatistampa\\\/#website\"},\"primaryImageOfPage\":{\"@id\":\"https:\\\/\\\/www.article-marketing.eu\\\/comunicatistampa\\\/convention-atitech-gianni-lettieri-a-fiumicino-per-accogliere-gli-ex-dipendenti-alitalia\\\/#primaryimage\"},\"image\":{\"@id\":\"https:\\\/\\\/www.article-marketing.eu\\\/comunicatistampa\\\/convention-atitech-gianni-lettieri-a-fiumicino-per-accogliere-gli-ex-dipendenti-alitalia\\\/#primaryimage\"},\"thumbnailUrl\":\"https:\\\/\\\/www.ilriformista.it\\\/wp-content\\\/uploads\\\/2022\\\/12\\\/gianni-lettieri-presidente-atitech-900x600.jpeg\",\"datePublished\":\"2023-01-11T14:55:58+00:00\",\"author\":{\"@id\":\"https:\\\/\\\/www.article-marketing.eu\\\/comunicatistampa\\\/#\\\/schema\\\/person\\\/e671b60aab591381d585023cd318a080\"},\"breadcrumb\":{\"@id\":\"https:\\\/\\\/www.article-marketing.eu\\\/comunicatistampa\\\/convention-atitech-gianni-lettieri-a-fiumicino-per-accogliere-gli-ex-dipendenti-alitalia\\\/#breadcrumb\"},\"inLanguage\":\"it-IT\",\"potentialAction\":[{\"@type\":\"ReadAction\",\"target\":[\"https:\\\/\\\/www.article-marketing.eu\\\/comunicatistampa\\\/convention-atitech-gianni-lettieri-a-fiumicino-per-accogliere-gli-ex-dipendenti-alitalia\\\/\"]}]},{\"@type\":\"ImageObject\",\"inLanguage\":\"it-IT\",\"@id\":\"https:\\\/\\\/www.article-marketing.eu\\\/comunicatistampa\\\/convention-atitech-gianni-lettieri-a-fiumicino-per-accogliere-gli-ex-dipendenti-alitalia\\\/#primaryimage\",\"url\":\"https:\\\/\\\/www.ilriformista.it\\\/wp-content\\\/uploads\\\/2022\\\/12\\\/gianni-lettieri-presidente-atitech-900x600.jpeg\",\"contentUrl\":\"https:\\\/\\\/www.ilriformista.it\\\/wp-content\\\/uploads\\\/2022\\\/12\\\/gianni-lettieri-presidente-atitech-900x600.jpeg\"},{\"@type\":\"BreadcrumbList\",\"@id\":\"https:\\\/\\\/www.article-marketing.eu\\\/comunicatistampa\\\/convention-atitech-gianni-lettieri-a-fiumicino-per-accogliere-gli-ex-dipendenti-alitalia\\\/#breadcrumb\",\"itemListElement\":[{\"@type\":\"ListItem\",\"position\":1,\"name\":\"Home\",\"item\":\"https:\\\/\\\/www.article-marketing.eu\\\/comunicatistampa\\\/\"},{\"@type\":\"ListItem\",\"position\":2,\"name\":\"Convention Atitech, Gianni Lettieri a Fiumicino per accogliere gli ex dipendenti Alitalia\"}]},{\"@type\":\"WebSite\",\"@id\":\"https:\\\/\\\/www.article-marketing.eu\\\/comunicatistampa\\\/#website\",\"url\":\"https:\\\/\\\/www.article-marketing.eu\\\/comunicatistampa\\\/\",\"name\":\"Article Marketing\",\"description\":\"article marketing &amp; press release\",\"potentialAction\":[{\"@type\":\"SearchAction\",\"target\":{\"@type\":\"EntryPoint\",\"urlTemplate\":\"https:\\\/\\\/www.article-marketing.eu\\\/comunicatistampa\\\/?s={search_term_string}\"},\"query-input\":{\"@type\":\"PropertyValueSpecification\",\"valueRequired\":true,\"valueName\":\"search_term_string\"}}],\"inLanguage\":\"it-IT\"},{\"@type\":\"Person\",\"@id\":\"https:\\\/\\\/www.article-marketing.eu\\\/comunicatistampa\\\/#\\\/schema\\\/person\\\/e671b60aab591381d585023cd318a080\",\"name\":\"glofficeprnews\",\"image\":{\"@type\":\"ImageObject\",\"inLanguage\":\"it-IT\",\"@id\":\"https:\\\/\\\/secure.gravatar.com\\\/avatar\\\/8c63f677859ecaebf1cc4c53ba163fd5a5836461425fd7fc8231273fff4dfb68?s=96&d=mm&r=g\",\"url\":\"https:\\\/\\\/secure.gravatar.com\\\/avatar\\\/8c63f677859ecaebf1cc4c53ba163fd5a5836461425fd7fc8231273fff4dfb68?s=96&d=mm&r=g\",\"contentUrl\":\"https:\\\/\\\/secure.gravatar.com\\\/avatar\\\/8c63f677859ecaebf1cc4c53ba163fd5a5836461425fd7fc8231273fff4dfb68?s=96&d=mm&r=g\",\"caption\":\"glofficeprnews\"},\"url\":\"https:\\\/\\\/www.article-marketing.eu\\\/comunicatistampa\\\/author\\\/glofficeprnews\\\/\"}]}<\/script>\n<!-- \/ Yoast SEO plugin. -->","yoast_head_json":{"title":"Convention Atitech, Gianni Lettieri a Fiumicino per accogliere gli ex dipendenti Alitalia","robots":{"index":"index","follow":"follow","max-snippet":"max-snippet:-1","max-image-preview":"max-image-preview:large","max-video-preview":"max-video-preview:-1"},"canonical":"https:\/\/www.article-marketing.eu\/comunicatistampa\/convention-atitech-gianni-lettieri-a-fiumicino-per-accogliere-gli-ex-dipendenti-alitalia\/","og_locale":"it_IT","og_type":"article","og_title":"Convention Atitech, Gianni Lettieri a Fiumicino per accogliere gli ex dipendenti Alitalia","og_description":"L\u2019incontro con i tecnici ex Alitalia si \u00e8 tenuto all\u2019Hilton Rome Airport. Sul palco, oltre a Gianni Lettieri, anche Gianni Letta e il campione olimpionico Stefano Baldini. L\u2019intervento di Gianni Lettieri alla Convention Atitech Si \u00e8 tenuta lo scorso 14 dicembre, presso l\u2019Hilton Rome Airport, la Convention promossa da Atitech per dare ufficialmente il benvenuto ai 940 lavoratori provenienti dall\u2019ex ramo manutenzione Alitalia. Nelle ultime settimane, la MRO (Maintenance, RepairContinue reading...","og_url":"https:\/\/www.article-marketing.eu\/comunicatistampa\/convention-atitech-gianni-lettieri-a-fiumicino-per-accogliere-gli-ex-dipendenti-alitalia\/","og_site_name":"Article Marketing","article_published_time":"2023-01-11T14:55:58+00:00","og_image":[{"url":"https:\/\/www.ilriformista.it\/wp-content\/uploads\/2022\/12\/gianni-lettieri-presidente-atitech-900x600.jpeg","type":"","width":"","height":""}],"author":"glofficeprnews","twitter_card":"summary_large_image","twitter_misc":{"Scritto da":"glofficeprnews","Tempo di lettura stimato":"3 minuti"},"schema":{"@context":"https:\/\/schema.org","@graph":[{"@type":"Article","@id":"https:\/\/www.article-marketing.eu\/comunicatistampa\/convention-atitech-gianni-lettieri-a-fiumicino-per-accogliere-gli-ex-dipendenti-alitalia\/#article","isPartOf":{"@id":"https:\/\/www.article-marketing.eu\/comunicatistampa\/convention-atitech-gianni-lettieri-a-fiumicino-per-accogliere-gli-ex-dipendenti-alitalia\/"},"author":{"name":"glofficeprnews","@id":"https:\/\/www.article-marketing.eu\/comunicatistampa\/#\/schema\/person\/e671b60aab591381d585023cd318a080"},"headline":"Convention Atitech, Gianni Lettieri a Fiumicino per accogliere gli ex dipendenti Alitalia","datePublished":"2023-01-11T14:55:58+00:00","mainEntityOfPage":{"@id":"https:\/\/www.article-marketing.eu\/comunicatistampa\/convention-atitech-gianni-lettieri-a-fiumicino-per-accogliere-gli-ex-dipendenti-alitalia\/"},"wordCount":424,"commentCount":0,"image":{"@id":"https:\/\/www.article-marketing.eu\/comunicatistampa\/convention-atitech-gianni-lettieri-a-fiumicino-per-accogliere-gli-ex-dipendenti-alitalia\/#primaryimage"},"thumbnailUrl":"https:\/\/www.ilriformista.it\/wp-content\/uploads\/2022\/12\/gianni-lettieri-presidente-atitech-900x600.jpeg","keywords":["Gianni Lettieri"],"articleSection":["Economia e lavoro"],"inLanguage":"it-IT","potentialAction":[{"@type":"CommentAction","name":"Comment","target":["https:\/\/www.article-marketing.eu\/comunicatistampa\/convention-atitech-gianni-lettieri-a-fiumicino-per-accogliere-gli-ex-dipendenti-alitalia\/#respond"]}]},{"@type":"WebPage","@id":"https:\/\/www.article-marketing.eu\/comunicatistampa\/convention-atitech-gianni-lettieri-a-fiumicino-per-accogliere-gli-ex-dipendenti-alitalia\/","url":"https:\/\/www.article-marketing.eu\/comunicatistampa\/convention-atitech-gianni-lettieri-a-fiumicino-per-accogliere-gli-ex-dipendenti-alitalia\/","name":"Convention Atitech, Gianni Lettieri a Fiumicino per accogliere gli ex dipendenti Alitalia","isPartOf":{"@id":"https:\/\/www.article-marketing.eu\/comunicatistampa\/#website"},"primaryImageOfPage":{"@id":"https:\/\/www.article-marketing.eu\/comunicatistampa\/convention-atitech-gianni-lettieri-a-fiumicino-per-accogliere-gli-ex-dipendenti-alitalia\/#primaryimage"},"image":{"@id":"https:\/\/www.article-marketing.eu\/comunicatistampa\/convention-atitech-gianni-lettieri-a-fiumicino-per-accogliere-gli-ex-dipendenti-alitalia\/#primaryimage"},"thumbnailUrl":"https:\/\/www.ilriformista.it\/wp-content\/uploads\/2022\/12\/gianni-lettieri-presidente-atitech-900x600.jpeg","datePublished":"2023-01-11T14:55:58+00:00","author":{"@id":"https:\/\/www.article-marketing.eu\/comunicatistampa\/#\/schema\/person\/e671b60aab591381d585023cd318a080"},"breadcrumb":{"@id":"https:\/\/www.article-marketing.eu\/comunicatistampa\/convention-atitech-gianni-lettieri-a-fiumicino-per-accogliere-gli-ex-dipendenti-alitalia\/#breadcrumb"},"inLanguage":"it-IT","potentialAction":[{"@type":"ReadAction","target":["https:\/\/www.article-marketing.eu\/comunicatistampa\/convention-atitech-gianni-lettieri-a-fiumicino-per-accogliere-gli-ex-dipendenti-alitalia\/"]}]},{"@type":"ImageObject","inLanguage":"it-IT","@id":"https:\/\/www.article-marketing.eu\/comunicatistampa\/convention-atitech-gianni-lettieri-a-fiumicino-per-accogliere-gli-ex-dipendenti-alitalia\/#primaryimage","url":"https:\/\/www.ilriformista.it\/wp-content\/uploads\/2022\/12\/gianni-lettieri-presidente-atitech-900x600.jpeg","contentUrl":"https:\/\/www.ilriformista.it\/wp-content\/uploads\/2022\/12\/gianni-lettieri-presidente-atitech-900x600.jpeg"},{"@type":"BreadcrumbList","@id":"https:\/\/www.article-marketing.eu\/comunicatistampa\/convention-atitech-gianni-lettieri-a-fiumicino-per-accogliere-gli-ex-dipendenti-alitalia\/#breadcrumb","itemListElement":[{"@type":"ListItem","position":1,"name":"Home","item":"https:\/\/www.article-marketing.eu\/comunicatistampa\/"},{"@type":"ListItem","position":2,"name":"Convention Atitech, Gianni Lettieri a Fiumicino per accogliere gli ex dipendenti Alitalia"}]},{"@type":"WebSite","@id":"https:\/\/www.article-marketing.eu\/comunicatistampa\/#website","url":"https:\/\/www.article-marketing.eu\/comunicatistampa\/","name":"Article Marketing","description":"article marketing &amp; press release","potentialAction":[{"@type":"SearchAction","target":{"@type":"EntryPoint","urlTemplate":"https:\/\/www.article-marketing.eu\/comunicatistampa\/?s={search_term_string}"},"query-input":{"@type":"PropertyValueSpecification","valueRequired":true,"valueName":"search_term_string"}}],"inLanguage":"it-IT"},{"@type":"Person","@id":"https:\/\/www.article-marketing.eu\/comunicatistampa\/#\/schema\/person\/e671b60aab591381d585023cd318a080","name":"glofficeprnews","image":{"@type":"ImageObject","inLanguage":"it-IT","@id":"https:\/\/secure.gravatar.com\/avatar\/8c63f677859ecaebf1cc4c53ba163fd5a5836461425fd7fc8231273fff4dfb68?s=96&d=mm&r=g","url":"https:\/\/secure.gravatar.com\/avatar\/8c63f677859ecaebf1cc4c53ba163fd5a5836461425fd7fc8231273fff4dfb68?s=96&d=mm&r=g","contentUrl":"https:\/\/secure.gravatar.com\/avatar\/8c63f677859ecaebf1cc4c53ba163fd5a5836461425fd7fc8231273fff4dfb68?s=96&d=mm&r=g","caption":"glofficeprnews"},"url":"https:\/\/www.article-marketing.eu\/comunicatistampa\/author\/glofficeprnews\/"}]}},"_links":{"self":[{"href":"https:\/\/www.article-marketing.eu\/comunicatistampa\/wp-json\/wp\/v2\/posts\/25939","targetHints":{"allow":["GET"]}}],"collection":[{"href":"https:\/\/www.article-marketing.eu\/comunicatistampa\/wp-json\/wp\/v2\/posts"}],"about":[{"href":"https:\/\/www.article-marketing.eu\/comunicatistampa\/wp-json\/wp\/v2\/types\/post"}],"author":[{"embeddable":true,"href":"https:\/\/www.article-marketing.eu\/comunicatistampa\/wp-json\/wp\/v2\/users\/7190"}],"replies":[{"embeddable":true,"href":"https:\/\/www.article-marketing.eu\/comunicatistampa\/wp-json\/wp\/v2\/comments?post=25939"}],"version-history":[{"count":2,"href":"https:\/\/www.article-marketing.eu\/comunicatistampa\/wp-json\/wp\/v2\/posts\/25939\/revisions"}],"predecessor-version":[{"id":26005,"href":"https:\/\/www.article-marketing.eu\/comunicatistampa\/wp-json\/wp\/v2\/posts\/25939\/revisions\/26005"}],"wp:attachment":[{"href":"https:\/\/www.article-marketing.eu\/comunicatistampa\/wp-json\/wp\/v2\/media?parent=25939"}],"wp:term":[{"taxonomy":"category","embeddable":true,"href":"https:\/\/www.article-marketing.eu\/comunicatistampa\/wp-json\/wp\/v2\/categories?post=25939"},{"taxonomy":"post_tag","embeddable":true,"href":"https:\/\/www.article-marketing.eu\/comunicatistampa\/wp-json\/wp\/v2\/tags?post=25939"}],"curies":[{"name":"wp","href":"https:\/\/api.w.org\/{rel}","templated":true}]}}