{"id":25941,"date":"2023-01-12T08:57:53","date_gmt":"2023-01-12T07:57:53","guid":{"rendered":"https:\/\/www.article-marketing.eu\/comunicatistampa\/?p=25941"},"modified":"2023-01-11T15:58:39","modified_gmt":"2023-01-11T14:58:39","slug":"paola-severino-su-il-mattino-lintervista-alla-presidente-della-sna-nella-pa-servono-energie-nuove","status":"publish","type":"post","link":"https:\/\/www.article-marketing.eu\/comunicatistampa\/paola-severino-su-il-mattino-lintervista-alla-presidente-della-sna-nella-pa-servono-energie-nuove\/","title":{"rendered":"Paola Severino, su \u201cIl Mattino\u201d l\u2019intervista alla Presidente della SNA: \u201cNella PA servono energie nuove\u201d"},"content":{"rendered":"<p><em><strong><a title=\"Paola Severino, qualit\u00e0 nel pubblico con giovani preparati\" href=\"https:\/\/www.ilmattino.it\/economia\/news\/paola_severino_presidente_sna_intervista_cosa_ha_detto_oggi_ultime_notizie-6772610.html\">Paola Severino<\/a> ha preso parte ad un incontro promosso a Caserta dalla Scuola Nazionale dell\u2019Amministrazione. Al centro i giovani e il loro ruolo nella ripartenza: i dettagli in un\u2019intervista rilasciata a \u201cIl Mattino\u201d.<\/strong><\/em><\/p>\n<p><a title=\"Paola Severino, presidente della Sna\" href=\"https:\/\/www.ilmattino.it\/economia\/news\/paola_severino_presidente_sna_intervista_cosa_ha_detto_oggi_ultime_notizie-6772610.html\"><img loading=\"lazy\" decoding=\"async\" src=\"https:\/\/upload.wikimedia.org\/wikipedia\/commons\/0\/0c\/Paola_Severino_-_Quirinale.jpg\" alt=\"Paola Severino\" width=\"200\" height=\"271\" \/><\/a><\/p>\n<h2>SNA, Paola Severino: \u201c<em>Nostro impegno \u00e8 sui giovani. Nuovo bando il prossimo novembre<\/em>\u201d<\/h2>\n<p>Formazione, giovani e il loro coinvolgimento nelle politiche di ripartenza post pandemia. Sono i temi affrontati lo scorso 23 giugno durante lo \u201cYouth at the Centre of Government Action\u201d, dibattito promosso dal Centro di Formazione del programma di Governance per il Medio Oriente e Nord Africa di OCSE e SNA. Ad aprire l\u2019incontro tenutosi nella cornice della Reggia di Caserta <a title=\"Paola Severino focus Il Mattino \" href=\"https:\/\/www.ilmattino.it\/economia\/news\/paola_severino_presidente_sna_intervista_cosa_ha_detto_oggi_ultime_notizie-6772610.html\">Paola Severino<\/a>, che guida dallo scorso settembre la Scuola Nazionale dell\u2019Amministrazione in qualit\u00e0 di Presidente. Intervistata a latere dell\u2019evento dal quotidiano \u201cIl Mattino\u201d, la Professoressa ha definito l\u2019incontro \u201c<em>un\u2019occasione per confrontare le esperienze delle scuole di formazione di pi\u00f9 Paesi<\/em>\u201d nell\u2019ambito della Pubblica Amministrazione, nonch\u00e9 un segnale di rilancio sia per la SNA sia per il Centro, che ha il suo headquarter proprio a Caserta. In linea con il programma di snellimento e ringiovanimento avviato dal Ministro per la Pubblica Amministrazione, la SNA intende potenziare l\u2019offerta formativa puntando ancora di pi\u00f9 sui giovani meritevoli, che grazie a stage mirati potranno facilmente trovare collocazione in ruoli dirigenziali. Per questo motivo l\u2019Istituto ha bandito lo scorso novembre un concorso per 350 posti: \u201c<em>Un altro concorso <\/em>\u2013 annuncia <strong>Paola Severino<\/strong> \u2013 <em>lo bandiremo a novembre prossimo, per un numero di posti da stabilire<\/em>\u201d.<\/p>\n<h2>Paola Severino: grazie ai giovani una PA pi\u00f9 innovativa e digitale<\/h2>\n<p>Aumentare il numero dei posti non \u00e8 l\u2019unica azione che la SNA intende mettere in campo per ringiovanire e rendere pi\u00f9 efficiente la PA: \u201c<em>Bisogna creare le condizioni per rendere interessante ai giovani lavorare anche nel settore pubblico dove occorrono energie nuove, ben preparate<\/em> \u2013 aggiunge <strong>Paolo Severino<\/strong> \u2013 <em>viviamo un periodo non semplice. C&#8217;\u00e8 stata la pandemia, poi la guerra in Ucraina: l&#8217;incontro a Caserta ha voluto dare anche un segnale di speranza<\/em>\u201d. Senza il coinvolgimento dei giovani, la Pubblica Amministrazione non sar\u00e0 in grado di affrontare al meglio i cambiamenti in atto e accompagnare il Paese verso la transizione energetica e digitale: \u201c<em>\u00c8 importante investire su giovani preparati che hanno pi\u00f9 flessibilit\u00e0 mentale e maggiore predisposizione al nuovo, sfruttando al massimo le possibilit\u00e0 offerte dal lavoro in remoto e dalle tante innovazioni tecnologiche. All&#8217;incontro \u2013 <\/em>conclude <strong>Paola Severino<\/strong><em> \u2013 hanno partecipato ministre poco pi\u00f9 che ventenni, che dimostrano quanto sia essenziale puntare sul ricambio generazionale con una formazione adeguata\u201d.<\/em><\/p>\n","protected":false},"excerpt":{"rendered":"<p>Paola Severino ha preso parte ad un incontro promosso a Caserta dalla Scuola Nazionale dell\u2019Amministrazione. Al centro i giovani e il loro ruolo nella ripartenza: i dettagli in un\u2019intervista rilasciata a \u201cIl Mattino\u201d. SNA, Paola Severino: \u201cNostro impegno \u00e8 sui giovani. Nuovo bando il prossimo novembre\u201d Formazione, giovani e il loro coinvolgimento nelle politiche di ripartenza post pandemia. Sono i temi affrontati lo scorso 23 giugno durante lo \u201cYouth at<\/p>\n<p><a class=\"continue-reading\" href=\"https:\/\/www.article-marketing.eu\/comunicatistampa\/paola-severino-su-il-mattino-lintervista-alla-presidente-della-sna-nella-pa-servono-energie-nuove\/\">Continue reading&#8230;<\/a><\/p>\n","protected":false},"author":6477,"featured_media":0,"comment_status":"open","ping_status":"open","sticky":false,"template":"","format":"standard","meta":{"_monsterinsights_skip_tracking":false,"_monsterinsights_sitenote_active":false,"_monsterinsights_sitenote_note":"","_monsterinsights_sitenote_category":0,"footnotes":""},"categories":[78],"tags":[10362],"class_list":["post-25941","post","type-post","status-publish","format-standard","hentry","category-comunicati-stampa","tag-paola-severino"],"yoast_head":"<!-- This site is optimized with the Yoast SEO plugin v27.3 - https:\/\/yoast.com\/product\/yoast-seo-wordpress\/ -->\n<title>Paola Severino, su \u201cIl Mattino\u201d l\u2019intervista alla Presidente della SNA: \u201cNella PA servono energie nuove\u201d<\/title>\n<meta name=\"robots\" content=\"index, follow, max-snippet:-1, max-image-preview:large, max-video-preview:-1\" \/>\n<link rel=\"canonical\" href=\"https:\/\/www.article-marketing.eu\/comunicatistampa\/paola-severino-su-il-mattino-lintervista-alla-presidente-della-sna-nella-pa-servono-energie-nuove\/\" \/>\n<meta property=\"og:locale\" content=\"it_IT\" \/>\n<meta property=\"og:type\" content=\"article\" \/>\n<meta property=\"og:title\" content=\"Paola Severino, su \u201cIl Mattino\u201d l\u2019intervista alla Presidente della SNA: \u201cNella PA servono energie nuove\u201d\" \/>\n<meta property=\"og:description\" content=\"Paola Severino ha preso parte ad un incontro promosso a Caserta dalla Scuola Nazionale dell\u2019Amministrazione. Al centro i giovani e il loro ruolo nella ripartenza: i dettagli in un\u2019intervista rilasciata a \u201cIl Mattino\u201d. SNA, Paola Severino: \u201cNostro impegno \u00e8 sui giovani. Nuovo bando il prossimo novembre\u201d Formazione, giovani e il loro coinvolgimento nelle politiche di ripartenza post pandemia. Sono i temi affrontati lo scorso 23 giugno durante lo \u201cYouth atContinue reading...\" \/>\n<meta property=\"og:url\" content=\"https:\/\/www.article-marketing.eu\/comunicatistampa\/paola-severino-su-il-mattino-lintervista-alla-presidente-della-sna-nella-pa-servono-energie-nuove\/\" \/>\n<meta property=\"og:site_name\" content=\"Article Marketing\" \/>\n<meta property=\"article:published_time\" content=\"2023-01-12T07:57:53+00:00\" \/>\n<meta property=\"og:image\" content=\"https:\/\/upload.wikimedia.org\/wikipedia\/commons\/0\/0c\/Paola_Severino_-_Quirinale.jpg\" \/>\n<meta name=\"author\" content=\"articolinews\" \/>\n<meta name=\"twitter:card\" content=\"summary_large_image\" \/>\n<meta name=\"twitter:label1\" content=\"Scritto da\" \/>\n\t<meta name=\"twitter:data1\" content=\"articolinews\" \/>\n\t<meta name=\"twitter:label2\" content=\"Tempo di lettura stimato\" \/>\n\t<meta name=\"twitter:data2\" content=\"3 minuti\" \/>\n<script type=\"application\/ld+json\" class=\"yoast-schema-graph\">{\"@context\":\"https:\\\/\\\/schema.org\",\"@graph\":[{\"@type\":\"Article\",\"@id\":\"https:\\\/\\\/www.article-marketing.eu\\\/comunicatistampa\\\/paola-severino-su-il-mattino-lintervista-alla-presidente-della-sna-nella-pa-servono-energie-nuove\\\/#article\",\"isPartOf\":{\"@id\":\"https:\\\/\\\/www.article-marketing.eu\\\/comunicatistampa\\\/paola-severino-su-il-mattino-lintervista-alla-presidente-della-sna-nella-pa-servono-energie-nuove\\\/\"},\"author\":{\"name\":\"articolinews\",\"@id\":\"https:\\\/\\\/www.article-marketing.eu\\\/comunicatistampa\\\/#\\\/schema\\\/person\\\/2fcaf8f8f3a9eef9eb7f27532d3ca458\"},\"headline\":\"Paola Severino, su \u201cIl Mattino\u201d l\u2019intervista alla Presidente della SNA: \u201cNella PA servono energie nuove\u201d\",\"datePublished\":\"2023-01-12T07:57:53+00:00\",\"mainEntityOfPage\":{\"@id\":\"https:\\\/\\\/www.article-marketing.eu\\\/comunicatistampa\\\/paola-severino-su-il-mattino-lintervista-alla-presidente-della-sna-nella-pa-servono-energie-nuove\\\/\"},\"wordCount\":434,\"commentCount\":0,\"image\":{\"@id\":\"https:\\\/\\\/www.article-marketing.eu\\\/comunicatistampa\\\/paola-severino-su-il-mattino-lintervista-alla-presidente-della-sna-nella-pa-servono-energie-nuove\\\/#primaryimage\"},\"thumbnailUrl\":\"https:\\\/\\\/upload.wikimedia.org\\\/wikipedia\\\/commons\\\/0\\\/0c\\\/Paola_Severino_-_Quirinale.jpg\",\"keywords\":[\"Paola Severino\"],\"articleSection\":[\"Comunicati stampa\"],\"inLanguage\":\"it-IT\",\"potentialAction\":[{\"@type\":\"CommentAction\",\"name\":\"Comment\",\"target\":[\"https:\\\/\\\/www.article-marketing.eu\\\/comunicatistampa\\\/paola-severino-su-il-mattino-lintervista-alla-presidente-della-sna-nella-pa-servono-energie-nuove\\\/#respond\"]}]},{\"@type\":\"WebPage\",\"@id\":\"https:\\\/\\\/www.article-marketing.eu\\\/comunicatistampa\\\/paola-severino-su-il-mattino-lintervista-alla-presidente-della-sna-nella-pa-servono-energie-nuove\\\/\",\"url\":\"https:\\\/\\\/www.article-marketing.eu\\\/comunicatistampa\\\/paola-severino-su-il-mattino-lintervista-alla-presidente-della-sna-nella-pa-servono-energie-nuove\\\/\",\"name\":\"Paola Severino, su \u201cIl Mattino\u201d l\u2019intervista alla Presidente della SNA: \u201cNella PA servono energie nuove\u201d\",\"isPartOf\":{\"@id\":\"https:\\\/\\\/www.article-marketing.eu\\\/comunicatistampa\\\/#website\"},\"primaryImageOfPage\":{\"@id\":\"https:\\\/\\\/www.article-marketing.eu\\\/comunicatistampa\\\/paola-severino-su-il-mattino-lintervista-alla-presidente-della-sna-nella-pa-servono-energie-nuove\\\/#primaryimage\"},\"image\":{\"@id\":\"https:\\\/\\\/www.article-marketing.eu\\\/comunicatistampa\\\/paola-severino-su-il-mattino-lintervista-alla-presidente-della-sna-nella-pa-servono-energie-nuove\\\/#primaryimage\"},\"thumbnailUrl\":\"https:\\\/\\\/upload.wikimedia.org\\\/wikipedia\\\/commons\\\/0\\\/0c\\\/Paola_Severino_-_Quirinale.jpg\",\"datePublished\":\"2023-01-12T07:57:53+00:00\",\"author\":{\"@id\":\"https:\\\/\\\/www.article-marketing.eu\\\/comunicatistampa\\\/#\\\/schema\\\/person\\\/2fcaf8f8f3a9eef9eb7f27532d3ca458\"},\"breadcrumb\":{\"@id\":\"https:\\\/\\\/www.article-marketing.eu\\\/comunicatistampa\\\/paola-severino-su-il-mattino-lintervista-alla-presidente-della-sna-nella-pa-servono-energie-nuove\\\/#breadcrumb\"},\"inLanguage\":\"it-IT\",\"potentialAction\":[{\"@type\":\"ReadAction\",\"target\":[\"https:\\\/\\\/www.article-marketing.eu\\\/comunicatistampa\\\/paola-severino-su-il-mattino-lintervista-alla-presidente-della-sna-nella-pa-servono-energie-nuove\\\/\"]}]},{\"@type\":\"ImageObject\",\"inLanguage\":\"it-IT\",\"@id\":\"https:\\\/\\\/www.article-marketing.eu\\\/comunicatistampa\\\/paola-severino-su-il-mattino-lintervista-alla-presidente-della-sna-nella-pa-servono-energie-nuove\\\/#primaryimage\",\"url\":\"https:\\\/\\\/upload.wikimedia.org\\\/wikipedia\\\/commons\\\/0\\\/0c\\\/Paola_Severino_-_Quirinale.jpg\",\"contentUrl\":\"https:\\\/\\\/upload.wikimedia.org\\\/wikipedia\\\/commons\\\/0\\\/0c\\\/Paola_Severino_-_Quirinale.jpg\"},{\"@type\":\"BreadcrumbList\",\"@id\":\"https:\\\/\\\/www.article-marketing.eu\\\/comunicatistampa\\\/paola-severino-su-il-mattino-lintervista-alla-presidente-della-sna-nella-pa-servono-energie-nuove\\\/#breadcrumb\",\"itemListElement\":[{\"@type\":\"ListItem\",\"position\":1,\"name\":\"Home\",\"item\":\"https:\\\/\\\/www.article-marketing.eu\\\/comunicatistampa\\\/\"},{\"@type\":\"ListItem\",\"position\":2,\"name\":\"Paola Severino, su \u201cIl Mattino\u201d l\u2019intervista alla Presidente della SNA: \u201cNella PA servono energie nuove\u201d\"}]},{\"@type\":\"WebSite\",\"@id\":\"https:\\\/\\\/www.article-marketing.eu\\\/comunicatistampa\\\/#website\",\"url\":\"https:\\\/\\\/www.article-marketing.eu\\\/comunicatistampa\\\/\",\"name\":\"Article Marketing\",\"description\":\"article marketing &amp; press release\",\"potentialAction\":[{\"@type\":\"SearchAction\",\"target\":{\"@type\":\"EntryPoint\",\"urlTemplate\":\"https:\\\/\\\/www.article-marketing.eu\\\/comunicatistampa\\\/?s={search_term_string}\"},\"query-input\":{\"@type\":\"PropertyValueSpecification\",\"valueRequired\":true,\"valueName\":\"search_term_string\"}}],\"inLanguage\":\"it-IT\"},{\"@type\":\"Person\",\"@id\":\"https:\\\/\\\/www.article-marketing.eu\\\/comunicatistampa\\\/#\\\/schema\\\/person\\\/2fcaf8f8f3a9eef9eb7f27532d3ca458\",\"name\":\"articolinews\",\"image\":{\"@type\":\"ImageObject\",\"inLanguage\":\"it-IT\",\"@id\":\"https:\\\/\\\/secure.gravatar.com\\\/avatar\\\/9e2a264bab04e17dea24d937c9956304649a848cb73c46747a692ff1bdeb1cb7?s=96&d=mm&r=g\",\"url\":\"https:\\\/\\\/secure.gravatar.com\\\/avatar\\\/9e2a264bab04e17dea24d937c9956304649a848cb73c46747a692ff1bdeb1cb7?s=96&d=mm&r=g\",\"contentUrl\":\"https:\\\/\\\/secure.gravatar.com\\\/avatar\\\/9e2a264bab04e17dea24d937c9956304649a848cb73c46747a692ff1bdeb1cb7?s=96&d=mm&r=g\",\"caption\":\"articolinews\"},\"url\":\"https:\\\/\\\/www.article-marketing.eu\\\/comunicatistampa\\\/author\\\/articolinews\\\/\"}]}<\/script>\n<!-- \/ Yoast SEO plugin. -->","yoast_head_json":{"title":"Paola Severino, su \u201cIl Mattino\u201d l\u2019intervista alla Presidente della SNA: \u201cNella PA servono energie nuove\u201d","robots":{"index":"index","follow":"follow","max-snippet":"max-snippet:-1","max-image-preview":"max-image-preview:large","max-video-preview":"max-video-preview:-1"},"canonical":"https:\/\/www.article-marketing.eu\/comunicatistampa\/paola-severino-su-il-mattino-lintervista-alla-presidente-della-sna-nella-pa-servono-energie-nuove\/","og_locale":"it_IT","og_type":"article","og_title":"Paola Severino, su \u201cIl Mattino\u201d l\u2019intervista alla Presidente della SNA: \u201cNella PA servono energie nuove\u201d","og_description":"Paola Severino ha preso parte ad un incontro promosso a Caserta dalla Scuola Nazionale dell\u2019Amministrazione. Al centro i giovani e il loro ruolo nella ripartenza: i dettagli in un\u2019intervista rilasciata a \u201cIl Mattino\u201d. SNA, Paola Severino: \u201cNostro impegno \u00e8 sui giovani. Nuovo bando il prossimo novembre\u201d Formazione, giovani e il loro coinvolgimento nelle politiche di ripartenza post pandemia. Sono i temi affrontati lo scorso 23 giugno durante lo \u201cYouth atContinue reading...","og_url":"https:\/\/www.article-marketing.eu\/comunicatistampa\/paola-severino-su-il-mattino-lintervista-alla-presidente-della-sna-nella-pa-servono-energie-nuove\/","og_site_name":"Article Marketing","article_published_time":"2023-01-12T07:57:53+00:00","og_image":[{"url":"https:\/\/upload.wikimedia.org\/wikipedia\/commons\/0\/0c\/Paola_Severino_-_Quirinale.jpg","type":"","width":"","height":""}],"author":"articolinews","twitter_card":"summary_large_image","twitter_misc":{"Scritto da":"articolinews","Tempo di lettura stimato":"3 minuti"},"schema":{"@context":"https:\/\/schema.org","@graph":[{"@type":"Article","@id":"https:\/\/www.article-marketing.eu\/comunicatistampa\/paola-severino-su-il-mattino-lintervista-alla-presidente-della-sna-nella-pa-servono-energie-nuove\/#article","isPartOf":{"@id":"https:\/\/www.article-marketing.eu\/comunicatistampa\/paola-severino-su-il-mattino-lintervista-alla-presidente-della-sna-nella-pa-servono-energie-nuove\/"},"author":{"name":"articolinews","@id":"https:\/\/www.article-marketing.eu\/comunicatistampa\/#\/schema\/person\/2fcaf8f8f3a9eef9eb7f27532d3ca458"},"headline":"Paola Severino, su \u201cIl Mattino\u201d l\u2019intervista alla Presidente della SNA: \u201cNella PA servono energie nuove\u201d","datePublished":"2023-01-12T07:57:53+00:00","mainEntityOfPage":{"@id":"https:\/\/www.article-marketing.eu\/comunicatistampa\/paola-severino-su-il-mattino-lintervista-alla-presidente-della-sna-nella-pa-servono-energie-nuove\/"},"wordCount":434,"commentCount":0,"image":{"@id":"https:\/\/www.article-marketing.eu\/comunicatistampa\/paola-severino-su-il-mattino-lintervista-alla-presidente-della-sna-nella-pa-servono-energie-nuove\/#primaryimage"},"thumbnailUrl":"https:\/\/upload.wikimedia.org\/wikipedia\/commons\/0\/0c\/Paola_Severino_-_Quirinale.jpg","keywords":["Paola Severino"],"articleSection":["Comunicati stampa"],"inLanguage":"it-IT","potentialAction":[{"@type":"CommentAction","name":"Comment","target":["https:\/\/www.article-marketing.eu\/comunicatistampa\/paola-severino-su-il-mattino-lintervista-alla-presidente-della-sna-nella-pa-servono-energie-nuove\/#respond"]}]},{"@type":"WebPage","@id":"https:\/\/www.article-marketing.eu\/comunicatistampa\/paola-severino-su-il-mattino-lintervista-alla-presidente-della-sna-nella-pa-servono-energie-nuove\/","url":"https:\/\/www.article-marketing.eu\/comunicatistampa\/paola-severino-su-il-mattino-lintervista-alla-presidente-della-sna-nella-pa-servono-energie-nuove\/","name":"Paola Severino, su \u201cIl Mattino\u201d l\u2019intervista alla Presidente della SNA: \u201cNella PA servono energie nuove\u201d","isPartOf":{"@id":"https:\/\/www.article-marketing.eu\/comunicatistampa\/#website"},"primaryImageOfPage":{"@id":"https:\/\/www.article-marketing.eu\/comunicatistampa\/paola-severino-su-il-mattino-lintervista-alla-presidente-della-sna-nella-pa-servono-energie-nuove\/#primaryimage"},"image":{"@id":"https:\/\/www.article-marketing.eu\/comunicatistampa\/paola-severino-su-il-mattino-lintervista-alla-presidente-della-sna-nella-pa-servono-energie-nuove\/#primaryimage"},"thumbnailUrl":"https:\/\/upload.wikimedia.org\/wikipedia\/commons\/0\/0c\/Paola_Severino_-_Quirinale.jpg","datePublished":"2023-01-12T07:57:53+00:00","author":{"@id":"https:\/\/www.article-marketing.eu\/comunicatistampa\/#\/schema\/person\/2fcaf8f8f3a9eef9eb7f27532d3ca458"},"breadcrumb":{"@id":"https:\/\/www.article-marketing.eu\/comunicatistampa\/paola-severino-su-il-mattino-lintervista-alla-presidente-della-sna-nella-pa-servono-energie-nuove\/#breadcrumb"},"inLanguage":"it-IT","potentialAction":[{"@type":"ReadAction","target":["https:\/\/www.article-marketing.eu\/comunicatistampa\/paola-severino-su-il-mattino-lintervista-alla-presidente-della-sna-nella-pa-servono-energie-nuove\/"]}]},{"@type":"ImageObject","inLanguage":"it-IT","@id":"https:\/\/www.article-marketing.eu\/comunicatistampa\/paola-severino-su-il-mattino-lintervista-alla-presidente-della-sna-nella-pa-servono-energie-nuove\/#primaryimage","url":"https:\/\/upload.wikimedia.org\/wikipedia\/commons\/0\/0c\/Paola_Severino_-_Quirinale.jpg","contentUrl":"https:\/\/upload.wikimedia.org\/wikipedia\/commons\/0\/0c\/Paola_Severino_-_Quirinale.jpg"},{"@type":"BreadcrumbList","@id":"https:\/\/www.article-marketing.eu\/comunicatistampa\/paola-severino-su-il-mattino-lintervista-alla-presidente-della-sna-nella-pa-servono-energie-nuove\/#breadcrumb","itemListElement":[{"@type":"ListItem","position":1,"name":"Home","item":"https:\/\/www.article-marketing.eu\/comunicatistampa\/"},{"@type":"ListItem","position":2,"name":"Paola Severino, su \u201cIl Mattino\u201d l\u2019intervista alla Presidente della SNA: \u201cNella PA servono energie nuove\u201d"}]},{"@type":"WebSite","@id":"https:\/\/www.article-marketing.eu\/comunicatistampa\/#website","url":"https:\/\/www.article-marketing.eu\/comunicatistampa\/","name":"Article Marketing","description":"article marketing &amp; press release","potentialAction":[{"@type":"SearchAction","target":{"@type":"EntryPoint","urlTemplate":"https:\/\/www.article-marketing.eu\/comunicatistampa\/?s={search_term_string}"},"query-input":{"@type":"PropertyValueSpecification","valueRequired":true,"valueName":"search_term_string"}}],"inLanguage":"it-IT"},{"@type":"Person","@id":"https:\/\/www.article-marketing.eu\/comunicatistampa\/#\/schema\/person\/2fcaf8f8f3a9eef9eb7f27532d3ca458","name":"articolinews","image":{"@type":"ImageObject","inLanguage":"it-IT","@id":"https:\/\/secure.gravatar.com\/avatar\/9e2a264bab04e17dea24d937c9956304649a848cb73c46747a692ff1bdeb1cb7?s=96&d=mm&r=g","url":"https:\/\/secure.gravatar.com\/avatar\/9e2a264bab04e17dea24d937c9956304649a848cb73c46747a692ff1bdeb1cb7?s=96&d=mm&r=g","contentUrl":"https:\/\/secure.gravatar.com\/avatar\/9e2a264bab04e17dea24d937c9956304649a848cb73c46747a692ff1bdeb1cb7?s=96&d=mm&r=g","caption":"articolinews"},"url":"https:\/\/www.article-marketing.eu\/comunicatistampa\/author\/articolinews\/"}]}},"_links":{"self":[{"href":"https:\/\/www.article-marketing.eu\/comunicatistampa\/wp-json\/wp\/v2\/posts\/25941","targetHints":{"allow":["GET"]}}],"collection":[{"href":"https:\/\/www.article-marketing.eu\/comunicatistampa\/wp-json\/wp\/v2\/posts"}],"about":[{"href":"https:\/\/www.article-marketing.eu\/comunicatistampa\/wp-json\/wp\/v2\/types\/post"}],"author":[{"embeddable":true,"href":"https:\/\/www.article-marketing.eu\/comunicatistampa\/wp-json\/wp\/v2\/users\/6477"}],"replies":[{"embeddable":true,"href":"https:\/\/www.article-marketing.eu\/comunicatistampa\/wp-json\/wp\/v2\/comments?post=25941"}],"version-history":[{"count":3,"href":"https:\/\/www.article-marketing.eu\/comunicatistampa\/wp-json\/wp\/v2\/posts\/25941\/revisions"}],"predecessor-version":[{"id":26013,"href":"https:\/\/www.article-marketing.eu\/comunicatistampa\/wp-json\/wp\/v2\/posts\/25941\/revisions\/26013"}],"wp:attachment":[{"href":"https:\/\/www.article-marketing.eu\/comunicatistampa\/wp-json\/wp\/v2\/media?parent=25941"}],"wp:term":[{"taxonomy":"category","embeddable":true,"href":"https:\/\/www.article-marketing.eu\/comunicatistampa\/wp-json\/wp\/v2\/categories?post=25941"},{"taxonomy":"post_tag","embeddable":true,"href":"https:\/\/www.article-marketing.eu\/comunicatistampa\/wp-json\/wp\/v2\/tags?post=25941"}],"curies":[{"name":"wp","href":"https:\/\/api.w.org\/{rel}","templated":true}]}}