{"id":25952,"date":"2023-01-13T08:32:06","date_gmt":"2023-01-13T07:32:06","guid":{"rendered":"https:\/\/www.article-marketing.eu\/comunicatistampa\/?p=25952"},"modified":"2023-01-11T16:05:58","modified_gmt":"2023-01-11T15:05:58","slug":"gruppo-fs-formazione-e-assunzioni-nel-piano-industriale-2022-2031","status":"publish","type":"post","link":"https:\/\/www.article-marketing.eu\/comunicatistampa\/gruppo-fs-formazione-e-assunzioni-nel-piano-industriale-2022-2031\/","title":{"rendered":"Gruppo FS: formazione e assunzioni nel Piano Industriale 2022-2031"},"content":{"rendered":"<p><em><strong>La partecipazione del <a title=\"Gruppo FS l'AD Luigi Ferraris parla di Sinergie \" href=\"https:\/\/www.ilsole24ore.com\/art\/gruppo-fs-nell-arco-piano-industriale-investimenti-e-40mila-assunzioni-AErz6O8B\">Gruppo FS<\/a> al \u201cCEO Meeting\u201d del Consorzio ELIS: per l\u2019AD Luigi Ferraris le professionalit\u00e0 tecniche sono ambiti \u201cche vanno valorizzati e raccontati bene\u201d.<\/strong><\/em><\/p>\n<h2>Gruppo FS: trasporti e infrastrutture, servono circa 350.000 figure specializzate<\/h2>\n<p>Nuove prospettive per il futuro del mondo del lavoro, ponendo in risalto l\u2019importanza dei mestieri di tipo tecnico: al centro del \u201cCEO Meeting\u201d, organizzato lo scorso 13 ottobre dal Consorzio ELIS, la necessit\u00e0 di connettere il mondo dell\u2019impresa con quello dell\u2019universit\u00e0 e delle scuole. L\u2019obiettivo \u00e8 dare forma a progetti che sviluppino le competenze centrali per il futuro del Paese, come rimarcato dal <a title=\"Gruppo FS, AD Luigi Ferraris parla al CEO Meeting\" href=\"https:\/\/www.ilsole24ore.com\/art\/gruppo-fs-nell-arco-piano-industriale-investimenti-e-40mila-assunzioni-AErz6O8B\"><strong>Gruppo FS<\/strong><\/a> presente all\u2019evento con l\u2019Amministratore Delegato <strong>Luigi Ferraris<\/strong>: <em>\u201cDobbiamo far capire ai nostri ragazzi che le professionalit\u00e0 tecniche non sono soluzioni di Serie B. Sono mestieri che vanno valorizzati e raccontati bene\u201d<\/em>. Dal \u201cCEO Meeting\u201d \u00e8 emerso come nel settore dei trasporti e delle infrastrutture vi sia necessit\u00e0 di circa 350.000 addetti tra tecnici, esperti di informatica, carpentieri ed esperti di energie rinnovabili. Numeri che invitano a riflettere sul tema fin da ora e su cui \u00e8 importante sensibilizzare i giovani per intraprendere carriere di tipo tecnico, come osservato dall\u2019AD del <strong>Gruppo FS<\/strong>.<\/p>\n<h2><strong>Gruppo FS<\/strong><strong>: nel Piano<\/strong> Industriale<strong> 2022-2031 investimenti e assunzioni<\/strong><\/h2>\n<p>Al \u201cCEO Meeting\u201d, occasione per presentare anche il progetto \u201cDistretto Italia\u201d, si \u00e8 poi discusso di come colmare la mancanza di figure specifiche. Secondo l\u2019AD <strong>Luigi Ferraris<\/strong>, per figure professionali in linea con le necessit\u00e0 del Paese \u00e8 fondamentale impegnarsi nella valorizzazione dei mestieri tecnici, collegando il mondo dell\u2019impresa con quello della formazione. Per il <strong>Gruppo FS<\/strong> questo passa anche attraverso una visione di lungo periodo incentrata su investimenti e occupazione: non a caso, \u00e8 orientato a dieci anni il Piano Industriale 2022-2031, con circa 40.000 assunzioni previste nell\u2019arco di Piano. <em>\u201cOggi non dobbiamo guardare ai nostri Piani industriali solo sotto l\u2019aspetto finanziario, ma dobbiamo sfruttare questo tempo per capitalizzare le competenze\u201d<\/em>, cos\u00ec l\u2019AD del <strong>Gruppo FS<\/strong>, che ha aggiunto: <em>\u201cAbbiamo l\u2019opportunit\u00e0, l\u2019orgoglio e la responsabilit\u00e0 di poter definire e identificare quali sono le professionalit\u00e0 di cui abbiamo bisogno e con gli investimenti abbiamo previsto di rafforzare le filiere, affinch\u00e9 siano realmente di collegamento tra le aziende e gli istituti tecnici\u201d<\/em>.<\/p>\n","protected":false},"excerpt":{"rendered":"<p>La partecipazione del Gruppo FS al \u201cCEO Meeting\u201d del Consorzio ELIS: per l\u2019AD Luigi Ferraris le professionalit\u00e0 tecniche sono ambiti \u201cche vanno valorizzati e raccontati bene\u201d. Gruppo FS: trasporti e infrastrutture, servono circa 350.000 figure specializzate Nuove prospettive per il futuro del mondo del lavoro, ponendo in risalto l\u2019importanza dei mestieri di tipo tecnico: al centro del \u201cCEO Meeting\u201d, organizzato lo scorso 13 ottobre dal Consorzio ELIS, la necessit\u00e0 di<\/p>\n<p><a class=\"continue-reading\" href=\"https:\/\/www.article-marketing.eu\/comunicatistampa\/gruppo-fs-formazione-e-assunzioni-nel-piano-industriale-2022-2031\/\">Continue reading&#8230;<\/a><\/p>\n","protected":false},"author":6477,"featured_media":0,"comment_status":"open","ping_status":"open","sticky":false,"template":"","format":"standard","meta":{"_monsterinsights_skip_tracking":false,"_monsterinsights_sitenote_active":false,"_monsterinsights_sitenote_note":"","_monsterinsights_sitenote_category":0,"footnotes":""},"categories":[386],"tags":[10013,9540],"class_list":["post-25952","post","type-post","status-publish","format-standard","hentry","category-economia-e-lavoro","tag-gruppo-fs","tag-luigi-ferraris"],"yoast_head":"<!-- This site is optimized with the Yoast SEO plugin v27.3 - https:\/\/yoast.com\/product\/yoast-seo-wordpress\/ -->\n<title>Gruppo FS: formazione e assunzioni nel Piano Industriale 2022-2031<\/title>\n<meta name=\"robots\" content=\"index, follow, max-snippet:-1, max-image-preview:large, max-video-preview:-1\" \/>\n<link rel=\"canonical\" href=\"https:\/\/www.article-marketing.eu\/comunicatistampa\/gruppo-fs-formazione-e-assunzioni-nel-piano-industriale-2022-2031\/\" \/>\n<meta property=\"og:locale\" content=\"it_IT\" \/>\n<meta property=\"og:type\" content=\"article\" \/>\n<meta property=\"og:title\" content=\"Gruppo FS: formazione e assunzioni nel Piano Industriale 2022-2031\" \/>\n<meta property=\"og:description\" content=\"La partecipazione del Gruppo FS al \u201cCEO Meeting\u201d del Consorzio ELIS: per l\u2019AD Luigi Ferraris le professionalit\u00e0 tecniche sono ambiti \u201cche vanno valorizzati e raccontati bene\u201d. Gruppo FS: trasporti e infrastrutture, servono circa 350.000 figure specializzate Nuove prospettive per il futuro del mondo del lavoro, ponendo in risalto l\u2019importanza dei mestieri di tipo tecnico: al centro del \u201cCEO Meeting\u201d, organizzato lo scorso 13 ottobre dal Consorzio ELIS, la necessit\u00e0 diContinue reading...\" \/>\n<meta property=\"og:url\" content=\"https:\/\/www.article-marketing.eu\/comunicatistampa\/gruppo-fs-formazione-e-assunzioni-nel-piano-industriale-2022-2031\/\" \/>\n<meta property=\"og:site_name\" content=\"Article Marketing\" \/>\n<meta property=\"article:published_time\" content=\"2023-01-13T07:32:06+00:00\" \/>\n<meta name=\"author\" content=\"articolinews\" \/>\n<meta name=\"twitter:card\" content=\"summary_large_image\" \/>\n<meta name=\"twitter:label1\" content=\"Scritto da\" \/>\n\t<meta name=\"twitter:data1\" content=\"articolinews\" \/>\n\t<meta name=\"twitter:label2\" content=\"Tempo di lettura stimato\" \/>\n\t<meta name=\"twitter:data2\" content=\"2 minuti\" \/>\n<script type=\"application\/ld+json\" class=\"yoast-schema-graph\">{\"@context\":\"https:\\\/\\\/schema.org\",\"@graph\":[{\"@type\":\"Article\",\"@id\":\"https:\\\/\\\/www.article-marketing.eu\\\/comunicatistampa\\\/gruppo-fs-formazione-e-assunzioni-nel-piano-industriale-2022-2031\\\/#article\",\"isPartOf\":{\"@id\":\"https:\\\/\\\/www.article-marketing.eu\\\/comunicatistampa\\\/gruppo-fs-formazione-e-assunzioni-nel-piano-industriale-2022-2031\\\/\"},\"author\":{\"name\":\"articolinews\",\"@id\":\"https:\\\/\\\/www.article-marketing.eu\\\/comunicatistampa\\\/#\\\/schema\\\/person\\\/2fcaf8f8f3a9eef9eb7f27532d3ca458\"},\"headline\":\"Gruppo FS: formazione e assunzioni nel Piano Industriale 2022-2031\",\"datePublished\":\"2023-01-13T07:32:06+00:00\",\"mainEntityOfPage\":{\"@id\":\"https:\\\/\\\/www.article-marketing.eu\\\/comunicatistampa\\\/gruppo-fs-formazione-e-assunzioni-nel-piano-industriale-2022-2031\\\/\"},\"wordCount\":377,\"commentCount\":0,\"keywords\":[\"Gruppo FS\",\"Luigi Ferraris\"],\"articleSection\":[\"Economia e lavoro\"],\"inLanguage\":\"it-IT\",\"potentialAction\":[{\"@type\":\"CommentAction\",\"name\":\"Comment\",\"target\":[\"https:\\\/\\\/www.article-marketing.eu\\\/comunicatistampa\\\/gruppo-fs-formazione-e-assunzioni-nel-piano-industriale-2022-2031\\\/#respond\"]}]},{\"@type\":\"WebPage\",\"@id\":\"https:\\\/\\\/www.article-marketing.eu\\\/comunicatistampa\\\/gruppo-fs-formazione-e-assunzioni-nel-piano-industriale-2022-2031\\\/\",\"url\":\"https:\\\/\\\/www.article-marketing.eu\\\/comunicatistampa\\\/gruppo-fs-formazione-e-assunzioni-nel-piano-industriale-2022-2031\\\/\",\"name\":\"Gruppo FS: formazione e assunzioni nel Piano Industriale 2022-2031\",\"isPartOf\":{\"@id\":\"https:\\\/\\\/www.article-marketing.eu\\\/comunicatistampa\\\/#website\"},\"datePublished\":\"2023-01-13T07:32:06+00:00\",\"author\":{\"@id\":\"https:\\\/\\\/www.article-marketing.eu\\\/comunicatistampa\\\/#\\\/schema\\\/person\\\/2fcaf8f8f3a9eef9eb7f27532d3ca458\"},\"breadcrumb\":{\"@id\":\"https:\\\/\\\/www.article-marketing.eu\\\/comunicatistampa\\\/gruppo-fs-formazione-e-assunzioni-nel-piano-industriale-2022-2031\\\/#breadcrumb\"},\"inLanguage\":\"it-IT\",\"potentialAction\":[{\"@type\":\"ReadAction\",\"target\":[\"https:\\\/\\\/www.article-marketing.eu\\\/comunicatistampa\\\/gruppo-fs-formazione-e-assunzioni-nel-piano-industriale-2022-2031\\\/\"]}]},{\"@type\":\"BreadcrumbList\",\"@id\":\"https:\\\/\\\/www.article-marketing.eu\\\/comunicatistampa\\\/gruppo-fs-formazione-e-assunzioni-nel-piano-industriale-2022-2031\\\/#breadcrumb\",\"itemListElement\":[{\"@type\":\"ListItem\",\"position\":1,\"name\":\"Home\",\"item\":\"https:\\\/\\\/www.article-marketing.eu\\\/comunicatistampa\\\/\"},{\"@type\":\"ListItem\",\"position\":2,\"name\":\"Gruppo FS: formazione e assunzioni nel Piano Industriale 2022-2031\"}]},{\"@type\":\"WebSite\",\"@id\":\"https:\\\/\\\/www.article-marketing.eu\\\/comunicatistampa\\\/#website\",\"url\":\"https:\\\/\\\/www.article-marketing.eu\\\/comunicatistampa\\\/\",\"name\":\"Article Marketing\",\"description\":\"article marketing &amp; press release\",\"potentialAction\":[{\"@type\":\"SearchAction\",\"target\":{\"@type\":\"EntryPoint\",\"urlTemplate\":\"https:\\\/\\\/www.article-marketing.eu\\\/comunicatistampa\\\/?s={search_term_string}\"},\"query-input\":{\"@type\":\"PropertyValueSpecification\",\"valueRequired\":true,\"valueName\":\"search_term_string\"}}],\"inLanguage\":\"it-IT\"},{\"@type\":\"Person\",\"@id\":\"https:\\\/\\\/www.article-marketing.eu\\\/comunicatistampa\\\/#\\\/schema\\\/person\\\/2fcaf8f8f3a9eef9eb7f27532d3ca458\",\"name\":\"articolinews\",\"image\":{\"@type\":\"ImageObject\",\"inLanguage\":\"it-IT\",\"@id\":\"https:\\\/\\\/secure.gravatar.com\\\/avatar\\\/9e2a264bab04e17dea24d937c9956304649a848cb73c46747a692ff1bdeb1cb7?s=96&d=mm&r=g\",\"url\":\"https:\\\/\\\/secure.gravatar.com\\\/avatar\\\/9e2a264bab04e17dea24d937c9956304649a848cb73c46747a692ff1bdeb1cb7?s=96&d=mm&r=g\",\"contentUrl\":\"https:\\\/\\\/secure.gravatar.com\\\/avatar\\\/9e2a264bab04e17dea24d937c9956304649a848cb73c46747a692ff1bdeb1cb7?s=96&d=mm&r=g\",\"caption\":\"articolinews\"},\"url\":\"https:\\\/\\\/www.article-marketing.eu\\\/comunicatistampa\\\/author\\\/articolinews\\\/\"}]}<\/script>\n<!-- \/ Yoast SEO plugin. -->","yoast_head_json":{"title":"Gruppo FS: formazione e assunzioni nel Piano Industriale 2022-2031","robots":{"index":"index","follow":"follow","max-snippet":"max-snippet:-1","max-image-preview":"max-image-preview:large","max-video-preview":"max-video-preview:-1"},"canonical":"https:\/\/www.article-marketing.eu\/comunicatistampa\/gruppo-fs-formazione-e-assunzioni-nel-piano-industriale-2022-2031\/","og_locale":"it_IT","og_type":"article","og_title":"Gruppo FS: formazione e assunzioni nel Piano Industriale 2022-2031","og_description":"La partecipazione del Gruppo FS al \u201cCEO Meeting\u201d del Consorzio ELIS: per l\u2019AD Luigi Ferraris le professionalit\u00e0 tecniche sono ambiti \u201cche vanno valorizzati e raccontati bene\u201d. Gruppo FS: trasporti e infrastrutture, servono circa 350.000 figure specializzate Nuove prospettive per il futuro del mondo del lavoro, ponendo in risalto l\u2019importanza dei mestieri di tipo tecnico: al centro del \u201cCEO Meeting\u201d, organizzato lo scorso 13 ottobre dal Consorzio ELIS, la necessit\u00e0 diContinue reading...","og_url":"https:\/\/www.article-marketing.eu\/comunicatistampa\/gruppo-fs-formazione-e-assunzioni-nel-piano-industriale-2022-2031\/","og_site_name":"Article Marketing","article_published_time":"2023-01-13T07:32:06+00:00","author":"articolinews","twitter_card":"summary_large_image","twitter_misc":{"Scritto da":"articolinews","Tempo di lettura stimato":"2 minuti"},"schema":{"@context":"https:\/\/schema.org","@graph":[{"@type":"Article","@id":"https:\/\/www.article-marketing.eu\/comunicatistampa\/gruppo-fs-formazione-e-assunzioni-nel-piano-industriale-2022-2031\/#article","isPartOf":{"@id":"https:\/\/www.article-marketing.eu\/comunicatistampa\/gruppo-fs-formazione-e-assunzioni-nel-piano-industriale-2022-2031\/"},"author":{"name":"articolinews","@id":"https:\/\/www.article-marketing.eu\/comunicatistampa\/#\/schema\/person\/2fcaf8f8f3a9eef9eb7f27532d3ca458"},"headline":"Gruppo FS: formazione e assunzioni nel Piano Industriale 2022-2031","datePublished":"2023-01-13T07:32:06+00:00","mainEntityOfPage":{"@id":"https:\/\/www.article-marketing.eu\/comunicatistampa\/gruppo-fs-formazione-e-assunzioni-nel-piano-industriale-2022-2031\/"},"wordCount":377,"commentCount":0,"keywords":["Gruppo FS","Luigi Ferraris"],"articleSection":["Economia e lavoro"],"inLanguage":"it-IT","potentialAction":[{"@type":"CommentAction","name":"Comment","target":["https:\/\/www.article-marketing.eu\/comunicatistampa\/gruppo-fs-formazione-e-assunzioni-nel-piano-industriale-2022-2031\/#respond"]}]},{"@type":"WebPage","@id":"https:\/\/www.article-marketing.eu\/comunicatistampa\/gruppo-fs-formazione-e-assunzioni-nel-piano-industriale-2022-2031\/","url":"https:\/\/www.article-marketing.eu\/comunicatistampa\/gruppo-fs-formazione-e-assunzioni-nel-piano-industriale-2022-2031\/","name":"Gruppo FS: formazione e assunzioni nel Piano Industriale 2022-2031","isPartOf":{"@id":"https:\/\/www.article-marketing.eu\/comunicatistampa\/#website"},"datePublished":"2023-01-13T07:32:06+00:00","author":{"@id":"https:\/\/www.article-marketing.eu\/comunicatistampa\/#\/schema\/person\/2fcaf8f8f3a9eef9eb7f27532d3ca458"},"breadcrumb":{"@id":"https:\/\/www.article-marketing.eu\/comunicatistampa\/gruppo-fs-formazione-e-assunzioni-nel-piano-industriale-2022-2031\/#breadcrumb"},"inLanguage":"it-IT","potentialAction":[{"@type":"ReadAction","target":["https:\/\/www.article-marketing.eu\/comunicatistampa\/gruppo-fs-formazione-e-assunzioni-nel-piano-industriale-2022-2031\/"]}]},{"@type":"BreadcrumbList","@id":"https:\/\/www.article-marketing.eu\/comunicatistampa\/gruppo-fs-formazione-e-assunzioni-nel-piano-industriale-2022-2031\/#breadcrumb","itemListElement":[{"@type":"ListItem","position":1,"name":"Home","item":"https:\/\/www.article-marketing.eu\/comunicatistampa\/"},{"@type":"ListItem","position":2,"name":"Gruppo FS: formazione e assunzioni nel Piano Industriale 2022-2031"}]},{"@type":"WebSite","@id":"https:\/\/www.article-marketing.eu\/comunicatistampa\/#website","url":"https:\/\/www.article-marketing.eu\/comunicatistampa\/","name":"Article Marketing","description":"article marketing &amp; press release","potentialAction":[{"@type":"SearchAction","target":{"@type":"EntryPoint","urlTemplate":"https:\/\/www.article-marketing.eu\/comunicatistampa\/?s={search_term_string}"},"query-input":{"@type":"PropertyValueSpecification","valueRequired":true,"valueName":"search_term_string"}}],"inLanguage":"it-IT"},{"@type":"Person","@id":"https:\/\/www.article-marketing.eu\/comunicatistampa\/#\/schema\/person\/2fcaf8f8f3a9eef9eb7f27532d3ca458","name":"articolinews","image":{"@type":"ImageObject","inLanguage":"it-IT","@id":"https:\/\/secure.gravatar.com\/avatar\/9e2a264bab04e17dea24d937c9956304649a848cb73c46747a692ff1bdeb1cb7?s=96&d=mm&r=g","url":"https:\/\/secure.gravatar.com\/avatar\/9e2a264bab04e17dea24d937c9956304649a848cb73c46747a692ff1bdeb1cb7?s=96&d=mm&r=g","contentUrl":"https:\/\/secure.gravatar.com\/avatar\/9e2a264bab04e17dea24d937c9956304649a848cb73c46747a692ff1bdeb1cb7?s=96&d=mm&r=g","caption":"articolinews"},"url":"https:\/\/www.article-marketing.eu\/comunicatistampa\/author\/articolinews\/"}]}},"_links":{"self":[{"href":"https:\/\/www.article-marketing.eu\/comunicatistampa\/wp-json\/wp\/v2\/posts\/25952","targetHints":{"allow":["GET"]}}],"collection":[{"href":"https:\/\/www.article-marketing.eu\/comunicatistampa\/wp-json\/wp\/v2\/posts"}],"about":[{"href":"https:\/\/www.article-marketing.eu\/comunicatistampa\/wp-json\/wp\/v2\/types\/post"}],"author":[{"embeddable":true,"href":"https:\/\/www.article-marketing.eu\/comunicatistampa\/wp-json\/wp\/v2\/users\/6477"}],"replies":[{"embeddable":true,"href":"https:\/\/www.article-marketing.eu\/comunicatistampa\/wp-json\/wp\/v2\/comments?post=25952"}],"version-history":[{"count":2,"href":"https:\/\/www.article-marketing.eu\/comunicatistampa\/wp-json\/wp\/v2\/posts\/25952\/revisions"}],"predecessor-version":[{"id":26022,"href":"https:\/\/www.article-marketing.eu\/comunicatistampa\/wp-json\/wp\/v2\/posts\/25952\/revisions\/26022"}],"wp:attachment":[{"href":"https:\/\/www.article-marketing.eu\/comunicatistampa\/wp-json\/wp\/v2\/media?parent=25952"}],"wp:term":[{"taxonomy":"category","embeddable":true,"href":"https:\/\/www.article-marketing.eu\/comunicatistampa\/wp-json\/wp\/v2\/categories?post=25952"},{"taxonomy":"post_tag","embeddable":true,"href":"https:\/\/www.article-marketing.eu\/comunicatistampa\/wp-json\/wp\/v2\/tags?post=25952"}],"curies":[{"name":"wp","href":"https:\/\/api.w.org\/{rel}","templated":true}]}}