{"id":2597,"date":"2017-05-17T00:06:36","date_gmt":"2017-05-16T22:06:36","guid":{"rendered":"http:\/\/www.article-marketing.eu\/comunicatistampa\/?p=2597"},"modified":"2017-05-17T00:06:36","modified_gmt":"2017-05-16T22:06:36","slug":"e-tornato-a-torino-luomo-del-deserto","status":"publish","type":"post","link":"https:\/\/www.article-marketing.eu\/comunicatistampa\/e-tornato-a-torino-luomo-del-deserto\/","title":{"rendered":"E\u2019 tornato a Torino l\u2019uomo del deserto"},"content":{"rendered":"<p><em>Fabrizio Rovella, titolare di Sahara Mon Amour, torna a Torino dopo 7 mesi nel deserto<\/em><\/p>\n<p>&nbsp;<\/p>\n<p>Sono stati sette mesi in giro per il deserto quelli appena vissuti da <strong>Fabrizio Rovella<\/strong>. L\u2019<strong>uomo del Sahara<\/strong>, cos\u00ec come \u00e8 stato soprannominato dalla stampa, si accinge a vivere altri mesi altrettanto impegnativi nella sua <strong>Torino<\/strong>.<\/p>\n<p>&nbsp;<\/p>\n<p>Dopo l\u2019inizio della collaborazione con la prestigiosa rivista di settore \u201c<strong>QXQ Evolution<\/strong>\u201d e con il portale \u201c<strong>Erodoto 108<\/strong>\u201d, per il quale \u00e8 stato incaricato di scrivere articoli legati alla sua esperienza nel deserto e in ambienti estremi, Rovella dovr\u00e0 incontrare i suoi partner e collaboratori per preparare le prossime spedizioni e attivit\u00e0. A questo si aggiungono le attivit\u00e0 media e di divulgazione che lo vedono protagonista, anche con incontri dal vivo.<\/p>\n<p>&nbsp;<\/p>\n<p>Oltre all\u2019attivit\u00e0 di tester dei materiale per <strong>Ferrino<\/strong> e <strong>Bshop Zone<\/strong>, ha appena pubblicato sul sito di <strong>Sahara Mon Amour<\/strong> (<a href=\"http:\/\/www.saharamonamour.com\">www.saharamonamour.com<\/a> ), a poche ore dal suo ritorno, il <strong>nuovo catalogo viaggi<\/strong> in vista della sua ripartenza nei prossimi mesi. Un catalogo ricco di mete, tra le quali: Algeria, Etiopia, Marocco, Mongolia, Namibia.<\/p>\n<p>Alle mete \u201ccalde\u201d per\u00f2, Sahara Mon Amour aggiunge quelle nei Paesi del nord inNorvegia e Islanda.<\/p>\n<p>&nbsp;<\/p>\n<p>Come sempre a fare la differenza, nei tour firmati da Rovella per <strong>Sahara Mon Amour<\/strong>, ci sono due fattori fondamentali: in <em>primis<\/em> il rapporto di fiducia instaurato nel corso degli oltre <strong>20 anni<\/strong> di attivit\u00e0, con le popolazioni e i refenti delle aree interessate dai tour, con evidenti vantaggi dal punto di vista della <strong>sicurezza<\/strong> e della piena conoscenza del territorio. La seconda \u00e8 la capacit\u00e0 di far vivere ai viaggiatori che aderiscono ai tour delle <strong>esperienze autentiche<\/strong> e di totale immersione nei Paesi scelti per le vacanze e gli itinerari.<\/p>\n<p>&nbsp;<\/p>\n<p>Esperienze che sempre pi\u00f9 spesso vengono condivise con grande successo in termini di popolarit\u00e0 sui <strong>social<\/strong>, con volumi di attenzione che stanno facendo di <strong>Fabrizio Rovella<\/strong> e <strong>Sahara Mon Amour<\/strong> un riferimento anche in quell\u2019ambito.<\/p>\n<p>&nbsp;<\/p>\n<p>Invitiamo i lettori ad entrare in contatto con Fabrizio Rovella e con i suoi tour attraverso i canali ufficiali elencati di seguito:<\/p>\n<p>&nbsp;<\/p>\n<p>Web e catalogo: <a href=\"http:\/\/saharamonamour.com\/\">http:\/\/saharamonamour.com\/<\/a><\/p>\n<p>Pagina facebook Sahara Mon Amour: <a href=\"https:\/\/www.facebook.com\/Saharamonamour-148661895146353\/\">https:\/\/www.facebook.com\/Saharamonamour-148661895146353\/<\/a><\/p>\n<p>Profilo Facebook 1 di Fabrizio Rovella: https:\/\/www.facebook.com\/fabrizio.rovella<\/p>\n<p>Profilo Facebook 2 di Fabrizio Rovella: https:\/\/www.facebook.com\/profile.php?id=100013544742015&amp;fref=ts<\/p>\n<p>Account Twitter: https:\/\/twitter.com\/saharamonamour<\/p>\n<p>&nbsp;<\/p>\n","protected":false},"excerpt":{"rendered":"<p>Fabrizio Rovella, titolare di Sahara Mon Amour, torna a Torino dopo 7 mesi nel deserto &nbsp; Sono stati sette mesi in giro per il deserto quelli appena vissuti da Fabrizio Rovella. L\u2019uomo del Sahara, cos\u00ec come \u00e8 stato soprannominato dalla stampa, si accinge a vivere altri mesi altrettanto impegnativi nella sua Torino. &nbsp; Dopo l\u2019inizio della collaborazione con la prestigiosa rivista di settore \u201cQXQ Evolution\u201d e con il portale \u201cErodoto<\/p>\n<p><a class=\"continue-reading\" href=\"https:\/\/www.article-marketing.eu\/comunicatistampa\/e-tornato-a-torino-luomo-del-deserto\/\">Continue reading&#8230;<\/a><\/p>\n","protected":false},"author":302,"featured_media":0,"comment_status":"open","ping_status":"open","sticky":false,"template":"","format":"standard","meta":{"_monsterinsights_skip_tracking":false,"_monsterinsights_sitenote_active":false,"_monsterinsights_sitenote_note":"","_monsterinsights_sitenote_category":0,"footnotes":""},"categories":[78],"tags":[1549,1559,189,1553,1560,1561,1558,1548,1554,1542,1551,1552,1546,1557,1379,1556,1555,1543,1547,1544,1545,48,1550,235],"class_list":["post-2597","post","type-post","status-publish","format-standard","hentry","category-comunicati-stampa","tag-agenzia-viaggi","tag-algeria","tag-articoli","tag-b-shop-zone","tag-carovana","tag-carovana-el-sale","tag-catalogo","tag-deserto","tag-erodoto-108","tag-fabrizio","tag-fabrizio-rovella","tag-ferrino","tag-filadelfia","tag-islanda","tag-lingotto","tag-mauritania","tag-qxq-evolution","tag-rovella","tag-sahara","tag-sahara-mon-amour","tag-saharamonamour","tag-torino","tag-tour-operator","tag-viaggi"],"yoast_head":"<!-- This site is optimized with the Yoast SEO plugin v27.3 - https:\/\/yoast.com\/product\/yoast-seo-wordpress\/ -->\n<title>E\u2019 tornato a Torino l\u2019uomo del deserto - Article Marketing<\/title>\n<meta name=\"robots\" content=\"index, follow, max-snippet:-1, max-image-preview:large, max-video-preview:-1\" \/>\n<link rel=\"canonical\" href=\"https:\/\/www.article-marketing.eu\/comunicatistampa\/e-tornato-a-torino-luomo-del-deserto\/\" \/>\n<meta property=\"og:locale\" content=\"it_IT\" \/>\n<meta property=\"og:type\" content=\"article\" \/>\n<meta property=\"og:title\" content=\"E\u2019 tornato a Torino l\u2019uomo del deserto - Article Marketing\" \/>\n<meta property=\"og:description\" content=\"Fabrizio Rovella, titolare di Sahara Mon Amour, torna a Torino dopo 7 mesi nel deserto &nbsp; Sono stati sette mesi in giro per il deserto quelli appena vissuti da Fabrizio Rovella. L\u2019uomo del Sahara, cos\u00ec come \u00e8 stato soprannominato dalla stampa, si accinge a vivere altri mesi altrettanto impegnativi nella sua Torino. &nbsp; Dopo l\u2019inizio della collaborazione con la prestigiosa rivista di settore \u201cQXQ Evolution\u201d e con il portale \u201cErodotoContinue reading...\" \/>\n<meta property=\"og:url\" content=\"https:\/\/www.article-marketing.eu\/comunicatistampa\/e-tornato-a-torino-luomo-del-deserto\/\" \/>\n<meta property=\"og:site_name\" content=\"Article Marketing\" \/>\n<meta property=\"article:published_time\" content=\"2017-05-16T22:06:36+00:00\" \/>\n<meta name=\"author\" content=\"PRMedia Italia\" \/>\n<meta name=\"twitter:card\" content=\"summary_large_image\" \/>\n<meta name=\"twitter:label1\" content=\"Scritto da\" \/>\n\t<meta name=\"twitter:data1\" content=\"PRMedia Italia\" \/>\n\t<meta name=\"twitter:label2\" content=\"Tempo di lettura stimato\" \/>\n\t<meta name=\"twitter:data2\" content=\"2 minuti\" \/>\n<script type=\"application\/ld+json\" class=\"yoast-schema-graph\">{\"@context\":\"https:\\\/\\\/schema.org\",\"@graph\":[{\"@type\":\"Article\",\"@id\":\"https:\\\/\\\/www.article-marketing.eu\\\/comunicatistampa\\\/e-tornato-a-torino-luomo-del-deserto\\\/#article\",\"isPartOf\":{\"@id\":\"https:\\\/\\\/www.article-marketing.eu\\\/comunicatistampa\\\/e-tornato-a-torino-luomo-del-deserto\\\/\"},\"author\":{\"name\":\"PRMedia Italia\",\"@id\":\"https:\\\/\\\/www.article-marketing.eu\\\/comunicatistampa\\\/#\\\/schema\\\/person\\\/21714f7706e106b3df343a55bab16d8f\"},\"headline\":\"E\u2019 tornato a Torino l\u2019uomo del deserto\",\"datePublished\":\"2017-05-16T22:06:36+00:00\",\"mainEntityOfPage\":{\"@id\":\"https:\\\/\\\/www.article-marketing.eu\\\/comunicatistampa\\\/e-tornato-a-torino-luomo-del-deserto\\\/\"},\"wordCount\":402,\"commentCount\":0,\"keywords\":[\"agenzia viaggi\",\"Algeria\",\"articoli\",\"B shop zone\",\"carovana\",\"carovana el sale\",\"catalogo\",\"deserto\",\"erodoto 108\",\"Fabrizio\",\"fabrizio rovella\",\"ferrino\",\"filadelfia\",\"islanda\",\"Lingotto\",\"mauritania\",\"QxQ Evolution\",\"rovella\",\"sahara\",\"sahara mon amour\",\"saharamonamour\",\"torino\",\"tour operator\",\"viaggi\"],\"articleSection\":[\"Comunicati stampa\"],\"inLanguage\":\"it-IT\",\"potentialAction\":[{\"@type\":\"CommentAction\",\"name\":\"Comment\",\"target\":[\"https:\\\/\\\/www.article-marketing.eu\\\/comunicatistampa\\\/e-tornato-a-torino-luomo-del-deserto\\\/#respond\"]}]},{\"@type\":\"WebPage\",\"@id\":\"https:\\\/\\\/www.article-marketing.eu\\\/comunicatistampa\\\/e-tornato-a-torino-luomo-del-deserto\\\/\",\"url\":\"https:\\\/\\\/www.article-marketing.eu\\\/comunicatistampa\\\/e-tornato-a-torino-luomo-del-deserto\\\/\",\"name\":\"E\u2019 tornato a Torino l\u2019uomo del deserto - Article Marketing\",\"isPartOf\":{\"@id\":\"https:\\\/\\\/www.article-marketing.eu\\\/comunicatistampa\\\/#website\"},\"datePublished\":\"2017-05-16T22:06:36+00:00\",\"author\":{\"@id\":\"https:\\\/\\\/www.article-marketing.eu\\\/comunicatistampa\\\/#\\\/schema\\\/person\\\/21714f7706e106b3df343a55bab16d8f\"},\"breadcrumb\":{\"@id\":\"https:\\\/\\\/www.article-marketing.eu\\\/comunicatistampa\\\/e-tornato-a-torino-luomo-del-deserto\\\/#breadcrumb\"},\"inLanguage\":\"it-IT\",\"potentialAction\":[{\"@type\":\"ReadAction\",\"target\":[\"https:\\\/\\\/www.article-marketing.eu\\\/comunicatistampa\\\/e-tornato-a-torino-luomo-del-deserto\\\/\"]}]},{\"@type\":\"BreadcrumbList\",\"@id\":\"https:\\\/\\\/www.article-marketing.eu\\\/comunicatistampa\\\/e-tornato-a-torino-luomo-del-deserto\\\/#breadcrumb\",\"itemListElement\":[{\"@type\":\"ListItem\",\"position\":1,\"name\":\"Home\",\"item\":\"https:\\\/\\\/www.article-marketing.eu\\\/comunicatistampa\\\/\"},{\"@type\":\"ListItem\",\"position\":2,\"name\":\"E\u2019 tornato a Torino l\u2019uomo del deserto\"}]},{\"@type\":\"WebSite\",\"@id\":\"https:\\\/\\\/www.article-marketing.eu\\\/comunicatistampa\\\/#website\",\"url\":\"https:\\\/\\\/www.article-marketing.eu\\\/comunicatistampa\\\/\",\"name\":\"Article Marketing\",\"description\":\"article marketing &amp; press release\",\"potentialAction\":[{\"@type\":\"SearchAction\",\"target\":{\"@type\":\"EntryPoint\",\"urlTemplate\":\"https:\\\/\\\/www.article-marketing.eu\\\/comunicatistampa\\\/?s={search_term_string}\"},\"query-input\":{\"@type\":\"PropertyValueSpecification\",\"valueRequired\":true,\"valueName\":\"search_term_string\"}}],\"inLanguage\":\"it-IT\"},{\"@type\":\"Person\",\"@id\":\"https:\\\/\\\/www.article-marketing.eu\\\/comunicatistampa\\\/#\\\/schema\\\/person\\\/21714f7706e106b3df343a55bab16d8f\",\"name\":\"PRMedia Italia\",\"image\":{\"@type\":\"ImageObject\",\"inLanguage\":\"it-IT\",\"@id\":\"https:\\\/\\\/secure.gravatar.com\\\/avatar\\\/7ca847ec363082e45965db66f070b187be240f7eb3103bb35ee0576743ba05ed?s=96&d=mm&r=g\",\"url\":\"https:\\\/\\\/secure.gravatar.com\\\/avatar\\\/7ca847ec363082e45965db66f070b187be240f7eb3103bb35ee0576743ba05ed?s=96&d=mm&r=g\",\"contentUrl\":\"https:\\\/\\\/secure.gravatar.com\\\/avatar\\\/7ca847ec363082e45965db66f070b187be240f7eb3103bb35ee0576743ba05ed?s=96&d=mm&r=g\",\"caption\":\"PRMedia Italia\"},\"url\":\"https:\\\/\\\/www.article-marketing.eu\\\/comunicatistampa\\\/author\\\/prmedia-italia\\\/\"}]}<\/script>\n<!-- \/ Yoast SEO plugin. -->","yoast_head_json":{"title":"E\u2019 tornato a Torino l\u2019uomo del deserto - Article Marketing","robots":{"index":"index","follow":"follow","max-snippet":"max-snippet:-1","max-image-preview":"max-image-preview:large","max-video-preview":"max-video-preview:-1"},"canonical":"https:\/\/www.article-marketing.eu\/comunicatistampa\/e-tornato-a-torino-luomo-del-deserto\/","og_locale":"it_IT","og_type":"article","og_title":"E\u2019 tornato a Torino l\u2019uomo del deserto - Article Marketing","og_description":"Fabrizio Rovella, titolare di Sahara Mon Amour, torna a Torino dopo 7 mesi nel deserto &nbsp; Sono stati sette mesi in giro per il deserto quelli appena vissuti da Fabrizio Rovella. L\u2019uomo del Sahara, cos\u00ec come \u00e8 stato soprannominato dalla stampa, si accinge a vivere altri mesi altrettanto impegnativi nella sua Torino. &nbsp; Dopo l\u2019inizio della collaborazione con la prestigiosa rivista di settore \u201cQXQ Evolution\u201d e con il portale \u201cErodotoContinue reading...","og_url":"https:\/\/www.article-marketing.eu\/comunicatistampa\/e-tornato-a-torino-luomo-del-deserto\/","og_site_name":"Article Marketing","article_published_time":"2017-05-16T22:06:36+00:00","author":"PRMedia Italia","twitter_card":"summary_large_image","twitter_misc":{"Scritto da":"PRMedia Italia","Tempo di lettura stimato":"2 minuti"},"schema":{"@context":"https:\/\/schema.org","@graph":[{"@type":"Article","@id":"https:\/\/www.article-marketing.eu\/comunicatistampa\/e-tornato-a-torino-luomo-del-deserto\/#article","isPartOf":{"@id":"https:\/\/www.article-marketing.eu\/comunicatistampa\/e-tornato-a-torino-luomo-del-deserto\/"},"author":{"name":"PRMedia Italia","@id":"https:\/\/www.article-marketing.eu\/comunicatistampa\/#\/schema\/person\/21714f7706e106b3df343a55bab16d8f"},"headline":"E\u2019 tornato a Torino l\u2019uomo del deserto","datePublished":"2017-05-16T22:06:36+00:00","mainEntityOfPage":{"@id":"https:\/\/www.article-marketing.eu\/comunicatistampa\/e-tornato-a-torino-luomo-del-deserto\/"},"wordCount":402,"commentCount":0,"keywords":["agenzia viaggi","Algeria","articoli","B shop zone","carovana","carovana el sale","catalogo","deserto","erodoto 108","Fabrizio","fabrizio rovella","ferrino","filadelfia","islanda","Lingotto","mauritania","QxQ Evolution","rovella","sahara","sahara mon amour","saharamonamour","torino","tour operator","viaggi"],"articleSection":["Comunicati stampa"],"inLanguage":"it-IT","potentialAction":[{"@type":"CommentAction","name":"Comment","target":["https:\/\/www.article-marketing.eu\/comunicatistampa\/e-tornato-a-torino-luomo-del-deserto\/#respond"]}]},{"@type":"WebPage","@id":"https:\/\/www.article-marketing.eu\/comunicatistampa\/e-tornato-a-torino-luomo-del-deserto\/","url":"https:\/\/www.article-marketing.eu\/comunicatistampa\/e-tornato-a-torino-luomo-del-deserto\/","name":"E\u2019 tornato a Torino l\u2019uomo del deserto - Article Marketing","isPartOf":{"@id":"https:\/\/www.article-marketing.eu\/comunicatistampa\/#website"},"datePublished":"2017-05-16T22:06:36+00:00","author":{"@id":"https:\/\/www.article-marketing.eu\/comunicatistampa\/#\/schema\/person\/21714f7706e106b3df343a55bab16d8f"},"breadcrumb":{"@id":"https:\/\/www.article-marketing.eu\/comunicatistampa\/e-tornato-a-torino-luomo-del-deserto\/#breadcrumb"},"inLanguage":"it-IT","potentialAction":[{"@type":"ReadAction","target":["https:\/\/www.article-marketing.eu\/comunicatistampa\/e-tornato-a-torino-luomo-del-deserto\/"]}]},{"@type":"BreadcrumbList","@id":"https:\/\/www.article-marketing.eu\/comunicatistampa\/e-tornato-a-torino-luomo-del-deserto\/#breadcrumb","itemListElement":[{"@type":"ListItem","position":1,"name":"Home","item":"https:\/\/www.article-marketing.eu\/comunicatistampa\/"},{"@type":"ListItem","position":2,"name":"E\u2019 tornato a Torino l\u2019uomo del deserto"}]},{"@type":"WebSite","@id":"https:\/\/www.article-marketing.eu\/comunicatistampa\/#website","url":"https:\/\/www.article-marketing.eu\/comunicatistampa\/","name":"Article Marketing","description":"article marketing &amp; press release","potentialAction":[{"@type":"SearchAction","target":{"@type":"EntryPoint","urlTemplate":"https:\/\/www.article-marketing.eu\/comunicatistampa\/?s={search_term_string}"},"query-input":{"@type":"PropertyValueSpecification","valueRequired":true,"valueName":"search_term_string"}}],"inLanguage":"it-IT"},{"@type":"Person","@id":"https:\/\/www.article-marketing.eu\/comunicatistampa\/#\/schema\/person\/21714f7706e106b3df343a55bab16d8f","name":"PRMedia Italia","image":{"@type":"ImageObject","inLanguage":"it-IT","@id":"https:\/\/secure.gravatar.com\/avatar\/7ca847ec363082e45965db66f070b187be240f7eb3103bb35ee0576743ba05ed?s=96&d=mm&r=g","url":"https:\/\/secure.gravatar.com\/avatar\/7ca847ec363082e45965db66f070b187be240f7eb3103bb35ee0576743ba05ed?s=96&d=mm&r=g","contentUrl":"https:\/\/secure.gravatar.com\/avatar\/7ca847ec363082e45965db66f070b187be240f7eb3103bb35ee0576743ba05ed?s=96&d=mm&r=g","caption":"PRMedia Italia"},"url":"https:\/\/www.article-marketing.eu\/comunicatistampa\/author\/prmedia-italia\/"}]}},"_links":{"self":[{"href":"https:\/\/www.article-marketing.eu\/comunicatistampa\/wp-json\/wp\/v2\/posts\/2597","targetHints":{"allow":["GET"]}}],"collection":[{"href":"https:\/\/www.article-marketing.eu\/comunicatistampa\/wp-json\/wp\/v2\/posts"}],"about":[{"href":"https:\/\/www.article-marketing.eu\/comunicatistampa\/wp-json\/wp\/v2\/types\/post"}],"author":[{"embeddable":true,"href":"https:\/\/www.article-marketing.eu\/comunicatistampa\/wp-json\/wp\/v2\/users\/302"}],"replies":[{"embeddable":true,"href":"https:\/\/www.article-marketing.eu\/comunicatistampa\/wp-json\/wp\/v2\/comments?post=2597"}],"version-history":[{"count":2,"href":"https:\/\/www.article-marketing.eu\/comunicatistampa\/wp-json\/wp\/v2\/posts\/2597\/revisions"}],"predecessor-version":[{"id":2611,"href":"https:\/\/www.article-marketing.eu\/comunicatistampa\/wp-json\/wp\/v2\/posts\/2597\/revisions\/2611"}],"wp:attachment":[{"href":"https:\/\/www.article-marketing.eu\/comunicatistampa\/wp-json\/wp\/v2\/media?parent=2597"}],"wp:term":[{"taxonomy":"category","embeddable":true,"href":"https:\/\/www.article-marketing.eu\/comunicatistampa\/wp-json\/wp\/v2\/categories?post=2597"},{"taxonomy":"post_tag","embeddable":true,"href":"https:\/\/www.article-marketing.eu\/comunicatistampa\/wp-json\/wp\/v2\/tags?post=2597"}],"curies":[{"name":"wp","href":"https:\/\/api.w.org\/{rel}","templated":true}]}}