{"id":25981,"date":"2023-01-13T07:02:26","date_gmt":"2023-01-13T06:02:26","guid":{"rendered":"https:\/\/www.article-marketing.eu\/comunicatistampa\/?p=25981"},"modified":"2023-01-11T16:04:46","modified_gmt":"2023-01-11T15:04:46","slug":"reti-elettriche-siglato-accordo-terna-polizia-il-punto-dellad-e-dg-stefano-donnarumma","status":"publish","type":"post","link":"https:\/\/www.article-marketing.eu\/comunicatistampa\/reti-elettriche-siglato-accordo-terna-polizia-il-punto-dellad-e-dg-stefano-donnarumma\/","title":{"rendered":"Reti elettriche, siglato accordo Terna &#8211; Polizia: il punto dell\u2019AD e DG Stefano Donnarumma"},"content":{"rendered":"<p><em><strong>Punta a migliorare e rafforzare la sicurezza delle infrastrutture elettriche l\u2019accordo siglato tra Terna e la Polizia di Stato: le parole dell\u2019AD e DG <a title=\"Stefano Donnarumma AD e DG di Terna approfondimento GreenGoEnergy\" href=\"https:\/\/www.greengoenergy.eu\/stefano-donnarumma-terna-firma-laccordo-con-la-polizia-di-stato-per-una-rete-efficiente-e-sicura\/\">Stefano Donnarumma<\/a> sugli obiettivi del progetto.<\/strong><\/em><\/p>\n<p><a title=\"Stefano Donarumma, AD e DG di Terna\" href=\"https:\/\/www.greengoenergy.eu\/stefano-donnarumma-terna-firma-laccordo-con-la-polizia-di-stato-per-una-rete-efficiente-e-sicura\/\"><img loading=\"lazy\" decoding=\"async\" src=\"https:\/\/www.greengoenergy.eu\/wp-content\/uploads\/2022\/11\/stefano-donnarumma-terna-ad2.jpg\" alt=\"Stefano Donnarumma\" width=\"200\" height=\"133\" \/><\/a><\/p>\n<h2>Stefano Donnarumma sull\u2019intesa Terna &#8211; Polizia: prioritaria la sicurezza del sistema elettrico<\/h2>\n<p>Nell\u2019ambito del Protocollo d\u2019Intesa tra <strong>Terna<\/strong> e il Ministero dell\u2019Interno, una nuova collaborazione strutturata per accrescere le attivit\u00e0 di protezione e sicurezza del sistema elettrico nazionale: da tali presupposti trae origine il recente accordo tra la societ\u00e0 che gestisce la rete elettrica nazionale e la Polizia di Stato, intesa finalizzata a sviluppare nuove sinergie per garantire la massima sicurezza delle infrastrutture elettriche italiane. A siglare l\u2019accordo l\u2019Amministratore Delegato e Direttore Generale di <strong>Terna<\/strong> <a title=\"Stefano Donnarumma, AD e Dg di Terna, firma accordo con la Polizia di Stato\" href=\"https:\/\/www.greengoenergy.eu\/stefano-donnarumma-terna-firma-laccordo-con-la-polizia-di-stato-per-una-rete-efficiente-e-sicura\/\"><strong>Stefano Donnarumma<\/strong><\/a> e il Capo della Polizia &#8211; Direttore Generale della Pubblica Sicurezza Lamberto Giannini. Presenti alla firma, avvenuta presso la sede del Ministero dell\u2019Interno, anche il Direttore Centrale Anticrimine della Polizia di Stato Francesco Messina e il Direttore del Servizio Controllo del Territorio Vincenzo Nicol\u00ec. Per la societ\u00e0 guidata da <strong>Stefano Donnarumma<\/strong> <em>\u201cla protezione di 75.000 chilometri di elettrodotti e 900 stazioni elettriche su tutto il territorio italiano \u00e8 un\u2019attivit\u00e0 che per noi ha la massima priorit\u00e0 e che svolgiamo con grande impegno\u201d<\/em>, cos\u00ec l\u2019AD e DG in merito.<\/p>\n<h2>Stefano Donnarumma: sistemi di protezione avanzata a disposizione della Polizia<\/h2>\n<p><em>\u201cL\u2019accordo siglato oggi rappresenta una evoluzione della collaborazione con la Polizia di Stato\u201d<\/em>, ha specificato <strong>Stefano Donnarumma<\/strong> a margine dell\u2019accordo: <em>\u201cGrazie a questa intesa, infatti, mettiamo a disposizione della Polizia di Stato sistemi di protezione tecnologicamente avanzati e, cosa ancora pi\u00f9 importante, condividiamo competenze e know how per rendere sempre pi\u00f9 sicure e affidabili le infrastrutture gestite da <strong>Terna<\/strong>\u201d<\/em>, ha aggiunto. Nell\u2019ambito dell\u2019accordo, <strong>Terna<\/strong> si impegna nello sviluppo di un collegamento telematico con la Polizia di Stato, finalizzato al controllo in diretta dei siti sorvegliati: si favorisce cos\u00ec lo scambio di informazioni e immagini tra il Security Operations Center (SOC) del gestore della rete di trasmissione e le Questure territorialmente competenti. Inoltre, la societ\u00e0 guidata da <strong>Stefano Donnarumma<\/strong> fornir\u00e0 pi\u00f9 di 300 dispositivi tecnologici alle strutture territoriali della Polizia: il fine \u00e8 gestire in modo sempre pi\u00f9 efficiente e tempestivo l\u2019invio di segnalazioni geolocalizzate riguardanti eventuali tentativi di intrusione, rendendo ancora pi\u00f9 rapido l\u2019intervento degli operatori di Polizia coinvolti nella vigilanza dell\u2019infrastruttura elettrica nazionale.<\/p>\n","protected":false},"excerpt":{"rendered":"<p>Punta a migliorare e rafforzare la sicurezza delle infrastrutture elettriche l\u2019accordo siglato tra Terna e la Polizia di Stato: le parole dell\u2019AD e DG Stefano Donnarumma sugli obiettivi del progetto. Stefano Donnarumma sull\u2019intesa Terna &#8211; Polizia: prioritaria la sicurezza del sistema elettrico Nell\u2019ambito del Protocollo d\u2019Intesa tra Terna e il Ministero dell\u2019Interno, una nuova collaborazione strutturata per accrescere le attivit\u00e0 di protezione e sicurezza del sistema elettrico nazionale: da tali<\/p>\n<p><a class=\"continue-reading\" href=\"https:\/\/www.article-marketing.eu\/comunicatistampa\/reti-elettriche-siglato-accordo-terna-polizia-il-punto-dellad-e-dg-stefano-donnarumma\/\">Continue reading&#8230;<\/a><\/p>\n","protected":false},"author":7206,"featured_media":0,"comment_status":"open","ping_status":"open","sticky":false,"template":"","format":"standard","meta":{"_monsterinsights_skip_tracking":false,"_monsterinsights_sitenote_active":false,"_monsterinsights_sitenote_note":"","_monsterinsights_sitenote_category":0,"footnotes":""},"categories":[386],"tags":[9564,9563],"class_list":["post-25981","post","type-post","status-publish","format-standard","hentry","category-economia-e-lavoro","tag-stefano-donnarumma","tag-terna"],"yoast_head":"<!-- This site is optimized with the Yoast SEO plugin v27.3 - https:\/\/yoast.com\/product\/yoast-seo-wordpress\/ -->\n<title>Reti elettriche, siglato accordo Terna - Polizia: il punto dell\u2019AD e DG Stefano Donnarumma<\/title>\n<meta name=\"robots\" content=\"index, follow, max-snippet:-1, max-image-preview:large, max-video-preview:-1\" \/>\n<link rel=\"canonical\" href=\"https:\/\/www.article-marketing.eu\/comunicatistampa\/reti-elettriche-siglato-accordo-terna-polizia-il-punto-dellad-e-dg-stefano-donnarumma\/\" \/>\n<meta property=\"og:locale\" content=\"it_IT\" \/>\n<meta property=\"og:type\" content=\"article\" \/>\n<meta property=\"og:title\" content=\"Reti elettriche, siglato accordo Terna - Polizia: il punto dell\u2019AD e DG Stefano Donnarumma\" \/>\n<meta property=\"og:description\" content=\"Punta a migliorare e rafforzare la sicurezza delle infrastrutture elettriche l\u2019accordo siglato tra Terna e la Polizia di Stato: le parole dell\u2019AD e DG Stefano Donnarumma sugli obiettivi del progetto. Stefano Donnarumma sull\u2019intesa Terna &#8211; Polizia: prioritaria la sicurezza del sistema elettrico Nell\u2019ambito del Protocollo d\u2019Intesa tra Terna e il Ministero dell\u2019Interno, una nuova collaborazione strutturata per accrescere le attivit\u00e0 di protezione e sicurezza del sistema elettrico nazionale: da taliContinue reading...\" \/>\n<meta property=\"og:url\" content=\"https:\/\/www.article-marketing.eu\/comunicatistampa\/reti-elettriche-siglato-accordo-terna-polizia-il-punto-dellad-e-dg-stefano-donnarumma\/\" \/>\n<meta property=\"og:site_name\" content=\"Article Marketing\" \/>\n<meta property=\"article:published_time\" content=\"2023-01-13T06:02:26+00:00\" \/>\n<meta property=\"og:image\" content=\"https:\/\/www.greengoenergy.eu\/wp-content\/uploads\/2022\/11\/stefano-donnarumma-terna-ad2.jpg\" \/>\n<meta name=\"author\" content=\"pressreleaself\" \/>\n<meta name=\"twitter:card\" content=\"summary_large_image\" \/>\n<meta name=\"twitter:label1\" content=\"Scritto da\" \/>\n\t<meta name=\"twitter:data1\" content=\"pressreleaself\" \/>\n\t<meta name=\"twitter:label2\" content=\"Tempo di lettura stimato\" \/>\n\t<meta name=\"twitter:data2\" content=\"3 minuti\" \/>\n<script type=\"application\/ld+json\" class=\"yoast-schema-graph\">{\"@context\":\"https:\\\/\\\/schema.org\",\"@graph\":[{\"@type\":\"Article\",\"@id\":\"https:\\\/\\\/www.article-marketing.eu\\\/comunicatistampa\\\/reti-elettriche-siglato-accordo-terna-polizia-il-punto-dellad-e-dg-stefano-donnarumma\\\/#article\",\"isPartOf\":{\"@id\":\"https:\\\/\\\/www.article-marketing.eu\\\/comunicatistampa\\\/reti-elettriche-siglato-accordo-terna-polizia-il-punto-dellad-e-dg-stefano-donnarumma\\\/\"},\"author\":{\"name\":\"pressreleaself\",\"@id\":\"https:\\\/\\\/www.article-marketing.eu\\\/comunicatistampa\\\/#\\\/schema\\\/person\\\/e12b1bc04ee2394a2e51cf979ebbbbb6\"},\"headline\":\"Reti elettriche, siglato accordo Terna &#8211; Polizia: il punto dell\u2019AD e DG Stefano Donnarumma\",\"datePublished\":\"2023-01-13T06:02:26+00:00\",\"mainEntityOfPage\":{\"@id\":\"https:\\\/\\\/www.article-marketing.eu\\\/comunicatistampa\\\/reti-elettriche-siglato-accordo-terna-polizia-il-punto-dellad-e-dg-stefano-donnarumma\\\/\"},\"wordCount\":407,\"commentCount\":0,\"image\":{\"@id\":\"https:\\\/\\\/www.article-marketing.eu\\\/comunicatistampa\\\/reti-elettriche-siglato-accordo-terna-polizia-il-punto-dellad-e-dg-stefano-donnarumma\\\/#primaryimage\"},\"thumbnailUrl\":\"https:\\\/\\\/www.greengoenergy.eu\\\/wp-content\\\/uploads\\\/2022\\\/11\\\/stefano-donnarumma-terna-ad2.jpg\",\"keywords\":[\"Stefano Donnarumma\",\"Terna\"],\"articleSection\":[\"Economia e lavoro\"],\"inLanguage\":\"it-IT\",\"potentialAction\":[{\"@type\":\"CommentAction\",\"name\":\"Comment\",\"target\":[\"https:\\\/\\\/www.article-marketing.eu\\\/comunicatistampa\\\/reti-elettriche-siglato-accordo-terna-polizia-il-punto-dellad-e-dg-stefano-donnarumma\\\/#respond\"]}]},{\"@type\":\"WebPage\",\"@id\":\"https:\\\/\\\/www.article-marketing.eu\\\/comunicatistampa\\\/reti-elettriche-siglato-accordo-terna-polizia-il-punto-dellad-e-dg-stefano-donnarumma\\\/\",\"url\":\"https:\\\/\\\/www.article-marketing.eu\\\/comunicatistampa\\\/reti-elettriche-siglato-accordo-terna-polizia-il-punto-dellad-e-dg-stefano-donnarumma\\\/\",\"name\":\"Reti elettriche, siglato accordo Terna - Polizia: il punto dell\u2019AD e DG Stefano Donnarumma\",\"isPartOf\":{\"@id\":\"https:\\\/\\\/www.article-marketing.eu\\\/comunicatistampa\\\/#website\"},\"primaryImageOfPage\":{\"@id\":\"https:\\\/\\\/www.article-marketing.eu\\\/comunicatistampa\\\/reti-elettriche-siglato-accordo-terna-polizia-il-punto-dellad-e-dg-stefano-donnarumma\\\/#primaryimage\"},\"image\":{\"@id\":\"https:\\\/\\\/www.article-marketing.eu\\\/comunicatistampa\\\/reti-elettriche-siglato-accordo-terna-polizia-il-punto-dellad-e-dg-stefano-donnarumma\\\/#primaryimage\"},\"thumbnailUrl\":\"https:\\\/\\\/www.greengoenergy.eu\\\/wp-content\\\/uploads\\\/2022\\\/11\\\/stefano-donnarumma-terna-ad2.jpg\",\"datePublished\":\"2023-01-13T06:02:26+00:00\",\"author\":{\"@id\":\"https:\\\/\\\/www.article-marketing.eu\\\/comunicatistampa\\\/#\\\/schema\\\/person\\\/e12b1bc04ee2394a2e51cf979ebbbbb6\"},\"breadcrumb\":{\"@id\":\"https:\\\/\\\/www.article-marketing.eu\\\/comunicatistampa\\\/reti-elettriche-siglato-accordo-terna-polizia-il-punto-dellad-e-dg-stefano-donnarumma\\\/#breadcrumb\"},\"inLanguage\":\"it-IT\",\"potentialAction\":[{\"@type\":\"ReadAction\",\"target\":[\"https:\\\/\\\/www.article-marketing.eu\\\/comunicatistampa\\\/reti-elettriche-siglato-accordo-terna-polizia-il-punto-dellad-e-dg-stefano-donnarumma\\\/\"]}]},{\"@type\":\"ImageObject\",\"inLanguage\":\"it-IT\",\"@id\":\"https:\\\/\\\/www.article-marketing.eu\\\/comunicatistampa\\\/reti-elettriche-siglato-accordo-terna-polizia-il-punto-dellad-e-dg-stefano-donnarumma\\\/#primaryimage\",\"url\":\"https:\\\/\\\/www.greengoenergy.eu\\\/wp-content\\\/uploads\\\/2022\\\/11\\\/stefano-donnarumma-terna-ad2.jpg\",\"contentUrl\":\"https:\\\/\\\/www.greengoenergy.eu\\\/wp-content\\\/uploads\\\/2022\\\/11\\\/stefano-donnarumma-terna-ad2.jpg\"},{\"@type\":\"BreadcrumbList\",\"@id\":\"https:\\\/\\\/www.article-marketing.eu\\\/comunicatistampa\\\/reti-elettriche-siglato-accordo-terna-polizia-il-punto-dellad-e-dg-stefano-donnarumma\\\/#breadcrumb\",\"itemListElement\":[{\"@type\":\"ListItem\",\"position\":1,\"name\":\"Home\",\"item\":\"https:\\\/\\\/www.article-marketing.eu\\\/comunicatistampa\\\/\"},{\"@type\":\"ListItem\",\"position\":2,\"name\":\"Reti elettriche, siglato accordo Terna &#8211; Polizia: il punto dell\u2019AD e DG Stefano Donnarumma\"}]},{\"@type\":\"WebSite\",\"@id\":\"https:\\\/\\\/www.article-marketing.eu\\\/comunicatistampa\\\/#website\",\"url\":\"https:\\\/\\\/www.article-marketing.eu\\\/comunicatistampa\\\/\",\"name\":\"Article Marketing\",\"description\":\"article marketing &amp; press release\",\"potentialAction\":[{\"@type\":\"SearchAction\",\"target\":{\"@type\":\"EntryPoint\",\"urlTemplate\":\"https:\\\/\\\/www.article-marketing.eu\\\/comunicatistampa\\\/?s={search_term_string}\"},\"query-input\":{\"@type\":\"PropertyValueSpecification\",\"valueRequired\":true,\"valueName\":\"search_term_string\"}}],\"inLanguage\":\"it-IT\"},{\"@type\":\"Person\",\"@id\":\"https:\\\/\\\/www.article-marketing.eu\\\/comunicatistampa\\\/#\\\/schema\\\/person\\\/e12b1bc04ee2394a2e51cf979ebbbbb6\",\"name\":\"pressreleaself\",\"image\":{\"@type\":\"ImageObject\",\"inLanguage\":\"it-IT\",\"@id\":\"https:\\\/\\\/secure.gravatar.com\\\/avatar\\\/58b2e897ca1b290b3c87ba2112be22b2d12e7af8fea0975d839430be1249d1a3?s=96&d=mm&r=g\",\"url\":\"https:\\\/\\\/secure.gravatar.com\\\/avatar\\\/58b2e897ca1b290b3c87ba2112be22b2d12e7af8fea0975d839430be1249d1a3?s=96&d=mm&r=g\",\"contentUrl\":\"https:\\\/\\\/secure.gravatar.com\\\/avatar\\\/58b2e897ca1b290b3c87ba2112be22b2d12e7af8fea0975d839430be1249d1a3?s=96&d=mm&r=g\",\"caption\":\"pressreleaself\"},\"url\":\"https:\\\/\\\/www.article-marketing.eu\\\/comunicatistampa\\\/author\\\/pressreleaself\\\/\"}]}<\/script>\n<!-- \/ Yoast SEO plugin. -->","yoast_head_json":{"title":"Reti elettriche, siglato accordo Terna - Polizia: il punto dell\u2019AD e DG Stefano Donnarumma","robots":{"index":"index","follow":"follow","max-snippet":"max-snippet:-1","max-image-preview":"max-image-preview:large","max-video-preview":"max-video-preview:-1"},"canonical":"https:\/\/www.article-marketing.eu\/comunicatistampa\/reti-elettriche-siglato-accordo-terna-polizia-il-punto-dellad-e-dg-stefano-donnarumma\/","og_locale":"it_IT","og_type":"article","og_title":"Reti elettriche, siglato accordo Terna - Polizia: il punto dell\u2019AD e DG Stefano Donnarumma","og_description":"Punta a migliorare e rafforzare la sicurezza delle infrastrutture elettriche l\u2019accordo siglato tra Terna e la Polizia di Stato: le parole dell\u2019AD e DG Stefano Donnarumma sugli obiettivi del progetto. Stefano Donnarumma sull\u2019intesa Terna &#8211; Polizia: prioritaria la sicurezza del sistema elettrico Nell\u2019ambito del Protocollo d\u2019Intesa tra Terna e il Ministero dell\u2019Interno, una nuova collaborazione strutturata per accrescere le attivit\u00e0 di protezione e sicurezza del sistema elettrico nazionale: da taliContinue reading...","og_url":"https:\/\/www.article-marketing.eu\/comunicatistampa\/reti-elettriche-siglato-accordo-terna-polizia-il-punto-dellad-e-dg-stefano-donnarumma\/","og_site_name":"Article Marketing","article_published_time":"2023-01-13T06:02:26+00:00","og_image":[{"url":"https:\/\/www.greengoenergy.eu\/wp-content\/uploads\/2022\/11\/stefano-donnarumma-terna-ad2.jpg","type":"","width":"","height":""}],"author":"pressreleaself","twitter_card":"summary_large_image","twitter_misc":{"Scritto da":"pressreleaself","Tempo di lettura stimato":"3 minuti"},"schema":{"@context":"https:\/\/schema.org","@graph":[{"@type":"Article","@id":"https:\/\/www.article-marketing.eu\/comunicatistampa\/reti-elettriche-siglato-accordo-terna-polizia-il-punto-dellad-e-dg-stefano-donnarumma\/#article","isPartOf":{"@id":"https:\/\/www.article-marketing.eu\/comunicatistampa\/reti-elettriche-siglato-accordo-terna-polizia-il-punto-dellad-e-dg-stefano-donnarumma\/"},"author":{"name":"pressreleaself","@id":"https:\/\/www.article-marketing.eu\/comunicatistampa\/#\/schema\/person\/e12b1bc04ee2394a2e51cf979ebbbbb6"},"headline":"Reti elettriche, siglato accordo Terna &#8211; Polizia: il punto dell\u2019AD e DG Stefano Donnarumma","datePublished":"2023-01-13T06:02:26+00:00","mainEntityOfPage":{"@id":"https:\/\/www.article-marketing.eu\/comunicatistampa\/reti-elettriche-siglato-accordo-terna-polizia-il-punto-dellad-e-dg-stefano-donnarumma\/"},"wordCount":407,"commentCount":0,"image":{"@id":"https:\/\/www.article-marketing.eu\/comunicatistampa\/reti-elettriche-siglato-accordo-terna-polizia-il-punto-dellad-e-dg-stefano-donnarumma\/#primaryimage"},"thumbnailUrl":"https:\/\/www.greengoenergy.eu\/wp-content\/uploads\/2022\/11\/stefano-donnarumma-terna-ad2.jpg","keywords":["Stefano Donnarumma","Terna"],"articleSection":["Economia e lavoro"],"inLanguage":"it-IT","potentialAction":[{"@type":"CommentAction","name":"Comment","target":["https:\/\/www.article-marketing.eu\/comunicatistampa\/reti-elettriche-siglato-accordo-terna-polizia-il-punto-dellad-e-dg-stefano-donnarumma\/#respond"]}]},{"@type":"WebPage","@id":"https:\/\/www.article-marketing.eu\/comunicatistampa\/reti-elettriche-siglato-accordo-terna-polizia-il-punto-dellad-e-dg-stefano-donnarumma\/","url":"https:\/\/www.article-marketing.eu\/comunicatistampa\/reti-elettriche-siglato-accordo-terna-polizia-il-punto-dellad-e-dg-stefano-donnarumma\/","name":"Reti elettriche, siglato accordo Terna - Polizia: il punto dell\u2019AD e DG Stefano Donnarumma","isPartOf":{"@id":"https:\/\/www.article-marketing.eu\/comunicatistampa\/#website"},"primaryImageOfPage":{"@id":"https:\/\/www.article-marketing.eu\/comunicatistampa\/reti-elettriche-siglato-accordo-terna-polizia-il-punto-dellad-e-dg-stefano-donnarumma\/#primaryimage"},"image":{"@id":"https:\/\/www.article-marketing.eu\/comunicatistampa\/reti-elettriche-siglato-accordo-terna-polizia-il-punto-dellad-e-dg-stefano-donnarumma\/#primaryimage"},"thumbnailUrl":"https:\/\/www.greengoenergy.eu\/wp-content\/uploads\/2022\/11\/stefano-donnarumma-terna-ad2.jpg","datePublished":"2023-01-13T06:02:26+00:00","author":{"@id":"https:\/\/www.article-marketing.eu\/comunicatistampa\/#\/schema\/person\/e12b1bc04ee2394a2e51cf979ebbbbb6"},"breadcrumb":{"@id":"https:\/\/www.article-marketing.eu\/comunicatistampa\/reti-elettriche-siglato-accordo-terna-polizia-il-punto-dellad-e-dg-stefano-donnarumma\/#breadcrumb"},"inLanguage":"it-IT","potentialAction":[{"@type":"ReadAction","target":["https:\/\/www.article-marketing.eu\/comunicatistampa\/reti-elettriche-siglato-accordo-terna-polizia-il-punto-dellad-e-dg-stefano-donnarumma\/"]}]},{"@type":"ImageObject","inLanguage":"it-IT","@id":"https:\/\/www.article-marketing.eu\/comunicatistampa\/reti-elettriche-siglato-accordo-terna-polizia-il-punto-dellad-e-dg-stefano-donnarumma\/#primaryimage","url":"https:\/\/www.greengoenergy.eu\/wp-content\/uploads\/2022\/11\/stefano-donnarumma-terna-ad2.jpg","contentUrl":"https:\/\/www.greengoenergy.eu\/wp-content\/uploads\/2022\/11\/stefano-donnarumma-terna-ad2.jpg"},{"@type":"BreadcrumbList","@id":"https:\/\/www.article-marketing.eu\/comunicatistampa\/reti-elettriche-siglato-accordo-terna-polizia-il-punto-dellad-e-dg-stefano-donnarumma\/#breadcrumb","itemListElement":[{"@type":"ListItem","position":1,"name":"Home","item":"https:\/\/www.article-marketing.eu\/comunicatistampa\/"},{"@type":"ListItem","position":2,"name":"Reti elettriche, siglato accordo Terna &#8211; Polizia: il punto dell\u2019AD e DG Stefano Donnarumma"}]},{"@type":"WebSite","@id":"https:\/\/www.article-marketing.eu\/comunicatistampa\/#website","url":"https:\/\/www.article-marketing.eu\/comunicatistampa\/","name":"Article Marketing","description":"article marketing &amp; press release","potentialAction":[{"@type":"SearchAction","target":{"@type":"EntryPoint","urlTemplate":"https:\/\/www.article-marketing.eu\/comunicatistampa\/?s={search_term_string}"},"query-input":{"@type":"PropertyValueSpecification","valueRequired":true,"valueName":"search_term_string"}}],"inLanguage":"it-IT"},{"@type":"Person","@id":"https:\/\/www.article-marketing.eu\/comunicatistampa\/#\/schema\/person\/e12b1bc04ee2394a2e51cf979ebbbbb6","name":"pressreleaself","image":{"@type":"ImageObject","inLanguage":"it-IT","@id":"https:\/\/secure.gravatar.com\/avatar\/58b2e897ca1b290b3c87ba2112be22b2d12e7af8fea0975d839430be1249d1a3?s=96&d=mm&r=g","url":"https:\/\/secure.gravatar.com\/avatar\/58b2e897ca1b290b3c87ba2112be22b2d12e7af8fea0975d839430be1249d1a3?s=96&d=mm&r=g","contentUrl":"https:\/\/secure.gravatar.com\/avatar\/58b2e897ca1b290b3c87ba2112be22b2d12e7af8fea0975d839430be1249d1a3?s=96&d=mm&r=g","caption":"pressreleaself"},"url":"https:\/\/www.article-marketing.eu\/comunicatistampa\/author\/pressreleaself\/"}]}},"_links":{"self":[{"href":"https:\/\/www.article-marketing.eu\/comunicatistampa\/wp-json\/wp\/v2\/posts\/25981","targetHints":{"allow":["GET"]}}],"collection":[{"href":"https:\/\/www.article-marketing.eu\/comunicatistampa\/wp-json\/wp\/v2\/posts"}],"about":[{"href":"https:\/\/www.article-marketing.eu\/comunicatistampa\/wp-json\/wp\/v2\/types\/post"}],"author":[{"embeddable":true,"href":"https:\/\/www.article-marketing.eu\/comunicatistampa\/wp-json\/wp\/v2\/users\/7206"}],"replies":[{"embeddable":true,"href":"https:\/\/www.article-marketing.eu\/comunicatistampa\/wp-json\/wp\/v2\/comments?post=25981"}],"version-history":[{"count":2,"href":"https:\/\/www.article-marketing.eu\/comunicatistampa\/wp-json\/wp\/v2\/posts\/25981\/revisions"}],"predecessor-version":[{"id":26019,"href":"https:\/\/www.article-marketing.eu\/comunicatistampa\/wp-json\/wp\/v2\/posts\/25981\/revisions\/26019"}],"wp:attachment":[{"href":"https:\/\/www.article-marketing.eu\/comunicatistampa\/wp-json\/wp\/v2\/media?parent=25981"}],"wp:term":[{"taxonomy":"category","embeddable":true,"href":"https:\/\/www.article-marketing.eu\/comunicatistampa\/wp-json\/wp\/v2\/categories?post=25981"},{"taxonomy":"post_tag","embeddable":true,"href":"https:\/\/www.article-marketing.eu\/comunicatistampa\/wp-json\/wp\/v2\/tags?post=25981"}],"curies":[{"name":"wp","href":"https:\/\/api.w.org\/{rel}","templated":true}]}}