{"id":25983,"date":"2023-01-11T15:56:55","date_gmt":"2023-01-11T14:56:55","guid":{"rendered":"https:\/\/www.article-marketing.eu\/comunicatistampa\/?p=25983"},"modified":"2023-01-11T15:56:55","modified_gmt":"2023-01-11T14:56:55","slug":"cielo-e-terra-supporta-l-r-vicenza-con-le-eccellenze-di-casa-defra","status":"publish","type":"post","link":"https:\/\/www.article-marketing.eu\/comunicatistampa\/cielo-e-terra-supporta-l-r-vicenza-con-le-eccellenze-di-casa-defra\/","title":{"rendered":"Cielo e Terra supporta L.R. Vicenza  con le eccellenze di Casa Defr\u00e0"},"content":{"rendered":"<p><em>Le celebri etichette premium a corredo del<\/em><em>la squadra calcistica pi\u00f9 antica del Veneto, per un campionato ricco di emozioni. I valori dello sport e quelli del lavoro per un territorio tutto da gustare.<\/em><\/p>\n<p>&nbsp;<\/p>\n<p><strong>L\u2019azienda vicentina<\/strong>, nata nel 1908 e che oggi \u00e8 composta dall\u2019unione della famiglia Cielo e dei viticoltori delle Cantine dei Colli Berici <strong>sigla la sponsorizzazione con L.R. Vicenza<\/strong>, altra storica realt\u00e0 del territorio. La <strong>L.R. Vicenza<\/strong> \u00e8 infatti <strong>il pi\u00f9 antico club calcistico del Veneto<\/strong> e oggi <strong>milita in Serie C<\/strong> vantando <strong>il pi\u00f9 alto numero di abbonati per una squadra di terza divisione<\/strong>.<\/p>\n<p>Il profondo legame con il territorio che l\u2019ha vista nascere e svilupparsi fino a diventare <strong>un\u2019azienda leader nella produzione e commercializzazione del vino nel rispetto dei principi etici e di sostenibilit\u00e0 integrata, ha spinto Cielo e Terra a supportare la rosa biancorossa per il campionato 2022-2023.<\/strong><\/p>\n<p>L\u2019amore per la propria terra e che ne caratterizza i prodotti di altissima qualit\u00e0, ma anche l\u2019attenzione all\u2019area in cui opera, sono alla base della filosofia di <strong>Cielo e Terra<\/strong> che con Casa Defr\u00e0 comparir\u00e0 in foto, cartelloni a bordo campo, sul sito e negli eventi della societ\u00e0 sportiva, oltre che nell\u2019area hospitality delle partite casalinghe. Come <strong>supporter di L.R. Vicenza<\/strong> la nota cantina vicentina <strong>tra la propria ampia gamma ha scelto i vini premium di Casa Defr\u00e0<\/strong> <strong>con le selezioni Doc Colli Berici, <\/strong><strong>Rosso Riserva, Bianco Superiore e Barbarano<\/strong>. Etichette ben note ben oltre i confini regionali e che in ambito locale sono <strong>presenti in diversi punti vendita del vicentino<\/strong>, tra cui i gruppi Al\u00ec, Conad, Eurospar, Famila e affianca la linea dei monovarietali doc, con un ottimo rapporto prezzo qualit\u00e0, la linea premium, frutto della stretta collaborazioni ventennale con i viticoltori delle Cantine dei Colli Berici, unendo vitigni locali con quelli pi\u00f9 importanti e rinomati per celebrare i momenti speciali.<\/p>\n<p>Gioco di squadra, dinamismo, passione e il desiderio di sottolineare con gusto i momenti di valore sono i fattori accomunanti tra le due <strong>espressioni di <\/strong><strong>un\u2019area geografica conosciuta per la qualit\u00e0, declinata in molteplici aspetti<\/strong>, dalle bellezze naturali a quelle storico\/artistiche, dalle eccellenze enogastronomiche a quelle imprenditoriali. Cielo \u00e8 Terra \u00e8 nota per i tanti <strong>interventi a favore della collettivit\u00e0, come il restauro della villa in stile palladiano \u201cLa Favorita\u201d, le visite delle scolaresche, la partecipazione a eventi locali,<\/strong> caratterizzandosi non solo per il valore delle produzioni, ma anche per una mission che da anni promuove azioni rivolte alle persone e all\u2019ambiente, come il progetto EKU\u00d2 di Murialdo World onlus, con cui \u00e8 stato prodotto il primo vino &#8220;biosolidale&#8221;, oltre alle numerose attivit\u00e0 nel sociale di carattere internazionale. Un insieme di valori e atti concreti che hanno permesso a Cielo e Terra di diventare un punto di riferimento, non solo in termini produttivi, ma anche per essere una <strong>realt\u00e0 certificata B Corp<sup>\u00ae<\/sup>, recentemente divenuta Societ\u00e0 Benefit, nonch\u00e9 la pi\u00f9 grande azienda vitivinicola certificata in Europa<\/strong>, nonch\u00e9 una delle pi\u00f9 grandi a livello globale.<\/p>\n<p>Una sensibilit\u00e0 dimostrata anche su tematiche territoriali e nel mantenimento di un rapporto diretto con la societ\u00e0 in cui si inserisce, fino alla sponsorizzazione di L.R. Vicenza, confermando come la concezione che anima la cantina vicentina sia quella di esse un\u2019impresa intesa non solo come luogo produttivo, ma anche una realt\u00e0 fatta di persone con le quali condividere vision e mission in un contesto lavorativo, ma prima ancora, umano e perch\u00e9 no, anche sportivo.<\/p>\n<p>In attesa di brindare ai prossimi risultati in campo, di certo a Vicenza gi\u00e0 si festeggia per questo connubio tutto cittadino.<\/p>\n<p>&nbsp;<\/p>\n<p>www.cieloeterravini.com<\/p>\n<p>&nbsp;<\/p>\n<p><strong>Cielo e Terra<\/strong> nasce nel 1908, nelle campagne di Vicenza, vicino ai Castelli di Romeo e Giulietta, dove il<strong>\u00a0<\/strong>bisnonno<strong>\u00a0<\/strong>aveva acquistato un piccolo podere con vigneto, Casa Defr\u00e0.\u00a0Il\u00a0nonno Pietro<strong>\u00a0<\/strong>ha proseguito la guida dell\u2019azienda con grande passione impegno sociale. Oggi<strong>\u00a0<\/strong>alla guida ci sono\u00a0Luca e Pierpaolo Cielo, assieme ai soci delle Cantine dei Colli Berici unitisi all\u2019azienda della famiglia Cielo nel 1999. Attualmente conta 3000 ettari di vigneto tra Vincenza e Verona ed \u00e8 conosciuta in tutto il mondo con i marchi Cielo, Casa Defr\u00e0 e Bericanto. Il gruppo che nel 2021 ha sfiorato i 60 milioni si caratterizza per un approccio socialmente responsabile, orientato alla trasparenza e alla sostenibilit\u00e0. Dopo aver ottenuto la certificazione B Corp, l\u2019azienda ha aderito anche VIVA Sustainable, con l\u2019obiettivo di ottimizzare l\u2019impatto ambientale della filiera vite \u2013 vino. Prima realt\u00e0 vinicola italiana a introdurre in azienda il modello della Lean Organization, Cielo e Terra integra numerosi progetti con un piano di economia circolare, affermandosi come realt\u00e0 in grado di fronteggiare le sfide dei mercati mondiali ed attestare la sua presenza in oltre 60 Paesi.<\/p>\n","protected":false},"excerpt":{"rendered":"<p>Le celebri etichette premium a corredo della squadra calcistica pi\u00f9 antica del Veneto, per un campionato ricco di emozioni. I valori dello sport e quelli del lavoro per un territorio tutto da gustare. &nbsp; L\u2019azienda vicentina, nata nel 1908 e che oggi \u00e8 composta dall\u2019unione della famiglia Cielo e dei viticoltori delle Cantine dei Colli Berici sigla la sponsorizzazione con L.R. Vicenza, altra storica realt\u00e0 del territorio. La L.R. Vicenza<\/p>\n<p><a class=\"continue-reading\" href=\"https:\/\/www.article-marketing.eu\/comunicatistampa\/cielo-e-terra-supporta-l-r-vicenza-con-le-eccellenze-di-casa-defra\/\">Continue reading&#8230;<\/a><\/p>\n","protected":false},"author":397,"featured_media":0,"comment_status":"open","ping_status":"open","sticky":false,"template":"","format":"standard","meta":{"_monsterinsights_skip_tracking":false,"_monsterinsights_sitenote_active":false,"_monsterinsights_sitenote_note":"","_monsterinsights_sitenote_category":0,"footnotes":""},"categories":[78],"tags":[],"class_list":["post-25983","post","type-post","status-publish","format-standard","hentry","category-comunicati-stampa"],"yoast_head":"<!-- This site is optimized with the Yoast SEO plugin v27.3 - https:\/\/yoast.com\/product\/yoast-seo-wordpress\/ -->\n<title>Cielo e Terra supporta L.R. Vicenza con le eccellenze di Casa Defr\u00e0<\/title>\n<meta name=\"robots\" content=\"index, follow, max-snippet:-1, max-image-preview:large, max-video-preview:-1\" \/>\n<link rel=\"canonical\" href=\"https:\/\/www.article-marketing.eu\/comunicatistampa\/cielo-e-terra-supporta-l-r-vicenza-con-le-eccellenze-di-casa-defra\/\" \/>\n<meta property=\"og:locale\" content=\"it_IT\" \/>\n<meta property=\"og:type\" content=\"article\" \/>\n<meta property=\"og:title\" content=\"Cielo e Terra supporta L.R. Vicenza con le eccellenze di Casa Defr\u00e0\" \/>\n<meta property=\"og:description\" content=\"Le celebri etichette premium a corredo della squadra calcistica pi\u00f9 antica del Veneto, per un campionato ricco di emozioni. I valori dello sport e quelli del lavoro per un territorio tutto da gustare. &nbsp; L\u2019azienda vicentina, nata nel 1908 e che oggi \u00e8 composta dall\u2019unione della famiglia Cielo e dei viticoltori delle Cantine dei Colli Berici sigla la sponsorizzazione con L.R. Vicenza, altra storica realt\u00e0 del territorio. La L.R. VicenzaContinue reading...\" \/>\n<meta property=\"og:url\" content=\"https:\/\/www.article-marketing.eu\/comunicatistampa\/cielo-e-terra-supporta-l-r-vicenza-con-le-eccellenze-di-casa-defra\/\" \/>\n<meta property=\"og:site_name\" content=\"Article Marketing\" \/>\n<meta property=\"article:published_time\" content=\"2023-01-11T14:56:55+00:00\" \/>\n<meta name=\"author\" content=\"Borderline Agency\" \/>\n<meta name=\"twitter:card\" content=\"summary_large_image\" \/>\n<meta name=\"twitter:label1\" content=\"Scritto da\" \/>\n\t<meta name=\"twitter:data1\" content=\"Borderline Agency\" \/>\n\t<meta name=\"twitter:label2\" content=\"Tempo di lettura stimato\" \/>\n\t<meta name=\"twitter:data2\" content=\"5 minuti\" \/>\n<script type=\"application\/ld+json\" class=\"yoast-schema-graph\">{\"@context\":\"https:\\\/\\\/schema.org\",\"@graph\":[{\"@type\":\"Article\",\"@id\":\"https:\\\/\\\/www.article-marketing.eu\\\/comunicatistampa\\\/cielo-e-terra-supporta-l-r-vicenza-con-le-eccellenze-di-casa-defra\\\/#article\",\"isPartOf\":{\"@id\":\"https:\\\/\\\/www.article-marketing.eu\\\/comunicatistampa\\\/cielo-e-terra-supporta-l-r-vicenza-con-le-eccellenze-di-casa-defra\\\/\"},\"author\":{\"name\":\"Borderline Agency\",\"@id\":\"https:\\\/\\\/www.article-marketing.eu\\\/comunicatistampa\\\/#\\\/schema\\\/person\\\/1c4ab1c7aad84347e26e78235da6ff1b\"},\"headline\":\"Cielo e Terra supporta L.R. Vicenza con le eccellenze di Casa Defr\u00e0\",\"datePublished\":\"2023-01-11T14:56:55+00:00\",\"mainEntityOfPage\":{\"@id\":\"https:\\\/\\\/www.article-marketing.eu\\\/comunicatistampa\\\/cielo-e-terra-supporta-l-r-vicenza-con-le-eccellenze-di-casa-defra\\\/\"},\"wordCount\":794,\"commentCount\":0,\"articleSection\":[\"Comunicati stampa\"],\"inLanguage\":\"it-IT\",\"potentialAction\":[{\"@type\":\"CommentAction\",\"name\":\"Comment\",\"target\":[\"https:\\\/\\\/www.article-marketing.eu\\\/comunicatistampa\\\/cielo-e-terra-supporta-l-r-vicenza-con-le-eccellenze-di-casa-defra\\\/#respond\"]}]},{\"@type\":\"WebPage\",\"@id\":\"https:\\\/\\\/www.article-marketing.eu\\\/comunicatistampa\\\/cielo-e-terra-supporta-l-r-vicenza-con-le-eccellenze-di-casa-defra\\\/\",\"url\":\"https:\\\/\\\/www.article-marketing.eu\\\/comunicatistampa\\\/cielo-e-terra-supporta-l-r-vicenza-con-le-eccellenze-di-casa-defra\\\/\",\"name\":\"Cielo e Terra supporta L.R. Vicenza con le eccellenze di Casa Defr\u00e0\",\"isPartOf\":{\"@id\":\"https:\\\/\\\/www.article-marketing.eu\\\/comunicatistampa\\\/#website\"},\"datePublished\":\"2023-01-11T14:56:55+00:00\",\"author\":{\"@id\":\"https:\\\/\\\/www.article-marketing.eu\\\/comunicatistampa\\\/#\\\/schema\\\/person\\\/1c4ab1c7aad84347e26e78235da6ff1b\"},\"breadcrumb\":{\"@id\":\"https:\\\/\\\/www.article-marketing.eu\\\/comunicatistampa\\\/cielo-e-terra-supporta-l-r-vicenza-con-le-eccellenze-di-casa-defra\\\/#breadcrumb\"},\"inLanguage\":\"it-IT\",\"potentialAction\":[{\"@type\":\"ReadAction\",\"target\":[\"https:\\\/\\\/www.article-marketing.eu\\\/comunicatistampa\\\/cielo-e-terra-supporta-l-r-vicenza-con-le-eccellenze-di-casa-defra\\\/\"]}]},{\"@type\":\"BreadcrumbList\",\"@id\":\"https:\\\/\\\/www.article-marketing.eu\\\/comunicatistampa\\\/cielo-e-terra-supporta-l-r-vicenza-con-le-eccellenze-di-casa-defra\\\/#breadcrumb\",\"itemListElement\":[{\"@type\":\"ListItem\",\"position\":1,\"name\":\"Home\",\"item\":\"https:\\\/\\\/www.article-marketing.eu\\\/comunicatistampa\\\/\"},{\"@type\":\"ListItem\",\"position\":2,\"name\":\"Cielo e Terra supporta L.R. Vicenza con le eccellenze di Casa Defr\u00e0\"}]},{\"@type\":\"WebSite\",\"@id\":\"https:\\\/\\\/www.article-marketing.eu\\\/comunicatistampa\\\/#website\",\"url\":\"https:\\\/\\\/www.article-marketing.eu\\\/comunicatistampa\\\/\",\"name\":\"Article Marketing\",\"description\":\"article marketing &amp; press release\",\"potentialAction\":[{\"@type\":\"SearchAction\",\"target\":{\"@type\":\"EntryPoint\",\"urlTemplate\":\"https:\\\/\\\/www.article-marketing.eu\\\/comunicatistampa\\\/?s={search_term_string}\"},\"query-input\":{\"@type\":\"PropertyValueSpecification\",\"valueRequired\":true,\"valueName\":\"search_term_string\"}}],\"inLanguage\":\"it-IT\"},{\"@type\":\"Person\",\"@id\":\"https:\\\/\\\/www.article-marketing.eu\\\/comunicatistampa\\\/#\\\/schema\\\/person\\\/1c4ab1c7aad84347e26e78235da6ff1b\",\"name\":\"Borderline Agency\",\"image\":{\"@type\":\"ImageObject\",\"inLanguage\":\"it-IT\",\"@id\":\"https:\\\/\\\/secure.gravatar.com\\\/avatar\\\/741fa053101610cb0be7dc835c116926549ae4ae2142ff35eac04d78fda61461?s=96&d=mm&r=g\",\"url\":\"https:\\\/\\\/secure.gravatar.com\\\/avatar\\\/741fa053101610cb0be7dc835c116926549ae4ae2142ff35eac04d78fda61461?s=96&d=mm&r=g\",\"contentUrl\":\"https:\\\/\\\/secure.gravatar.com\\\/avatar\\\/741fa053101610cb0be7dc835c116926549ae4ae2142ff35eac04d78fda61461?s=96&d=mm&r=g\",\"caption\":\"Borderline Agency\"},\"url\":\"https:\\\/\\\/www.article-marketing.eu\\\/comunicatistampa\\\/author\\\/borderline-agency\\\/\"}]}<\/script>\n<!-- \/ Yoast SEO plugin. -->","yoast_head_json":{"title":"Cielo e Terra supporta L.R. Vicenza con le eccellenze di Casa Defr\u00e0","robots":{"index":"index","follow":"follow","max-snippet":"max-snippet:-1","max-image-preview":"max-image-preview:large","max-video-preview":"max-video-preview:-1"},"canonical":"https:\/\/www.article-marketing.eu\/comunicatistampa\/cielo-e-terra-supporta-l-r-vicenza-con-le-eccellenze-di-casa-defra\/","og_locale":"it_IT","og_type":"article","og_title":"Cielo e Terra supporta L.R. Vicenza con le eccellenze di Casa Defr\u00e0","og_description":"Le celebri etichette premium a corredo della squadra calcistica pi\u00f9 antica del Veneto, per un campionato ricco di emozioni. I valori dello sport e quelli del lavoro per un territorio tutto da gustare. &nbsp; L\u2019azienda vicentina, nata nel 1908 e che oggi \u00e8 composta dall\u2019unione della famiglia Cielo e dei viticoltori delle Cantine dei Colli Berici sigla la sponsorizzazione con L.R. Vicenza, altra storica realt\u00e0 del territorio. La L.R. VicenzaContinue reading...","og_url":"https:\/\/www.article-marketing.eu\/comunicatistampa\/cielo-e-terra-supporta-l-r-vicenza-con-le-eccellenze-di-casa-defra\/","og_site_name":"Article Marketing","article_published_time":"2023-01-11T14:56:55+00:00","author":"Borderline Agency","twitter_card":"summary_large_image","twitter_misc":{"Scritto da":"Borderline Agency","Tempo di lettura stimato":"5 minuti"},"schema":{"@context":"https:\/\/schema.org","@graph":[{"@type":"Article","@id":"https:\/\/www.article-marketing.eu\/comunicatistampa\/cielo-e-terra-supporta-l-r-vicenza-con-le-eccellenze-di-casa-defra\/#article","isPartOf":{"@id":"https:\/\/www.article-marketing.eu\/comunicatistampa\/cielo-e-terra-supporta-l-r-vicenza-con-le-eccellenze-di-casa-defra\/"},"author":{"name":"Borderline Agency","@id":"https:\/\/www.article-marketing.eu\/comunicatistampa\/#\/schema\/person\/1c4ab1c7aad84347e26e78235da6ff1b"},"headline":"Cielo e Terra supporta L.R. Vicenza con le eccellenze di Casa Defr\u00e0","datePublished":"2023-01-11T14:56:55+00:00","mainEntityOfPage":{"@id":"https:\/\/www.article-marketing.eu\/comunicatistampa\/cielo-e-terra-supporta-l-r-vicenza-con-le-eccellenze-di-casa-defra\/"},"wordCount":794,"commentCount":0,"articleSection":["Comunicati stampa"],"inLanguage":"it-IT","potentialAction":[{"@type":"CommentAction","name":"Comment","target":["https:\/\/www.article-marketing.eu\/comunicatistampa\/cielo-e-terra-supporta-l-r-vicenza-con-le-eccellenze-di-casa-defra\/#respond"]}]},{"@type":"WebPage","@id":"https:\/\/www.article-marketing.eu\/comunicatistampa\/cielo-e-terra-supporta-l-r-vicenza-con-le-eccellenze-di-casa-defra\/","url":"https:\/\/www.article-marketing.eu\/comunicatistampa\/cielo-e-terra-supporta-l-r-vicenza-con-le-eccellenze-di-casa-defra\/","name":"Cielo e Terra supporta L.R. Vicenza con le eccellenze di Casa Defr\u00e0","isPartOf":{"@id":"https:\/\/www.article-marketing.eu\/comunicatistampa\/#website"},"datePublished":"2023-01-11T14:56:55+00:00","author":{"@id":"https:\/\/www.article-marketing.eu\/comunicatistampa\/#\/schema\/person\/1c4ab1c7aad84347e26e78235da6ff1b"},"breadcrumb":{"@id":"https:\/\/www.article-marketing.eu\/comunicatistampa\/cielo-e-terra-supporta-l-r-vicenza-con-le-eccellenze-di-casa-defra\/#breadcrumb"},"inLanguage":"it-IT","potentialAction":[{"@type":"ReadAction","target":["https:\/\/www.article-marketing.eu\/comunicatistampa\/cielo-e-terra-supporta-l-r-vicenza-con-le-eccellenze-di-casa-defra\/"]}]},{"@type":"BreadcrumbList","@id":"https:\/\/www.article-marketing.eu\/comunicatistampa\/cielo-e-terra-supporta-l-r-vicenza-con-le-eccellenze-di-casa-defra\/#breadcrumb","itemListElement":[{"@type":"ListItem","position":1,"name":"Home","item":"https:\/\/www.article-marketing.eu\/comunicatistampa\/"},{"@type":"ListItem","position":2,"name":"Cielo e Terra supporta L.R. Vicenza con le eccellenze di Casa Defr\u00e0"}]},{"@type":"WebSite","@id":"https:\/\/www.article-marketing.eu\/comunicatistampa\/#website","url":"https:\/\/www.article-marketing.eu\/comunicatistampa\/","name":"Article Marketing","description":"article marketing &amp; press release","potentialAction":[{"@type":"SearchAction","target":{"@type":"EntryPoint","urlTemplate":"https:\/\/www.article-marketing.eu\/comunicatistampa\/?s={search_term_string}"},"query-input":{"@type":"PropertyValueSpecification","valueRequired":true,"valueName":"search_term_string"}}],"inLanguage":"it-IT"},{"@type":"Person","@id":"https:\/\/www.article-marketing.eu\/comunicatistampa\/#\/schema\/person\/1c4ab1c7aad84347e26e78235da6ff1b","name":"Borderline Agency","image":{"@type":"ImageObject","inLanguage":"it-IT","@id":"https:\/\/secure.gravatar.com\/avatar\/741fa053101610cb0be7dc835c116926549ae4ae2142ff35eac04d78fda61461?s=96&d=mm&r=g","url":"https:\/\/secure.gravatar.com\/avatar\/741fa053101610cb0be7dc835c116926549ae4ae2142ff35eac04d78fda61461?s=96&d=mm&r=g","contentUrl":"https:\/\/secure.gravatar.com\/avatar\/741fa053101610cb0be7dc835c116926549ae4ae2142ff35eac04d78fda61461?s=96&d=mm&r=g","caption":"Borderline Agency"},"url":"https:\/\/www.article-marketing.eu\/comunicatistampa\/author\/borderline-agency\/"}]}},"_links":{"self":[{"href":"https:\/\/www.article-marketing.eu\/comunicatistampa\/wp-json\/wp\/v2\/posts\/25983","targetHints":{"allow":["GET"]}}],"collection":[{"href":"https:\/\/www.article-marketing.eu\/comunicatistampa\/wp-json\/wp\/v2\/posts"}],"about":[{"href":"https:\/\/www.article-marketing.eu\/comunicatistampa\/wp-json\/wp\/v2\/types\/post"}],"author":[{"embeddable":true,"href":"https:\/\/www.article-marketing.eu\/comunicatistampa\/wp-json\/wp\/v2\/users\/397"}],"replies":[{"embeddable":true,"href":"https:\/\/www.article-marketing.eu\/comunicatistampa\/wp-json\/wp\/v2\/comments?post=25983"}],"version-history":[{"count":2,"href":"https:\/\/www.article-marketing.eu\/comunicatistampa\/wp-json\/wp\/v2\/posts\/25983\/revisions"}],"predecessor-version":[{"id":26008,"href":"https:\/\/www.article-marketing.eu\/comunicatistampa\/wp-json\/wp\/v2\/posts\/25983\/revisions\/26008"}],"wp:attachment":[{"href":"https:\/\/www.article-marketing.eu\/comunicatistampa\/wp-json\/wp\/v2\/media?parent=25983"}],"wp:term":[{"taxonomy":"category","embeddable":true,"href":"https:\/\/www.article-marketing.eu\/comunicatistampa\/wp-json\/wp\/v2\/categories?post=25983"},{"taxonomy":"post_tag","embeddable":true,"href":"https:\/\/www.article-marketing.eu\/comunicatistampa\/wp-json\/wp\/v2\/tags?post=25983"}],"curies":[{"name":"wp","href":"https:\/\/api.w.org\/{rel}","templated":true}]}}