{"id":26035,"date":"2023-02-01T07:30:04","date_gmt":"2023-02-01T06:30:04","guid":{"rendered":"https:\/\/www.article-marketing.eu\/comunicatistampa\/?p=26035"},"modified":"2023-01-31T08:17:46","modified_gmt":"2023-01-31T07:17:46","slug":"collezionismo-torna-l11-e-12-marzo-2023-il-memorial-correale","status":"publish","type":"post","link":"https:\/\/www.article-marketing.eu\/comunicatistampa\/collezionismo-torna-l11-e-12-marzo-2023-il-memorial-correale\/","title":{"rendered":"Collezionismo: Torna l&#8217;11 e 12 marzo 2023 il Memorial Correale"},"content":{"rendered":"<p style=\"text-align: center;\"><img loading=\"lazy\" decoding=\"async\" class=\"aligncenter\" src=\"http:\/\/xoom.virgilio.it\/source_filemanager\/cl\/lu\/clubdeltempolibero\/Flyer%20Facebook%20Memorial%20Correale%20%5Bnuovo%29%202_modificata%20%281%29.png\" alt=\"\" width=\"650\" height=\"262\" \/><\/p>\n<h2 style=\"text-align: center;\">\u00a0 \u00a0 \u00a0 \u00a0<strong><span style=\"color: #990000;\">Memorial Correale<\/span><\/strong><\/h2>\n<div class=\"panel-col panel-col-1 panel-col-only sp-panel-col\" style=\"text-align: center;\">\n<p><strong><big><big><big><span style=\"font-family: Harrington;\">Sabato 11 e domenica 12 marzo 2023<\/span><\/big><\/big><\/big><\/strong><\/p>\n<h4 style=\"text-align: center;\"><strong><big><big><big><span style=\"color: #990000; font-family: Harrington;\">Castellammare di Stabia<\/span><span style=\"font-family: Harrington;\">\u00a0(Napoli)<\/span><\/big><\/big><\/big><\/strong><\/h4>\n<\/div>\n<h4 style=\"text-align: left;\"><img loading=\"lazy\" decoding=\"async\" class=\"aligncenter\" src=\"http:\/\/xoom.virgilio.it\/source_filemanager\/cl\/lu\/clubdeltempolibero\/Promozione%20nuova%20web.png\" width=\"650\" height=\"470\" \/><\/h4>\n<h4 style=\"text-align: left;\"><strong>Per tutti gli appassionati collezionisti e curiosi, sabato 11 e domenica 12 marzo 2023\u00a0<\/strong><strong>a Castellammare di Stabia,\u00a0<\/strong><strong>comune della citt\u00e0 metropolitana di Napoli, un evento imperdibile.<\/strong><\/h4>\n<h4 style=\"font-weight: 400;\"><strong>Torna la manifestazione\u00a0<em>Memorial Correale,<\/em>\u00a0organizzata dall\u2019Associazione Circolo Tempo Libero,\u00a0<\/strong><strong>in memoria del defunto presidente\u00a0Salvatore Correale,\u00a0attirando centinaia di visitatori e partecipanti provenienti da ogni regione d\u2019Italia.<\/strong><\/h4>\n<p>&nbsp;<\/p>\n<h4 style=\"font-weight: 400;\"><strong><img loading=\"lazy\" decoding=\"async\" class=\"aligncenter\" src=\"https:\/\/circolotempolibero.files.wordpress.com\/2023\/01\/img_20221113_111003_modificata.jpg?w=1024\" width=\"650\" height=\"494\" \/><\/strong><\/h4>\n<h4><\/h4>\n<h4 style=\"font-weight: 400;\"><strong>Si terr\u00e0 presso la sala espositiva\u00a0dell&#8217;Hotel Queen Daisy,\u00a0che si trova in via Schito n.185, completamente video sorvegliata,\u00a0<\/strong><strong>con ampi spazi, per muoversi liberamente in piena sicurezza e tranquillit\u00e0, pi\u00f9 di 1000 metri quadrati di rarit\u00e0.<\/strong><\/h4>\n<p>&nbsp;<\/p>\n<h4><img loading=\"lazy\" decoding=\"async\" class=\"aligncenter\" src=\"https:\/\/circolotempolibero.files.wordpress.com\/2023\/01\/img-20221115-wa0112_modificata.jpg?w=1024\" width=\"650\" height=\"494\" \/><\/h4>\n<h4><\/h4>\n<h4 style=\"font-weight: 400;\"><strong>Storico appuntamento unico nel suo genere\u00a0dal 1994,\u00a0giunto alla 57\u00b0 edizione, ha sempre garantito massima accoglienza\u00a0<\/strong><strong>ai collezionisti, ambiente sicuro, presenza di materiale certificato e dichiarazione di autenticit\u00e0,\u00a0<\/strong><strong>con l&#8217;esperienza professionale di periti nominati dal Tribunale, dalla Camera di Commercio, esperti iscritti alla\u00a0NIP, N.I.A e alla FSFI.<\/strong><\/h4>\n<p>&nbsp;<\/p>\n<h4><img loading=\"lazy\" decoding=\"async\" class=\"aligncenter\" src=\"https:\/\/circolotempolibero.files.wordpress.com\/2023\/01\/img-20221112-wa0014_modificata.jpg?w=1024\" width=\"650\" height=\"494\" \/><\/h4>\n<h4><\/h4>\n<h4 style=\"font-weight: 400;\"><strong>L\u2019ingresso \u00e8 gratuito, gli orari di apertura e chiusura sono sabato 11 marzo, dalle ore 9 alle 18, orario continuato,\u00a0<\/strong><strong>a disposizione servizio bar, sala ristorante, parcheggio custodito, con la possibilit\u00e0 di trattenersi sia a pranzo che a cena,\u00a0<\/strong><strong>men\u00f9 completo con specialit\u00e0 locali, nonostante le difficolt\u00e0 dovute alla crisi energetica, a soli \u20ac15.<\/strong><\/h4>\n<h4 style=\"font-weight: 400;\"><strong>Mentre domenica 12 marzo, l\u2019entrata sar\u00e0 esclusivamente di mattina, dalle ore 9 alle 13.<\/strong><\/h4>\n<p>&nbsp;<\/p>\n<h4><img loading=\"lazy\" decoding=\"async\" class=\"aligncenter\" src=\"https:\/\/circolotempolibero.files.wordpress.com\/2023\/01\/img_20221113_111117_modificata.jpg?w=1024\" width=\"650\" height=\"494\" \/><\/h4>\n<h4><\/h4>\n<h4 style=\"font-weight: 400;\"><strong>Sar\u00e0 una due giorni piena di emozioni, di condivisione e partecipazione tra oggetti\u00a0<\/strong><strong>da collezione, quasi sconosciuti, ormai in disuso, e assolute rarit\u00e0:<\/strong><\/h4>\n<h4 style=\"font-weight: 400;\"><strong>monete antiche e moderne, francobolli, banconote italiane ed estere, decorazioni militari, cartoline,\u00a0<\/strong><strong>storia postale, stampe, orologi, immagini sacre, carte telefoniche, quotidiani, locandine, libri, fumetti,\u00a0<\/strong><strong>figurine, giocattoli, oggettistica varia, accessori e raccoglitori per collezioni.<\/strong><\/h4>\n<p>&nbsp;<\/p>\n<h4><img loading=\"lazy\" decoding=\"async\" class=\"aligncenter\" src=\"https:\/\/circolotempolibero.files.wordpress.com\/2023\/01\/img_20221113_110818_modificata.jpg?w=1024\" width=\"650\" height=\"494\" \/><\/h4>\n<h4><\/h4>\n<h4 style=\"font-weight: 400;\"><strong>Un\u2019esperienza unica e rara per ispirare le menti, apprendere nozioni<\/strong><strong>storiche, geografiche, economiche e scientifiche.<\/strong><\/h4>\n<p>&nbsp;<\/p>\n<h4><img loading=\"lazy\" decoding=\"async\" class=\"aligncenter\" src=\"https:\/\/circolotempolibero.files.wordpress.com\/2023\/01\/img_20221113_111041_modificata.jpg?w=1024\" width=\"650\" height=\"494\" \/><\/h4>\n<h4><\/h4>\n<h4 style=\"font-weight: 400;\"><strong>Inoltre si potranno acquistare le ultime emissioni dell&#8217;IPZS &#8211; Istituto Poligrafico e Zecca dello Stato,\u00a0<\/strong><strong>il 2 euro dei\u00a0Giudici Falcone e Borsellino,\u00a0il 5 euro\u00a040\u00b0 Anniversario\u00a0<\/strong><strong>Italia Campione del mondo,\u00a0i 20 e 5 euro\u00a0Purgatorio di Dante nel 700\u00b0 anniversario,\u00a0<\/strong><strong>il 5 euro\u00a0di Alberto Sordi,\u00a0i 5 euro\u00a0delle Figurine Panini,\u00a0le emissioni della citt\u00e0 del Vaticano e di San Marino.<\/strong><\/h4>\n<p>&nbsp;<\/p>\n<h4><img loading=\"lazy\" decoding=\"async\" class=\"aligncenter\" src=\"https:\/\/circolotempolibero.files.wordpress.com\/2023\/01\/img-20221115-wa0038_modificata.jpg?w=1024\" width=\"647\" height=\"441\" \/><\/h4>\n<h4><\/h4>\n<h4><strong>Il Memorial Correale\u00a0\u00e8 il luogo ideale per dire basta alle fake news o truffe,\u00a0dove si potr\u00e0 acquistare per investire, vendere o dare un reale valore\u00a0agli oggetti da collezione, approfondendo la conoscenza attraverso lo studio,\u00a0coinvolgendo e appassionando le nuove generazioni, stimolandoli con sani valori e principi etici.<\/strong><\/h4>\n<p>&nbsp;<\/p>\n<p><img loading=\"lazy\" decoding=\"async\" class=\"aligncenter\" src=\"http:\/\/xoom.virgilio.it\/source_filemanager\/cl\/lu\/clubdeltempolibero\/Locandina%20marzo%202023%20a5%20front-retro%20web.png\" width=\"650\" height=\"455\" \/><\/p>\n<p><strong>\u00a0<\/strong><\/p>\n<p style=\"text-align: center;\"><strong>Dove siamo<\/strong><\/p>\n<p><img loading=\"lazy\" decoding=\"async\" class=\"aligncenter\" src=\"https:\/\/sito.libero.it\/circolotempolibero\/wp-content\/uploads\/sites\/2171\/2021\/05\/8_2021-05-23_21_30_42.jpg\" width=\"500\" height=\"333\" \/><\/p>\n<p><img decoding=\"async\" class=\"aligncenter\" src=\"https:\/\/sito.libero.it\/circolotempolibero\/wp-content\/uploads\/sites\/2171\/2021\/05\/logo-queen.png\" \/><\/p>\n<p><img loading=\"lazy\" decoding=\"async\" class=\"aligncenter\" src=\"http:\/\/xoom.virgilio.it\/source_filemanager\/cl\/lu\/clubdeltempolibero\/descrizione.png\" width=\"649\" height=\"293\" \/><\/p>\n<h4 style=\"text-align: center;\"><strong>Per ulteriori informazioni:<\/strong><strong><br \/>\n<\/strong><\/h4>\n<h4 style=\"text-align: center;\"><a href=\"https:\/\/clubdeltempolibero.xoom.it\"><strong>Associazione Circolo Tempo Libero\u00a0<\/strong><\/a><\/h4>\n<h4 style=\"text-align: center;\"><strong>Iscritta alla\u00a0<a href=\"http:\/\/www.filatelia.info\">FSFI &#8211;\u00a0<\/a><\/strong><strong>Federazione fra le Societ\u00e0 Filateliche Italiane<\/strong><\/h4>\n<h4 style=\"text-align: center;\"><strong>Email:\u00a0clubdeltempolibero@gmail.com<\/strong><\/h4>\n<h4 style=\"text-align: center;\"><strong>Telefono:\u00a0(+39) 3498125912\u00a0<\/strong><a href=\"https:\/\/it.linkedin.com\/in\/attilio-maglio-7ab869115\"><strong>(Attilio Maglio)<\/strong><\/a><\/h4>\n<h4 style=\"text-align: center;\"><strong>Pagina Facebook:\u00a0<\/strong><strong>Associazione Circolo Tempo Libero<\/strong><\/h4>\n<h4 style=\"text-align: center;\"><strong>\u00a0Siamo presenti sui maggiori social media marketing<\/strong><\/h4>\n<p><img decoding=\"async\" class=\"alignleft\" src=\"https:\/\/sito.libero.it\/circolotempolibero\/wp-content\/uploads\/sites\/2171\/2021\/05\/93d6446945bab233fa32d3f2b1bdf848.png.76796e80f2c9fb71a49a26330af54434.png\" \/>\u00a0<img decoding=\"async\" class=\"alignleft\" src=\"https:\/\/sito.libero.it\/circolotempolibero\/wp-content\/uploads\/sites\/2171\/2021\/05\/d23bbe5255966d4cdd3a58b7034ea758.png.b73f2d91a6a5889e78b8d22046178f0c.png\" \/>\u00a0<img decoding=\"async\" class=\"alignleft\" src=\"https:\/\/sito.libero.it\/circolotempolibero\/wp-content\/uploads\/sites\/2171\/2021\/05\/87e5450901cd3692b7f62aec7e112953.png.b494d9b93e8bcc13727a8828dcd79349.png\" \/>\u00a0<img decoding=\"async\" class=\"alignleft\" src=\"https:\/\/sito.libero.it\/circolotempolibero\/wp-content\/uploads\/sites\/2171\/2021\/05\/f7e04def6e09a6e6ee21bf291fd14f85.png.61998666536ca13e8243249ef8aff285.png\" \/>\u00a0<img decoding=\"async\" class=\"alignleft\" src=\"https:\/\/sito.libero.it\/circolotempolibero\/wp-content\/uploads\/sites\/2171\/2021\/05\/f5c871c02f4c4c281c43f764a8b2885e.png.69cc77f29571beccc8f4272631019252.png\" \/>\u00a0<img decoding=\"async\" class=\"alignleft\" src=\"https:\/\/sito.libero.it\/circolotempolibero\/wp-content\/uploads\/sites\/2171\/2021\/05\/ff7c873c6bd570b781e4af6c6737230e.png.33bfbfcfa0d62e6a328faf082efacb76.png\" \/><\/p>\n","protected":false},"excerpt":{"rendered":"<p>\u00a0 \u00a0 \u00a0 \u00a0Memorial Correale Sabato 11 e domenica 12 marzo 2023 Castellammare di Stabia\u00a0(Napoli) Per tutti gli appassionati collezionisti e curiosi, sabato 11 e domenica 12 marzo 2023\u00a0a Castellammare di Stabia,\u00a0comune della citt\u00e0 metropolitana di Napoli, un evento imperdibile. Torna la manifestazione\u00a0Memorial Correale,\u00a0organizzata dall\u2019Associazione Circolo Tempo Libero,\u00a0in memoria del defunto presidente\u00a0Salvatore Correale,\u00a0attirando centinaia di visitatori e partecipanti provenienti da ogni regione d\u2019Italia. &nbsp; Si terr\u00e0 presso la sala espositiva\u00a0dell&#8217;Hotel<\/p>\n<p><a class=\"continue-reading\" href=\"https:\/\/www.article-marketing.eu\/comunicatistampa\/collezionismo-torna-l11-e-12-marzo-2023-il-memorial-correale\/\">Continue reading&#8230;<\/a><\/p>\n","protected":false},"author":4975,"featured_media":0,"comment_status":"open","ping_status":"open","sticky":false,"template":"","format":"standard","meta":{"_monsterinsights_skip_tracking":false,"_monsterinsights_sitenote_active":false,"_monsterinsights_sitenote_note":"","_monsterinsights_sitenote_category":0,"footnotes":""},"categories":[78,392],"tags":[10382,10183,1119,8628,8627,10363,10383],"class_list":["post-26035","post","type-post","status-publish","format-standard","hentry","category-comunicati-stampa","category-eventi","tag-cartamoneta","tag-cartoline","tag-collezionismo","tag-filatelia","tag-numismatica","tag-oggettistica","tag-telecarte"],"yoast_head":"<!-- This site is optimized with the Yoast SEO plugin v27.3 - https:\/\/yoast.com\/product\/yoast-seo-wordpress\/ -->\n<title>Collezionismo: Torna l&#039;11 e 12 marzo 2023 il Memorial Correale<\/title>\n<meta name=\"description\" content=\"Sar\u00e0 una due giorni piena di emozioni, di condivisione e partecipazione tra oggetti da collezione, ormai in disuso, e assolute rarit\u00e0.\" \/>\n<meta name=\"robots\" content=\"index, follow, max-snippet:-1, max-image-preview:large, max-video-preview:-1\" \/>\n<link rel=\"canonical\" href=\"https:\/\/www.article-marketing.eu\/comunicatistampa\/collezionismo-torna-l11-e-12-marzo-2023-il-memorial-correale\/\" \/>\n<meta property=\"og:locale\" content=\"it_IT\" \/>\n<meta property=\"og:type\" content=\"article\" \/>\n<meta property=\"og:title\" content=\"Collezionismo: Torna l&#039;11 e 12 marzo 2023 il Memorial Correale\" \/>\n<meta property=\"og:description\" content=\"Sar\u00e0 una due giorni piena di emozioni, di condivisione e partecipazione tra oggetti da collezione, ormai in disuso, e assolute rarit\u00e0.\" \/>\n<meta property=\"og:url\" content=\"https:\/\/www.article-marketing.eu\/comunicatistampa\/collezionismo-torna-l11-e-12-marzo-2023-il-memorial-correale\/\" \/>\n<meta property=\"og:site_name\" content=\"Article Marketing\" \/>\n<meta property=\"article:published_time\" content=\"2023-02-01T06:30:04+00:00\" \/>\n<meta property=\"og:image\" content=\"http:\/\/xoom.virgilio.it\/source_filemanager\/cl\/lu\/clubdeltempolibero\/Flyer%20Facebook%20Memorial%20Correale%20%5Bnuovo%29%202_modificata%20%281%29.png\" \/>\n<meta name=\"author\" content=\"clubdeltempolibero\" \/>\n<meta name=\"twitter:card\" content=\"summary_large_image\" \/>\n<meta name=\"twitter:label1\" content=\"Scritto da\" \/>\n\t<meta name=\"twitter:data1\" content=\"clubdeltempolibero\" \/>\n\t<meta name=\"twitter:label2\" content=\"Tempo di lettura stimato\" \/>\n\t<meta name=\"twitter:data2\" content=\"7 minuti\" \/>\n<script type=\"application\/ld+json\" class=\"yoast-schema-graph\">{\"@context\":\"https:\\\/\\\/schema.org\",\"@graph\":[{\"@type\":\"Article\",\"@id\":\"https:\\\/\\\/www.article-marketing.eu\\\/comunicatistampa\\\/collezionismo-torna-l11-e-12-marzo-2023-il-memorial-correale\\\/#article\",\"isPartOf\":{\"@id\":\"https:\\\/\\\/www.article-marketing.eu\\\/comunicatistampa\\\/collezionismo-torna-l11-e-12-marzo-2023-il-memorial-correale\\\/\"},\"author\":{\"name\":\"clubdeltempolibero\",\"@id\":\"https:\\\/\\\/www.article-marketing.eu\\\/comunicatistampa\\\/#\\\/schema\\\/person\\\/443878f0047340f53ce229037f4b7cfc\"},\"headline\":\"Collezionismo: Torna l&#8217;11 e 12 marzo 2023 il Memorial Correale\",\"datePublished\":\"2023-02-01T06:30:04+00:00\",\"mainEntityOfPage\":{\"@id\":\"https:\\\/\\\/www.article-marketing.eu\\\/comunicatistampa\\\/collezionismo-torna-l11-e-12-marzo-2023-il-memorial-correale\\\/\"},\"wordCount\":444,\"commentCount\":0,\"image\":{\"@id\":\"https:\\\/\\\/www.article-marketing.eu\\\/comunicatistampa\\\/collezionismo-torna-l11-e-12-marzo-2023-il-memorial-correale\\\/#primaryimage\"},\"thumbnailUrl\":\"http:\\\/\\\/xoom.virgilio.it\\\/source_filemanager\\\/cl\\\/lu\\\/clubdeltempolibero\\\/Flyer%20Facebook%20Memorial%20Correale%20%5Bnuovo%29%202_modificata%20%281%29.png\",\"keywords\":[\"cartamoneta\",\"cartoline\",\"collezionismo\",\"filatelia\",\"numismatica\",\"oggettistica\",\"telecarte\"],\"articleSection\":[\"Comunicati stampa\",\"Eventi\"],\"inLanguage\":\"it-IT\",\"potentialAction\":[{\"@type\":\"CommentAction\",\"name\":\"Comment\",\"target\":[\"https:\\\/\\\/www.article-marketing.eu\\\/comunicatistampa\\\/collezionismo-torna-l11-e-12-marzo-2023-il-memorial-correale\\\/#respond\"]}]},{\"@type\":\"WebPage\",\"@id\":\"https:\\\/\\\/www.article-marketing.eu\\\/comunicatistampa\\\/collezionismo-torna-l11-e-12-marzo-2023-il-memorial-correale\\\/\",\"url\":\"https:\\\/\\\/www.article-marketing.eu\\\/comunicatistampa\\\/collezionismo-torna-l11-e-12-marzo-2023-il-memorial-correale\\\/\",\"name\":\"Collezionismo: Torna l'11 e 12 marzo 2023 il Memorial Correale\",\"isPartOf\":{\"@id\":\"https:\\\/\\\/www.article-marketing.eu\\\/comunicatistampa\\\/#website\"},\"primaryImageOfPage\":{\"@id\":\"https:\\\/\\\/www.article-marketing.eu\\\/comunicatistampa\\\/collezionismo-torna-l11-e-12-marzo-2023-il-memorial-correale\\\/#primaryimage\"},\"image\":{\"@id\":\"https:\\\/\\\/www.article-marketing.eu\\\/comunicatistampa\\\/collezionismo-torna-l11-e-12-marzo-2023-il-memorial-correale\\\/#primaryimage\"},\"thumbnailUrl\":\"http:\\\/\\\/xoom.virgilio.it\\\/source_filemanager\\\/cl\\\/lu\\\/clubdeltempolibero\\\/Flyer%20Facebook%20Memorial%20Correale%20%5Bnuovo%29%202_modificata%20%281%29.png\",\"datePublished\":\"2023-02-01T06:30:04+00:00\",\"author\":{\"@id\":\"https:\\\/\\\/www.article-marketing.eu\\\/comunicatistampa\\\/#\\\/schema\\\/person\\\/443878f0047340f53ce229037f4b7cfc\"},\"description\":\"Sar\u00e0 una due giorni piena di emozioni, di condivisione e partecipazione tra oggetti da collezione, ormai in disuso, e assolute rarit\u00e0.\",\"breadcrumb\":{\"@id\":\"https:\\\/\\\/www.article-marketing.eu\\\/comunicatistampa\\\/collezionismo-torna-l11-e-12-marzo-2023-il-memorial-correale\\\/#breadcrumb\"},\"inLanguage\":\"it-IT\",\"potentialAction\":[{\"@type\":\"ReadAction\",\"target\":[\"https:\\\/\\\/www.article-marketing.eu\\\/comunicatistampa\\\/collezionismo-torna-l11-e-12-marzo-2023-il-memorial-correale\\\/\"]}]},{\"@type\":\"ImageObject\",\"inLanguage\":\"it-IT\",\"@id\":\"https:\\\/\\\/www.article-marketing.eu\\\/comunicatistampa\\\/collezionismo-torna-l11-e-12-marzo-2023-il-memorial-correale\\\/#primaryimage\",\"url\":\"http:\\\/\\\/xoom.virgilio.it\\\/source_filemanager\\\/cl\\\/lu\\\/clubdeltempolibero\\\/Flyer%20Facebook%20Memorial%20Correale%20%5Bnuovo%29%202_modificata%20%281%29.png\",\"contentUrl\":\"http:\\\/\\\/xoom.virgilio.it\\\/source_filemanager\\\/cl\\\/lu\\\/clubdeltempolibero\\\/Flyer%20Facebook%20Memorial%20Correale%20%5Bnuovo%29%202_modificata%20%281%29.png\"},{\"@type\":\"BreadcrumbList\",\"@id\":\"https:\\\/\\\/www.article-marketing.eu\\\/comunicatistampa\\\/collezionismo-torna-l11-e-12-marzo-2023-il-memorial-correale\\\/#breadcrumb\",\"itemListElement\":[{\"@type\":\"ListItem\",\"position\":1,\"name\":\"Home\",\"item\":\"https:\\\/\\\/www.article-marketing.eu\\\/comunicatistampa\\\/\"},{\"@type\":\"ListItem\",\"position\":2,\"name\":\"Collezionismo: Torna l&#8217;11 e 12 marzo 2023 il Memorial Correale\"}]},{\"@type\":\"WebSite\",\"@id\":\"https:\\\/\\\/www.article-marketing.eu\\\/comunicatistampa\\\/#website\",\"url\":\"https:\\\/\\\/www.article-marketing.eu\\\/comunicatistampa\\\/\",\"name\":\"Article Marketing\",\"description\":\"article marketing &amp; press release\",\"potentialAction\":[{\"@type\":\"SearchAction\",\"target\":{\"@type\":\"EntryPoint\",\"urlTemplate\":\"https:\\\/\\\/www.article-marketing.eu\\\/comunicatistampa\\\/?s={search_term_string}\"},\"query-input\":{\"@type\":\"PropertyValueSpecification\",\"valueRequired\":true,\"valueName\":\"search_term_string\"}}],\"inLanguage\":\"it-IT\"},{\"@type\":\"Person\",\"@id\":\"https:\\\/\\\/www.article-marketing.eu\\\/comunicatistampa\\\/#\\\/schema\\\/person\\\/443878f0047340f53ce229037f4b7cfc\",\"name\":\"clubdeltempolibero\",\"image\":{\"@type\":\"ImageObject\",\"inLanguage\":\"it-IT\",\"@id\":\"https:\\\/\\\/secure.gravatar.com\\\/avatar\\\/c7786cbe48906e75c8101c94c9d86aedb07835c89b79bd2f08563fd84ed637a8?s=96&d=mm&r=g\",\"url\":\"https:\\\/\\\/secure.gravatar.com\\\/avatar\\\/c7786cbe48906e75c8101c94c9d86aedb07835c89b79bd2f08563fd84ed637a8?s=96&d=mm&r=g\",\"contentUrl\":\"https:\\\/\\\/secure.gravatar.com\\\/avatar\\\/c7786cbe48906e75c8101c94c9d86aedb07835c89b79bd2f08563fd84ed637a8?s=96&d=mm&r=g\",\"caption\":\"clubdeltempolibero\"},\"url\":\"https:\\\/\\\/www.article-marketing.eu\\\/comunicatistampa\\\/author\\\/clubdeltempolibero\\\/\"}]}<\/script>\n<!-- \/ Yoast SEO plugin. -->","yoast_head_json":{"title":"Collezionismo: Torna l'11 e 12 marzo 2023 il Memorial Correale","description":"Sar\u00e0 una due giorni piena di emozioni, di condivisione e partecipazione tra oggetti da collezione, ormai in disuso, e assolute rarit\u00e0.","robots":{"index":"index","follow":"follow","max-snippet":"max-snippet:-1","max-image-preview":"max-image-preview:large","max-video-preview":"max-video-preview:-1"},"canonical":"https:\/\/www.article-marketing.eu\/comunicatistampa\/collezionismo-torna-l11-e-12-marzo-2023-il-memorial-correale\/","og_locale":"it_IT","og_type":"article","og_title":"Collezionismo: Torna l'11 e 12 marzo 2023 il Memorial Correale","og_description":"Sar\u00e0 una due giorni piena di emozioni, di condivisione e partecipazione tra oggetti da collezione, ormai in disuso, e assolute rarit\u00e0.","og_url":"https:\/\/www.article-marketing.eu\/comunicatistampa\/collezionismo-torna-l11-e-12-marzo-2023-il-memorial-correale\/","og_site_name":"Article Marketing","article_published_time":"2023-02-01T06:30:04+00:00","og_image":[{"url":"http:\/\/xoom.virgilio.it\/source_filemanager\/cl\/lu\/clubdeltempolibero\/Flyer%20Facebook%20Memorial%20Correale%20%5Bnuovo%29%202_modificata%20%281%29.png","type":"","width":"","height":""}],"author":"clubdeltempolibero","twitter_card":"summary_large_image","twitter_misc":{"Scritto da":"clubdeltempolibero","Tempo di lettura stimato":"7 minuti"},"schema":{"@context":"https:\/\/schema.org","@graph":[{"@type":"Article","@id":"https:\/\/www.article-marketing.eu\/comunicatistampa\/collezionismo-torna-l11-e-12-marzo-2023-il-memorial-correale\/#article","isPartOf":{"@id":"https:\/\/www.article-marketing.eu\/comunicatistampa\/collezionismo-torna-l11-e-12-marzo-2023-il-memorial-correale\/"},"author":{"name":"clubdeltempolibero","@id":"https:\/\/www.article-marketing.eu\/comunicatistampa\/#\/schema\/person\/443878f0047340f53ce229037f4b7cfc"},"headline":"Collezionismo: Torna l&#8217;11 e 12 marzo 2023 il Memorial Correale","datePublished":"2023-02-01T06:30:04+00:00","mainEntityOfPage":{"@id":"https:\/\/www.article-marketing.eu\/comunicatistampa\/collezionismo-torna-l11-e-12-marzo-2023-il-memorial-correale\/"},"wordCount":444,"commentCount":0,"image":{"@id":"https:\/\/www.article-marketing.eu\/comunicatistampa\/collezionismo-torna-l11-e-12-marzo-2023-il-memorial-correale\/#primaryimage"},"thumbnailUrl":"http:\/\/xoom.virgilio.it\/source_filemanager\/cl\/lu\/clubdeltempolibero\/Flyer%20Facebook%20Memorial%20Correale%20%5Bnuovo%29%202_modificata%20%281%29.png","keywords":["cartamoneta","cartoline","collezionismo","filatelia","numismatica","oggettistica","telecarte"],"articleSection":["Comunicati stampa","Eventi"],"inLanguage":"it-IT","potentialAction":[{"@type":"CommentAction","name":"Comment","target":["https:\/\/www.article-marketing.eu\/comunicatistampa\/collezionismo-torna-l11-e-12-marzo-2023-il-memorial-correale\/#respond"]}]},{"@type":"WebPage","@id":"https:\/\/www.article-marketing.eu\/comunicatistampa\/collezionismo-torna-l11-e-12-marzo-2023-il-memorial-correale\/","url":"https:\/\/www.article-marketing.eu\/comunicatistampa\/collezionismo-torna-l11-e-12-marzo-2023-il-memorial-correale\/","name":"Collezionismo: Torna l'11 e 12 marzo 2023 il Memorial Correale","isPartOf":{"@id":"https:\/\/www.article-marketing.eu\/comunicatistampa\/#website"},"primaryImageOfPage":{"@id":"https:\/\/www.article-marketing.eu\/comunicatistampa\/collezionismo-torna-l11-e-12-marzo-2023-il-memorial-correale\/#primaryimage"},"image":{"@id":"https:\/\/www.article-marketing.eu\/comunicatistampa\/collezionismo-torna-l11-e-12-marzo-2023-il-memorial-correale\/#primaryimage"},"thumbnailUrl":"http:\/\/xoom.virgilio.it\/source_filemanager\/cl\/lu\/clubdeltempolibero\/Flyer%20Facebook%20Memorial%20Correale%20%5Bnuovo%29%202_modificata%20%281%29.png","datePublished":"2023-02-01T06:30:04+00:00","author":{"@id":"https:\/\/www.article-marketing.eu\/comunicatistampa\/#\/schema\/person\/443878f0047340f53ce229037f4b7cfc"},"description":"Sar\u00e0 una due giorni piena di emozioni, di condivisione e partecipazione tra oggetti da collezione, ormai in disuso, e assolute rarit\u00e0.","breadcrumb":{"@id":"https:\/\/www.article-marketing.eu\/comunicatistampa\/collezionismo-torna-l11-e-12-marzo-2023-il-memorial-correale\/#breadcrumb"},"inLanguage":"it-IT","potentialAction":[{"@type":"ReadAction","target":["https:\/\/www.article-marketing.eu\/comunicatistampa\/collezionismo-torna-l11-e-12-marzo-2023-il-memorial-correale\/"]}]},{"@type":"ImageObject","inLanguage":"it-IT","@id":"https:\/\/www.article-marketing.eu\/comunicatistampa\/collezionismo-torna-l11-e-12-marzo-2023-il-memorial-correale\/#primaryimage","url":"http:\/\/xoom.virgilio.it\/source_filemanager\/cl\/lu\/clubdeltempolibero\/Flyer%20Facebook%20Memorial%20Correale%20%5Bnuovo%29%202_modificata%20%281%29.png","contentUrl":"http:\/\/xoom.virgilio.it\/source_filemanager\/cl\/lu\/clubdeltempolibero\/Flyer%20Facebook%20Memorial%20Correale%20%5Bnuovo%29%202_modificata%20%281%29.png"},{"@type":"BreadcrumbList","@id":"https:\/\/www.article-marketing.eu\/comunicatistampa\/collezionismo-torna-l11-e-12-marzo-2023-il-memorial-correale\/#breadcrumb","itemListElement":[{"@type":"ListItem","position":1,"name":"Home","item":"https:\/\/www.article-marketing.eu\/comunicatistampa\/"},{"@type":"ListItem","position":2,"name":"Collezionismo: Torna l&#8217;11 e 12 marzo 2023 il Memorial Correale"}]},{"@type":"WebSite","@id":"https:\/\/www.article-marketing.eu\/comunicatistampa\/#website","url":"https:\/\/www.article-marketing.eu\/comunicatistampa\/","name":"Article Marketing","description":"article marketing &amp; press release","potentialAction":[{"@type":"SearchAction","target":{"@type":"EntryPoint","urlTemplate":"https:\/\/www.article-marketing.eu\/comunicatistampa\/?s={search_term_string}"},"query-input":{"@type":"PropertyValueSpecification","valueRequired":true,"valueName":"search_term_string"}}],"inLanguage":"it-IT"},{"@type":"Person","@id":"https:\/\/www.article-marketing.eu\/comunicatistampa\/#\/schema\/person\/443878f0047340f53ce229037f4b7cfc","name":"clubdeltempolibero","image":{"@type":"ImageObject","inLanguage":"it-IT","@id":"https:\/\/secure.gravatar.com\/avatar\/c7786cbe48906e75c8101c94c9d86aedb07835c89b79bd2f08563fd84ed637a8?s=96&d=mm&r=g","url":"https:\/\/secure.gravatar.com\/avatar\/c7786cbe48906e75c8101c94c9d86aedb07835c89b79bd2f08563fd84ed637a8?s=96&d=mm&r=g","contentUrl":"https:\/\/secure.gravatar.com\/avatar\/c7786cbe48906e75c8101c94c9d86aedb07835c89b79bd2f08563fd84ed637a8?s=96&d=mm&r=g","caption":"clubdeltempolibero"},"url":"https:\/\/www.article-marketing.eu\/comunicatistampa\/author\/clubdeltempolibero\/"}]}},"_links":{"self":[{"href":"https:\/\/www.article-marketing.eu\/comunicatistampa\/wp-json\/wp\/v2\/posts\/26035","targetHints":{"allow":["GET"]}}],"collection":[{"href":"https:\/\/www.article-marketing.eu\/comunicatistampa\/wp-json\/wp\/v2\/posts"}],"about":[{"href":"https:\/\/www.article-marketing.eu\/comunicatistampa\/wp-json\/wp\/v2\/types\/post"}],"author":[{"embeddable":true,"href":"https:\/\/www.article-marketing.eu\/comunicatistampa\/wp-json\/wp\/v2\/users\/4975"}],"replies":[{"embeddable":true,"href":"https:\/\/www.article-marketing.eu\/comunicatistampa\/wp-json\/wp\/v2\/comments?post=26035"}],"version-history":[{"count":5,"href":"https:\/\/www.article-marketing.eu\/comunicatistampa\/wp-json\/wp\/v2\/posts\/26035\/revisions"}],"predecessor-version":[{"id":26203,"href":"https:\/\/www.article-marketing.eu\/comunicatistampa\/wp-json\/wp\/v2\/posts\/26035\/revisions\/26203"}],"wp:attachment":[{"href":"https:\/\/www.article-marketing.eu\/comunicatistampa\/wp-json\/wp\/v2\/media?parent=26035"}],"wp:term":[{"taxonomy":"category","embeddable":true,"href":"https:\/\/www.article-marketing.eu\/comunicatistampa\/wp-json\/wp\/v2\/categories?post=26035"},{"taxonomy":"post_tag","embeddable":true,"href":"https:\/\/www.article-marketing.eu\/comunicatistampa\/wp-json\/wp\/v2\/tags?post=26035"}],"curies":[{"name":"wp","href":"https:\/\/api.w.org\/{rel}","templated":true}]}}