{"id":26079,"date":"2023-02-01T08:15:25","date_gmt":"2023-02-01T07:15:25","guid":{"rendered":"https:\/\/www.article-marketing.eu\/comunicatistampa\/?p=26079"},"modified":"2023-01-31T08:21:30","modified_gmt":"2023-01-31T07:21:30","slug":"frutta-tropicale-in-andalusia-il-blog-di-pierangelo-dorini-sul-tema","status":"publish","type":"post","link":"https:\/\/www.article-marketing.eu\/comunicatistampa\/frutta-tropicale-in-andalusia-il-blog-di-pierangelo-dorini-sul-tema\/","title":{"rendered":"Frutta tropicale in Andalusia? Il blog di Pierangelo Dorini sul tema"},"content":{"rendered":"<p><em><strong>L\u2019Andalusia sempre pi\u00f9 \u201corto europeo della frutta tropicale\u201d, quali sono i fattori determinanti? L\u2019analisi di <a title=\"Pierangelo Dorini blog \" href=\"https:\/\/pierangelodoriniblog.wordpress.com\/\">Pierangelo Dorini<\/a> dedicata al tema.<\/strong><\/em><\/p>\n<h2>Produzione di mango e avocado in Andalusia: il punto di Pierangelo Dorini<\/h2>\n<p>Comunit\u00e0 autonoma pi\u00f9 popolosa in Spagna e seconda per estensione, l\u2019Andalusia \u00e8 considerata da qualche decennio \u201cl\u2019orto europeo della frutta tropicale\u201d grazie a una solida produzione e commercializzazione di mango e avocado. Uno sviluppo che ha generato fatturati in crescita e rilevanza sempre maggiore nell\u2019industria alimentare spagnola. Ma da cosa deriva tale evoluzione? Sul tema \u00e8 intervenuto <strong>Pierangelo Dorini<\/strong> con un articolo sul suo blog, approfondimento nel quale vengono evidenziati alcuni fattori caratteristici del contesto andaluso: tra questi, la presenza del sole per almeno 300 giorni all\u2019anno, abbinata a un clima subtropicale a dir poco perfetto per il mango e l\u2019avocado. Se a ci\u00f2 si aggiungono la vicinanza con il resto d\u2019Europa e gli investimenti realizzati in infrastrutture, viabilit\u00e0 e sistemi di irrigazione, come osserva <strong>Pierangelo Dorini<\/strong> nell\u2019analisi, \u00e8 presto detto perch\u00e9 la regione meridionale della Spagna \u00e8 riuscita a imporsi come \u201corto europeo della frutta tropicale\u201d.<\/p>\n<h2>Pierangelo Dorini: Andalusia, regione di punta nella produzione di frutta tropicale<\/h2>\n<p>Il clima dell\u2019Andalusia consente un livello di maturazione ottimale, caratteristica ulteriormente valorizzata dal fatto che, in meno di 48 ore dalla raccolta, il mango e l\u2019avocado riescono a raggiungere i principali mercati europei. \u00c8 una differenza significativa rispetto ad altri Paesi produttori, in cui i frutti vengono raccolti verdi e maturano durante settimane di viaggio. Riportando un articolo di \u201cEuronews\u201d, <a title=\"Pierangelo Dorini, alcune riflessioni\" href=\"https:\/\/pierangelodoriniblog.wordpress.com\/\"><strong>Pierangelo Dorini<\/strong><\/a> aggiunge che la coltivazione di frutta tropicale ha ormai sviluppato una lunga tradizione in Andalusia: il settore \u00e8 cresciuto, infatti, a partire dagli anni \u201870, periodo in cui \u00e8 iniziata la coltivazione dell\u2019avocado. Nel decennio successivo si \u00e8 aggiunta anche quella del mango. Frutti entrambi originari delle Isole Canarie ma considerati ormai caratteristici sia dell\u2019Andalusia che della Spagna. Complice la versatilit\u00e0 nell\u2019abbinarli alle diverse cucine, sottolinea <strong>Pierangelo Dorini<\/strong> nel suo blog, il mango e l\u2019avocado hanno raggiunto un buon livello di diffusione nella dieta mediterranea, confermando anche il ruolo dell\u2019Andalusia quale regione di punta per la produzione di frutta tropicale.<\/p>\n","protected":false},"excerpt":{"rendered":"<p>L\u2019Andalusia sempre pi\u00f9 \u201corto europeo della frutta tropicale\u201d, quali sono i fattori determinanti? L\u2019analisi di Pierangelo Dorini dedicata al tema. Produzione di mango e avocado in Andalusia: il punto di Pierangelo Dorini Comunit\u00e0 autonoma pi\u00f9 popolosa in Spagna e seconda per estensione, l\u2019Andalusia \u00e8 considerata da qualche decennio \u201cl\u2019orto europeo della frutta tropicale\u201d grazie a una solida produzione e commercializzazione di mango e avocado. Uno sviluppo che ha generato fatturati<\/p>\n<p><a class=\"continue-reading\" href=\"https:\/\/www.article-marketing.eu\/comunicatistampa\/frutta-tropicale-in-andalusia-il-blog-di-pierangelo-dorini-sul-tema\/\">Continue reading&#8230;<\/a><\/p>\n","protected":false},"author":6477,"featured_media":0,"comment_status":"open","ping_status":"open","sticky":false,"template":"","format":"standard","meta":{"_monsterinsights_skip_tracking":false,"_monsterinsights_sitenote_active":false,"_monsterinsights_sitenote_note":"","_monsterinsights_sitenote_category":0,"footnotes":""},"categories":[78],"tags":[10390],"class_list":["post-26079","post","type-post","status-publish","format-standard","hentry","category-comunicati-stampa","tag-pierangelo-dorini"],"yoast_head":"<!-- This site is optimized with the Yoast SEO plugin v27.3 - https:\/\/yoast.com\/product\/yoast-seo-wordpress\/ -->\n<title>Frutta tropicale in Andalusia? Il blog di Pierangelo Dorini sul tema<\/title>\n<meta name=\"robots\" content=\"index, follow, max-snippet:-1, max-image-preview:large, max-video-preview:-1\" \/>\n<link rel=\"canonical\" href=\"https:\/\/www.article-marketing.eu\/comunicatistampa\/frutta-tropicale-in-andalusia-il-blog-di-pierangelo-dorini-sul-tema\/\" \/>\n<meta property=\"og:locale\" content=\"it_IT\" \/>\n<meta property=\"og:type\" content=\"article\" \/>\n<meta property=\"og:title\" content=\"Frutta tropicale in Andalusia? Il blog di Pierangelo Dorini sul tema\" \/>\n<meta property=\"og:description\" content=\"L\u2019Andalusia sempre pi\u00f9 \u201corto europeo della frutta tropicale\u201d, quali sono i fattori determinanti? L\u2019analisi di Pierangelo Dorini dedicata al tema. Produzione di mango e avocado in Andalusia: il punto di Pierangelo Dorini Comunit\u00e0 autonoma pi\u00f9 popolosa in Spagna e seconda per estensione, l\u2019Andalusia \u00e8 considerata da qualche decennio \u201cl\u2019orto europeo della frutta tropicale\u201d grazie a una solida produzione e commercializzazione di mango e avocado. Uno sviluppo che ha generato fatturatiContinue reading...\" \/>\n<meta property=\"og:url\" content=\"https:\/\/www.article-marketing.eu\/comunicatistampa\/frutta-tropicale-in-andalusia-il-blog-di-pierangelo-dorini-sul-tema\/\" \/>\n<meta property=\"og:site_name\" content=\"Article Marketing\" \/>\n<meta property=\"article:published_time\" content=\"2023-02-01T07:15:25+00:00\" \/>\n<meta name=\"author\" content=\"articolinews\" \/>\n<meta name=\"twitter:card\" content=\"summary_large_image\" \/>\n<meta name=\"twitter:label1\" content=\"Scritto da\" \/>\n\t<meta name=\"twitter:data1\" content=\"articolinews\" \/>\n\t<meta name=\"twitter:label2\" content=\"Tempo di lettura stimato\" \/>\n\t<meta name=\"twitter:data2\" content=\"2 minuti\" \/>\n<script type=\"application\/ld+json\" class=\"yoast-schema-graph\">{\"@context\":\"https:\\\/\\\/schema.org\",\"@graph\":[{\"@type\":\"Article\",\"@id\":\"https:\\\/\\\/www.article-marketing.eu\\\/comunicatistampa\\\/frutta-tropicale-in-andalusia-il-blog-di-pierangelo-dorini-sul-tema\\\/#article\",\"isPartOf\":{\"@id\":\"https:\\\/\\\/www.article-marketing.eu\\\/comunicatistampa\\\/frutta-tropicale-in-andalusia-il-blog-di-pierangelo-dorini-sul-tema\\\/\"},\"author\":{\"name\":\"articolinews\",\"@id\":\"https:\\\/\\\/www.article-marketing.eu\\\/comunicatistampa\\\/#\\\/schema\\\/person\\\/2fcaf8f8f3a9eef9eb7f27532d3ca458\"},\"headline\":\"Frutta tropicale in Andalusia? Il blog di Pierangelo Dorini sul tema\",\"datePublished\":\"2023-02-01T07:15:25+00:00\",\"mainEntityOfPage\":{\"@id\":\"https:\\\/\\\/www.article-marketing.eu\\\/comunicatistampa\\\/frutta-tropicale-in-andalusia-il-blog-di-pierangelo-dorini-sul-tema\\\/\"},\"wordCount\":368,\"commentCount\":0,\"keywords\":[\"Pierangelo Dorini\"],\"articleSection\":[\"Comunicati stampa\"],\"inLanguage\":\"it-IT\",\"potentialAction\":[{\"@type\":\"CommentAction\",\"name\":\"Comment\",\"target\":[\"https:\\\/\\\/www.article-marketing.eu\\\/comunicatistampa\\\/frutta-tropicale-in-andalusia-il-blog-di-pierangelo-dorini-sul-tema\\\/#respond\"]}]},{\"@type\":\"WebPage\",\"@id\":\"https:\\\/\\\/www.article-marketing.eu\\\/comunicatistampa\\\/frutta-tropicale-in-andalusia-il-blog-di-pierangelo-dorini-sul-tema\\\/\",\"url\":\"https:\\\/\\\/www.article-marketing.eu\\\/comunicatistampa\\\/frutta-tropicale-in-andalusia-il-blog-di-pierangelo-dorini-sul-tema\\\/\",\"name\":\"Frutta tropicale in Andalusia? Il blog di Pierangelo Dorini sul tema\",\"isPartOf\":{\"@id\":\"https:\\\/\\\/www.article-marketing.eu\\\/comunicatistampa\\\/#website\"},\"datePublished\":\"2023-02-01T07:15:25+00:00\",\"author\":{\"@id\":\"https:\\\/\\\/www.article-marketing.eu\\\/comunicatistampa\\\/#\\\/schema\\\/person\\\/2fcaf8f8f3a9eef9eb7f27532d3ca458\"},\"breadcrumb\":{\"@id\":\"https:\\\/\\\/www.article-marketing.eu\\\/comunicatistampa\\\/frutta-tropicale-in-andalusia-il-blog-di-pierangelo-dorini-sul-tema\\\/#breadcrumb\"},\"inLanguage\":\"it-IT\",\"potentialAction\":[{\"@type\":\"ReadAction\",\"target\":[\"https:\\\/\\\/www.article-marketing.eu\\\/comunicatistampa\\\/frutta-tropicale-in-andalusia-il-blog-di-pierangelo-dorini-sul-tema\\\/\"]}]},{\"@type\":\"BreadcrumbList\",\"@id\":\"https:\\\/\\\/www.article-marketing.eu\\\/comunicatistampa\\\/frutta-tropicale-in-andalusia-il-blog-di-pierangelo-dorini-sul-tema\\\/#breadcrumb\",\"itemListElement\":[{\"@type\":\"ListItem\",\"position\":1,\"name\":\"Home\",\"item\":\"https:\\\/\\\/www.article-marketing.eu\\\/comunicatistampa\\\/\"},{\"@type\":\"ListItem\",\"position\":2,\"name\":\"Frutta tropicale in Andalusia? Il blog di Pierangelo Dorini sul tema\"}]},{\"@type\":\"WebSite\",\"@id\":\"https:\\\/\\\/www.article-marketing.eu\\\/comunicatistampa\\\/#website\",\"url\":\"https:\\\/\\\/www.article-marketing.eu\\\/comunicatistampa\\\/\",\"name\":\"Article Marketing\",\"description\":\"article marketing &amp; press release\",\"potentialAction\":[{\"@type\":\"SearchAction\",\"target\":{\"@type\":\"EntryPoint\",\"urlTemplate\":\"https:\\\/\\\/www.article-marketing.eu\\\/comunicatistampa\\\/?s={search_term_string}\"},\"query-input\":{\"@type\":\"PropertyValueSpecification\",\"valueRequired\":true,\"valueName\":\"search_term_string\"}}],\"inLanguage\":\"it-IT\"},{\"@type\":\"Person\",\"@id\":\"https:\\\/\\\/www.article-marketing.eu\\\/comunicatistampa\\\/#\\\/schema\\\/person\\\/2fcaf8f8f3a9eef9eb7f27532d3ca458\",\"name\":\"articolinews\",\"image\":{\"@type\":\"ImageObject\",\"inLanguage\":\"it-IT\",\"@id\":\"https:\\\/\\\/secure.gravatar.com\\\/avatar\\\/9e2a264bab04e17dea24d937c9956304649a848cb73c46747a692ff1bdeb1cb7?s=96&d=mm&r=g\",\"url\":\"https:\\\/\\\/secure.gravatar.com\\\/avatar\\\/9e2a264bab04e17dea24d937c9956304649a848cb73c46747a692ff1bdeb1cb7?s=96&d=mm&r=g\",\"contentUrl\":\"https:\\\/\\\/secure.gravatar.com\\\/avatar\\\/9e2a264bab04e17dea24d937c9956304649a848cb73c46747a692ff1bdeb1cb7?s=96&d=mm&r=g\",\"caption\":\"articolinews\"},\"url\":\"https:\\\/\\\/www.article-marketing.eu\\\/comunicatistampa\\\/author\\\/articolinews\\\/\"}]}<\/script>\n<!-- \/ Yoast SEO plugin. -->","yoast_head_json":{"title":"Frutta tropicale in Andalusia? Il blog di Pierangelo Dorini sul tema","robots":{"index":"index","follow":"follow","max-snippet":"max-snippet:-1","max-image-preview":"max-image-preview:large","max-video-preview":"max-video-preview:-1"},"canonical":"https:\/\/www.article-marketing.eu\/comunicatistampa\/frutta-tropicale-in-andalusia-il-blog-di-pierangelo-dorini-sul-tema\/","og_locale":"it_IT","og_type":"article","og_title":"Frutta tropicale in Andalusia? Il blog di Pierangelo Dorini sul tema","og_description":"L\u2019Andalusia sempre pi\u00f9 \u201corto europeo della frutta tropicale\u201d, quali sono i fattori determinanti? L\u2019analisi di Pierangelo Dorini dedicata al tema. Produzione di mango e avocado in Andalusia: il punto di Pierangelo Dorini Comunit\u00e0 autonoma pi\u00f9 popolosa in Spagna e seconda per estensione, l\u2019Andalusia \u00e8 considerata da qualche decennio \u201cl\u2019orto europeo della frutta tropicale\u201d grazie a una solida produzione e commercializzazione di mango e avocado. Uno sviluppo che ha generato fatturatiContinue reading...","og_url":"https:\/\/www.article-marketing.eu\/comunicatistampa\/frutta-tropicale-in-andalusia-il-blog-di-pierangelo-dorini-sul-tema\/","og_site_name":"Article Marketing","article_published_time":"2023-02-01T07:15:25+00:00","author":"articolinews","twitter_card":"summary_large_image","twitter_misc":{"Scritto da":"articolinews","Tempo di lettura stimato":"2 minuti"},"schema":{"@context":"https:\/\/schema.org","@graph":[{"@type":"Article","@id":"https:\/\/www.article-marketing.eu\/comunicatistampa\/frutta-tropicale-in-andalusia-il-blog-di-pierangelo-dorini-sul-tema\/#article","isPartOf":{"@id":"https:\/\/www.article-marketing.eu\/comunicatistampa\/frutta-tropicale-in-andalusia-il-blog-di-pierangelo-dorini-sul-tema\/"},"author":{"name":"articolinews","@id":"https:\/\/www.article-marketing.eu\/comunicatistampa\/#\/schema\/person\/2fcaf8f8f3a9eef9eb7f27532d3ca458"},"headline":"Frutta tropicale in Andalusia? Il blog di Pierangelo Dorini sul tema","datePublished":"2023-02-01T07:15:25+00:00","mainEntityOfPage":{"@id":"https:\/\/www.article-marketing.eu\/comunicatistampa\/frutta-tropicale-in-andalusia-il-blog-di-pierangelo-dorini-sul-tema\/"},"wordCount":368,"commentCount":0,"keywords":["Pierangelo Dorini"],"articleSection":["Comunicati stampa"],"inLanguage":"it-IT","potentialAction":[{"@type":"CommentAction","name":"Comment","target":["https:\/\/www.article-marketing.eu\/comunicatistampa\/frutta-tropicale-in-andalusia-il-blog-di-pierangelo-dorini-sul-tema\/#respond"]}]},{"@type":"WebPage","@id":"https:\/\/www.article-marketing.eu\/comunicatistampa\/frutta-tropicale-in-andalusia-il-blog-di-pierangelo-dorini-sul-tema\/","url":"https:\/\/www.article-marketing.eu\/comunicatistampa\/frutta-tropicale-in-andalusia-il-blog-di-pierangelo-dorini-sul-tema\/","name":"Frutta tropicale in Andalusia? Il blog di Pierangelo Dorini sul tema","isPartOf":{"@id":"https:\/\/www.article-marketing.eu\/comunicatistampa\/#website"},"datePublished":"2023-02-01T07:15:25+00:00","author":{"@id":"https:\/\/www.article-marketing.eu\/comunicatistampa\/#\/schema\/person\/2fcaf8f8f3a9eef9eb7f27532d3ca458"},"breadcrumb":{"@id":"https:\/\/www.article-marketing.eu\/comunicatistampa\/frutta-tropicale-in-andalusia-il-blog-di-pierangelo-dorini-sul-tema\/#breadcrumb"},"inLanguage":"it-IT","potentialAction":[{"@type":"ReadAction","target":["https:\/\/www.article-marketing.eu\/comunicatistampa\/frutta-tropicale-in-andalusia-il-blog-di-pierangelo-dorini-sul-tema\/"]}]},{"@type":"BreadcrumbList","@id":"https:\/\/www.article-marketing.eu\/comunicatistampa\/frutta-tropicale-in-andalusia-il-blog-di-pierangelo-dorini-sul-tema\/#breadcrumb","itemListElement":[{"@type":"ListItem","position":1,"name":"Home","item":"https:\/\/www.article-marketing.eu\/comunicatistampa\/"},{"@type":"ListItem","position":2,"name":"Frutta tropicale in Andalusia? Il blog di Pierangelo Dorini sul tema"}]},{"@type":"WebSite","@id":"https:\/\/www.article-marketing.eu\/comunicatistampa\/#website","url":"https:\/\/www.article-marketing.eu\/comunicatistampa\/","name":"Article Marketing","description":"article marketing &amp; press release","potentialAction":[{"@type":"SearchAction","target":{"@type":"EntryPoint","urlTemplate":"https:\/\/www.article-marketing.eu\/comunicatistampa\/?s={search_term_string}"},"query-input":{"@type":"PropertyValueSpecification","valueRequired":true,"valueName":"search_term_string"}}],"inLanguage":"it-IT"},{"@type":"Person","@id":"https:\/\/www.article-marketing.eu\/comunicatistampa\/#\/schema\/person\/2fcaf8f8f3a9eef9eb7f27532d3ca458","name":"articolinews","image":{"@type":"ImageObject","inLanguage":"it-IT","@id":"https:\/\/secure.gravatar.com\/avatar\/9e2a264bab04e17dea24d937c9956304649a848cb73c46747a692ff1bdeb1cb7?s=96&d=mm&r=g","url":"https:\/\/secure.gravatar.com\/avatar\/9e2a264bab04e17dea24d937c9956304649a848cb73c46747a692ff1bdeb1cb7?s=96&d=mm&r=g","contentUrl":"https:\/\/secure.gravatar.com\/avatar\/9e2a264bab04e17dea24d937c9956304649a848cb73c46747a692ff1bdeb1cb7?s=96&d=mm&r=g","caption":"articolinews"},"url":"https:\/\/www.article-marketing.eu\/comunicatistampa\/author\/articolinews\/"}]}},"_links":{"self":[{"href":"https:\/\/www.article-marketing.eu\/comunicatistampa\/wp-json\/wp\/v2\/posts\/26079","targetHints":{"allow":["GET"]}}],"collection":[{"href":"https:\/\/www.article-marketing.eu\/comunicatistampa\/wp-json\/wp\/v2\/posts"}],"about":[{"href":"https:\/\/www.article-marketing.eu\/comunicatistampa\/wp-json\/wp\/v2\/types\/post"}],"author":[{"embeddable":true,"href":"https:\/\/www.article-marketing.eu\/comunicatistampa\/wp-json\/wp\/v2\/users\/6477"}],"replies":[{"embeddable":true,"href":"https:\/\/www.article-marketing.eu\/comunicatistampa\/wp-json\/wp\/v2\/comments?post=26079"}],"version-history":[{"count":2,"href":"https:\/\/www.article-marketing.eu\/comunicatistampa\/wp-json\/wp\/v2\/posts\/26079\/revisions"}],"predecessor-version":[{"id":26206,"href":"https:\/\/www.article-marketing.eu\/comunicatistampa\/wp-json\/wp\/v2\/posts\/26079\/revisions\/26206"}],"wp:attachment":[{"href":"https:\/\/www.article-marketing.eu\/comunicatistampa\/wp-json\/wp\/v2\/media?parent=26079"}],"wp:term":[{"taxonomy":"category","embeddable":true,"href":"https:\/\/www.article-marketing.eu\/comunicatistampa\/wp-json\/wp\/v2\/categories?post=26079"},{"taxonomy":"post_tag","embeddable":true,"href":"https:\/\/www.article-marketing.eu\/comunicatistampa\/wp-json\/wp\/v2\/tags?post=26079"}],"curies":[{"name":"wp","href":"https:\/\/api.w.org\/{rel}","templated":true}]}}