{"id":26090,"date":"2023-02-23T13:51:35","date_gmt":"2023-02-23T12:51:35","guid":{"rendered":"https:\/\/www.article-marketing.eu\/comunicatistampa\/?p=26090"},"modified":"2023-02-23T13:51:35","modified_gmt":"2023-02-23T12:51:35","slug":"riva-acciaio-ha-preso-parte-allincontro-aim-sui-semilavorati-da-colata-continua","status":"publish","type":"post","link":"https:\/\/www.article-marketing.eu\/comunicatistampa\/riva-acciaio-ha-preso-parte-allincontro-aim-sui-semilavorati-da-colata-continua\/","title":{"rendered":"Riva Acciaio ha preso parte all\u2019incontro AIM sui semilavorati da colata continua"},"content":{"rendered":"<p><em><strong>A Bergamo un convegno internazionale sulla qualit\u00e0 superficiale dei semilavorati da colata continua. Tra le aziende presenti anche <a title=\"Riva Acciaio, workshop sulla metallurgia \" href=\"https:\/\/www.reportweb.tv\/economia\/lavoro\/Riva-Acciaio-partecipa-al-workshop-dellAssociazione-Italiana-Metallurgia--34153-a\">Riva Acciaio<\/a>.<\/strong><\/em><\/p>\n<p><strong>\u00a0<a title=\"Riva Acciaio leader nel settore della metallurgia\" href=\"https:\/\/www.reportweb.tv\/economia\/lavoro\/Riva-Acciaio-partecipa-al-workshop-dellAssociazione-Italiana-Metallurgia--34153-a\"><img loading=\"lazy\" decoding=\"async\" src=\"https:\/\/www.reportweb.tv\/home\/public\/images\/img_utenti\/riva-acciaio2.jpg\" alt=\"Riva Acciaio\" width=\"200\" height=\"132\" \/><\/a><\/strong><\/p>\n<h2>\u201cIWSQ-2\u201d, Riva Acciaio all\u2019iniziativa promossa da AIM e ASMET<\/h2>\n<p>Si \u00e8 tenuta lo scorso 1 e 2 dicembre presso il Centro Congressi Giovanni XXIII di Bergamo la seconda edizione del workshop internazionale sul miglioramento della qualit\u00e0 superficiale dei semilavorati da colata continua. Organizzato dall\u2019Associazione Italiana di Metallurgia in collaborazione con ASMET, il seminario \u201cIWSQ-2\u201d \u00e8 stata l\u2019occasione per condividere best practice e case studies sull\u2019argomento. All\u2019incontro ha partecipato anche <a title=\"Riva Acciaio approfondimento Reportweb\" href=\"https:\/\/www.reportweb.tv\/economia\/lavoro\/Riva-Acciaio-partecipa-al-workshop-dellAssociazione-Italiana-Metallurgia--34153-a\">Riva Acciaio<\/a>, realt\u00e0 italiana leader nel settore siderurgico. Diversi i temi toccati durante la due giorni: oltre ai recenti progressi nell\u2019analisi dei difetti e all\u2019applicazione di dispositivi elettromagnetici, si \u00e8 discusso anche di Intelligenza Artificiale e di metodi di simulazione e calcolo in ambito siderurgico. <strong>Riva Acciaio<\/strong> e le realt\u00e0 presenti hanno avuto la possibilit\u00e0 di aggiornarsi sulle tecnologie e sui processi pi\u00f9 innovativi in merito alla qualit\u00e0 superficiale di prodotti come lingotti, billette e bramme, oggi ritenuto un requisito fondamentale soprattutto in vista delle sfide future che riguardano l\u2019efficienza energetica e il basso impatto ambientale.<\/p>\n<h2>Riva Acciaio, un connubio tra storia e innovazione<\/h2>\n<p>La presenza al workshop targato AIM testimonia l\u2019attenzione verso la ricerca e l\u2019aggiornamento che da sempre caratterizzano l\u2019operato di <strong>Riva Acciaio<\/strong>. L\u2019azienda, nata in seno al <strong>Gruppo Riva<\/strong>, vanta oltre 60 anni di esperienza nel settore siderurgico ed \u00e8 specializzata nei prodotti lunghi e negli acciai di qualit\u00e0. Fondata nel \u201954 da Emilio Riva, \u00e8 stata la prima realt\u00e0 italiana a introdurre la colata continua curva a tre linee, tecnologia che le ha permesso di competere fin da subito con i colossi mondiali della siderurgia. <strong>Riva Acciaio<\/strong> oggi \u00e8 presente sul territorio italiano con cinque stabilimenti all\u2019interno dei quali lavorano in tutto circa 1.000 dipendenti. Oltre alla storica sede di Caronno Pertusella (Varese), si segnala anche quella di Lesegno (Cuneo), dove nel 2003 l\u2019azienda ha inaugurato un laboratorio all\u2019avanguardia di Ricerca e Sviluppo diventato nel tempo punto di riferimento per centri universitari come il Politecnico di Milano, di Torino e le Universit\u00e0 di Brescia, Pisa e Genova.<\/p>\n","protected":false},"excerpt":{"rendered":"<p>A Bergamo un convegno internazionale sulla qualit\u00e0 superficiale dei semilavorati da colata continua. Tra le aziende presenti anche Riva Acciaio. \u00a0 \u201cIWSQ-2\u201d, Riva Acciaio all\u2019iniziativa promossa da AIM e ASMET Si \u00e8 tenuta lo scorso 1 e 2 dicembre presso il Centro Congressi Giovanni XXIII di Bergamo la seconda edizione del workshop internazionale sul miglioramento della qualit\u00e0 superficiale dei semilavorati da colata continua. Organizzato dall\u2019Associazione Italiana di Metallurgia in collaborazione<\/p>\n<p><a class=\"continue-reading\" href=\"https:\/\/www.article-marketing.eu\/comunicatistampa\/riva-acciaio-ha-preso-parte-allincontro-aim-sui-semilavorati-da-colata-continua\/\">Continue reading&#8230;<\/a><\/p>\n","protected":false},"author":6477,"featured_media":0,"comment_status":"open","ping_status":"open","sticky":false,"template":"","format":"standard","meta":{"_monsterinsights_skip_tracking":false,"_monsterinsights_sitenote_active":false,"_monsterinsights_sitenote_note":"","_monsterinsights_sitenote_category":0,"footnotes":""},"categories":[78],"tags":[9153],"class_list":["post-26090","post","type-post","status-publish","format-standard","hentry","category-comunicati-stampa","tag-riva-acciaio"],"yoast_head":"<!-- This site is optimized with the Yoast SEO plugin v27.3 - https:\/\/yoast.com\/product\/yoast-seo-wordpress\/ -->\n<title>Riva Acciaio ha preso parte all\u2019incontro AIM sui semilavorati da colata continua<\/title>\n<meta name=\"robots\" content=\"index, follow, max-snippet:-1, max-image-preview:large, max-video-preview:-1\" \/>\n<link rel=\"canonical\" href=\"https:\/\/www.article-marketing.eu\/comunicatistampa\/riva-acciaio-ha-preso-parte-allincontro-aim-sui-semilavorati-da-colata-continua\/\" \/>\n<meta property=\"og:locale\" content=\"it_IT\" \/>\n<meta property=\"og:type\" content=\"article\" \/>\n<meta property=\"og:title\" content=\"Riva Acciaio ha preso parte all\u2019incontro AIM sui semilavorati da colata continua\" \/>\n<meta property=\"og:description\" content=\"A Bergamo un convegno internazionale sulla qualit\u00e0 superficiale dei semilavorati da colata continua. Tra le aziende presenti anche Riva Acciaio. \u00a0 \u201cIWSQ-2\u201d, Riva Acciaio all\u2019iniziativa promossa da AIM e ASMET Si \u00e8 tenuta lo scorso 1 e 2 dicembre presso il Centro Congressi Giovanni XXIII di Bergamo la seconda edizione del workshop internazionale sul miglioramento della qualit\u00e0 superficiale dei semilavorati da colata continua. Organizzato dall\u2019Associazione Italiana di Metallurgia in collaborazioneContinue reading...\" \/>\n<meta property=\"og:url\" content=\"https:\/\/www.article-marketing.eu\/comunicatistampa\/riva-acciaio-ha-preso-parte-allincontro-aim-sui-semilavorati-da-colata-continua\/\" \/>\n<meta property=\"og:site_name\" content=\"Article Marketing\" \/>\n<meta property=\"article:published_time\" content=\"2023-02-23T12:51:35+00:00\" \/>\n<meta property=\"og:image\" content=\"https:\/\/www.reportweb.tv\/home\/public\/images\/img_utenti\/riva-acciaio2.jpg\" \/>\n<meta name=\"author\" content=\"articolinews\" \/>\n<meta name=\"twitter:card\" content=\"summary_large_image\" \/>\n<meta name=\"twitter:label1\" content=\"Scritto da\" \/>\n\t<meta name=\"twitter:data1\" content=\"articolinews\" \/>\n\t<meta name=\"twitter:label2\" content=\"Tempo di lettura stimato\" \/>\n\t<meta name=\"twitter:data2\" content=\"3 minuti\" \/>\n<script type=\"application\/ld+json\" class=\"yoast-schema-graph\">{\"@context\":\"https:\\\/\\\/schema.org\",\"@graph\":[{\"@type\":\"Article\",\"@id\":\"https:\\\/\\\/www.article-marketing.eu\\\/comunicatistampa\\\/riva-acciaio-ha-preso-parte-allincontro-aim-sui-semilavorati-da-colata-continua\\\/#article\",\"isPartOf\":{\"@id\":\"https:\\\/\\\/www.article-marketing.eu\\\/comunicatistampa\\\/riva-acciaio-ha-preso-parte-allincontro-aim-sui-semilavorati-da-colata-continua\\\/\"},\"author\":{\"name\":\"articolinews\",\"@id\":\"https:\\\/\\\/www.article-marketing.eu\\\/comunicatistampa\\\/#\\\/schema\\\/person\\\/2fcaf8f8f3a9eef9eb7f27532d3ca458\"},\"headline\":\"Riva Acciaio ha preso parte all\u2019incontro AIM sui semilavorati da colata continua\",\"datePublished\":\"2023-02-23T12:51:35+00:00\",\"mainEntityOfPage\":{\"@id\":\"https:\\\/\\\/www.article-marketing.eu\\\/comunicatistampa\\\/riva-acciaio-ha-preso-parte-allincontro-aim-sui-semilavorati-da-colata-continua\\\/\"},\"wordCount\":366,\"commentCount\":0,\"image\":{\"@id\":\"https:\\\/\\\/www.article-marketing.eu\\\/comunicatistampa\\\/riva-acciaio-ha-preso-parte-allincontro-aim-sui-semilavorati-da-colata-continua\\\/#primaryimage\"},\"thumbnailUrl\":\"https:\\\/\\\/www.reportweb.tv\\\/home\\\/public\\\/images\\\/img_utenti\\\/riva-acciaio2.jpg\",\"keywords\":[\"Riva Acciaio\"],\"articleSection\":[\"Comunicati stampa\"],\"inLanguage\":\"it-IT\",\"potentialAction\":[{\"@type\":\"CommentAction\",\"name\":\"Comment\",\"target\":[\"https:\\\/\\\/www.article-marketing.eu\\\/comunicatistampa\\\/riva-acciaio-ha-preso-parte-allincontro-aim-sui-semilavorati-da-colata-continua\\\/#respond\"]}]},{\"@type\":\"WebPage\",\"@id\":\"https:\\\/\\\/www.article-marketing.eu\\\/comunicatistampa\\\/riva-acciaio-ha-preso-parte-allincontro-aim-sui-semilavorati-da-colata-continua\\\/\",\"url\":\"https:\\\/\\\/www.article-marketing.eu\\\/comunicatistampa\\\/riva-acciaio-ha-preso-parte-allincontro-aim-sui-semilavorati-da-colata-continua\\\/\",\"name\":\"Riva Acciaio ha preso parte all\u2019incontro AIM sui semilavorati da colata continua\",\"isPartOf\":{\"@id\":\"https:\\\/\\\/www.article-marketing.eu\\\/comunicatistampa\\\/#website\"},\"primaryImageOfPage\":{\"@id\":\"https:\\\/\\\/www.article-marketing.eu\\\/comunicatistampa\\\/riva-acciaio-ha-preso-parte-allincontro-aim-sui-semilavorati-da-colata-continua\\\/#primaryimage\"},\"image\":{\"@id\":\"https:\\\/\\\/www.article-marketing.eu\\\/comunicatistampa\\\/riva-acciaio-ha-preso-parte-allincontro-aim-sui-semilavorati-da-colata-continua\\\/#primaryimage\"},\"thumbnailUrl\":\"https:\\\/\\\/www.reportweb.tv\\\/home\\\/public\\\/images\\\/img_utenti\\\/riva-acciaio2.jpg\",\"datePublished\":\"2023-02-23T12:51:35+00:00\",\"author\":{\"@id\":\"https:\\\/\\\/www.article-marketing.eu\\\/comunicatistampa\\\/#\\\/schema\\\/person\\\/2fcaf8f8f3a9eef9eb7f27532d3ca458\"},\"breadcrumb\":{\"@id\":\"https:\\\/\\\/www.article-marketing.eu\\\/comunicatistampa\\\/riva-acciaio-ha-preso-parte-allincontro-aim-sui-semilavorati-da-colata-continua\\\/#breadcrumb\"},\"inLanguage\":\"it-IT\",\"potentialAction\":[{\"@type\":\"ReadAction\",\"target\":[\"https:\\\/\\\/www.article-marketing.eu\\\/comunicatistampa\\\/riva-acciaio-ha-preso-parte-allincontro-aim-sui-semilavorati-da-colata-continua\\\/\"]}]},{\"@type\":\"ImageObject\",\"inLanguage\":\"it-IT\",\"@id\":\"https:\\\/\\\/www.article-marketing.eu\\\/comunicatistampa\\\/riva-acciaio-ha-preso-parte-allincontro-aim-sui-semilavorati-da-colata-continua\\\/#primaryimage\",\"url\":\"https:\\\/\\\/www.reportweb.tv\\\/home\\\/public\\\/images\\\/img_utenti\\\/riva-acciaio2.jpg\",\"contentUrl\":\"https:\\\/\\\/www.reportweb.tv\\\/home\\\/public\\\/images\\\/img_utenti\\\/riva-acciaio2.jpg\"},{\"@type\":\"BreadcrumbList\",\"@id\":\"https:\\\/\\\/www.article-marketing.eu\\\/comunicatistampa\\\/riva-acciaio-ha-preso-parte-allincontro-aim-sui-semilavorati-da-colata-continua\\\/#breadcrumb\",\"itemListElement\":[{\"@type\":\"ListItem\",\"position\":1,\"name\":\"Home\",\"item\":\"https:\\\/\\\/www.article-marketing.eu\\\/comunicatistampa\\\/\"},{\"@type\":\"ListItem\",\"position\":2,\"name\":\"Riva Acciaio ha preso parte all\u2019incontro AIM sui semilavorati da colata continua\"}]},{\"@type\":\"WebSite\",\"@id\":\"https:\\\/\\\/www.article-marketing.eu\\\/comunicatistampa\\\/#website\",\"url\":\"https:\\\/\\\/www.article-marketing.eu\\\/comunicatistampa\\\/\",\"name\":\"Article Marketing\",\"description\":\"article marketing &amp; press release\",\"potentialAction\":[{\"@type\":\"SearchAction\",\"target\":{\"@type\":\"EntryPoint\",\"urlTemplate\":\"https:\\\/\\\/www.article-marketing.eu\\\/comunicatistampa\\\/?s={search_term_string}\"},\"query-input\":{\"@type\":\"PropertyValueSpecification\",\"valueRequired\":true,\"valueName\":\"search_term_string\"}}],\"inLanguage\":\"it-IT\"},{\"@type\":\"Person\",\"@id\":\"https:\\\/\\\/www.article-marketing.eu\\\/comunicatistampa\\\/#\\\/schema\\\/person\\\/2fcaf8f8f3a9eef9eb7f27532d3ca458\",\"name\":\"articolinews\",\"image\":{\"@type\":\"ImageObject\",\"inLanguage\":\"it-IT\",\"@id\":\"https:\\\/\\\/secure.gravatar.com\\\/avatar\\\/9e2a264bab04e17dea24d937c9956304649a848cb73c46747a692ff1bdeb1cb7?s=96&d=mm&r=g\",\"url\":\"https:\\\/\\\/secure.gravatar.com\\\/avatar\\\/9e2a264bab04e17dea24d937c9956304649a848cb73c46747a692ff1bdeb1cb7?s=96&d=mm&r=g\",\"contentUrl\":\"https:\\\/\\\/secure.gravatar.com\\\/avatar\\\/9e2a264bab04e17dea24d937c9956304649a848cb73c46747a692ff1bdeb1cb7?s=96&d=mm&r=g\",\"caption\":\"articolinews\"},\"url\":\"https:\\\/\\\/www.article-marketing.eu\\\/comunicatistampa\\\/author\\\/articolinews\\\/\"}]}<\/script>\n<!-- \/ Yoast SEO plugin. -->","yoast_head_json":{"title":"Riva Acciaio ha preso parte all\u2019incontro AIM sui semilavorati da colata continua","robots":{"index":"index","follow":"follow","max-snippet":"max-snippet:-1","max-image-preview":"max-image-preview:large","max-video-preview":"max-video-preview:-1"},"canonical":"https:\/\/www.article-marketing.eu\/comunicatistampa\/riva-acciaio-ha-preso-parte-allincontro-aim-sui-semilavorati-da-colata-continua\/","og_locale":"it_IT","og_type":"article","og_title":"Riva Acciaio ha preso parte all\u2019incontro AIM sui semilavorati da colata continua","og_description":"A Bergamo un convegno internazionale sulla qualit\u00e0 superficiale dei semilavorati da colata continua. Tra le aziende presenti anche Riva Acciaio. \u00a0 \u201cIWSQ-2\u201d, Riva Acciaio all\u2019iniziativa promossa da AIM e ASMET Si \u00e8 tenuta lo scorso 1 e 2 dicembre presso il Centro Congressi Giovanni XXIII di Bergamo la seconda edizione del workshop internazionale sul miglioramento della qualit\u00e0 superficiale dei semilavorati da colata continua. Organizzato dall\u2019Associazione Italiana di Metallurgia in collaborazioneContinue reading...","og_url":"https:\/\/www.article-marketing.eu\/comunicatistampa\/riva-acciaio-ha-preso-parte-allincontro-aim-sui-semilavorati-da-colata-continua\/","og_site_name":"Article Marketing","article_published_time":"2023-02-23T12:51:35+00:00","og_image":[{"url":"https:\/\/www.reportweb.tv\/home\/public\/images\/img_utenti\/riva-acciaio2.jpg","type":"","width":"","height":""}],"author":"articolinews","twitter_card":"summary_large_image","twitter_misc":{"Scritto da":"articolinews","Tempo di lettura stimato":"3 minuti"},"schema":{"@context":"https:\/\/schema.org","@graph":[{"@type":"Article","@id":"https:\/\/www.article-marketing.eu\/comunicatistampa\/riva-acciaio-ha-preso-parte-allincontro-aim-sui-semilavorati-da-colata-continua\/#article","isPartOf":{"@id":"https:\/\/www.article-marketing.eu\/comunicatistampa\/riva-acciaio-ha-preso-parte-allincontro-aim-sui-semilavorati-da-colata-continua\/"},"author":{"name":"articolinews","@id":"https:\/\/www.article-marketing.eu\/comunicatistampa\/#\/schema\/person\/2fcaf8f8f3a9eef9eb7f27532d3ca458"},"headline":"Riva Acciaio ha preso parte all\u2019incontro AIM sui semilavorati da colata continua","datePublished":"2023-02-23T12:51:35+00:00","mainEntityOfPage":{"@id":"https:\/\/www.article-marketing.eu\/comunicatistampa\/riva-acciaio-ha-preso-parte-allincontro-aim-sui-semilavorati-da-colata-continua\/"},"wordCount":366,"commentCount":0,"image":{"@id":"https:\/\/www.article-marketing.eu\/comunicatistampa\/riva-acciaio-ha-preso-parte-allincontro-aim-sui-semilavorati-da-colata-continua\/#primaryimage"},"thumbnailUrl":"https:\/\/www.reportweb.tv\/home\/public\/images\/img_utenti\/riva-acciaio2.jpg","keywords":["Riva Acciaio"],"articleSection":["Comunicati stampa"],"inLanguage":"it-IT","potentialAction":[{"@type":"CommentAction","name":"Comment","target":["https:\/\/www.article-marketing.eu\/comunicatistampa\/riva-acciaio-ha-preso-parte-allincontro-aim-sui-semilavorati-da-colata-continua\/#respond"]}]},{"@type":"WebPage","@id":"https:\/\/www.article-marketing.eu\/comunicatistampa\/riva-acciaio-ha-preso-parte-allincontro-aim-sui-semilavorati-da-colata-continua\/","url":"https:\/\/www.article-marketing.eu\/comunicatistampa\/riva-acciaio-ha-preso-parte-allincontro-aim-sui-semilavorati-da-colata-continua\/","name":"Riva Acciaio ha preso parte all\u2019incontro AIM sui semilavorati da colata continua","isPartOf":{"@id":"https:\/\/www.article-marketing.eu\/comunicatistampa\/#website"},"primaryImageOfPage":{"@id":"https:\/\/www.article-marketing.eu\/comunicatistampa\/riva-acciaio-ha-preso-parte-allincontro-aim-sui-semilavorati-da-colata-continua\/#primaryimage"},"image":{"@id":"https:\/\/www.article-marketing.eu\/comunicatistampa\/riva-acciaio-ha-preso-parte-allincontro-aim-sui-semilavorati-da-colata-continua\/#primaryimage"},"thumbnailUrl":"https:\/\/www.reportweb.tv\/home\/public\/images\/img_utenti\/riva-acciaio2.jpg","datePublished":"2023-02-23T12:51:35+00:00","author":{"@id":"https:\/\/www.article-marketing.eu\/comunicatistampa\/#\/schema\/person\/2fcaf8f8f3a9eef9eb7f27532d3ca458"},"breadcrumb":{"@id":"https:\/\/www.article-marketing.eu\/comunicatistampa\/riva-acciaio-ha-preso-parte-allincontro-aim-sui-semilavorati-da-colata-continua\/#breadcrumb"},"inLanguage":"it-IT","potentialAction":[{"@type":"ReadAction","target":["https:\/\/www.article-marketing.eu\/comunicatistampa\/riva-acciaio-ha-preso-parte-allincontro-aim-sui-semilavorati-da-colata-continua\/"]}]},{"@type":"ImageObject","inLanguage":"it-IT","@id":"https:\/\/www.article-marketing.eu\/comunicatistampa\/riva-acciaio-ha-preso-parte-allincontro-aim-sui-semilavorati-da-colata-continua\/#primaryimage","url":"https:\/\/www.reportweb.tv\/home\/public\/images\/img_utenti\/riva-acciaio2.jpg","contentUrl":"https:\/\/www.reportweb.tv\/home\/public\/images\/img_utenti\/riva-acciaio2.jpg"},{"@type":"BreadcrumbList","@id":"https:\/\/www.article-marketing.eu\/comunicatistampa\/riva-acciaio-ha-preso-parte-allincontro-aim-sui-semilavorati-da-colata-continua\/#breadcrumb","itemListElement":[{"@type":"ListItem","position":1,"name":"Home","item":"https:\/\/www.article-marketing.eu\/comunicatistampa\/"},{"@type":"ListItem","position":2,"name":"Riva Acciaio ha preso parte all\u2019incontro AIM sui semilavorati da colata continua"}]},{"@type":"WebSite","@id":"https:\/\/www.article-marketing.eu\/comunicatistampa\/#website","url":"https:\/\/www.article-marketing.eu\/comunicatistampa\/","name":"Article Marketing","description":"article marketing &amp; press release","potentialAction":[{"@type":"SearchAction","target":{"@type":"EntryPoint","urlTemplate":"https:\/\/www.article-marketing.eu\/comunicatistampa\/?s={search_term_string}"},"query-input":{"@type":"PropertyValueSpecification","valueRequired":true,"valueName":"search_term_string"}}],"inLanguage":"it-IT"},{"@type":"Person","@id":"https:\/\/www.article-marketing.eu\/comunicatistampa\/#\/schema\/person\/2fcaf8f8f3a9eef9eb7f27532d3ca458","name":"articolinews","image":{"@type":"ImageObject","inLanguage":"it-IT","@id":"https:\/\/secure.gravatar.com\/avatar\/9e2a264bab04e17dea24d937c9956304649a848cb73c46747a692ff1bdeb1cb7?s=96&d=mm&r=g","url":"https:\/\/secure.gravatar.com\/avatar\/9e2a264bab04e17dea24d937c9956304649a848cb73c46747a692ff1bdeb1cb7?s=96&d=mm&r=g","contentUrl":"https:\/\/secure.gravatar.com\/avatar\/9e2a264bab04e17dea24d937c9956304649a848cb73c46747a692ff1bdeb1cb7?s=96&d=mm&r=g","caption":"articolinews"},"url":"https:\/\/www.article-marketing.eu\/comunicatistampa\/author\/articolinews\/"}]}},"_links":{"self":[{"href":"https:\/\/www.article-marketing.eu\/comunicatistampa\/wp-json\/wp\/v2\/posts\/26090","targetHints":{"allow":["GET"]}}],"collection":[{"href":"https:\/\/www.article-marketing.eu\/comunicatistampa\/wp-json\/wp\/v2\/posts"}],"about":[{"href":"https:\/\/www.article-marketing.eu\/comunicatistampa\/wp-json\/wp\/v2\/types\/post"}],"author":[{"embeddable":true,"href":"https:\/\/www.article-marketing.eu\/comunicatistampa\/wp-json\/wp\/v2\/users\/6477"}],"replies":[{"embeddable":true,"href":"https:\/\/www.article-marketing.eu\/comunicatistampa\/wp-json\/wp\/v2\/comments?post=26090"}],"version-history":[{"count":3,"href":"https:\/\/www.article-marketing.eu\/comunicatistampa\/wp-json\/wp\/v2\/posts\/26090\/revisions"}],"predecessor-version":[{"id":26426,"href":"https:\/\/www.article-marketing.eu\/comunicatistampa\/wp-json\/wp\/v2\/posts\/26090\/revisions\/26426"}],"wp:attachment":[{"href":"https:\/\/www.article-marketing.eu\/comunicatistampa\/wp-json\/wp\/v2\/media?parent=26090"}],"wp:term":[{"taxonomy":"category","embeddable":true,"href":"https:\/\/www.article-marketing.eu\/comunicatistampa\/wp-json\/wp\/v2\/categories?post=26090"},{"taxonomy":"post_tag","embeddable":true,"href":"https:\/\/www.article-marketing.eu\/comunicatistampa\/wp-json\/wp\/v2\/tags?post=26090"}],"curies":[{"name":"wp","href":"https:\/\/api.w.org\/{rel}","templated":true}]}}