{"id":26094,"date":"2023-03-10T10:22:53","date_gmt":"2023-03-10T09:22:53","guid":{"rendered":"https:\/\/www.article-marketing.eu\/comunicatistampa\/?p=26094"},"modified":"2023-03-10T10:22:53","modified_gmt":"2023-03-10T09:22:53","slug":"alessandro-noceti-la-rapida-ascesa-nella-finanza-internazionale","status":"publish","type":"post","link":"https:\/\/www.article-marketing.eu\/comunicatistampa\/alessandro-noceti-la-rapida-ascesa-nella-finanza-internazionale\/","title":{"rendered":"Alessandro Noceti, la rapida ascesa nella finanza internazionale"},"content":{"rendered":"<p><em><strong>In Valeur Group dal 2015, <a title=\"Alessandro Noceti, Direttore di Velour Group, esperienza in credito ed equity\" href=\"https:\/\/www.portaleconomia.net\/credito-ed-equity-lesperienza-professionale-di-alessandro-noceti\/\">Alessandro Noceti<\/a> \u00e8 oggi a capo di due delle cinque societ\u00e0 che fanno parte del Gruppo. Tra le principali esperienze lavorative gli otto anni in Credit Suisse subito dopo la laurea.<\/strong><\/em><\/p>\n<p><a title=\"Alessandro Noceti, esperienze del Direttore di Valeur Group su Portale Economia\" href=\"https:\/\/www.portaleconomia.net\/credito-ed-equity-lesperienza-professionale-di-alessandro-noceti\/\"><img loading=\"lazy\" decoding=\"async\" src=\"https:\/\/www.portaleconomia.net\/wp-content\/uploads\/2021\/10\/alessandro-noceti.jpg\" alt=\"Alessandro Noceti \" width=\"200\" height=\"158\" \/><\/a><\/p>\n<h2>Alessandro Noceti: gli incarichi attuali in Valeur Group<\/h2>\n<p>Professionista affermato nel settore della finanza internazionale, <a title=\"Alessandro Noceti, Direttore di Valeur Group, profilo professionale\" href=\"https:\/\/www.portaleconomia.net\/credito-ed-equity-lesperienza-professionale-di-alessandro-noceti\/\">Alessandro Noceti<\/a> \u00e8 un esperto nell\u2019ambito del credito e dell\u2019equity. Attualmente dirige Valeur Capital LTD e Valeur Securities SA, due delle principali controllate di <strong>Valeur Group<\/strong>, societ\u00e0 che offre servizi di asset management, advisory, trading e real estate. Nello specifico, Valeur Capital \u00e8 una realt\u00e0 con sede a Londra che si occupa di risparmio, investimenti e strutturazione di soluzioni di investimento, oltre a gestire i fondi SIF e UCITS. Valeur Securities (Pf\u00e4ffikon, Svizzera) offre invece un\u2019efficiente piattaforma di trading in grado di assicurare un esteso accesso al mercato. Attualmente, sempre per conto di <strong>Valeur Group<\/strong>, <strong>Alessandro Noceti<\/strong> ricopre anche l\u2019incarico di Responsabile della Distribuzione. Il suo ingresso nel Gruppo indipendente risale al 2015, dopo una lunga esperienza in Credit Suisse International.<\/p>\n<h2>Alessandro Noceti: gli studi all\u2019estero e l\u2019esperienza in Credit Suisse<\/h2>\n<p>La prima esperienza professionale di <strong>Alessandro Noceti<\/strong> \u00e8 in Credit Suisse. Dopo una laurea in Economia e Commercio presso l\u2019Universit\u00e0 degli Studi di Modena e Reggio Emilia e dopo aver conseguito un Master in European Business Studies presso ESCP-EAP European School of Management (Londra\/Torino), nel 2008 viene assunto nella sede di Londra come Analista per l\u2019Area Investment Banking &#8211; Equity and Fixed Income Derivatives Sales. Nel 2010 diventa Associate, assumendo la responsabilit\u00e0 della copertura commerciale per la clientela italiana retail e istituzionale. Vice Presidente dell\u2019Area nel 2012 e Direttore responsabile della copertura commerciale per il cluster italiano nel 2015, <strong>Alessandro Noceti<\/strong> successivamente passa a <strong>Valeur Group<\/strong>. Nel 2018, in contemporanea con gli impegni professionali, ha conseguito un Master in Business Administration presso l&#8217;ESCP Europe di Londra.<\/p>\n","protected":false},"excerpt":{"rendered":"<p>In Valeur Group dal 2015, Alessandro Noceti \u00e8 oggi a capo di due delle cinque societ\u00e0 che fanno parte del Gruppo. Tra le principali esperienze lavorative gli otto anni in Credit Suisse subito dopo la laurea. Alessandro Noceti: gli incarichi attuali in Valeur Group Professionista affermato nel settore della finanza internazionale, Alessandro Noceti \u00e8 un esperto nell\u2019ambito del credito e dell\u2019equity. Attualmente dirige Valeur Capital LTD e Valeur Securities SA,<\/p>\n<p><a class=\"continue-reading\" href=\"https:\/\/www.article-marketing.eu\/comunicatistampa\/alessandro-noceti-la-rapida-ascesa-nella-finanza-internazionale\/\">Continue reading&#8230;<\/a><\/p>\n","protected":false},"author":6477,"featured_media":0,"comment_status":"open","ping_status":"open","sticky":false,"template":"","format":"standard","meta":{"_monsterinsights_skip_tracking":false,"_monsterinsights_sitenote_active":false,"_monsterinsights_sitenote_note":"","_monsterinsights_sitenote_category":0,"footnotes":""},"categories":[386],"tags":[10391,10036],"class_list":["post-26094","post","type-post","status-publish","format-standard","hentry","category-economia-e-lavoro","tag-alessandro-noceti","tag-valeur-group"],"yoast_head":"<!-- This site is optimized with the Yoast SEO plugin v27.3 - https:\/\/yoast.com\/product\/yoast-seo-wordpress\/ -->\n<title>Alessandro Noceti, la rapida ascesa nella finanza internazionale<\/title>\n<meta name=\"robots\" content=\"index, follow, max-snippet:-1, max-image-preview:large, max-video-preview:-1\" \/>\n<link rel=\"canonical\" href=\"https:\/\/www.article-marketing.eu\/comunicatistampa\/alessandro-noceti-la-rapida-ascesa-nella-finanza-internazionale\/\" \/>\n<meta property=\"og:locale\" content=\"it_IT\" \/>\n<meta property=\"og:type\" content=\"article\" \/>\n<meta property=\"og:title\" content=\"Alessandro Noceti, la rapida ascesa nella finanza internazionale\" \/>\n<meta property=\"og:description\" content=\"In Valeur Group dal 2015, Alessandro Noceti \u00e8 oggi a capo di due delle cinque societ\u00e0 che fanno parte del Gruppo. Tra le principali esperienze lavorative gli otto anni in Credit Suisse subito dopo la laurea. Alessandro Noceti: gli incarichi attuali in Valeur Group Professionista affermato nel settore della finanza internazionale, Alessandro Noceti \u00e8 un esperto nell\u2019ambito del credito e dell\u2019equity. Attualmente dirige Valeur Capital LTD e Valeur Securities SA,Continue reading...\" \/>\n<meta property=\"og:url\" content=\"https:\/\/www.article-marketing.eu\/comunicatistampa\/alessandro-noceti-la-rapida-ascesa-nella-finanza-internazionale\/\" \/>\n<meta property=\"og:site_name\" content=\"Article Marketing\" \/>\n<meta property=\"article:published_time\" content=\"2023-03-10T09:22:53+00:00\" \/>\n<meta property=\"og:image\" content=\"https:\/\/www.portaleconomia.net\/wp-content\/uploads\/2021\/10\/alessandro-noceti.jpg\" \/>\n<meta name=\"author\" content=\"articolinews\" \/>\n<meta name=\"twitter:card\" content=\"summary_large_image\" \/>\n<meta name=\"twitter:label1\" content=\"Scritto da\" \/>\n\t<meta name=\"twitter:data1\" content=\"articolinews\" \/>\n\t<meta name=\"twitter:label2\" content=\"Tempo di lettura stimato\" \/>\n\t<meta name=\"twitter:data2\" content=\"2 minuti\" \/>\n<script type=\"application\/ld+json\" class=\"yoast-schema-graph\">{\"@context\":\"https:\\\/\\\/schema.org\",\"@graph\":[{\"@type\":\"Article\",\"@id\":\"https:\\\/\\\/www.article-marketing.eu\\\/comunicatistampa\\\/alessandro-noceti-la-rapida-ascesa-nella-finanza-internazionale\\\/#article\",\"isPartOf\":{\"@id\":\"https:\\\/\\\/www.article-marketing.eu\\\/comunicatistampa\\\/alessandro-noceti-la-rapida-ascesa-nella-finanza-internazionale\\\/\"},\"author\":{\"name\":\"articolinews\",\"@id\":\"https:\\\/\\\/www.article-marketing.eu\\\/comunicatistampa\\\/#\\\/schema\\\/person\\\/2fcaf8f8f3a9eef9eb7f27532d3ca458\"},\"headline\":\"Alessandro Noceti, la rapida ascesa nella finanza internazionale\",\"datePublished\":\"2023-03-10T09:22:53+00:00\",\"mainEntityOfPage\":{\"@id\":\"https:\\\/\\\/www.article-marketing.eu\\\/comunicatistampa\\\/alessandro-noceti-la-rapida-ascesa-nella-finanza-internazionale\\\/\"},\"wordCount\":316,\"commentCount\":0,\"image\":{\"@id\":\"https:\\\/\\\/www.article-marketing.eu\\\/comunicatistampa\\\/alessandro-noceti-la-rapida-ascesa-nella-finanza-internazionale\\\/#primaryimage\"},\"thumbnailUrl\":\"https:\\\/\\\/www.portaleconomia.net\\\/wp-content\\\/uploads\\\/2021\\\/10\\\/alessandro-noceti.jpg\",\"keywords\":[\"Alessandro Noceti\",\"Valeur Group\"],\"articleSection\":[\"Economia e lavoro\"],\"inLanguage\":\"it-IT\",\"potentialAction\":[{\"@type\":\"CommentAction\",\"name\":\"Comment\",\"target\":[\"https:\\\/\\\/www.article-marketing.eu\\\/comunicatistampa\\\/alessandro-noceti-la-rapida-ascesa-nella-finanza-internazionale\\\/#respond\"]}]},{\"@type\":\"WebPage\",\"@id\":\"https:\\\/\\\/www.article-marketing.eu\\\/comunicatistampa\\\/alessandro-noceti-la-rapida-ascesa-nella-finanza-internazionale\\\/\",\"url\":\"https:\\\/\\\/www.article-marketing.eu\\\/comunicatistampa\\\/alessandro-noceti-la-rapida-ascesa-nella-finanza-internazionale\\\/\",\"name\":\"Alessandro Noceti, la rapida ascesa nella finanza internazionale\",\"isPartOf\":{\"@id\":\"https:\\\/\\\/www.article-marketing.eu\\\/comunicatistampa\\\/#website\"},\"primaryImageOfPage\":{\"@id\":\"https:\\\/\\\/www.article-marketing.eu\\\/comunicatistampa\\\/alessandro-noceti-la-rapida-ascesa-nella-finanza-internazionale\\\/#primaryimage\"},\"image\":{\"@id\":\"https:\\\/\\\/www.article-marketing.eu\\\/comunicatistampa\\\/alessandro-noceti-la-rapida-ascesa-nella-finanza-internazionale\\\/#primaryimage\"},\"thumbnailUrl\":\"https:\\\/\\\/www.portaleconomia.net\\\/wp-content\\\/uploads\\\/2021\\\/10\\\/alessandro-noceti.jpg\",\"datePublished\":\"2023-03-10T09:22:53+00:00\",\"author\":{\"@id\":\"https:\\\/\\\/www.article-marketing.eu\\\/comunicatistampa\\\/#\\\/schema\\\/person\\\/2fcaf8f8f3a9eef9eb7f27532d3ca458\"},\"breadcrumb\":{\"@id\":\"https:\\\/\\\/www.article-marketing.eu\\\/comunicatistampa\\\/alessandro-noceti-la-rapida-ascesa-nella-finanza-internazionale\\\/#breadcrumb\"},\"inLanguage\":\"it-IT\",\"potentialAction\":[{\"@type\":\"ReadAction\",\"target\":[\"https:\\\/\\\/www.article-marketing.eu\\\/comunicatistampa\\\/alessandro-noceti-la-rapida-ascesa-nella-finanza-internazionale\\\/\"]}]},{\"@type\":\"ImageObject\",\"inLanguage\":\"it-IT\",\"@id\":\"https:\\\/\\\/www.article-marketing.eu\\\/comunicatistampa\\\/alessandro-noceti-la-rapida-ascesa-nella-finanza-internazionale\\\/#primaryimage\",\"url\":\"https:\\\/\\\/www.portaleconomia.net\\\/wp-content\\\/uploads\\\/2021\\\/10\\\/alessandro-noceti.jpg\",\"contentUrl\":\"https:\\\/\\\/www.portaleconomia.net\\\/wp-content\\\/uploads\\\/2021\\\/10\\\/alessandro-noceti.jpg\"},{\"@type\":\"BreadcrumbList\",\"@id\":\"https:\\\/\\\/www.article-marketing.eu\\\/comunicatistampa\\\/alessandro-noceti-la-rapida-ascesa-nella-finanza-internazionale\\\/#breadcrumb\",\"itemListElement\":[{\"@type\":\"ListItem\",\"position\":1,\"name\":\"Home\",\"item\":\"https:\\\/\\\/www.article-marketing.eu\\\/comunicatistampa\\\/\"},{\"@type\":\"ListItem\",\"position\":2,\"name\":\"Alessandro Noceti, la rapida ascesa nella finanza internazionale\"}]},{\"@type\":\"WebSite\",\"@id\":\"https:\\\/\\\/www.article-marketing.eu\\\/comunicatistampa\\\/#website\",\"url\":\"https:\\\/\\\/www.article-marketing.eu\\\/comunicatistampa\\\/\",\"name\":\"Article Marketing\",\"description\":\"article marketing &amp; press release\",\"potentialAction\":[{\"@type\":\"SearchAction\",\"target\":{\"@type\":\"EntryPoint\",\"urlTemplate\":\"https:\\\/\\\/www.article-marketing.eu\\\/comunicatistampa\\\/?s={search_term_string}\"},\"query-input\":{\"@type\":\"PropertyValueSpecification\",\"valueRequired\":true,\"valueName\":\"search_term_string\"}}],\"inLanguage\":\"it-IT\"},{\"@type\":\"Person\",\"@id\":\"https:\\\/\\\/www.article-marketing.eu\\\/comunicatistampa\\\/#\\\/schema\\\/person\\\/2fcaf8f8f3a9eef9eb7f27532d3ca458\",\"name\":\"articolinews\",\"image\":{\"@type\":\"ImageObject\",\"inLanguage\":\"it-IT\",\"@id\":\"https:\\\/\\\/secure.gravatar.com\\\/avatar\\\/9e2a264bab04e17dea24d937c9956304649a848cb73c46747a692ff1bdeb1cb7?s=96&d=mm&r=g\",\"url\":\"https:\\\/\\\/secure.gravatar.com\\\/avatar\\\/9e2a264bab04e17dea24d937c9956304649a848cb73c46747a692ff1bdeb1cb7?s=96&d=mm&r=g\",\"contentUrl\":\"https:\\\/\\\/secure.gravatar.com\\\/avatar\\\/9e2a264bab04e17dea24d937c9956304649a848cb73c46747a692ff1bdeb1cb7?s=96&d=mm&r=g\",\"caption\":\"articolinews\"},\"url\":\"https:\\\/\\\/www.article-marketing.eu\\\/comunicatistampa\\\/author\\\/articolinews\\\/\"}]}<\/script>\n<!-- \/ Yoast SEO plugin. -->","yoast_head_json":{"title":"Alessandro Noceti, la rapida ascesa nella finanza internazionale","robots":{"index":"index","follow":"follow","max-snippet":"max-snippet:-1","max-image-preview":"max-image-preview:large","max-video-preview":"max-video-preview:-1"},"canonical":"https:\/\/www.article-marketing.eu\/comunicatistampa\/alessandro-noceti-la-rapida-ascesa-nella-finanza-internazionale\/","og_locale":"it_IT","og_type":"article","og_title":"Alessandro Noceti, la rapida ascesa nella finanza internazionale","og_description":"In Valeur Group dal 2015, Alessandro Noceti \u00e8 oggi a capo di due delle cinque societ\u00e0 che fanno parte del Gruppo. Tra le principali esperienze lavorative gli otto anni in Credit Suisse subito dopo la laurea. Alessandro Noceti: gli incarichi attuali in Valeur Group Professionista affermato nel settore della finanza internazionale, Alessandro Noceti \u00e8 un esperto nell\u2019ambito del credito e dell\u2019equity. Attualmente dirige Valeur Capital LTD e Valeur Securities SA,Continue reading...","og_url":"https:\/\/www.article-marketing.eu\/comunicatistampa\/alessandro-noceti-la-rapida-ascesa-nella-finanza-internazionale\/","og_site_name":"Article Marketing","article_published_time":"2023-03-10T09:22:53+00:00","og_image":[{"url":"https:\/\/www.portaleconomia.net\/wp-content\/uploads\/2021\/10\/alessandro-noceti.jpg","type":"","width":"","height":""}],"author":"articolinews","twitter_card":"summary_large_image","twitter_misc":{"Scritto da":"articolinews","Tempo di lettura stimato":"2 minuti"},"schema":{"@context":"https:\/\/schema.org","@graph":[{"@type":"Article","@id":"https:\/\/www.article-marketing.eu\/comunicatistampa\/alessandro-noceti-la-rapida-ascesa-nella-finanza-internazionale\/#article","isPartOf":{"@id":"https:\/\/www.article-marketing.eu\/comunicatistampa\/alessandro-noceti-la-rapida-ascesa-nella-finanza-internazionale\/"},"author":{"name":"articolinews","@id":"https:\/\/www.article-marketing.eu\/comunicatistampa\/#\/schema\/person\/2fcaf8f8f3a9eef9eb7f27532d3ca458"},"headline":"Alessandro Noceti, la rapida ascesa nella finanza internazionale","datePublished":"2023-03-10T09:22:53+00:00","mainEntityOfPage":{"@id":"https:\/\/www.article-marketing.eu\/comunicatistampa\/alessandro-noceti-la-rapida-ascesa-nella-finanza-internazionale\/"},"wordCount":316,"commentCount":0,"image":{"@id":"https:\/\/www.article-marketing.eu\/comunicatistampa\/alessandro-noceti-la-rapida-ascesa-nella-finanza-internazionale\/#primaryimage"},"thumbnailUrl":"https:\/\/www.portaleconomia.net\/wp-content\/uploads\/2021\/10\/alessandro-noceti.jpg","keywords":["Alessandro Noceti","Valeur Group"],"articleSection":["Economia e lavoro"],"inLanguage":"it-IT","potentialAction":[{"@type":"CommentAction","name":"Comment","target":["https:\/\/www.article-marketing.eu\/comunicatistampa\/alessandro-noceti-la-rapida-ascesa-nella-finanza-internazionale\/#respond"]}]},{"@type":"WebPage","@id":"https:\/\/www.article-marketing.eu\/comunicatistampa\/alessandro-noceti-la-rapida-ascesa-nella-finanza-internazionale\/","url":"https:\/\/www.article-marketing.eu\/comunicatistampa\/alessandro-noceti-la-rapida-ascesa-nella-finanza-internazionale\/","name":"Alessandro Noceti, la rapida ascesa nella finanza internazionale","isPartOf":{"@id":"https:\/\/www.article-marketing.eu\/comunicatistampa\/#website"},"primaryImageOfPage":{"@id":"https:\/\/www.article-marketing.eu\/comunicatistampa\/alessandro-noceti-la-rapida-ascesa-nella-finanza-internazionale\/#primaryimage"},"image":{"@id":"https:\/\/www.article-marketing.eu\/comunicatistampa\/alessandro-noceti-la-rapida-ascesa-nella-finanza-internazionale\/#primaryimage"},"thumbnailUrl":"https:\/\/www.portaleconomia.net\/wp-content\/uploads\/2021\/10\/alessandro-noceti.jpg","datePublished":"2023-03-10T09:22:53+00:00","author":{"@id":"https:\/\/www.article-marketing.eu\/comunicatistampa\/#\/schema\/person\/2fcaf8f8f3a9eef9eb7f27532d3ca458"},"breadcrumb":{"@id":"https:\/\/www.article-marketing.eu\/comunicatistampa\/alessandro-noceti-la-rapida-ascesa-nella-finanza-internazionale\/#breadcrumb"},"inLanguage":"it-IT","potentialAction":[{"@type":"ReadAction","target":["https:\/\/www.article-marketing.eu\/comunicatistampa\/alessandro-noceti-la-rapida-ascesa-nella-finanza-internazionale\/"]}]},{"@type":"ImageObject","inLanguage":"it-IT","@id":"https:\/\/www.article-marketing.eu\/comunicatistampa\/alessandro-noceti-la-rapida-ascesa-nella-finanza-internazionale\/#primaryimage","url":"https:\/\/www.portaleconomia.net\/wp-content\/uploads\/2021\/10\/alessandro-noceti.jpg","contentUrl":"https:\/\/www.portaleconomia.net\/wp-content\/uploads\/2021\/10\/alessandro-noceti.jpg"},{"@type":"BreadcrumbList","@id":"https:\/\/www.article-marketing.eu\/comunicatistampa\/alessandro-noceti-la-rapida-ascesa-nella-finanza-internazionale\/#breadcrumb","itemListElement":[{"@type":"ListItem","position":1,"name":"Home","item":"https:\/\/www.article-marketing.eu\/comunicatistampa\/"},{"@type":"ListItem","position":2,"name":"Alessandro Noceti, la rapida ascesa nella finanza internazionale"}]},{"@type":"WebSite","@id":"https:\/\/www.article-marketing.eu\/comunicatistampa\/#website","url":"https:\/\/www.article-marketing.eu\/comunicatistampa\/","name":"Article Marketing","description":"article marketing &amp; press release","potentialAction":[{"@type":"SearchAction","target":{"@type":"EntryPoint","urlTemplate":"https:\/\/www.article-marketing.eu\/comunicatistampa\/?s={search_term_string}"},"query-input":{"@type":"PropertyValueSpecification","valueRequired":true,"valueName":"search_term_string"}}],"inLanguage":"it-IT"},{"@type":"Person","@id":"https:\/\/www.article-marketing.eu\/comunicatistampa\/#\/schema\/person\/2fcaf8f8f3a9eef9eb7f27532d3ca458","name":"articolinews","image":{"@type":"ImageObject","inLanguage":"it-IT","@id":"https:\/\/secure.gravatar.com\/avatar\/9e2a264bab04e17dea24d937c9956304649a848cb73c46747a692ff1bdeb1cb7?s=96&d=mm&r=g","url":"https:\/\/secure.gravatar.com\/avatar\/9e2a264bab04e17dea24d937c9956304649a848cb73c46747a692ff1bdeb1cb7?s=96&d=mm&r=g","contentUrl":"https:\/\/secure.gravatar.com\/avatar\/9e2a264bab04e17dea24d937c9956304649a848cb73c46747a692ff1bdeb1cb7?s=96&d=mm&r=g","caption":"articolinews"},"url":"https:\/\/www.article-marketing.eu\/comunicatistampa\/author\/articolinews\/"}]}},"_links":{"self":[{"href":"https:\/\/www.article-marketing.eu\/comunicatistampa\/wp-json\/wp\/v2\/posts\/26094","targetHints":{"allow":["GET"]}}],"collection":[{"href":"https:\/\/www.article-marketing.eu\/comunicatistampa\/wp-json\/wp\/v2\/posts"}],"about":[{"href":"https:\/\/www.article-marketing.eu\/comunicatistampa\/wp-json\/wp\/v2\/types\/post"}],"author":[{"embeddable":true,"href":"https:\/\/www.article-marketing.eu\/comunicatistampa\/wp-json\/wp\/v2\/users\/6477"}],"replies":[{"embeddable":true,"href":"https:\/\/www.article-marketing.eu\/comunicatistampa\/wp-json\/wp\/v2\/comments?post=26094"}],"version-history":[{"count":2,"href":"https:\/\/www.article-marketing.eu\/comunicatistampa\/wp-json\/wp\/v2\/posts\/26094\/revisions"}],"predecessor-version":[{"id":26595,"href":"https:\/\/www.article-marketing.eu\/comunicatistampa\/wp-json\/wp\/v2\/posts\/26094\/revisions\/26595"}],"wp:attachment":[{"href":"https:\/\/www.article-marketing.eu\/comunicatistampa\/wp-json\/wp\/v2\/media?parent=26094"}],"wp:term":[{"taxonomy":"category","embeddable":true,"href":"https:\/\/www.article-marketing.eu\/comunicatistampa\/wp-json\/wp\/v2\/categories?post=26094"},{"taxonomy":"post_tag","embeddable":true,"href":"https:\/\/www.article-marketing.eu\/comunicatistampa\/wp-json\/wp\/v2\/tags?post=26094"}],"curies":[{"name":"wp","href":"https:\/\/api.w.org\/{rel}","templated":true}]}}