{"id":26096,"date":"2023-02-01T08:45:39","date_gmt":"2023-02-01T07:45:39","guid":{"rendered":"https:\/\/www.article-marketing.eu\/comunicatistampa\/?p=26096"},"modified":"2023-01-31T08:23:17","modified_gmt":"2023-01-31T07:23:17","slug":"claudio-machetti-dai-primi-incarichi-alla-direzione-di-una-business-line-di-enel","status":"publish","type":"post","link":"https:\/\/www.article-marketing.eu\/comunicatistampa\/claudio-machetti-dai-primi-incarichi-alla-direzione-di-una-business-line-di-enel\/","title":{"rendered":"Claudio Machetti, dai primi incarichi alla Direzione di una Business Line di Enel"},"content":{"rendered":"<p><em><strong>Dall\u2019esordio presso il Banco di Roma all\u2019ingresso in Enel: <a title=\"Claudio Machetti profilo su Executive Manager\" href=\"https:\/\/www.executivemanager.it\/Claudio-Machetti\/\">Claudio Machetti<\/a>, Direttore della Global Energy and Commodity Management Business Line del Gruppo, ha alle spalle 40 anni di esperienza professionale.<\/strong><\/em><\/p>\n<p><a title=\"Claudio Machetti, Direttore della Global Energy and Commodity Management Business Line di Enel\" href=\"https:\/\/www.executivemanager.it\/Claudio-Machetti\/\"><img loading=\"lazy\" decoding=\"async\" src=\"https:\/\/www.executivemanager.it\/images\/comprofiler\/0_5abbca3e5fde7.jpg\" alt=\"Claudio Machetti\" width=\"200\" height=\"141\" \/><\/a><\/p>\n<h2>Claudio Machetti, la carriera in Enel<\/h2>\n<p>Responsabile dell\u2019Area Finanza, Direttore Finanziario, Direttore della funzione Risk Management: sono numerosi gli incarichi di rilievo ricoperti da <a title=\"Claudio Machetti profilo professionale \" href=\"https:\/\/www.executivemanager.it\/Claudio-Machetti\/\">Claudio Machetti<\/a> in oltre 20 anni di carriera presso il Gruppo Enel. Il suo esordio nel 2000 lo ha visto assumere inizialmente il ruolo di Responsabile dell\u2019Area Finanza, collaborando al contempo alla nascita della societ\u00e0 finanziaria Enelfactor, di cui \u00e8 stato anche Amministratore Delegato. Successivamente \u00e8 stato Presidente dei fondi pensione Fondenel e Fopen. Nel 2009, dopo essere stato nominato Direttore Finanziario del Gruppo, diventa Direttore della funzione Risk Management. \u00c8 il 2014 quando <strong>Claudio Machetti<\/strong> viene chiamato a dirigere la Global Trading, Business Line di Enel (da marzo 2021 denominata Global Energy and Commodity Management): si occupa della gestione del sourcing di carbone, gas e olio combustibile, l&#8217;operativit\u00e0 sui mercati all&#8217;ingrosso di gas ed energia elettrica nonch\u00e9 l\u2019ottimizzazione commerciale del parco di produzione del Gruppo. Nel corso della sua carriera professionale ha inoltre ricoperto il ruolo di Consigliere nei Board di consociate come Endesa, Terna e Wind Telecomunicazioni.<\/p>\n<h2>Gli incarichi di Claudio Machetti presso il Banco di Roma e nel Gruppo FS<\/h2>\n<p>Nato a Roma nel 1958, <strong>Claudio Machetti<\/strong> si laurea in Scienze Statistiche presso l&#8217;Universit\u00e0 di Roma La Sapienza e avvia il suo percorso professionale presso il Banco di Roma nel 1983. Trascorso un anno nella filiale di Milano, nel 1984 passa alla Direzione Centrale di Roma in qualit\u00e0 di analista finanziario con l\u2019incarico di valutare la situazione creditizia di grandi gruppi industriali del Paese. Specializzatosi in equity, assume il ruolo di funzionario della Direzione Finanziaria, Ufficio Analisi Finanziarie e nel 1990 viene nominato Vicedirettore Responsabile del Nucleo Analisti Finanziari. Due anni pi\u00f9 tardi <strong>Claudio Machetti<\/strong> entra in Ferrovie dello Stato Italiane. Inizialmente Responsabile dell\u2019Unit\u00e0 Mercati Finanziari, viene successivamente nominato Direttore della Finanza Operativa. In quegli stessi anni collabora alla costituzione della societ\u00e0 finanziaria Fercredit, specializzata in ambito captive nei settori del factoring, del leasing e del credito a consumo, ricoprendo il ruolo di Amministratore Delegato.<\/p>\n","protected":false},"excerpt":{"rendered":"<p>Dall\u2019esordio presso il Banco di Roma all\u2019ingresso in Enel: Claudio Machetti, Direttore della Global Energy and Commodity Management Business Line del Gruppo, ha alle spalle 40 anni di esperienza professionale. Claudio Machetti, la carriera in Enel Responsabile dell\u2019Area Finanza, Direttore Finanziario, Direttore della funzione Risk Management: sono numerosi gli incarichi di rilievo ricoperti da Claudio Machetti in oltre 20 anni di carriera presso il Gruppo Enel. Il suo esordio nel<\/p>\n<p><a class=\"continue-reading\" href=\"https:\/\/www.article-marketing.eu\/comunicatistampa\/claudio-machetti-dai-primi-incarichi-alla-direzione-di-una-business-line-di-enel\/\">Continue reading&#8230;<\/a><\/p>\n","protected":false},"author":6477,"featured_media":0,"comment_status":"open","ping_status":"open","sticky":false,"template":"","format":"standard","meta":{"_monsterinsights_skip_tracking":false,"_monsterinsights_sitenote_active":false,"_monsterinsights_sitenote_note":"","_monsterinsights_sitenote_category":0,"footnotes":""},"categories":[386],"tags":[9886],"class_list":["post-26096","post","type-post","status-publish","format-standard","hentry","category-economia-e-lavoro","tag-claudio-machetti"],"yoast_head":"<!-- This site is optimized with the Yoast SEO plugin v27.3 - https:\/\/yoast.com\/product\/yoast-seo-wordpress\/ -->\n<title>Claudio Machetti, dai primi incarichi alla Direzione di una Business Line di Enel<\/title>\n<meta name=\"robots\" content=\"index, follow, max-snippet:-1, max-image-preview:large, max-video-preview:-1\" \/>\n<link rel=\"canonical\" href=\"https:\/\/www.article-marketing.eu\/comunicatistampa\/claudio-machetti-dai-primi-incarichi-alla-direzione-di-una-business-line-di-enel\/\" \/>\n<meta property=\"og:locale\" content=\"it_IT\" \/>\n<meta property=\"og:type\" content=\"article\" \/>\n<meta property=\"og:title\" content=\"Claudio Machetti, dai primi incarichi alla Direzione di una Business Line di Enel\" \/>\n<meta property=\"og:description\" content=\"Dall\u2019esordio presso il Banco di Roma all\u2019ingresso in Enel: Claudio Machetti, Direttore della Global Energy and Commodity Management Business Line del Gruppo, ha alle spalle 40 anni di esperienza professionale. Claudio Machetti, la carriera in Enel Responsabile dell\u2019Area Finanza, Direttore Finanziario, Direttore della funzione Risk Management: sono numerosi gli incarichi di rilievo ricoperti da Claudio Machetti in oltre 20 anni di carriera presso il Gruppo Enel. Il suo esordio nelContinue reading...\" \/>\n<meta property=\"og:url\" content=\"https:\/\/www.article-marketing.eu\/comunicatistampa\/claudio-machetti-dai-primi-incarichi-alla-direzione-di-una-business-line-di-enel\/\" \/>\n<meta property=\"og:site_name\" content=\"Article Marketing\" \/>\n<meta property=\"article:published_time\" content=\"2023-02-01T07:45:39+00:00\" \/>\n<meta property=\"og:image\" content=\"https:\/\/www.executivemanager.it\/images\/comprofiler\/0_5abbca3e5fde7.jpg\" \/>\n<meta name=\"author\" content=\"articolinews\" \/>\n<meta name=\"twitter:card\" content=\"summary_large_image\" \/>\n<meta name=\"twitter:label1\" content=\"Scritto da\" \/>\n\t<meta name=\"twitter:data1\" content=\"articolinews\" \/>\n\t<meta name=\"twitter:label2\" content=\"Tempo di lettura stimato\" \/>\n\t<meta name=\"twitter:data2\" content=\"3 minuti\" \/>\n<script type=\"application\/ld+json\" class=\"yoast-schema-graph\">{\"@context\":\"https:\\\/\\\/schema.org\",\"@graph\":[{\"@type\":\"Article\",\"@id\":\"https:\\\/\\\/www.article-marketing.eu\\\/comunicatistampa\\\/claudio-machetti-dai-primi-incarichi-alla-direzione-di-una-business-line-di-enel\\\/#article\",\"isPartOf\":{\"@id\":\"https:\\\/\\\/www.article-marketing.eu\\\/comunicatistampa\\\/claudio-machetti-dai-primi-incarichi-alla-direzione-di-una-business-line-di-enel\\\/\"},\"author\":{\"name\":\"articolinews\",\"@id\":\"https:\\\/\\\/www.article-marketing.eu\\\/comunicatistampa\\\/#\\\/schema\\\/person\\\/2fcaf8f8f3a9eef9eb7f27532d3ca458\"},\"headline\":\"Claudio Machetti, dai primi incarichi alla Direzione di una Business Line di Enel\",\"datePublished\":\"2023-02-01T07:45:39+00:00\",\"mainEntityOfPage\":{\"@id\":\"https:\\\/\\\/www.article-marketing.eu\\\/comunicatistampa\\\/claudio-machetti-dai-primi-incarichi-alla-direzione-di-una-business-line-di-enel\\\/\"},\"wordCount\":369,\"commentCount\":0,\"image\":{\"@id\":\"https:\\\/\\\/www.article-marketing.eu\\\/comunicatistampa\\\/claudio-machetti-dai-primi-incarichi-alla-direzione-di-una-business-line-di-enel\\\/#primaryimage\"},\"thumbnailUrl\":\"https:\\\/\\\/www.executivemanager.it\\\/images\\\/comprofiler\\\/0_5abbca3e5fde7.jpg\",\"keywords\":[\"Claudio Machetti\"],\"articleSection\":[\"Economia e lavoro\"],\"inLanguage\":\"it-IT\",\"potentialAction\":[{\"@type\":\"CommentAction\",\"name\":\"Comment\",\"target\":[\"https:\\\/\\\/www.article-marketing.eu\\\/comunicatistampa\\\/claudio-machetti-dai-primi-incarichi-alla-direzione-di-una-business-line-di-enel\\\/#respond\"]}]},{\"@type\":\"WebPage\",\"@id\":\"https:\\\/\\\/www.article-marketing.eu\\\/comunicatistampa\\\/claudio-machetti-dai-primi-incarichi-alla-direzione-di-una-business-line-di-enel\\\/\",\"url\":\"https:\\\/\\\/www.article-marketing.eu\\\/comunicatistampa\\\/claudio-machetti-dai-primi-incarichi-alla-direzione-di-una-business-line-di-enel\\\/\",\"name\":\"Claudio Machetti, dai primi incarichi alla Direzione di una Business Line di Enel\",\"isPartOf\":{\"@id\":\"https:\\\/\\\/www.article-marketing.eu\\\/comunicatistampa\\\/#website\"},\"primaryImageOfPage\":{\"@id\":\"https:\\\/\\\/www.article-marketing.eu\\\/comunicatistampa\\\/claudio-machetti-dai-primi-incarichi-alla-direzione-di-una-business-line-di-enel\\\/#primaryimage\"},\"image\":{\"@id\":\"https:\\\/\\\/www.article-marketing.eu\\\/comunicatistampa\\\/claudio-machetti-dai-primi-incarichi-alla-direzione-di-una-business-line-di-enel\\\/#primaryimage\"},\"thumbnailUrl\":\"https:\\\/\\\/www.executivemanager.it\\\/images\\\/comprofiler\\\/0_5abbca3e5fde7.jpg\",\"datePublished\":\"2023-02-01T07:45:39+00:00\",\"author\":{\"@id\":\"https:\\\/\\\/www.article-marketing.eu\\\/comunicatistampa\\\/#\\\/schema\\\/person\\\/2fcaf8f8f3a9eef9eb7f27532d3ca458\"},\"breadcrumb\":{\"@id\":\"https:\\\/\\\/www.article-marketing.eu\\\/comunicatistampa\\\/claudio-machetti-dai-primi-incarichi-alla-direzione-di-una-business-line-di-enel\\\/#breadcrumb\"},\"inLanguage\":\"it-IT\",\"potentialAction\":[{\"@type\":\"ReadAction\",\"target\":[\"https:\\\/\\\/www.article-marketing.eu\\\/comunicatistampa\\\/claudio-machetti-dai-primi-incarichi-alla-direzione-di-una-business-line-di-enel\\\/\"]}]},{\"@type\":\"ImageObject\",\"inLanguage\":\"it-IT\",\"@id\":\"https:\\\/\\\/www.article-marketing.eu\\\/comunicatistampa\\\/claudio-machetti-dai-primi-incarichi-alla-direzione-di-una-business-line-di-enel\\\/#primaryimage\",\"url\":\"https:\\\/\\\/www.executivemanager.it\\\/images\\\/comprofiler\\\/0_5abbca3e5fde7.jpg\",\"contentUrl\":\"https:\\\/\\\/www.executivemanager.it\\\/images\\\/comprofiler\\\/0_5abbca3e5fde7.jpg\"},{\"@type\":\"BreadcrumbList\",\"@id\":\"https:\\\/\\\/www.article-marketing.eu\\\/comunicatistampa\\\/claudio-machetti-dai-primi-incarichi-alla-direzione-di-una-business-line-di-enel\\\/#breadcrumb\",\"itemListElement\":[{\"@type\":\"ListItem\",\"position\":1,\"name\":\"Home\",\"item\":\"https:\\\/\\\/www.article-marketing.eu\\\/comunicatistampa\\\/\"},{\"@type\":\"ListItem\",\"position\":2,\"name\":\"Claudio Machetti, dai primi incarichi alla Direzione di una Business Line di Enel\"}]},{\"@type\":\"WebSite\",\"@id\":\"https:\\\/\\\/www.article-marketing.eu\\\/comunicatistampa\\\/#website\",\"url\":\"https:\\\/\\\/www.article-marketing.eu\\\/comunicatistampa\\\/\",\"name\":\"Article Marketing\",\"description\":\"article marketing &amp; press release\",\"potentialAction\":[{\"@type\":\"SearchAction\",\"target\":{\"@type\":\"EntryPoint\",\"urlTemplate\":\"https:\\\/\\\/www.article-marketing.eu\\\/comunicatistampa\\\/?s={search_term_string}\"},\"query-input\":{\"@type\":\"PropertyValueSpecification\",\"valueRequired\":true,\"valueName\":\"search_term_string\"}}],\"inLanguage\":\"it-IT\"},{\"@type\":\"Person\",\"@id\":\"https:\\\/\\\/www.article-marketing.eu\\\/comunicatistampa\\\/#\\\/schema\\\/person\\\/2fcaf8f8f3a9eef9eb7f27532d3ca458\",\"name\":\"articolinews\",\"image\":{\"@type\":\"ImageObject\",\"inLanguage\":\"it-IT\",\"@id\":\"https:\\\/\\\/secure.gravatar.com\\\/avatar\\\/9e2a264bab04e17dea24d937c9956304649a848cb73c46747a692ff1bdeb1cb7?s=96&d=mm&r=g\",\"url\":\"https:\\\/\\\/secure.gravatar.com\\\/avatar\\\/9e2a264bab04e17dea24d937c9956304649a848cb73c46747a692ff1bdeb1cb7?s=96&d=mm&r=g\",\"contentUrl\":\"https:\\\/\\\/secure.gravatar.com\\\/avatar\\\/9e2a264bab04e17dea24d937c9956304649a848cb73c46747a692ff1bdeb1cb7?s=96&d=mm&r=g\",\"caption\":\"articolinews\"},\"url\":\"https:\\\/\\\/www.article-marketing.eu\\\/comunicatistampa\\\/author\\\/articolinews\\\/\"}]}<\/script>\n<!-- \/ Yoast SEO plugin. -->","yoast_head_json":{"title":"Claudio Machetti, dai primi incarichi alla Direzione di una Business Line di Enel","robots":{"index":"index","follow":"follow","max-snippet":"max-snippet:-1","max-image-preview":"max-image-preview:large","max-video-preview":"max-video-preview:-1"},"canonical":"https:\/\/www.article-marketing.eu\/comunicatistampa\/claudio-machetti-dai-primi-incarichi-alla-direzione-di-una-business-line-di-enel\/","og_locale":"it_IT","og_type":"article","og_title":"Claudio Machetti, dai primi incarichi alla Direzione di una Business Line di Enel","og_description":"Dall\u2019esordio presso il Banco di Roma all\u2019ingresso in Enel: Claudio Machetti, Direttore della Global Energy and Commodity Management Business Line del Gruppo, ha alle spalle 40 anni di esperienza professionale. Claudio Machetti, la carriera in Enel Responsabile dell\u2019Area Finanza, Direttore Finanziario, Direttore della funzione Risk Management: sono numerosi gli incarichi di rilievo ricoperti da Claudio Machetti in oltre 20 anni di carriera presso il Gruppo Enel. Il suo esordio nelContinue reading...","og_url":"https:\/\/www.article-marketing.eu\/comunicatistampa\/claudio-machetti-dai-primi-incarichi-alla-direzione-di-una-business-line-di-enel\/","og_site_name":"Article Marketing","article_published_time":"2023-02-01T07:45:39+00:00","og_image":[{"url":"https:\/\/www.executivemanager.it\/images\/comprofiler\/0_5abbca3e5fde7.jpg","type":"","width":"","height":""}],"author":"articolinews","twitter_card":"summary_large_image","twitter_misc":{"Scritto da":"articolinews","Tempo di lettura stimato":"3 minuti"},"schema":{"@context":"https:\/\/schema.org","@graph":[{"@type":"Article","@id":"https:\/\/www.article-marketing.eu\/comunicatistampa\/claudio-machetti-dai-primi-incarichi-alla-direzione-di-una-business-line-di-enel\/#article","isPartOf":{"@id":"https:\/\/www.article-marketing.eu\/comunicatistampa\/claudio-machetti-dai-primi-incarichi-alla-direzione-di-una-business-line-di-enel\/"},"author":{"name":"articolinews","@id":"https:\/\/www.article-marketing.eu\/comunicatistampa\/#\/schema\/person\/2fcaf8f8f3a9eef9eb7f27532d3ca458"},"headline":"Claudio Machetti, dai primi incarichi alla Direzione di una Business Line di Enel","datePublished":"2023-02-01T07:45:39+00:00","mainEntityOfPage":{"@id":"https:\/\/www.article-marketing.eu\/comunicatistampa\/claudio-machetti-dai-primi-incarichi-alla-direzione-di-una-business-line-di-enel\/"},"wordCount":369,"commentCount":0,"image":{"@id":"https:\/\/www.article-marketing.eu\/comunicatistampa\/claudio-machetti-dai-primi-incarichi-alla-direzione-di-una-business-line-di-enel\/#primaryimage"},"thumbnailUrl":"https:\/\/www.executivemanager.it\/images\/comprofiler\/0_5abbca3e5fde7.jpg","keywords":["Claudio Machetti"],"articleSection":["Economia e lavoro"],"inLanguage":"it-IT","potentialAction":[{"@type":"CommentAction","name":"Comment","target":["https:\/\/www.article-marketing.eu\/comunicatistampa\/claudio-machetti-dai-primi-incarichi-alla-direzione-di-una-business-line-di-enel\/#respond"]}]},{"@type":"WebPage","@id":"https:\/\/www.article-marketing.eu\/comunicatistampa\/claudio-machetti-dai-primi-incarichi-alla-direzione-di-una-business-line-di-enel\/","url":"https:\/\/www.article-marketing.eu\/comunicatistampa\/claudio-machetti-dai-primi-incarichi-alla-direzione-di-una-business-line-di-enel\/","name":"Claudio Machetti, dai primi incarichi alla Direzione di una Business Line di Enel","isPartOf":{"@id":"https:\/\/www.article-marketing.eu\/comunicatistampa\/#website"},"primaryImageOfPage":{"@id":"https:\/\/www.article-marketing.eu\/comunicatistampa\/claudio-machetti-dai-primi-incarichi-alla-direzione-di-una-business-line-di-enel\/#primaryimage"},"image":{"@id":"https:\/\/www.article-marketing.eu\/comunicatistampa\/claudio-machetti-dai-primi-incarichi-alla-direzione-di-una-business-line-di-enel\/#primaryimage"},"thumbnailUrl":"https:\/\/www.executivemanager.it\/images\/comprofiler\/0_5abbca3e5fde7.jpg","datePublished":"2023-02-01T07:45:39+00:00","author":{"@id":"https:\/\/www.article-marketing.eu\/comunicatistampa\/#\/schema\/person\/2fcaf8f8f3a9eef9eb7f27532d3ca458"},"breadcrumb":{"@id":"https:\/\/www.article-marketing.eu\/comunicatistampa\/claudio-machetti-dai-primi-incarichi-alla-direzione-di-una-business-line-di-enel\/#breadcrumb"},"inLanguage":"it-IT","potentialAction":[{"@type":"ReadAction","target":["https:\/\/www.article-marketing.eu\/comunicatistampa\/claudio-machetti-dai-primi-incarichi-alla-direzione-di-una-business-line-di-enel\/"]}]},{"@type":"ImageObject","inLanguage":"it-IT","@id":"https:\/\/www.article-marketing.eu\/comunicatistampa\/claudio-machetti-dai-primi-incarichi-alla-direzione-di-una-business-line-di-enel\/#primaryimage","url":"https:\/\/www.executivemanager.it\/images\/comprofiler\/0_5abbca3e5fde7.jpg","contentUrl":"https:\/\/www.executivemanager.it\/images\/comprofiler\/0_5abbca3e5fde7.jpg"},{"@type":"BreadcrumbList","@id":"https:\/\/www.article-marketing.eu\/comunicatistampa\/claudio-machetti-dai-primi-incarichi-alla-direzione-di-una-business-line-di-enel\/#breadcrumb","itemListElement":[{"@type":"ListItem","position":1,"name":"Home","item":"https:\/\/www.article-marketing.eu\/comunicatistampa\/"},{"@type":"ListItem","position":2,"name":"Claudio Machetti, dai primi incarichi alla Direzione di una Business Line di Enel"}]},{"@type":"WebSite","@id":"https:\/\/www.article-marketing.eu\/comunicatistampa\/#website","url":"https:\/\/www.article-marketing.eu\/comunicatistampa\/","name":"Article Marketing","description":"article marketing &amp; press release","potentialAction":[{"@type":"SearchAction","target":{"@type":"EntryPoint","urlTemplate":"https:\/\/www.article-marketing.eu\/comunicatistampa\/?s={search_term_string}"},"query-input":{"@type":"PropertyValueSpecification","valueRequired":true,"valueName":"search_term_string"}}],"inLanguage":"it-IT"},{"@type":"Person","@id":"https:\/\/www.article-marketing.eu\/comunicatistampa\/#\/schema\/person\/2fcaf8f8f3a9eef9eb7f27532d3ca458","name":"articolinews","image":{"@type":"ImageObject","inLanguage":"it-IT","@id":"https:\/\/secure.gravatar.com\/avatar\/9e2a264bab04e17dea24d937c9956304649a848cb73c46747a692ff1bdeb1cb7?s=96&d=mm&r=g","url":"https:\/\/secure.gravatar.com\/avatar\/9e2a264bab04e17dea24d937c9956304649a848cb73c46747a692ff1bdeb1cb7?s=96&d=mm&r=g","contentUrl":"https:\/\/secure.gravatar.com\/avatar\/9e2a264bab04e17dea24d937c9956304649a848cb73c46747a692ff1bdeb1cb7?s=96&d=mm&r=g","caption":"articolinews"},"url":"https:\/\/www.article-marketing.eu\/comunicatistampa\/author\/articolinews\/"}]}},"_links":{"self":[{"href":"https:\/\/www.article-marketing.eu\/comunicatistampa\/wp-json\/wp\/v2\/posts\/26096","targetHints":{"allow":["GET"]}}],"collection":[{"href":"https:\/\/www.article-marketing.eu\/comunicatistampa\/wp-json\/wp\/v2\/posts"}],"about":[{"href":"https:\/\/www.article-marketing.eu\/comunicatistampa\/wp-json\/wp\/v2\/types\/post"}],"author":[{"embeddable":true,"href":"https:\/\/www.article-marketing.eu\/comunicatistampa\/wp-json\/wp\/v2\/users\/6477"}],"replies":[{"embeddable":true,"href":"https:\/\/www.article-marketing.eu\/comunicatistampa\/wp-json\/wp\/v2\/comments?post=26096"}],"version-history":[{"count":2,"href":"https:\/\/www.article-marketing.eu\/comunicatistampa\/wp-json\/wp\/v2\/posts\/26096\/revisions"}],"predecessor-version":[{"id":26208,"href":"https:\/\/www.article-marketing.eu\/comunicatistampa\/wp-json\/wp\/v2\/posts\/26096\/revisions\/26208"}],"wp:attachment":[{"href":"https:\/\/www.article-marketing.eu\/comunicatistampa\/wp-json\/wp\/v2\/media?parent=26096"}],"wp:term":[{"taxonomy":"category","embeddable":true,"href":"https:\/\/www.article-marketing.eu\/comunicatistampa\/wp-json\/wp\/v2\/categories?post=26096"},{"taxonomy":"post_tag","embeddable":true,"href":"https:\/\/www.article-marketing.eu\/comunicatistampa\/wp-json\/wp\/v2\/tags?post=26096"}],"curies":[{"name":"wp","href":"https:\/\/api.w.org\/{rel}","templated":true}]}}