{"id":26115,"date":"2023-03-09T12:59:22","date_gmt":"2023-03-09T11:59:22","guid":{"rendered":"https:\/\/www.article-marketing.eu\/comunicatistampa\/?p=26115"},"modified":"2023-03-09T12:59:22","modified_gmt":"2023-03-09T11:59:22","slug":"francesco-starace-il-sessantennale-di-enel-intervista-allad-e-dg","status":"publish","type":"post","link":"https:\/\/www.article-marketing.eu\/comunicatistampa\/francesco-starace-il-sessantennale-di-enel-intervista-allad-e-dg\/","title":{"rendered":"Francesco Starace: il sessantennale di Enel, intervista all\u2019AD e DG"},"content":{"rendered":"<p><em><strong><a title=\"Francesco Starace, AD e DG di Enel, 60 anni di Enel\" href=\"https:\/\/www.ilgiornaleditalia.it\/video\/mondo-imprese\/434358\/francesco-starace-enel-sessant-anni-sono-tanti-supereremo-la-crisi-del-gas-2022-e-2023-pronti-per-affrontare-un-percorso-che-ci-affranchi-da-questa-schiavitu-.html\">Francesco Starace<\/a>: \u201c60 anni sono tanti ed \u00e8 importante celebrarli bene, ringraziando di essere in buona salute e con tutta la voglia del mondo di viverne altrettanti\u201d.<\/strong><\/em><\/p>\n<p><a title=\"Francesco Starace, AD e DG di Enel\" href=\"https:\/\/www.ilgiornaleditalia.it\/video\/mondo-imprese\/434358\/francesco-starace-enel-sessant-anni-sono-tanti-supereremo-la-crisi-del-gas-2022-e-2023-pronti-per-affrontare-un-percorso-che-ci-affranchi-da-questa-schiavitu-.html\"><img loading=\"lazy\" decoding=\"async\" src=\"https:\/\/www.francescostarace.it\/content\/dam\/enel-ceo\/francesco-starace.jpg.resize.414.250.center.center.jpeg\" alt=\"Francesco Starace\" width=\"200\" height=\"121\" \/><\/a><\/p>\n<h2>I 60 anni di Enel nelle parole dell\u2019AD Francesco Starace<\/h2>\n<p>\u201c<em>Festeggiare 60 anni significa guardare alla nostra storia ma anche al nostro futuro<\/em>\u201d: l\u2019AD e DG <a title=\"Francesco Starace, AD e DG di Enel approfondimento di Il Giornale d'Italia\" href=\"https:\/\/www.ilgiornaleditalia.it\/video\/mondo-imprese\/434358\/francesco-starace-enel-sessant-anni-sono-tanti-supereremo-la-crisi-del-gas-2022-e-2023-pronti-per-affrontare-un-percorso-che-ci-affranchi-da-questa-schiavitu-.html\">Francesco Starace<\/a> lo ha sottolineato lo scorso 6 dicembre intervenendo all\u2019evento organizzato presso l\u2019Auditorium Parco della Musica Ennio Morricone di Roma per omaggiare i 60 anni di attivit\u00e0 del Gruppo. L\u2019anniversario \u00e8 stato celebrato con un Concerto di Natale eseguito dalla JuniOrchestra dell\u2019Accademia Nazionale di Santa Cecilia, diretta eccezionalmente dal Maestro Sir Antonio Pappano. \u201c<em>Da 60 anni diamo energia all&#8217;Italia, siamo nati per farlo e la nostra missione nel tempo non \u00e8 cambiata<\/em>\u201d: rimarcando l\u2019impegno sessantennale di Enel nel promuovere lo sviluppo industriale ed economico del Paese, l\u2019AD <strong>Francesco Starace<\/strong> ha parlato delle sfide che oggi \u00e8 chiamata ad affrontare e in particolare della scelta di improntare la propria Strategy sulla sostenibilit\u00e0 nell\u2019ottica di guidare la transizione energetica puntando su rinnovabili, digitalizzazione ed elettrificazione.<\/p>\n<h2>Francesco Starace: Enel, i traguardi e le nuove sfide<\/h2>\n<p>Portare energia nelle case e nelle imprese per Enel significa da sempre \u201c<em>molto pi\u00f9 che accendere una lampadina<\/em>\u201d: come ha spiegato <strong>Francesco Starace<\/strong>, se negli anni \u201860 voleva dire \u201c<em>portare progresso, favorire sviluppo e cambiamento anche sociale<\/em>\u201d, oggi \u201c<em>le innovazioni tecnologiche ci permettono di farlo in maniera sostenibile e di abilitare nuovo sviluppo per le comunit\u00e0, creando nuove opportunit\u00e0 e contribuire all\u2019indipendenza energetica dell\u2019Italia grazie all\u2019energia prodotta dalle rinnovabili<\/em>\u201d. Lo sguardo dell\u2019AD <strong>Francesco Starace<\/strong> \u00e8 gi\u00e0 proiettato sul futuro: \u201c<em>Il bilancio ci racconta che abbiamo superato l\u2019anno 2022 tutto sommato bene, proponendo un piano industriale ambizioso, sfidante e innovativo per i prossimi tre anni. La sfida per il 2023 \u00e8 affrontare la crisi del gas assieme agli italiani, facendo s\u00ec di intraprendere il prima possibile un diverso percorso energetico, che ci tolga da questo tipo di schiavit\u00f9 legata alle fonti fossili<\/em>\u201d.<\/p>\n","protected":false},"excerpt":{"rendered":"<p>Francesco Starace: \u201c60 anni sono tanti ed \u00e8 importante celebrarli bene, ringraziando di essere in buona salute e con tutta la voglia del mondo di viverne altrettanti\u201d. I 60 anni di Enel nelle parole dell\u2019AD Francesco Starace \u201cFesteggiare 60 anni significa guardare alla nostra storia ma anche al nostro futuro\u201d: l\u2019AD e DG Francesco Starace lo ha sottolineato lo scorso 6 dicembre intervenendo all\u2019evento organizzato presso l\u2019Auditorium Parco della Musica<\/p>\n<p><a class=\"continue-reading\" href=\"https:\/\/www.article-marketing.eu\/comunicatistampa\/francesco-starace-il-sessantennale-di-enel-intervista-allad-e-dg\/\">Continue reading&#8230;<\/a><\/p>\n","protected":false},"author":7284,"featured_media":0,"comment_status":"open","ping_status":"open","sticky":false,"template":"","format":"standard","meta":{"_monsterinsights_skip_tracking":false,"_monsterinsights_sitenote_active":false,"_monsterinsights_sitenote_note":"","_monsterinsights_sitenote_category":0,"footnotes":""},"categories":[386],"tags":[9745],"class_list":["post-26115","post","type-post","status-publish","format-standard","hentry","category-economia-e-lavoro","tag-francesco-starace"],"yoast_head":"<!-- This site is optimized with the Yoast SEO plugin v27.3 - https:\/\/yoast.com\/product\/yoast-seo-wordpress\/ -->\n<title>Francesco Starace: il sessantennale di Enel, intervista all\u2019AD e DG<\/title>\n<meta name=\"robots\" content=\"index, follow, max-snippet:-1, max-image-preview:large, max-video-preview:-1\" \/>\n<link rel=\"canonical\" href=\"https:\/\/www.article-marketing.eu\/comunicatistampa\/francesco-starace-il-sessantennale-di-enel-intervista-allad-e-dg\/\" \/>\n<meta property=\"og:locale\" content=\"it_IT\" \/>\n<meta property=\"og:type\" content=\"article\" \/>\n<meta property=\"og:title\" content=\"Francesco Starace: il sessantennale di Enel, intervista all\u2019AD e DG\" \/>\n<meta property=\"og:description\" content=\"Francesco Starace: \u201c60 anni sono tanti ed \u00e8 importante celebrarli bene, ringraziando di essere in buona salute e con tutta la voglia del mondo di viverne altrettanti\u201d. I 60 anni di Enel nelle parole dell\u2019AD Francesco Starace \u201cFesteggiare 60 anni significa guardare alla nostra storia ma anche al nostro futuro\u201d: l\u2019AD e DG Francesco Starace lo ha sottolineato lo scorso 6 dicembre intervenendo all\u2019evento organizzato presso l\u2019Auditorium Parco della MusicaContinue reading...\" \/>\n<meta property=\"og:url\" content=\"https:\/\/www.article-marketing.eu\/comunicatistampa\/francesco-starace-il-sessantennale-di-enel-intervista-allad-e-dg\/\" \/>\n<meta property=\"og:site_name\" content=\"Article Marketing\" \/>\n<meta property=\"article:published_time\" content=\"2023-03-09T11:59:22+00:00\" \/>\n<meta property=\"og:image\" content=\"https:\/\/www.francescostarace.it\/content\/dam\/enel-ceo\/francesco-starace.jpg.resize.414.250.center.center.jpeg\" \/>\n<meta name=\"author\" content=\"officefsonline\" \/>\n<meta name=\"twitter:card\" content=\"summary_large_image\" \/>\n<meta name=\"twitter:label1\" content=\"Scritto da\" \/>\n\t<meta name=\"twitter:data1\" content=\"officefsonline\" \/>\n\t<meta name=\"twitter:label2\" content=\"Tempo di lettura stimato\" \/>\n\t<meta name=\"twitter:data2\" content=\"2 minuti\" \/>\n<script type=\"application\/ld+json\" class=\"yoast-schema-graph\">{\"@context\":\"https:\\\/\\\/schema.org\",\"@graph\":[{\"@type\":\"Article\",\"@id\":\"https:\\\/\\\/www.article-marketing.eu\\\/comunicatistampa\\\/francesco-starace-il-sessantennale-di-enel-intervista-allad-e-dg\\\/#article\",\"isPartOf\":{\"@id\":\"https:\\\/\\\/www.article-marketing.eu\\\/comunicatistampa\\\/francesco-starace-il-sessantennale-di-enel-intervista-allad-e-dg\\\/\"},\"author\":{\"name\":\"officefsonline\",\"@id\":\"https:\\\/\\\/www.article-marketing.eu\\\/comunicatistampa\\\/#\\\/schema\\\/person\\\/4cd1ad1a32260194aa8feacd581e2d5f\"},\"headline\":\"Francesco Starace: il sessantennale di Enel, intervista all\u2019AD e DG\",\"datePublished\":\"2023-03-09T11:59:22+00:00\",\"mainEntityOfPage\":{\"@id\":\"https:\\\/\\\/www.article-marketing.eu\\\/comunicatistampa\\\/francesco-starace-il-sessantennale-di-enel-intervista-allad-e-dg\\\/\"},\"wordCount\":337,\"commentCount\":0,\"image\":{\"@id\":\"https:\\\/\\\/www.article-marketing.eu\\\/comunicatistampa\\\/francesco-starace-il-sessantennale-di-enel-intervista-allad-e-dg\\\/#primaryimage\"},\"thumbnailUrl\":\"https:\\\/\\\/www.francescostarace.it\\\/content\\\/dam\\\/enel-ceo\\\/francesco-starace.jpg.resize.414.250.center.center.jpeg\",\"keywords\":[\"Francesco Starace\"],\"articleSection\":[\"Economia e lavoro\"],\"inLanguage\":\"it-IT\",\"potentialAction\":[{\"@type\":\"CommentAction\",\"name\":\"Comment\",\"target\":[\"https:\\\/\\\/www.article-marketing.eu\\\/comunicatistampa\\\/francesco-starace-il-sessantennale-di-enel-intervista-allad-e-dg\\\/#respond\"]}]},{\"@type\":\"WebPage\",\"@id\":\"https:\\\/\\\/www.article-marketing.eu\\\/comunicatistampa\\\/francesco-starace-il-sessantennale-di-enel-intervista-allad-e-dg\\\/\",\"url\":\"https:\\\/\\\/www.article-marketing.eu\\\/comunicatistampa\\\/francesco-starace-il-sessantennale-di-enel-intervista-allad-e-dg\\\/\",\"name\":\"Francesco Starace: il sessantennale di Enel, intervista all\u2019AD e DG\",\"isPartOf\":{\"@id\":\"https:\\\/\\\/www.article-marketing.eu\\\/comunicatistampa\\\/#website\"},\"primaryImageOfPage\":{\"@id\":\"https:\\\/\\\/www.article-marketing.eu\\\/comunicatistampa\\\/francesco-starace-il-sessantennale-di-enel-intervista-allad-e-dg\\\/#primaryimage\"},\"image\":{\"@id\":\"https:\\\/\\\/www.article-marketing.eu\\\/comunicatistampa\\\/francesco-starace-il-sessantennale-di-enel-intervista-allad-e-dg\\\/#primaryimage\"},\"thumbnailUrl\":\"https:\\\/\\\/www.francescostarace.it\\\/content\\\/dam\\\/enel-ceo\\\/francesco-starace.jpg.resize.414.250.center.center.jpeg\",\"datePublished\":\"2023-03-09T11:59:22+00:00\",\"author\":{\"@id\":\"https:\\\/\\\/www.article-marketing.eu\\\/comunicatistampa\\\/#\\\/schema\\\/person\\\/4cd1ad1a32260194aa8feacd581e2d5f\"},\"breadcrumb\":{\"@id\":\"https:\\\/\\\/www.article-marketing.eu\\\/comunicatistampa\\\/francesco-starace-il-sessantennale-di-enel-intervista-allad-e-dg\\\/#breadcrumb\"},\"inLanguage\":\"it-IT\",\"potentialAction\":[{\"@type\":\"ReadAction\",\"target\":[\"https:\\\/\\\/www.article-marketing.eu\\\/comunicatistampa\\\/francesco-starace-il-sessantennale-di-enel-intervista-allad-e-dg\\\/\"]}]},{\"@type\":\"ImageObject\",\"inLanguage\":\"it-IT\",\"@id\":\"https:\\\/\\\/www.article-marketing.eu\\\/comunicatistampa\\\/francesco-starace-il-sessantennale-di-enel-intervista-allad-e-dg\\\/#primaryimage\",\"url\":\"https:\\\/\\\/www.francescostarace.it\\\/content\\\/dam\\\/enel-ceo\\\/francesco-starace.jpg.resize.414.250.center.center.jpeg\",\"contentUrl\":\"https:\\\/\\\/www.francescostarace.it\\\/content\\\/dam\\\/enel-ceo\\\/francesco-starace.jpg.resize.414.250.center.center.jpeg\"},{\"@type\":\"BreadcrumbList\",\"@id\":\"https:\\\/\\\/www.article-marketing.eu\\\/comunicatistampa\\\/francesco-starace-il-sessantennale-di-enel-intervista-allad-e-dg\\\/#breadcrumb\",\"itemListElement\":[{\"@type\":\"ListItem\",\"position\":1,\"name\":\"Home\",\"item\":\"https:\\\/\\\/www.article-marketing.eu\\\/comunicatistampa\\\/\"},{\"@type\":\"ListItem\",\"position\":2,\"name\":\"Francesco Starace: il sessantennale di Enel, intervista all\u2019AD e DG\"}]},{\"@type\":\"WebSite\",\"@id\":\"https:\\\/\\\/www.article-marketing.eu\\\/comunicatistampa\\\/#website\",\"url\":\"https:\\\/\\\/www.article-marketing.eu\\\/comunicatistampa\\\/\",\"name\":\"Article Marketing\",\"description\":\"article marketing &amp; press release\",\"potentialAction\":[{\"@type\":\"SearchAction\",\"target\":{\"@type\":\"EntryPoint\",\"urlTemplate\":\"https:\\\/\\\/www.article-marketing.eu\\\/comunicatistampa\\\/?s={search_term_string}\"},\"query-input\":{\"@type\":\"PropertyValueSpecification\",\"valueRequired\":true,\"valueName\":\"search_term_string\"}}],\"inLanguage\":\"it-IT\"},{\"@type\":\"Person\",\"@id\":\"https:\\\/\\\/www.article-marketing.eu\\\/comunicatistampa\\\/#\\\/schema\\\/person\\\/4cd1ad1a32260194aa8feacd581e2d5f\",\"name\":\"officefsonline\",\"image\":{\"@type\":\"ImageObject\",\"inLanguage\":\"it-IT\",\"@id\":\"https:\\\/\\\/secure.gravatar.com\\\/avatar\\\/a7d380eac875b62dfbdc290bead9890a655cc46057746e700f8424d7b4aa0c8f?s=96&d=mm&r=g\",\"url\":\"https:\\\/\\\/secure.gravatar.com\\\/avatar\\\/a7d380eac875b62dfbdc290bead9890a655cc46057746e700f8424d7b4aa0c8f?s=96&d=mm&r=g\",\"contentUrl\":\"https:\\\/\\\/secure.gravatar.com\\\/avatar\\\/a7d380eac875b62dfbdc290bead9890a655cc46057746e700f8424d7b4aa0c8f?s=96&d=mm&r=g\",\"caption\":\"officefsonline\"},\"url\":\"https:\\\/\\\/www.article-marketing.eu\\\/comunicatistampa\\\/author\\\/officefsonline\\\/\"}]}<\/script>\n<!-- \/ Yoast SEO plugin. -->","yoast_head_json":{"title":"Francesco Starace: il sessantennale di Enel, intervista all\u2019AD e DG","robots":{"index":"index","follow":"follow","max-snippet":"max-snippet:-1","max-image-preview":"max-image-preview:large","max-video-preview":"max-video-preview:-1"},"canonical":"https:\/\/www.article-marketing.eu\/comunicatistampa\/francesco-starace-il-sessantennale-di-enel-intervista-allad-e-dg\/","og_locale":"it_IT","og_type":"article","og_title":"Francesco Starace: il sessantennale di Enel, intervista all\u2019AD e DG","og_description":"Francesco Starace: \u201c60 anni sono tanti ed \u00e8 importante celebrarli bene, ringraziando di essere in buona salute e con tutta la voglia del mondo di viverne altrettanti\u201d. I 60 anni di Enel nelle parole dell\u2019AD Francesco Starace \u201cFesteggiare 60 anni significa guardare alla nostra storia ma anche al nostro futuro\u201d: l\u2019AD e DG Francesco Starace lo ha sottolineato lo scorso 6 dicembre intervenendo all\u2019evento organizzato presso l\u2019Auditorium Parco della MusicaContinue reading...","og_url":"https:\/\/www.article-marketing.eu\/comunicatistampa\/francesco-starace-il-sessantennale-di-enel-intervista-allad-e-dg\/","og_site_name":"Article Marketing","article_published_time":"2023-03-09T11:59:22+00:00","og_image":[{"url":"https:\/\/www.francescostarace.it\/content\/dam\/enel-ceo\/francesco-starace.jpg.resize.414.250.center.center.jpeg","type":"","width":"","height":""}],"author":"officefsonline","twitter_card":"summary_large_image","twitter_misc":{"Scritto da":"officefsonline","Tempo di lettura stimato":"2 minuti"},"schema":{"@context":"https:\/\/schema.org","@graph":[{"@type":"Article","@id":"https:\/\/www.article-marketing.eu\/comunicatistampa\/francesco-starace-il-sessantennale-di-enel-intervista-allad-e-dg\/#article","isPartOf":{"@id":"https:\/\/www.article-marketing.eu\/comunicatistampa\/francesco-starace-il-sessantennale-di-enel-intervista-allad-e-dg\/"},"author":{"name":"officefsonline","@id":"https:\/\/www.article-marketing.eu\/comunicatistampa\/#\/schema\/person\/4cd1ad1a32260194aa8feacd581e2d5f"},"headline":"Francesco Starace: il sessantennale di Enel, intervista all\u2019AD e DG","datePublished":"2023-03-09T11:59:22+00:00","mainEntityOfPage":{"@id":"https:\/\/www.article-marketing.eu\/comunicatistampa\/francesco-starace-il-sessantennale-di-enel-intervista-allad-e-dg\/"},"wordCount":337,"commentCount":0,"image":{"@id":"https:\/\/www.article-marketing.eu\/comunicatistampa\/francesco-starace-il-sessantennale-di-enel-intervista-allad-e-dg\/#primaryimage"},"thumbnailUrl":"https:\/\/www.francescostarace.it\/content\/dam\/enel-ceo\/francesco-starace.jpg.resize.414.250.center.center.jpeg","keywords":["Francesco Starace"],"articleSection":["Economia e lavoro"],"inLanguage":"it-IT","potentialAction":[{"@type":"CommentAction","name":"Comment","target":["https:\/\/www.article-marketing.eu\/comunicatistampa\/francesco-starace-il-sessantennale-di-enel-intervista-allad-e-dg\/#respond"]}]},{"@type":"WebPage","@id":"https:\/\/www.article-marketing.eu\/comunicatistampa\/francesco-starace-il-sessantennale-di-enel-intervista-allad-e-dg\/","url":"https:\/\/www.article-marketing.eu\/comunicatistampa\/francesco-starace-il-sessantennale-di-enel-intervista-allad-e-dg\/","name":"Francesco Starace: il sessantennale di Enel, intervista all\u2019AD e DG","isPartOf":{"@id":"https:\/\/www.article-marketing.eu\/comunicatistampa\/#website"},"primaryImageOfPage":{"@id":"https:\/\/www.article-marketing.eu\/comunicatistampa\/francesco-starace-il-sessantennale-di-enel-intervista-allad-e-dg\/#primaryimage"},"image":{"@id":"https:\/\/www.article-marketing.eu\/comunicatistampa\/francesco-starace-il-sessantennale-di-enel-intervista-allad-e-dg\/#primaryimage"},"thumbnailUrl":"https:\/\/www.francescostarace.it\/content\/dam\/enel-ceo\/francesco-starace.jpg.resize.414.250.center.center.jpeg","datePublished":"2023-03-09T11:59:22+00:00","author":{"@id":"https:\/\/www.article-marketing.eu\/comunicatistampa\/#\/schema\/person\/4cd1ad1a32260194aa8feacd581e2d5f"},"breadcrumb":{"@id":"https:\/\/www.article-marketing.eu\/comunicatistampa\/francesco-starace-il-sessantennale-di-enel-intervista-allad-e-dg\/#breadcrumb"},"inLanguage":"it-IT","potentialAction":[{"@type":"ReadAction","target":["https:\/\/www.article-marketing.eu\/comunicatistampa\/francesco-starace-il-sessantennale-di-enel-intervista-allad-e-dg\/"]}]},{"@type":"ImageObject","inLanguage":"it-IT","@id":"https:\/\/www.article-marketing.eu\/comunicatistampa\/francesco-starace-il-sessantennale-di-enel-intervista-allad-e-dg\/#primaryimage","url":"https:\/\/www.francescostarace.it\/content\/dam\/enel-ceo\/francesco-starace.jpg.resize.414.250.center.center.jpeg","contentUrl":"https:\/\/www.francescostarace.it\/content\/dam\/enel-ceo\/francesco-starace.jpg.resize.414.250.center.center.jpeg"},{"@type":"BreadcrumbList","@id":"https:\/\/www.article-marketing.eu\/comunicatistampa\/francesco-starace-il-sessantennale-di-enel-intervista-allad-e-dg\/#breadcrumb","itemListElement":[{"@type":"ListItem","position":1,"name":"Home","item":"https:\/\/www.article-marketing.eu\/comunicatistampa\/"},{"@type":"ListItem","position":2,"name":"Francesco Starace: il sessantennale di Enel, intervista all\u2019AD e DG"}]},{"@type":"WebSite","@id":"https:\/\/www.article-marketing.eu\/comunicatistampa\/#website","url":"https:\/\/www.article-marketing.eu\/comunicatistampa\/","name":"Article Marketing","description":"article marketing &amp; press release","potentialAction":[{"@type":"SearchAction","target":{"@type":"EntryPoint","urlTemplate":"https:\/\/www.article-marketing.eu\/comunicatistampa\/?s={search_term_string}"},"query-input":{"@type":"PropertyValueSpecification","valueRequired":true,"valueName":"search_term_string"}}],"inLanguage":"it-IT"},{"@type":"Person","@id":"https:\/\/www.article-marketing.eu\/comunicatistampa\/#\/schema\/person\/4cd1ad1a32260194aa8feacd581e2d5f","name":"officefsonline","image":{"@type":"ImageObject","inLanguage":"it-IT","@id":"https:\/\/secure.gravatar.com\/avatar\/a7d380eac875b62dfbdc290bead9890a655cc46057746e700f8424d7b4aa0c8f?s=96&d=mm&r=g","url":"https:\/\/secure.gravatar.com\/avatar\/a7d380eac875b62dfbdc290bead9890a655cc46057746e700f8424d7b4aa0c8f?s=96&d=mm&r=g","contentUrl":"https:\/\/secure.gravatar.com\/avatar\/a7d380eac875b62dfbdc290bead9890a655cc46057746e700f8424d7b4aa0c8f?s=96&d=mm&r=g","caption":"officefsonline"},"url":"https:\/\/www.article-marketing.eu\/comunicatistampa\/author\/officefsonline\/"}]}},"_links":{"self":[{"href":"https:\/\/www.article-marketing.eu\/comunicatistampa\/wp-json\/wp\/v2\/posts\/26115","targetHints":{"allow":["GET"]}}],"collection":[{"href":"https:\/\/www.article-marketing.eu\/comunicatistampa\/wp-json\/wp\/v2\/posts"}],"about":[{"href":"https:\/\/www.article-marketing.eu\/comunicatistampa\/wp-json\/wp\/v2\/types\/post"}],"author":[{"embeddable":true,"href":"https:\/\/www.article-marketing.eu\/comunicatistampa\/wp-json\/wp\/v2\/users\/7284"}],"replies":[{"embeddable":true,"href":"https:\/\/www.article-marketing.eu\/comunicatistampa\/wp-json\/wp\/v2\/comments?post=26115"}],"version-history":[{"count":2,"href":"https:\/\/www.article-marketing.eu\/comunicatistampa\/wp-json\/wp\/v2\/posts\/26115\/revisions"}],"predecessor-version":[{"id":26548,"href":"https:\/\/www.article-marketing.eu\/comunicatistampa\/wp-json\/wp\/v2\/posts\/26115\/revisions\/26548"}],"wp:attachment":[{"href":"https:\/\/www.article-marketing.eu\/comunicatistampa\/wp-json\/wp\/v2\/media?parent=26115"}],"wp:term":[{"taxonomy":"category","embeddable":true,"href":"https:\/\/www.article-marketing.eu\/comunicatistampa\/wp-json\/wp\/v2\/categories?post=26115"},{"taxonomy":"post_tag","embeddable":true,"href":"https:\/\/www.article-marketing.eu\/comunicatistampa\/wp-json\/wp\/v2\/tags?post=26115"}],"curies":[{"name":"wp","href":"https:\/\/api.w.org\/{rel}","templated":true}]}}