{"id":26120,"date":"2023-03-10T10:24:07","date_gmt":"2023-03-10T09:24:07","guid":{"rendered":"https:\/\/www.article-marketing.eu\/comunicatistampa\/?p=26120"},"modified":"2023-03-10T10:24:07","modified_gmt":"2023-03-10T09:24:07","slug":"la-formazione-cambia-al-via-il-nuovo-safety-barcamp-2023","status":"publish","type":"post","link":"https:\/\/www.article-marketing.eu\/comunicatistampa\/la-formazione-cambia-al-via-il-nuovo-safety-barcamp-2023\/","title":{"rendered":"La formazione cambia: al via il nuovo Safety Barcamp 2023"},"content":{"rendered":"<p><strong>Comunicato Stampa<\/strong><\/p>\n<p><strong>La formazione cambia: al via il nuovo Safety Barcamp 2023<\/strong><\/p>\n<p><strong><em>\u00a0<\/em><\/strong><\/p>\n<p><strong><em>Il 31 marzo 2023 si apre a Roma la prima edizione del Safety Barcamp: una giornata formativa aperta e libera per condividere le esperienze e confrontarsi sui temi della salute e sicurezza sul lavoro. Un modo nuovo di vivere insieme la formazione.<\/em><\/strong><\/p>\n<p>&nbsp;<\/p>\n<p>Quando un percorso di formazione nasce all\u2019interno di un\u2019esperienza di <strong>partecipazione <\/strong>delle competenze, quando \u00e8 vissuto con <strong>momenti attivi di apprendimento<\/strong>, con un libero confronto e condivisione di idee, diventa un percorso efficace in grado non solo di aumentare le conoscenze e fornire nuovi strumenti, ma anche di modificare realmente i comportamenti.<\/p>\n<p>&nbsp;<\/p>\n<p>Per migliorare la formazione in materia di salute e sicurezza \u00e8 necessaria una nuova <strong>formazione partecipata<\/strong> capace di stimolare, tra gli operatori, riflessioni e approfondimenti e la messa in comune di buone prassi, difficolt\u00e0, scoperte ed esperienze.<\/p>\n<p>&nbsp;<\/p>\n<p><strong>Stai cercando un metodo innovativo per migliorare le tue competenze in materia di salute e sicurezza? Cerchi strumenti originali ed efficaci per cambiare il tuo modo di fare formazione?<\/strong><\/p>\n<p>&nbsp;<\/p>\n<p><strong>Safety Barcamp 2023 e la rivoluzione della formazione partecipata<\/strong><\/p>\n<p>Per rivoluzionare la formazione sulla sicurezza torna nel 2023 \u2013 in due edizioni, una a <strong>Roma<\/strong> nel mese di marzo e una a <strong>Padenghe sul Garda<\/strong> nel mese di maggio &#8211; il <strong>Safety Barcamp<\/strong>, uno spazio formativo innovativo dedicato alla creazione e al consolidamento delle relazioni tra le figure che operano nell\u2019ambito salute e sicurezza nei luoghi di lavoro.<\/p>\n<p>&nbsp;<\/p>\n<p>Il <strong>Safety Barcamp<\/strong>, organizzato dall\u2019<strong>Associazione Italiana Formatori ed Operatori della Sicurezza sul Lavoro<\/strong> (AiFOS), \u00e8 un evento in forma di \u201c<strong>non conferenza<\/strong>\u201d, dove i temi di discussione sono decisi dai partecipanti.<\/p>\n<p>Questo spazio formativo permette di imparare e condividere, in un contesto aperto e libero, tutti i temi di salute e sicurezza facenti riferimento alle <strong>3 aree tematiche<\/strong> previste dal Decreto interministeriale 6 marzo 2013:<\/p>\n<ul>\n<li>area normativa\/giuridica\/organizzativa;<\/li>\n<li>area rischi tecnici\/igienico-sanitaria;<\/li>\n<li>area relazioni\/comunicazione.<\/li>\n<\/ul>\n<p>&nbsp;<\/p>\n<p>L\u2019evento formativo del Barcamp \u00e8 destinato a tutti i <strong>formatori <\/strong>e a tutti i<strong> professionisti della sicurezza <\/strong>che vogliono partecipare a una giornata dinamica e sono disponibili a svilupparla con nuove modalit\u00e0 formative.<\/p>\n<p>Ogni partecipante si iscrive all&#8217;intera giornata formativa, ma l&#8217;iscrizione ai singoli workshop avviene durante l\u2019evento: la scelta di un workshop non \u00e8 definitiva e la partecipazione \u00e8 libera e dinamica.<\/p>\n<p>Inoltre \u00e8 possibile diventare dei <strong>facilitatori del Safety Barcamp<\/strong>: i partecipanti possono mettere a disposizione degli altri le proprie conoscenze proponendo agli organizzatori un workshop.<\/p>\n<p>&nbsp;<\/p>\n<p>Il link per avere ulteriori informazioni, iscriversi al Safety Barcamp, leggere il Regolamento e proporre un workshop: <a href=\"http:\/\/www.safetybarcamp.it\">http:\/\/www.safetybarcamp.it<\/a><\/p>\n<p>&nbsp;<\/p>\n<p><strong>Il modello formativo del Safety Barcamp 2023<\/strong><\/p>\n<p>L\u2019evento \u00e8 progettato seguendo la metodologia dell\u2019<strong>Open Space Technology<\/strong> che prevede una profonda interazione e confronto tra i partecipanti con momenti di condivisione non formali: i partecipanti e facilitatori sono responsabilizzati nel collaborare con lo scopo comune di creare un terreno fertile e proficuo di partecipazione e condivisione.<\/p>\n<p>&nbsp;<\/p>\n<p>Ricordiamo i <strong>4 principi<\/strong> alla base di questa metodologia e del Safety Barcamp:<\/p>\n<ul>\n<li><strong>primo principio<\/strong> &#8211; \u201c<em>Chiunque venga \u00e8 la persona giusta<\/em>\u201d: ogni partecipante \u00e8 invitato a rendere produttivo il proprio spazio di apprendimento e di condivisione partendo dalle risorse (umane e non) che ha a disposizione e lo circondano;<\/li>\n<li><strong>secondo principio<\/strong> &#8211; \u201c<em>Qualsiasi cosa accada \u00e8 l\u2019unica che poteva accadere<\/em>\u201d: il risultato ottenuto \u00e8 l\u2019unico che si poteva ottenere, perch\u00e9 le condizioni che si sono verificate, le forze in gioco, le competenze, le relazioni e altro sono diverse ad ogni incontro;<\/li>\n<li><strong>terzo principio<\/strong> &#8211; \u201c<em>Quando comincia \u00e8 il momento giusto<\/em>\u201d: il flusso temporale deve seguire l\u2019esigenza di condivisione e apprendimento dei partecipanti. Il Safety Barcamp sar\u00e0 un evento strutturato per permettere di frequentare workshop, discussioni, presentazioni lasciando spazio al confronto informale;<\/li>\n<li><strong>quarto principio<\/strong> &#8211; \u201c<em>Quando \u00e8 finita \u00e8 finita<\/em>\u201d: molte volte per discutere o presentare un tema serve molto pi\u00f9 tempo di quello a disposizione. Chi partecipa al Barcamp avr\u00e0 cura del tempo, non dilungandosi oltre quello stabilito o chiudendo l\u2019attivit\u00e0 prima del previsto, se non \u00e8 pi\u00f9 necessario usare il tempo messo a disposizione.<\/li>\n<\/ul>\n<p>&nbsp;<\/p>\n<p><strong>Gli obiettivi e le informazioni per il Safety Barcamp a Roma<\/strong><\/p>\n<p>L\u2019obiettivo di questi eventi organizzati da AiFOS \u00e8, dunque, quello di creare per gli operatori e i professionisti una cornice di lavoro favorevole al <strong>dialogo<\/strong>, al <strong>confronto<\/strong> e alla <strong>diffusione e condivisione<\/strong> di conoscenze sul tema della salute e sicurezza sul lavoro.<\/p>\n<p>&nbsp;<\/p>\n<p>Il primo <strong>Safety Barcamp<\/strong> del 2023 si terr\u00e0 a <strong>Roma<\/strong> venerd\u00ec <strong>31 marzo 2023 <\/strong>dalle ore 9:30 alle 17:00 presso l\u2019Hotel Villa EUR in Piazzale Marcellino Champagnat, 2.<\/p>\n<p>&nbsp;<\/p>\n<p>Segnaliamo che l\u2019evento \u00e8 valido come <strong>aggiornamento<\/strong> relativo a 5 ore per RSPP e ASPP, 1 ora per formatori prima area tematica, 2 ore per formatori seconda area tematica e 2 ore per formatori terza area tematica.<\/p>\n<p>&nbsp;<\/p>\n<p>Il link per avere ulteriori informazioni e iscriversi al Safety Barcamp:<\/p>\n<p><a href=\"http:\/\/www.safetybarcamp.it\">http:\/\/www.safetybarcamp.it<\/a><\/p>\n<p>&nbsp;<\/p>\n<p>Per informazioni:<\/p>\n<p><strong>Sede nazionale AiFOS<\/strong>: via Branze, 45 &#8211; 25123 Brescia c\/o CSMT, Universit\u00e0 degli Studi di Brescia &#8211; tel.030.6595035 &#8211; fax 030.6595040 <a href=\"http:\/\/www.aifos.it\">www.aifos.it<\/a> &#8211; barcamp2@aifos.it<\/p>\n<p>&nbsp;<\/p>\n<p><em>19 gennaio 2023<\/em><\/p>\n<p><em>\u00a0<\/em><\/p>\n<p>&nbsp;<\/p>\n<p>Ufficio Stampa di AiFOS<\/p>\n<p>ufficiostampa@aifos.it<\/p>\n<p>http:\/\/www.aifos.it\/<\/p>\n","protected":false},"excerpt":{"rendered":"<p>Comunicato Stampa La formazione cambia: al via il nuovo Safety Barcamp 2023 \u00a0 Il 31 marzo 2023 si apre a Roma la prima edizione del Safety Barcamp: una giornata formativa aperta e libera per condividere le esperienze e confrontarsi sui temi della salute e sicurezza sul lavoro. Un modo nuovo di vivere insieme la formazione. &nbsp; Quando un percorso di formazione nasce all\u2019interno di un\u2019esperienza di partecipazione delle competenze, quando<\/p>\n<p><a class=\"continue-reading\" href=\"https:\/\/www.article-marketing.eu\/comunicatistampa\/la-formazione-cambia-al-via-il-nuovo-safety-barcamp-2023\/\">Continue reading&#8230;<\/a><\/p>\n","protected":false},"author":881,"featured_media":0,"comment_status":"open","ping_status":"open","sticky":false,"template":"","format":"standard","meta":{"_monsterinsights_skip_tracking":false,"_monsterinsights_sitenote_active":false,"_monsterinsights_sitenote_note":"","_monsterinsights_sitenote_category":0,"footnotes":""},"categories":[78,379,392,378,369],"tags":[9378,10394,3301,3235,5152,193,3300,4061,4063,10393,732,9377,10392,4062,1538,198],"class_list":["post-26120","post","type-post","status-publish","format-standard","hentry","category-comunicati-stampa","category-corsi","category-eventi","category-istruzione","category-salute-e-benessere","tag-19-maggio-2022","tag-31-marzo-2023","tag-aifos","tag-brescia","tag-facilitatore","tag-formazione","tag-formazione-alla-sicurezza","tag-open-space-technology","tag-padenghe-sul-garda","tag-rivoluzione-della-formazione-partecipata","tag-roma","tag-safety-barcamp","tag-safety-barcamp-2023","tag-safety-barcamp-aifos","tag-sicurezza-sul-lavoro","tag-workshop"],"yoast_head":"<!-- This site is optimized with the Yoast SEO plugin v27.3 - https:\/\/yoast.com\/product\/yoast-seo-wordpress\/ -->\n<title>La formazione cambia: al via il nuovo Safety Barcamp 2023<\/title>\n<meta name=\"robots\" content=\"index, follow, max-snippet:-1, max-image-preview:large, max-video-preview:-1\" \/>\n<link rel=\"canonical\" href=\"https:\/\/www.article-marketing.eu\/comunicatistampa\/la-formazione-cambia-al-via-il-nuovo-safety-barcamp-2023\/\" \/>\n<meta property=\"og:locale\" content=\"it_IT\" \/>\n<meta property=\"og:type\" content=\"article\" \/>\n<meta property=\"og:title\" content=\"La formazione cambia: al via il nuovo Safety Barcamp 2023\" \/>\n<meta property=\"og:description\" content=\"Comunicato Stampa La formazione cambia: al via il nuovo Safety Barcamp 2023 \u00a0 Il 31 marzo 2023 si apre a Roma la prima edizione del Safety Barcamp: una giornata formativa aperta e libera per condividere le esperienze e confrontarsi sui temi della salute e sicurezza sul lavoro. Un modo nuovo di vivere insieme la formazione. &nbsp; Quando un percorso di formazione nasce all\u2019interno di un\u2019esperienza di partecipazione delle competenze, quandoContinue reading...\" \/>\n<meta property=\"og:url\" content=\"https:\/\/www.article-marketing.eu\/comunicatistampa\/la-formazione-cambia-al-via-il-nuovo-safety-barcamp-2023\/\" \/>\n<meta property=\"og:site_name\" content=\"Article Marketing\" \/>\n<meta property=\"article:published_time\" content=\"2023-03-10T09:24:07+00:00\" \/>\n<meta name=\"author\" content=\"AIFUS\" \/>\n<meta name=\"twitter:card\" content=\"summary_large_image\" \/>\n<meta name=\"twitter:label1\" content=\"Scritto da\" \/>\n\t<meta name=\"twitter:data1\" content=\"AIFUS\" \/>\n\t<meta name=\"twitter:label2\" content=\"Tempo di lettura stimato\" \/>\n\t<meta name=\"twitter:data2\" content=\"5 minuti\" \/>\n<script type=\"application\/ld+json\" class=\"yoast-schema-graph\">{\"@context\":\"https:\\\/\\\/schema.org\",\"@graph\":[{\"@type\":\"Article\",\"@id\":\"https:\\\/\\\/www.article-marketing.eu\\\/comunicatistampa\\\/la-formazione-cambia-al-via-il-nuovo-safety-barcamp-2023\\\/#article\",\"isPartOf\":{\"@id\":\"https:\\\/\\\/www.article-marketing.eu\\\/comunicatistampa\\\/la-formazione-cambia-al-via-il-nuovo-safety-barcamp-2023\\\/\"},\"author\":{\"name\":\"AIFUS\",\"@id\":\"https:\\\/\\\/www.article-marketing.eu\\\/comunicatistampa\\\/#\\\/schema\\\/person\\\/d1985c4955ff71a05f49d68e3034b3cd\"},\"headline\":\"La formazione cambia: al via il nuovo Safety Barcamp 2023\",\"datePublished\":\"2023-03-10T09:24:07+00:00\",\"mainEntityOfPage\":{\"@id\":\"https:\\\/\\\/www.article-marketing.eu\\\/comunicatistampa\\\/la-formazione-cambia-al-via-il-nuovo-safety-barcamp-2023\\\/\"},\"wordCount\":840,\"commentCount\":0,\"keywords\":[\"19 maggio 2022\",\"31 marzo 2023\",\"Aifos\",\"Brescia\",\"Facilitatore\",\"formazione\",\"formazione alla sicurezza\",\"Open Space Technology\",\"Padenghe sul Garda\",\"rivoluzione della formazione partecipata\",\"Roma\",\"Safety BarCamp\",\"Safety Barcamp 2023\",\"Safety BarCamp AiFOS\",\"sicurezza sul lavoro\",\"workshop\"],\"articleSection\":[\"Comunicati stampa\",\"Corsi\",\"Eventi\",\"Istruzione\",\"Salute e benessere\"],\"inLanguage\":\"it-IT\",\"potentialAction\":[{\"@type\":\"CommentAction\",\"name\":\"Comment\",\"target\":[\"https:\\\/\\\/www.article-marketing.eu\\\/comunicatistampa\\\/la-formazione-cambia-al-via-il-nuovo-safety-barcamp-2023\\\/#respond\"]}]},{\"@type\":\"WebPage\",\"@id\":\"https:\\\/\\\/www.article-marketing.eu\\\/comunicatistampa\\\/la-formazione-cambia-al-via-il-nuovo-safety-barcamp-2023\\\/\",\"url\":\"https:\\\/\\\/www.article-marketing.eu\\\/comunicatistampa\\\/la-formazione-cambia-al-via-il-nuovo-safety-barcamp-2023\\\/\",\"name\":\"La formazione cambia: al via il nuovo Safety Barcamp 2023\",\"isPartOf\":{\"@id\":\"https:\\\/\\\/www.article-marketing.eu\\\/comunicatistampa\\\/#website\"},\"datePublished\":\"2023-03-10T09:24:07+00:00\",\"author\":{\"@id\":\"https:\\\/\\\/www.article-marketing.eu\\\/comunicatistampa\\\/#\\\/schema\\\/person\\\/d1985c4955ff71a05f49d68e3034b3cd\"},\"breadcrumb\":{\"@id\":\"https:\\\/\\\/www.article-marketing.eu\\\/comunicatistampa\\\/la-formazione-cambia-al-via-il-nuovo-safety-barcamp-2023\\\/#breadcrumb\"},\"inLanguage\":\"it-IT\",\"potentialAction\":[{\"@type\":\"ReadAction\",\"target\":[\"https:\\\/\\\/www.article-marketing.eu\\\/comunicatistampa\\\/la-formazione-cambia-al-via-il-nuovo-safety-barcamp-2023\\\/\"]}]},{\"@type\":\"BreadcrumbList\",\"@id\":\"https:\\\/\\\/www.article-marketing.eu\\\/comunicatistampa\\\/la-formazione-cambia-al-via-il-nuovo-safety-barcamp-2023\\\/#breadcrumb\",\"itemListElement\":[{\"@type\":\"ListItem\",\"position\":1,\"name\":\"Home\",\"item\":\"https:\\\/\\\/www.article-marketing.eu\\\/comunicatistampa\\\/\"},{\"@type\":\"ListItem\",\"position\":2,\"name\":\"La formazione cambia: al via il nuovo Safety Barcamp 2023\"}]},{\"@type\":\"WebSite\",\"@id\":\"https:\\\/\\\/www.article-marketing.eu\\\/comunicatistampa\\\/#website\",\"url\":\"https:\\\/\\\/www.article-marketing.eu\\\/comunicatistampa\\\/\",\"name\":\"Article Marketing\",\"description\":\"article marketing &amp; press release\",\"potentialAction\":[{\"@type\":\"SearchAction\",\"target\":{\"@type\":\"EntryPoint\",\"urlTemplate\":\"https:\\\/\\\/www.article-marketing.eu\\\/comunicatistampa\\\/?s={search_term_string}\"},\"query-input\":{\"@type\":\"PropertyValueSpecification\",\"valueRequired\":true,\"valueName\":\"search_term_string\"}}],\"inLanguage\":\"it-IT\"},{\"@type\":\"Person\",\"@id\":\"https:\\\/\\\/www.article-marketing.eu\\\/comunicatistampa\\\/#\\\/schema\\\/person\\\/d1985c4955ff71a05f49d68e3034b3cd\",\"name\":\"AIFUS\",\"image\":{\"@type\":\"ImageObject\",\"inLanguage\":\"it-IT\",\"@id\":\"https:\\\/\\\/secure.gravatar.com\\\/avatar\\\/05cf2a2ba057667571308b94c84f00ff48766ffac95710a87491a9b3ddcee484?s=96&d=mm&r=g\",\"url\":\"https:\\\/\\\/secure.gravatar.com\\\/avatar\\\/05cf2a2ba057667571308b94c84f00ff48766ffac95710a87491a9b3ddcee484?s=96&d=mm&r=g\",\"contentUrl\":\"https:\\\/\\\/secure.gravatar.com\\\/avatar\\\/05cf2a2ba057667571308b94c84f00ff48766ffac95710a87491a9b3ddcee484?s=96&d=mm&r=g\",\"caption\":\"AIFUS\"},\"url\":\"https:\\\/\\\/www.article-marketing.eu\\\/comunicatistampa\\\/author\\\/aifus\\\/\"}]}<\/script>\n<!-- \/ Yoast SEO plugin. -->","yoast_head_json":{"title":"La formazione cambia: al via il nuovo Safety Barcamp 2023","robots":{"index":"index","follow":"follow","max-snippet":"max-snippet:-1","max-image-preview":"max-image-preview:large","max-video-preview":"max-video-preview:-1"},"canonical":"https:\/\/www.article-marketing.eu\/comunicatistampa\/la-formazione-cambia-al-via-il-nuovo-safety-barcamp-2023\/","og_locale":"it_IT","og_type":"article","og_title":"La formazione cambia: al via il nuovo Safety Barcamp 2023","og_description":"Comunicato Stampa La formazione cambia: al via il nuovo Safety Barcamp 2023 \u00a0 Il 31 marzo 2023 si apre a Roma la prima edizione del Safety Barcamp: una giornata formativa aperta e libera per condividere le esperienze e confrontarsi sui temi della salute e sicurezza sul lavoro. Un modo nuovo di vivere insieme la formazione. &nbsp; Quando un percorso di formazione nasce all\u2019interno di un\u2019esperienza di partecipazione delle competenze, quandoContinue reading...","og_url":"https:\/\/www.article-marketing.eu\/comunicatistampa\/la-formazione-cambia-al-via-il-nuovo-safety-barcamp-2023\/","og_site_name":"Article Marketing","article_published_time":"2023-03-10T09:24:07+00:00","author":"AIFUS","twitter_card":"summary_large_image","twitter_misc":{"Scritto da":"AIFUS","Tempo di lettura stimato":"5 minuti"},"schema":{"@context":"https:\/\/schema.org","@graph":[{"@type":"Article","@id":"https:\/\/www.article-marketing.eu\/comunicatistampa\/la-formazione-cambia-al-via-il-nuovo-safety-barcamp-2023\/#article","isPartOf":{"@id":"https:\/\/www.article-marketing.eu\/comunicatistampa\/la-formazione-cambia-al-via-il-nuovo-safety-barcamp-2023\/"},"author":{"name":"AIFUS","@id":"https:\/\/www.article-marketing.eu\/comunicatistampa\/#\/schema\/person\/d1985c4955ff71a05f49d68e3034b3cd"},"headline":"La formazione cambia: al via il nuovo Safety Barcamp 2023","datePublished":"2023-03-10T09:24:07+00:00","mainEntityOfPage":{"@id":"https:\/\/www.article-marketing.eu\/comunicatistampa\/la-formazione-cambia-al-via-il-nuovo-safety-barcamp-2023\/"},"wordCount":840,"commentCount":0,"keywords":["19 maggio 2022","31 marzo 2023","Aifos","Brescia","Facilitatore","formazione","formazione alla sicurezza","Open Space Technology","Padenghe sul Garda","rivoluzione della formazione partecipata","Roma","Safety BarCamp","Safety Barcamp 2023","Safety BarCamp AiFOS","sicurezza sul lavoro","workshop"],"articleSection":["Comunicati stampa","Corsi","Eventi","Istruzione","Salute e benessere"],"inLanguage":"it-IT","potentialAction":[{"@type":"CommentAction","name":"Comment","target":["https:\/\/www.article-marketing.eu\/comunicatistampa\/la-formazione-cambia-al-via-il-nuovo-safety-barcamp-2023\/#respond"]}]},{"@type":"WebPage","@id":"https:\/\/www.article-marketing.eu\/comunicatistampa\/la-formazione-cambia-al-via-il-nuovo-safety-barcamp-2023\/","url":"https:\/\/www.article-marketing.eu\/comunicatistampa\/la-formazione-cambia-al-via-il-nuovo-safety-barcamp-2023\/","name":"La formazione cambia: al via il nuovo Safety Barcamp 2023","isPartOf":{"@id":"https:\/\/www.article-marketing.eu\/comunicatistampa\/#website"},"datePublished":"2023-03-10T09:24:07+00:00","author":{"@id":"https:\/\/www.article-marketing.eu\/comunicatistampa\/#\/schema\/person\/d1985c4955ff71a05f49d68e3034b3cd"},"breadcrumb":{"@id":"https:\/\/www.article-marketing.eu\/comunicatistampa\/la-formazione-cambia-al-via-il-nuovo-safety-barcamp-2023\/#breadcrumb"},"inLanguage":"it-IT","potentialAction":[{"@type":"ReadAction","target":["https:\/\/www.article-marketing.eu\/comunicatistampa\/la-formazione-cambia-al-via-il-nuovo-safety-barcamp-2023\/"]}]},{"@type":"BreadcrumbList","@id":"https:\/\/www.article-marketing.eu\/comunicatistampa\/la-formazione-cambia-al-via-il-nuovo-safety-barcamp-2023\/#breadcrumb","itemListElement":[{"@type":"ListItem","position":1,"name":"Home","item":"https:\/\/www.article-marketing.eu\/comunicatistampa\/"},{"@type":"ListItem","position":2,"name":"La formazione cambia: al via il nuovo Safety Barcamp 2023"}]},{"@type":"WebSite","@id":"https:\/\/www.article-marketing.eu\/comunicatistampa\/#website","url":"https:\/\/www.article-marketing.eu\/comunicatistampa\/","name":"Article Marketing","description":"article marketing &amp; press release","potentialAction":[{"@type":"SearchAction","target":{"@type":"EntryPoint","urlTemplate":"https:\/\/www.article-marketing.eu\/comunicatistampa\/?s={search_term_string}"},"query-input":{"@type":"PropertyValueSpecification","valueRequired":true,"valueName":"search_term_string"}}],"inLanguage":"it-IT"},{"@type":"Person","@id":"https:\/\/www.article-marketing.eu\/comunicatistampa\/#\/schema\/person\/d1985c4955ff71a05f49d68e3034b3cd","name":"AIFUS","image":{"@type":"ImageObject","inLanguage":"it-IT","@id":"https:\/\/secure.gravatar.com\/avatar\/05cf2a2ba057667571308b94c84f00ff48766ffac95710a87491a9b3ddcee484?s=96&d=mm&r=g","url":"https:\/\/secure.gravatar.com\/avatar\/05cf2a2ba057667571308b94c84f00ff48766ffac95710a87491a9b3ddcee484?s=96&d=mm&r=g","contentUrl":"https:\/\/secure.gravatar.com\/avatar\/05cf2a2ba057667571308b94c84f00ff48766ffac95710a87491a9b3ddcee484?s=96&d=mm&r=g","caption":"AIFUS"},"url":"https:\/\/www.article-marketing.eu\/comunicatistampa\/author\/aifus\/"}]}},"_links":{"self":[{"href":"https:\/\/www.article-marketing.eu\/comunicatistampa\/wp-json\/wp\/v2\/posts\/26120","targetHints":{"allow":["GET"]}}],"collection":[{"href":"https:\/\/www.article-marketing.eu\/comunicatistampa\/wp-json\/wp\/v2\/posts"}],"about":[{"href":"https:\/\/www.article-marketing.eu\/comunicatistampa\/wp-json\/wp\/v2\/types\/post"}],"author":[{"embeddable":true,"href":"https:\/\/www.article-marketing.eu\/comunicatistampa\/wp-json\/wp\/v2\/users\/881"}],"replies":[{"embeddable":true,"href":"https:\/\/www.article-marketing.eu\/comunicatistampa\/wp-json\/wp\/v2\/comments?post=26120"}],"version-history":[{"count":3,"href":"https:\/\/www.article-marketing.eu\/comunicatistampa\/wp-json\/wp\/v2\/posts\/26120\/revisions"}],"predecessor-version":[{"id":26600,"href":"https:\/\/www.article-marketing.eu\/comunicatistampa\/wp-json\/wp\/v2\/posts\/26120\/revisions\/26600"}],"wp:attachment":[{"href":"https:\/\/www.article-marketing.eu\/comunicatistampa\/wp-json\/wp\/v2\/media?parent=26120"}],"wp:term":[{"taxonomy":"category","embeddable":true,"href":"https:\/\/www.article-marketing.eu\/comunicatistampa\/wp-json\/wp\/v2\/categories?post=26120"},{"taxonomy":"post_tag","embeddable":true,"href":"https:\/\/www.article-marketing.eu\/comunicatistampa\/wp-json\/wp\/v2\/tags?post=26120"}],"curies":[{"name":"wp","href":"https:\/\/api.w.org\/{rel}","templated":true}]}}