{"id":26133,"date":"2023-02-23T13:52:17","date_gmt":"2023-02-23T12:52:17","guid":{"rendered":"https:\/\/www.article-marketing.eu\/comunicatistampa\/?p=26133"},"modified":"2023-02-23T13:52:17","modified_gmt":"2023-02-23T12:52:17","slug":"claudio-descalzi-eni-per-la-transizione-energetica-il-lancio-di-eni-sustainable-mobility","status":"publish","type":"post","link":"https:\/\/www.article-marketing.eu\/comunicatistampa\/claudio-descalzi-eni-per-la-transizione-energetica-il-lancio-di-eni-sustainable-mobility\/","title":{"rendered":"Claudio Descalzi, Eni per la transizione energetica: il lancio di Eni Sustainable Mobility"},"content":{"rendered":"<p><em><strong>Eni annuncia la nascita di Eni Sustainable Mobility, nuova societ\u00e0 dedicata alla mobilit\u00e0 sostenibile: la soddisfazione dell\u2019AD <a title=\"Claudio Descalzi, AD Eni, profilo professionale\" href=\"https:\/\/www.crunchbase.com\/person\/claudio-descalzi\">Claudio Descalzi<\/a>. \u00a0<\/strong><\/em><\/p>\n<p><a title=\"Claudio Descalzi, AD di Eni \" href=\"https:\/\/www.crunchbase.com\/person\/claudio-descalzi\"><img loading=\"lazy\" decoding=\"async\" src=\"https:\/\/res.cloudinary.com\/crunchbase-production\/image\/upload\/c_thumb,h_170,w_170,f_auto,g_faces,z_0.7,b_white,q_auto:eco,dpr_1\/v1473854628\/nvgkns6csfoi7yau3s4b.jpg\" alt=\"Claudio Descalzi\" width=\"170\" height=\"170\" \/><\/a><\/p>\n<h2>Claudio Descalzi: un\u2019offerta unica e decarbonizzata per la mobilit\u00e0 grazie a Eni Sustainable Mobility<\/h2>\n<p>Nel sottolinearne il valore, l\u2019AD <a title=\"Claudio Descalzi, AD di Eni, profilo su Crunchbase\" href=\"https:\/\/www.crunchbase.com\/person\/claudio-descalzi\">Claudio Descalzi<\/a> ha parlato di Eni Sustainable Mobility come di \u201c<em>una seconda leva strategica, da affiancare a Plenitude nell\u2019ambito del nostro percorso di transizione energetica<\/em>\u201d. Eni infatti ha annunciato nei giorni scorsi la nascita di una nuova societ\u00e0 dedicata alla mobilit\u00e0 sostenibile: un\u2019azienda integrata verticalmente lungo tutta la catena del valore che si pone l\u2019obiettivo di fornire servizi e prodotti progressivamente decarbonizzati per la transizione energetica. L\u2019obiettivo \u00e8 portarli alle zero emissioni lungo il loro intero ciclo di vita. Per Eni, come emerge dalle parole dell\u2019AD <strong>Claudio Descalzi<\/strong>, si tratta di una tappa importante nel percorso \u201c<em>per l\u2019abbattimento delle emissioni Scope 3, le pi\u00f9 significative e difficili da eliminare poich\u00e9 generate dai clienti attraverso l\u2019utilizzo dei prodotti<\/em>\u201d.<\/p>\n<h2>Claudio Descalzi: integriamo e liberiamo nuovo valore dalle nostre iniziative industriali<\/h2>\n<p>L\u2019AD di Eni <strong>Claudio Descalzi<\/strong> pone l\u2019accento sull\u2019offerta \u201c<em>unica e decarbonizzata per la mobilit\u00e0<\/em>\u201d che Eni Sustainable Mobility andr\u00e0 a costruire. \u201c<em>Prodotti e servizi basati su tecnologie innovative\u201d<\/em>: la nuova societ\u00e0 si occuper\u00e0 infatti dello sviluppo della bioraffinazione, il biometano e la vendita di prodotti, servizi e soluzioni per la mobilit\u00e0, in Italia e all\u2019estero, in un percorso che la vedr\u00e0 evolvere verso una societ\u00e0 multi-service e multi-energy. In Eni Sustainable Mobility confluiscono gli asset della bioraffinazione e del biometano, che includono le bioraffinerie di Venezia e di Gela e lo sviluppo di nuovi progetti quali Livorno e Pengerang, in Malesia, oggi in corso di valutazione. E ancora il marketing e la commercializzazione, attraverso una rete di oltre 5mila punti vendita in Europa, di tutti i vettori energetici tra cui l\u2019idrogeno e l\u2019elettrico, i carburanti anche di natura biologica come l\u2019Hvo (Hydrogenated vegetable oil) e il biometano, nonch\u00e9 gli altri prodotti per la mobilit\u00e0 come i bitumi, i lubrificanti e i combustibili e tutti i servizi connessi alla mobilit\u00e0, come il car sharing Enjoy, la ristorazione e i negozi di prossimit\u00e0 nei punti vendita sul territorio. \u201c<em>Attraverso questa operazione integriamo e liberiamo nuovo valore dalle nostre iniziative industriali<\/em>\u201d ha rimarcato l\u2019AD <strong>Claudio Descalzi<\/strong> nel commentare la notizia della nascita della societ\u00e0.<\/p>\n","protected":false},"excerpt":{"rendered":"<p>Eni annuncia la nascita di Eni Sustainable Mobility, nuova societ\u00e0 dedicata alla mobilit\u00e0 sostenibile: la soddisfazione dell\u2019AD Claudio Descalzi. \u00a0 Claudio Descalzi: un\u2019offerta unica e decarbonizzata per la mobilit\u00e0 grazie a Eni Sustainable Mobility Nel sottolinearne il valore, l\u2019AD Claudio Descalzi ha parlato di Eni Sustainable Mobility come di \u201cuna seconda leva strategica, da affiancare a Plenitude nell\u2019ambito del nostro percorso di transizione energetica\u201d. Eni infatti ha annunciato nei giorni<\/p>\n<p><a class=\"continue-reading\" href=\"https:\/\/www.article-marketing.eu\/comunicatistampa\/claudio-descalzi-eni-per-la-transizione-energetica-il-lancio-di-eni-sustainable-mobility\/\">Continue reading&#8230;<\/a><\/p>\n","protected":false},"author":6477,"featured_media":0,"comment_status":"open","ping_status":"open","sticky":false,"template":"","format":"standard","meta":{"_monsterinsights_skip_tracking":false,"_monsterinsights_sitenote_active":false,"_monsterinsights_sitenote_note":"","_monsterinsights_sitenote_category":0,"footnotes":""},"categories":[386],"tags":[9889],"class_list":["post-26133","post","type-post","status-publish","format-standard","hentry","category-economia-e-lavoro","tag-claudio-descalzi"],"yoast_head":"<!-- This site is optimized with the Yoast SEO plugin v27.3 - https:\/\/yoast.com\/product\/yoast-seo-wordpress\/ -->\n<title>Claudio Descalzi, Eni per la transizione energetica: il lancio di Eni Sustainable Mobility<\/title>\n<meta name=\"robots\" content=\"index, follow, max-snippet:-1, max-image-preview:large, max-video-preview:-1\" \/>\n<link rel=\"canonical\" href=\"https:\/\/www.article-marketing.eu\/comunicatistampa\/claudio-descalzi-eni-per-la-transizione-energetica-il-lancio-di-eni-sustainable-mobility\/\" \/>\n<meta property=\"og:locale\" content=\"it_IT\" \/>\n<meta property=\"og:type\" content=\"article\" \/>\n<meta property=\"og:title\" content=\"Claudio Descalzi, Eni per la transizione energetica: il lancio di Eni Sustainable Mobility\" \/>\n<meta property=\"og:description\" content=\"Eni annuncia la nascita di Eni Sustainable Mobility, nuova societ\u00e0 dedicata alla mobilit\u00e0 sostenibile: la soddisfazione dell\u2019AD Claudio Descalzi. \u00a0 Claudio Descalzi: un\u2019offerta unica e decarbonizzata per la mobilit\u00e0 grazie a Eni Sustainable Mobility Nel sottolinearne il valore, l\u2019AD Claudio Descalzi ha parlato di Eni Sustainable Mobility come di \u201cuna seconda leva strategica, da affiancare a Plenitude nell\u2019ambito del nostro percorso di transizione energetica\u201d. Eni infatti ha annunciato nei giorniContinue reading...\" \/>\n<meta property=\"og:url\" content=\"https:\/\/www.article-marketing.eu\/comunicatistampa\/claudio-descalzi-eni-per-la-transizione-energetica-il-lancio-di-eni-sustainable-mobility\/\" \/>\n<meta property=\"og:site_name\" content=\"Article Marketing\" \/>\n<meta property=\"article:published_time\" content=\"2023-02-23T12:52:17+00:00\" \/>\n<meta property=\"og:image\" content=\"https:\/\/res.cloudinary.com\/crunchbase-production\/image\/upload\/c_thumb,h_170,w_170,f_auto,g_faces,z_0.7,b_white,q_auto:eco,dpr_1\/v1473854628\/nvgkns6csfoi7yau3s4b.jpg\" \/>\n<meta name=\"author\" content=\"articolinews\" \/>\n<meta name=\"twitter:card\" content=\"summary_large_image\" \/>\n<meta name=\"twitter:label1\" content=\"Scritto da\" \/>\n\t<meta name=\"twitter:data1\" content=\"articolinews\" \/>\n\t<meta name=\"twitter:label2\" content=\"Tempo di lettura stimato\" \/>\n\t<meta name=\"twitter:data2\" content=\"3 minuti\" \/>\n<script type=\"application\/ld+json\" class=\"yoast-schema-graph\">{\"@context\":\"https:\\\/\\\/schema.org\",\"@graph\":[{\"@type\":\"Article\",\"@id\":\"https:\\\/\\\/www.article-marketing.eu\\\/comunicatistampa\\\/claudio-descalzi-eni-per-la-transizione-energetica-il-lancio-di-eni-sustainable-mobility\\\/#article\",\"isPartOf\":{\"@id\":\"https:\\\/\\\/www.article-marketing.eu\\\/comunicatistampa\\\/claudio-descalzi-eni-per-la-transizione-energetica-il-lancio-di-eni-sustainable-mobility\\\/\"},\"author\":{\"name\":\"articolinews\",\"@id\":\"https:\\\/\\\/www.article-marketing.eu\\\/comunicatistampa\\\/#\\\/schema\\\/person\\\/2fcaf8f8f3a9eef9eb7f27532d3ca458\"},\"headline\":\"Claudio Descalzi, Eni per la transizione energetica: il lancio di Eni Sustainable Mobility\",\"datePublished\":\"2023-02-23T12:52:17+00:00\",\"mainEntityOfPage\":{\"@id\":\"https:\\\/\\\/www.article-marketing.eu\\\/comunicatistampa\\\/claudio-descalzi-eni-per-la-transizione-energetica-il-lancio-di-eni-sustainable-mobility\\\/\"},\"wordCount\":406,\"commentCount\":0,\"image\":{\"@id\":\"https:\\\/\\\/www.article-marketing.eu\\\/comunicatistampa\\\/claudio-descalzi-eni-per-la-transizione-energetica-il-lancio-di-eni-sustainable-mobility\\\/#primaryimage\"},\"thumbnailUrl\":\"https:\\\/\\\/res.cloudinary.com\\\/crunchbase-production\\\/image\\\/upload\\\/c_thumb,h_170,w_170,f_auto,g_faces,z_0.7,b_white,q_auto:eco,dpr_1\\\/v1473854628\\\/nvgkns6csfoi7yau3s4b.jpg\",\"keywords\":[\"Claudio Descalzi\"],\"articleSection\":[\"Economia e lavoro\"],\"inLanguage\":\"it-IT\",\"potentialAction\":[{\"@type\":\"CommentAction\",\"name\":\"Comment\",\"target\":[\"https:\\\/\\\/www.article-marketing.eu\\\/comunicatistampa\\\/claudio-descalzi-eni-per-la-transizione-energetica-il-lancio-di-eni-sustainable-mobility\\\/#respond\"]}]},{\"@type\":\"WebPage\",\"@id\":\"https:\\\/\\\/www.article-marketing.eu\\\/comunicatistampa\\\/claudio-descalzi-eni-per-la-transizione-energetica-il-lancio-di-eni-sustainable-mobility\\\/\",\"url\":\"https:\\\/\\\/www.article-marketing.eu\\\/comunicatistampa\\\/claudio-descalzi-eni-per-la-transizione-energetica-il-lancio-di-eni-sustainable-mobility\\\/\",\"name\":\"Claudio Descalzi, Eni per la transizione energetica: il lancio di Eni Sustainable Mobility\",\"isPartOf\":{\"@id\":\"https:\\\/\\\/www.article-marketing.eu\\\/comunicatistampa\\\/#website\"},\"primaryImageOfPage\":{\"@id\":\"https:\\\/\\\/www.article-marketing.eu\\\/comunicatistampa\\\/claudio-descalzi-eni-per-la-transizione-energetica-il-lancio-di-eni-sustainable-mobility\\\/#primaryimage\"},\"image\":{\"@id\":\"https:\\\/\\\/www.article-marketing.eu\\\/comunicatistampa\\\/claudio-descalzi-eni-per-la-transizione-energetica-il-lancio-di-eni-sustainable-mobility\\\/#primaryimage\"},\"thumbnailUrl\":\"https:\\\/\\\/res.cloudinary.com\\\/crunchbase-production\\\/image\\\/upload\\\/c_thumb,h_170,w_170,f_auto,g_faces,z_0.7,b_white,q_auto:eco,dpr_1\\\/v1473854628\\\/nvgkns6csfoi7yau3s4b.jpg\",\"datePublished\":\"2023-02-23T12:52:17+00:00\",\"author\":{\"@id\":\"https:\\\/\\\/www.article-marketing.eu\\\/comunicatistampa\\\/#\\\/schema\\\/person\\\/2fcaf8f8f3a9eef9eb7f27532d3ca458\"},\"breadcrumb\":{\"@id\":\"https:\\\/\\\/www.article-marketing.eu\\\/comunicatistampa\\\/claudio-descalzi-eni-per-la-transizione-energetica-il-lancio-di-eni-sustainable-mobility\\\/#breadcrumb\"},\"inLanguage\":\"it-IT\",\"potentialAction\":[{\"@type\":\"ReadAction\",\"target\":[\"https:\\\/\\\/www.article-marketing.eu\\\/comunicatistampa\\\/claudio-descalzi-eni-per-la-transizione-energetica-il-lancio-di-eni-sustainable-mobility\\\/\"]}]},{\"@type\":\"ImageObject\",\"inLanguage\":\"it-IT\",\"@id\":\"https:\\\/\\\/www.article-marketing.eu\\\/comunicatistampa\\\/claudio-descalzi-eni-per-la-transizione-energetica-il-lancio-di-eni-sustainable-mobility\\\/#primaryimage\",\"url\":\"https:\\\/\\\/res.cloudinary.com\\\/crunchbase-production\\\/image\\\/upload\\\/c_thumb,h_170,w_170,f_auto,g_faces,z_0.7,b_white,q_auto:eco,dpr_1\\\/v1473854628\\\/nvgkns6csfoi7yau3s4b.jpg\",\"contentUrl\":\"https:\\\/\\\/res.cloudinary.com\\\/crunchbase-production\\\/image\\\/upload\\\/c_thumb,h_170,w_170,f_auto,g_faces,z_0.7,b_white,q_auto:eco,dpr_1\\\/v1473854628\\\/nvgkns6csfoi7yau3s4b.jpg\"},{\"@type\":\"BreadcrumbList\",\"@id\":\"https:\\\/\\\/www.article-marketing.eu\\\/comunicatistampa\\\/claudio-descalzi-eni-per-la-transizione-energetica-il-lancio-di-eni-sustainable-mobility\\\/#breadcrumb\",\"itemListElement\":[{\"@type\":\"ListItem\",\"position\":1,\"name\":\"Home\",\"item\":\"https:\\\/\\\/www.article-marketing.eu\\\/comunicatistampa\\\/\"},{\"@type\":\"ListItem\",\"position\":2,\"name\":\"Claudio Descalzi, Eni per la transizione energetica: il lancio di Eni Sustainable Mobility\"}]},{\"@type\":\"WebSite\",\"@id\":\"https:\\\/\\\/www.article-marketing.eu\\\/comunicatistampa\\\/#website\",\"url\":\"https:\\\/\\\/www.article-marketing.eu\\\/comunicatistampa\\\/\",\"name\":\"Article Marketing\",\"description\":\"article marketing &amp; press release\",\"potentialAction\":[{\"@type\":\"SearchAction\",\"target\":{\"@type\":\"EntryPoint\",\"urlTemplate\":\"https:\\\/\\\/www.article-marketing.eu\\\/comunicatistampa\\\/?s={search_term_string}\"},\"query-input\":{\"@type\":\"PropertyValueSpecification\",\"valueRequired\":true,\"valueName\":\"search_term_string\"}}],\"inLanguage\":\"it-IT\"},{\"@type\":\"Person\",\"@id\":\"https:\\\/\\\/www.article-marketing.eu\\\/comunicatistampa\\\/#\\\/schema\\\/person\\\/2fcaf8f8f3a9eef9eb7f27532d3ca458\",\"name\":\"articolinews\",\"image\":{\"@type\":\"ImageObject\",\"inLanguage\":\"it-IT\",\"@id\":\"https:\\\/\\\/secure.gravatar.com\\\/avatar\\\/9e2a264bab04e17dea24d937c9956304649a848cb73c46747a692ff1bdeb1cb7?s=96&d=mm&r=g\",\"url\":\"https:\\\/\\\/secure.gravatar.com\\\/avatar\\\/9e2a264bab04e17dea24d937c9956304649a848cb73c46747a692ff1bdeb1cb7?s=96&d=mm&r=g\",\"contentUrl\":\"https:\\\/\\\/secure.gravatar.com\\\/avatar\\\/9e2a264bab04e17dea24d937c9956304649a848cb73c46747a692ff1bdeb1cb7?s=96&d=mm&r=g\",\"caption\":\"articolinews\"},\"url\":\"https:\\\/\\\/www.article-marketing.eu\\\/comunicatistampa\\\/author\\\/articolinews\\\/\"}]}<\/script>\n<!-- \/ Yoast SEO plugin. -->","yoast_head_json":{"title":"Claudio Descalzi, Eni per la transizione energetica: il lancio di Eni Sustainable Mobility","robots":{"index":"index","follow":"follow","max-snippet":"max-snippet:-1","max-image-preview":"max-image-preview:large","max-video-preview":"max-video-preview:-1"},"canonical":"https:\/\/www.article-marketing.eu\/comunicatistampa\/claudio-descalzi-eni-per-la-transizione-energetica-il-lancio-di-eni-sustainable-mobility\/","og_locale":"it_IT","og_type":"article","og_title":"Claudio Descalzi, Eni per la transizione energetica: il lancio di Eni Sustainable Mobility","og_description":"Eni annuncia la nascita di Eni Sustainable Mobility, nuova societ\u00e0 dedicata alla mobilit\u00e0 sostenibile: la soddisfazione dell\u2019AD Claudio Descalzi. \u00a0 Claudio Descalzi: un\u2019offerta unica e decarbonizzata per la mobilit\u00e0 grazie a Eni Sustainable Mobility Nel sottolinearne il valore, l\u2019AD Claudio Descalzi ha parlato di Eni Sustainable Mobility come di \u201cuna seconda leva strategica, da affiancare a Plenitude nell\u2019ambito del nostro percorso di transizione energetica\u201d. Eni infatti ha annunciato nei giorniContinue reading...","og_url":"https:\/\/www.article-marketing.eu\/comunicatistampa\/claudio-descalzi-eni-per-la-transizione-energetica-il-lancio-di-eni-sustainable-mobility\/","og_site_name":"Article Marketing","article_published_time":"2023-02-23T12:52:17+00:00","og_image":[{"url":"https:\/\/res.cloudinary.com\/crunchbase-production\/image\/upload\/c_thumb,h_170,w_170,f_auto,g_faces,z_0.7,b_white,q_auto:eco,dpr_1\/v1473854628\/nvgkns6csfoi7yau3s4b.jpg","type":"","width":"","height":""}],"author":"articolinews","twitter_card":"summary_large_image","twitter_misc":{"Scritto da":"articolinews","Tempo di lettura stimato":"3 minuti"},"schema":{"@context":"https:\/\/schema.org","@graph":[{"@type":"Article","@id":"https:\/\/www.article-marketing.eu\/comunicatistampa\/claudio-descalzi-eni-per-la-transizione-energetica-il-lancio-di-eni-sustainable-mobility\/#article","isPartOf":{"@id":"https:\/\/www.article-marketing.eu\/comunicatistampa\/claudio-descalzi-eni-per-la-transizione-energetica-il-lancio-di-eni-sustainable-mobility\/"},"author":{"name":"articolinews","@id":"https:\/\/www.article-marketing.eu\/comunicatistampa\/#\/schema\/person\/2fcaf8f8f3a9eef9eb7f27532d3ca458"},"headline":"Claudio Descalzi, Eni per la transizione energetica: il lancio di Eni Sustainable Mobility","datePublished":"2023-02-23T12:52:17+00:00","mainEntityOfPage":{"@id":"https:\/\/www.article-marketing.eu\/comunicatistampa\/claudio-descalzi-eni-per-la-transizione-energetica-il-lancio-di-eni-sustainable-mobility\/"},"wordCount":406,"commentCount":0,"image":{"@id":"https:\/\/www.article-marketing.eu\/comunicatistampa\/claudio-descalzi-eni-per-la-transizione-energetica-il-lancio-di-eni-sustainable-mobility\/#primaryimage"},"thumbnailUrl":"https:\/\/res.cloudinary.com\/crunchbase-production\/image\/upload\/c_thumb,h_170,w_170,f_auto,g_faces,z_0.7,b_white,q_auto:eco,dpr_1\/v1473854628\/nvgkns6csfoi7yau3s4b.jpg","keywords":["Claudio Descalzi"],"articleSection":["Economia e lavoro"],"inLanguage":"it-IT","potentialAction":[{"@type":"CommentAction","name":"Comment","target":["https:\/\/www.article-marketing.eu\/comunicatistampa\/claudio-descalzi-eni-per-la-transizione-energetica-il-lancio-di-eni-sustainable-mobility\/#respond"]}]},{"@type":"WebPage","@id":"https:\/\/www.article-marketing.eu\/comunicatistampa\/claudio-descalzi-eni-per-la-transizione-energetica-il-lancio-di-eni-sustainable-mobility\/","url":"https:\/\/www.article-marketing.eu\/comunicatistampa\/claudio-descalzi-eni-per-la-transizione-energetica-il-lancio-di-eni-sustainable-mobility\/","name":"Claudio Descalzi, Eni per la transizione energetica: il lancio di Eni Sustainable Mobility","isPartOf":{"@id":"https:\/\/www.article-marketing.eu\/comunicatistampa\/#website"},"primaryImageOfPage":{"@id":"https:\/\/www.article-marketing.eu\/comunicatistampa\/claudio-descalzi-eni-per-la-transizione-energetica-il-lancio-di-eni-sustainable-mobility\/#primaryimage"},"image":{"@id":"https:\/\/www.article-marketing.eu\/comunicatistampa\/claudio-descalzi-eni-per-la-transizione-energetica-il-lancio-di-eni-sustainable-mobility\/#primaryimage"},"thumbnailUrl":"https:\/\/res.cloudinary.com\/crunchbase-production\/image\/upload\/c_thumb,h_170,w_170,f_auto,g_faces,z_0.7,b_white,q_auto:eco,dpr_1\/v1473854628\/nvgkns6csfoi7yau3s4b.jpg","datePublished":"2023-02-23T12:52:17+00:00","author":{"@id":"https:\/\/www.article-marketing.eu\/comunicatistampa\/#\/schema\/person\/2fcaf8f8f3a9eef9eb7f27532d3ca458"},"breadcrumb":{"@id":"https:\/\/www.article-marketing.eu\/comunicatistampa\/claudio-descalzi-eni-per-la-transizione-energetica-il-lancio-di-eni-sustainable-mobility\/#breadcrumb"},"inLanguage":"it-IT","potentialAction":[{"@type":"ReadAction","target":["https:\/\/www.article-marketing.eu\/comunicatistampa\/claudio-descalzi-eni-per-la-transizione-energetica-il-lancio-di-eni-sustainable-mobility\/"]}]},{"@type":"ImageObject","inLanguage":"it-IT","@id":"https:\/\/www.article-marketing.eu\/comunicatistampa\/claudio-descalzi-eni-per-la-transizione-energetica-il-lancio-di-eni-sustainable-mobility\/#primaryimage","url":"https:\/\/res.cloudinary.com\/crunchbase-production\/image\/upload\/c_thumb,h_170,w_170,f_auto,g_faces,z_0.7,b_white,q_auto:eco,dpr_1\/v1473854628\/nvgkns6csfoi7yau3s4b.jpg","contentUrl":"https:\/\/res.cloudinary.com\/crunchbase-production\/image\/upload\/c_thumb,h_170,w_170,f_auto,g_faces,z_0.7,b_white,q_auto:eco,dpr_1\/v1473854628\/nvgkns6csfoi7yau3s4b.jpg"},{"@type":"BreadcrumbList","@id":"https:\/\/www.article-marketing.eu\/comunicatistampa\/claudio-descalzi-eni-per-la-transizione-energetica-il-lancio-di-eni-sustainable-mobility\/#breadcrumb","itemListElement":[{"@type":"ListItem","position":1,"name":"Home","item":"https:\/\/www.article-marketing.eu\/comunicatistampa\/"},{"@type":"ListItem","position":2,"name":"Claudio Descalzi, Eni per la transizione energetica: il lancio di Eni Sustainable Mobility"}]},{"@type":"WebSite","@id":"https:\/\/www.article-marketing.eu\/comunicatistampa\/#website","url":"https:\/\/www.article-marketing.eu\/comunicatistampa\/","name":"Article Marketing","description":"article marketing &amp; press release","potentialAction":[{"@type":"SearchAction","target":{"@type":"EntryPoint","urlTemplate":"https:\/\/www.article-marketing.eu\/comunicatistampa\/?s={search_term_string}"},"query-input":{"@type":"PropertyValueSpecification","valueRequired":true,"valueName":"search_term_string"}}],"inLanguage":"it-IT"},{"@type":"Person","@id":"https:\/\/www.article-marketing.eu\/comunicatistampa\/#\/schema\/person\/2fcaf8f8f3a9eef9eb7f27532d3ca458","name":"articolinews","image":{"@type":"ImageObject","inLanguage":"it-IT","@id":"https:\/\/secure.gravatar.com\/avatar\/9e2a264bab04e17dea24d937c9956304649a848cb73c46747a692ff1bdeb1cb7?s=96&d=mm&r=g","url":"https:\/\/secure.gravatar.com\/avatar\/9e2a264bab04e17dea24d937c9956304649a848cb73c46747a692ff1bdeb1cb7?s=96&d=mm&r=g","contentUrl":"https:\/\/secure.gravatar.com\/avatar\/9e2a264bab04e17dea24d937c9956304649a848cb73c46747a692ff1bdeb1cb7?s=96&d=mm&r=g","caption":"articolinews"},"url":"https:\/\/www.article-marketing.eu\/comunicatistampa\/author\/articolinews\/"}]}},"_links":{"self":[{"href":"https:\/\/www.article-marketing.eu\/comunicatistampa\/wp-json\/wp\/v2\/posts\/26133","targetHints":{"allow":["GET"]}}],"collection":[{"href":"https:\/\/www.article-marketing.eu\/comunicatistampa\/wp-json\/wp\/v2\/posts"}],"about":[{"href":"https:\/\/www.article-marketing.eu\/comunicatistampa\/wp-json\/wp\/v2\/types\/post"}],"author":[{"embeddable":true,"href":"https:\/\/www.article-marketing.eu\/comunicatistampa\/wp-json\/wp\/v2\/users\/6477"}],"replies":[{"embeddable":true,"href":"https:\/\/www.article-marketing.eu\/comunicatistampa\/wp-json\/wp\/v2\/comments?post=26133"}],"version-history":[{"count":2,"href":"https:\/\/www.article-marketing.eu\/comunicatistampa\/wp-json\/wp\/v2\/posts\/26133\/revisions"}],"predecessor-version":[{"id":26428,"href":"https:\/\/www.article-marketing.eu\/comunicatistampa\/wp-json\/wp\/v2\/posts\/26133\/revisions\/26428"}],"wp:attachment":[{"href":"https:\/\/www.article-marketing.eu\/comunicatistampa\/wp-json\/wp\/v2\/media?parent=26133"}],"wp:term":[{"taxonomy":"category","embeddable":true,"href":"https:\/\/www.article-marketing.eu\/comunicatistampa\/wp-json\/wp\/v2\/categories?post=26133"},{"taxonomy":"post_tag","embeddable":true,"href":"https:\/\/www.article-marketing.eu\/comunicatistampa\/wp-json\/wp\/v2\/tags?post=26133"}],"curies":[{"name":"wp","href":"https:\/\/api.w.org\/{rel}","templated":true}]}}