{"id":26150,"date":"2023-02-01T07:15:56","date_gmt":"2023-02-01T06:15:56","guid":{"rendered":"https:\/\/www.article-marketing.eu\/comunicatistampa\/?p=26150"},"modified":"2023-01-31T08:16:50","modified_gmt":"2023-01-31T07:16:50","slug":"inaugurazione-anno-accademico-della-luiss-lintervento-del-rettore-andrea-prencipe","status":"publish","type":"post","link":"https:\/\/www.article-marketing.eu\/comunicatistampa\/inaugurazione-anno-accademico-della-luiss-lintervento-del-rettore-andrea-prencipe\/","title":{"rendered":"Inaugurazione anno accademico della Luiss, l\u2019intervento del Rettore Andrea Prencipe"},"content":{"rendered":"<p><em><strong>\u201cLa partnership transatlantica \u00e8 fondamentale e diventer\u00e0 sempre pi\u00f9 importante\u201d: lo ha evidenziato il Rettore <a title=\"Andrea Precipe, una Luiss globale con una partnership con gli USA\" href=\"https:\/\/lavocedinewyork.com\/news\/2023\/01\/12\/con-andrea-prencipe-una-luiss-globale-fondamentale-la-partnership-con-gli-usa\/\">Andrea Prencipe<\/a> riferendosi ai progetti della Luiss sempre pi\u00f9 incentrati sull\u2019internazionalizzazione.<\/strong><\/em><\/p>\n<p><a title=\"Andrea Prencipe rettore dell'universit\u00e0 Luiss Guido Carli\" href=\"https:\/\/lavocedinewyork.com\/news\/2023\/01\/12\/con-andrea-prencipe-una-luiss-globale-fondamentale-la-partnership-con-gli-usa\/\"><img loading=\"lazy\" decoding=\"async\" src=\"https:\/\/lavocedinewyork.com\/wp-content\/uploads\/2023\/01\/Rettore-Andrea-Prencipe-2-1140x815.jpg\" alt=\"Andrea Prencipe\" width=\"200\" height=\"143\" \/><\/a><\/p>\n<h2>Inaugurazione anno accademico 2022\/2023 della Luiss: il messaggio del Rettore Andrea Prencipe<\/h2>\n<p>Saper intercettare e gestire l\u2019innovazione \u00e8 cruciale in un mondo che muta ed evolve costantemente. Per farlo \u00e8 necessario favorire quegli <em>\u201cancoraggi intellettuali flessibili\u201d<\/em> di cui ha parlato <a title=\"Andrea Prencipe, focus di La Voce di New York\" href=\"https:\/\/lavocedinewyork.com\/news\/2023\/01\/12\/con-andrea-prencipe-una-luiss-globale-fondamentale-la-partnership-con-gli-usa\/\"><strong>Andrea Prencipe<\/strong><\/a>, Rettore dell\u2019Universit\u00e0 Luiss Guido Carli, durante la cerimonia di inaugurazione dell\u2019anno accademico 2022\/2023. L\u2019evento si \u00e8 tenuto il 12 gennaio a Roma presso l\u2019Aula Magna Mario Arcelli del Campus e ha visto la partecipazione, quale ospite d\u2019onore, di Ornella Barra, Chief Operating Officer &#8211; International di Walgreens Boots Alliance. La cerimonia ha fornito l\u2019occasione per illustrare i programmi e i progetti dell\u2019Ateneo, attivit\u00e0 che puntano con decisione verso tre grandi direzioni: innovazione, internazionalizzazione, interdisciplinarit\u00e0. <em>\u201cLe aziende e la pubblica amministrazione hanno una caratteristica comune: fanno richieste sempre pi\u00f9 mutevoli\u201d<\/em>, ha spiegato il Rettore <strong>Andrea Prencipe<\/strong>: <em>\u201cTre anni fa, prima del covid, volevano dei \u2018leader digitali\u2019, invece oggi il panorama \u00e8 cambiato radicalmente. La sfida per noi non \u00e8 quella di creare profili professionali precostituiti, ma ancoraggi intellettuali flessibili\u201d<\/em>. Ci\u00f2 si inserisce in un contesto formativo in cui l\u2019Universit\u00e0 Luiss fornisce strumenti e approcci che stimolano gli studenti a porsi domande, mettendo in discussione quanto gi\u00e0 appreso e cercando risposte: in altri termini, il modello \u201cenquiry based\u201d adottato in Ateneo. Insieme a questo, un set di competenze in stile \u201ccassetta degli attrezzi\u201d per innovare il mondo del lavoro.<\/p>\n<h2>Andrea Prencipe sull\u2019identit\u00e0 della Luiss: partnership estere, networking e human skills<\/h2>\n<p>Affianco all\u2019innovazione, \u00e8 nei fattori dell\u2019internazionalizzazione e dell\u2019interdisciplinarit\u00e0 che l\u2019Universit\u00e0 Luiss Guido Carli intende ricercare le direttrici adatte a preparare i professionisti del domani. Come ricordato dal Rettore <strong>Andrea Prencipe<\/strong>, un tassello di tale approccio \u00e8 riscontrabile, ad esempio, nella nascita della Luiss US Foundation e nell\u2019istituzione del Master \u201cTrans-Atlantic Business Executive\u201d (TABE): opportunit\u00e0 in pi\u00f9 per formare professionisti capaci di cogliere le possibilit\u00e0 che scaturiscono da una proficua collaborazione tra le due sponde dell\u2019Atlantico. Al tempo stesso, una rete di rapporti con le universit\u00e0 statunitensi in cui svolgere l\u2019Exchange, quali George Washington University e la Fordham di New York. La partnership transatlantica \u00e8 <em>\u201cfondamentale\u201d<\/em>, ha osservato il Rettore, e <em>\u201cdiventer\u00e0 sempre pi\u00f9 importante anche alla luce delle dinamiche geopolitiche che stanno caratterizzando le relazioni internazionali in questo momento\u201d<\/em>. Per <strong>Andrea Prencipe<\/strong>, inoltre, <em>\u201cnon <\/em><em>si pu\u00f2 fare a meno del networking, un\u2019attivit\u00e0 che deve cominciare gi\u00e0 durante il percorso formativo\u201d<\/em>, ha dichiarato, evidenziando in conclusione la rilevanza delle <em>\u201csoft skills, che noi oggi chiamiamo human skills\u201d<\/em>.<\/p>\n","protected":false},"excerpt":{"rendered":"<p>\u201cLa partnership transatlantica \u00e8 fondamentale e diventer\u00e0 sempre pi\u00f9 importante\u201d: lo ha evidenziato il Rettore Andrea Prencipe riferendosi ai progetti della Luiss sempre pi\u00f9 incentrati sull\u2019internazionalizzazione. Inaugurazione anno accademico 2022\/2023 della Luiss: il messaggio del Rettore Andrea Prencipe Saper intercettare e gestire l\u2019innovazione \u00e8 cruciale in un mondo che muta ed evolve costantemente. Per farlo \u00e8 necessario favorire quegli \u201cancoraggi intellettuali flessibili\u201d di cui ha parlato Andrea Prencipe, Rettore dell\u2019Universit\u00e0<\/p>\n<p><a class=\"continue-reading\" href=\"https:\/\/www.article-marketing.eu\/comunicatistampa\/inaugurazione-anno-accademico-della-luiss-lintervento-del-rettore-andrea-prencipe\/\">Continue reading&#8230;<\/a><\/p>\n","protected":false},"author":7213,"featured_media":0,"comment_status":"open","ping_status":"open","sticky":false,"template":"","format":"standard","meta":{"_monsterinsights_skip_tracking":false,"_monsterinsights_sitenote_active":false,"_monsterinsights_sitenote_note":"","_monsterinsights_sitenote_category":0,"footnotes":""},"categories":[378],"tags":[9746,10403],"class_list":["post-26150","post","type-post","status-publish","format-standard","hentry","category-istruzione","tag-andrea-prencipe","tag-luiss"],"yoast_head":"<!-- This site is optimized with the Yoast SEO plugin v27.3 - https:\/\/yoast.com\/product\/yoast-seo-wordpress\/ -->\n<title>Inaugurazione anno accademico della Luiss, l\u2019intervento del Rettore Andrea Prencipe<\/title>\n<meta name=\"robots\" content=\"index, follow, max-snippet:-1, max-image-preview:large, max-video-preview:-1\" \/>\n<link rel=\"canonical\" href=\"https:\/\/www.article-marketing.eu\/comunicatistampa\/inaugurazione-anno-accademico-della-luiss-lintervento-del-rettore-andrea-prencipe\/\" \/>\n<meta property=\"og:locale\" content=\"it_IT\" \/>\n<meta property=\"og:type\" content=\"article\" \/>\n<meta property=\"og:title\" content=\"Inaugurazione anno accademico della Luiss, l\u2019intervento del Rettore Andrea Prencipe\" \/>\n<meta property=\"og:description\" content=\"\u201cLa partnership transatlantica \u00e8 fondamentale e diventer\u00e0 sempre pi\u00f9 importante\u201d: lo ha evidenziato il Rettore Andrea Prencipe riferendosi ai progetti della Luiss sempre pi\u00f9 incentrati sull\u2019internazionalizzazione. Inaugurazione anno accademico 2022\/2023 della Luiss: il messaggio del Rettore Andrea Prencipe Saper intercettare e gestire l\u2019innovazione \u00e8 cruciale in un mondo che muta ed evolve costantemente. Per farlo \u00e8 necessario favorire quegli \u201cancoraggi intellettuali flessibili\u201d di cui ha parlato Andrea Prencipe, Rettore dell\u2019Universit\u00e0Continue reading...\" \/>\n<meta property=\"og:url\" content=\"https:\/\/www.article-marketing.eu\/comunicatistampa\/inaugurazione-anno-accademico-della-luiss-lintervento-del-rettore-andrea-prencipe\/\" \/>\n<meta property=\"og:site_name\" content=\"Article Marketing\" \/>\n<meta property=\"article:published_time\" content=\"2023-02-01T06:15:56+00:00\" \/>\n<meta property=\"og:image\" content=\"https:\/\/lavocedinewyork.com\/wp-content\/uploads\/2023\/01\/Rettore-Andrea-Prencipe-2-1140x815.jpg\" \/>\n<meta name=\"author\" content=\"glprnewsonline\" \/>\n<meta name=\"twitter:card\" content=\"summary_large_image\" \/>\n<meta name=\"twitter:label1\" content=\"Scritto da\" \/>\n\t<meta name=\"twitter:data1\" content=\"glprnewsonline\" \/>\n\t<meta name=\"twitter:label2\" content=\"Tempo di lettura stimato\" \/>\n\t<meta name=\"twitter:data2\" content=\"3 minuti\" \/>\n<script type=\"application\/ld+json\" class=\"yoast-schema-graph\">{\"@context\":\"https:\\\/\\\/schema.org\",\"@graph\":[{\"@type\":\"Article\",\"@id\":\"https:\\\/\\\/www.article-marketing.eu\\\/comunicatistampa\\\/inaugurazione-anno-accademico-della-luiss-lintervento-del-rettore-andrea-prencipe\\\/#article\",\"isPartOf\":{\"@id\":\"https:\\\/\\\/www.article-marketing.eu\\\/comunicatistampa\\\/inaugurazione-anno-accademico-della-luiss-lintervento-del-rettore-andrea-prencipe\\\/\"},\"author\":{\"name\":\"glprnewsonline\",\"@id\":\"https:\\\/\\\/www.article-marketing.eu\\\/comunicatistampa\\\/#\\\/schema\\\/person\\\/ad4ef4d8d60257e1a9a53b05a0e5b569\"},\"headline\":\"Inaugurazione anno accademico della Luiss, l\u2019intervento del Rettore Andrea Prencipe\",\"datePublished\":\"2023-02-01T06:15:56+00:00\",\"mainEntityOfPage\":{\"@id\":\"https:\\\/\\\/www.article-marketing.eu\\\/comunicatistampa\\\/inaugurazione-anno-accademico-della-luiss-lintervento-del-rettore-andrea-prencipe\\\/\"},\"wordCount\":450,\"commentCount\":0,\"image\":{\"@id\":\"https:\\\/\\\/www.article-marketing.eu\\\/comunicatistampa\\\/inaugurazione-anno-accademico-della-luiss-lintervento-del-rettore-andrea-prencipe\\\/#primaryimage\"},\"thumbnailUrl\":\"https:\\\/\\\/lavocedinewyork.com\\\/wp-content\\\/uploads\\\/2023\\\/01\\\/Rettore-Andrea-Prencipe-2-1140x815.jpg\",\"keywords\":[\"Andrea Prencipe\",\"Luiss\"],\"articleSection\":[\"Istruzione\"],\"inLanguage\":\"it-IT\",\"potentialAction\":[{\"@type\":\"CommentAction\",\"name\":\"Comment\",\"target\":[\"https:\\\/\\\/www.article-marketing.eu\\\/comunicatistampa\\\/inaugurazione-anno-accademico-della-luiss-lintervento-del-rettore-andrea-prencipe\\\/#respond\"]}]},{\"@type\":\"WebPage\",\"@id\":\"https:\\\/\\\/www.article-marketing.eu\\\/comunicatistampa\\\/inaugurazione-anno-accademico-della-luiss-lintervento-del-rettore-andrea-prencipe\\\/\",\"url\":\"https:\\\/\\\/www.article-marketing.eu\\\/comunicatistampa\\\/inaugurazione-anno-accademico-della-luiss-lintervento-del-rettore-andrea-prencipe\\\/\",\"name\":\"Inaugurazione anno accademico della Luiss, l\u2019intervento del Rettore Andrea Prencipe\",\"isPartOf\":{\"@id\":\"https:\\\/\\\/www.article-marketing.eu\\\/comunicatistampa\\\/#website\"},\"primaryImageOfPage\":{\"@id\":\"https:\\\/\\\/www.article-marketing.eu\\\/comunicatistampa\\\/inaugurazione-anno-accademico-della-luiss-lintervento-del-rettore-andrea-prencipe\\\/#primaryimage\"},\"image\":{\"@id\":\"https:\\\/\\\/www.article-marketing.eu\\\/comunicatistampa\\\/inaugurazione-anno-accademico-della-luiss-lintervento-del-rettore-andrea-prencipe\\\/#primaryimage\"},\"thumbnailUrl\":\"https:\\\/\\\/lavocedinewyork.com\\\/wp-content\\\/uploads\\\/2023\\\/01\\\/Rettore-Andrea-Prencipe-2-1140x815.jpg\",\"datePublished\":\"2023-02-01T06:15:56+00:00\",\"author\":{\"@id\":\"https:\\\/\\\/www.article-marketing.eu\\\/comunicatistampa\\\/#\\\/schema\\\/person\\\/ad4ef4d8d60257e1a9a53b05a0e5b569\"},\"breadcrumb\":{\"@id\":\"https:\\\/\\\/www.article-marketing.eu\\\/comunicatistampa\\\/inaugurazione-anno-accademico-della-luiss-lintervento-del-rettore-andrea-prencipe\\\/#breadcrumb\"},\"inLanguage\":\"it-IT\",\"potentialAction\":[{\"@type\":\"ReadAction\",\"target\":[\"https:\\\/\\\/www.article-marketing.eu\\\/comunicatistampa\\\/inaugurazione-anno-accademico-della-luiss-lintervento-del-rettore-andrea-prencipe\\\/\"]}]},{\"@type\":\"ImageObject\",\"inLanguage\":\"it-IT\",\"@id\":\"https:\\\/\\\/www.article-marketing.eu\\\/comunicatistampa\\\/inaugurazione-anno-accademico-della-luiss-lintervento-del-rettore-andrea-prencipe\\\/#primaryimage\",\"url\":\"https:\\\/\\\/lavocedinewyork.com\\\/wp-content\\\/uploads\\\/2023\\\/01\\\/Rettore-Andrea-Prencipe-2-1140x815.jpg\",\"contentUrl\":\"https:\\\/\\\/lavocedinewyork.com\\\/wp-content\\\/uploads\\\/2023\\\/01\\\/Rettore-Andrea-Prencipe-2-1140x815.jpg\"},{\"@type\":\"BreadcrumbList\",\"@id\":\"https:\\\/\\\/www.article-marketing.eu\\\/comunicatistampa\\\/inaugurazione-anno-accademico-della-luiss-lintervento-del-rettore-andrea-prencipe\\\/#breadcrumb\",\"itemListElement\":[{\"@type\":\"ListItem\",\"position\":1,\"name\":\"Home\",\"item\":\"https:\\\/\\\/www.article-marketing.eu\\\/comunicatistampa\\\/\"},{\"@type\":\"ListItem\",\"position\":2,\"name\":\"Inaugurazione anno accademico della Luiss, l\u2019intervento del Rettore Andrea Prencipe\"}]},{\"@type\":\"WebSite\",\"@id\":\"https:\\\/\\\/www.article-marketing.eu\\\/comunicatistampa\\\/#website\",\"url\":\"https:\\\/\\\/www.article-marketing.eu\\\/comunicatistampa\\\/\",\"name\":\"Article Marketing\",\"description\":\"article marketing &amp; press release\",\"potentialAction\":[{\"@type\":\"SearchAction\",\"target\":{\"@type\":\"EntryPoint\",\"urlTemplate\":\"https:\\\/\\\/www.article-marketing.eu\\\/comunicatistampa\\\/?s={search_term_string}\"},\"query-input\":{\"@type\":\"PropertyValueSpecification\",\"valueRequired\":true,\"valueName\":\"search_term_string\"}}],\"inLanguage\":\"it-IT\"},{\"@type\":\"Person\",\"@id\":\"https:\\\/\\\/www.article-marketing.eu\\\/comunicatistampa\\\/#\\\/schema\\\/person\\\/ad4ef4d8d60257e1a9a53b05a0e5b569\",\"name\":\"glprnewsonline\",\"image\":{\"@type\":\"ImageObject\",\"inLanguage\":\"it-IT\",\"@id\":\"https:\\\/\\\/secure.gravatar.com\\\/avatar\\\/0f70c6cf1c45423bf998180ffd14d407210a44fbb1d8db9991efc9d4a7d4945d?s=96&d=mm&r=g\",\"url\":\"https:\\\/\\\/secure.gravatar.com\\\/avatar\\\/0f70c6cf1c45423bf998180ffd14d407210a44fbb1d8db9991efc9d4a7d4945d?s=96&d=mm&r=g\",\"contentUrl\":\"https:\\\/\\\/secure.gravatar.com\\\/avatar\\\/0f70c6cf1c45423bf998180ffd14d407210a44fbb1d8db9991efc9d4a7d4945d?s=96&d=mm&r=g\",\"caption\":\"glprnewsonline\"},\"url\":\"https:\\\/\\\/www.article-marketing.eu\\\/comunicatistampa\\\/author\\\/glprnewsonline\\\/\"}]}<\/script>\n<!-- \/ Yoast SEO plugin. -->","yoast_head_json":{"title":"Inaugurazione anno accademico della Luiss, l\u2019intervento del Rettore Andrea Prencipe","robots":{"index":"index","follow":"follow","max-snippet":"max-snippet:-1","max-image-preview":"max-image-preview:large","max-video-preview":"max-video-preview:-1"},"canonical":"https:\/\/www.article-marketing.eu\/comunicatistampa\/inaugurazione-anno-accademico-della-luiss-lintervento-del-rettore-andrea-prencipe\/","og_locale":"it_IT","og_type":"article","og_title":"Inaugurazione anno accademico della Luiss, l\u2019intervento del Rettore Andrea Prencipe","og_description":"\u201cLa partnership transatlantica \u00e8 fondamentale e diventer\u00e0 sempre pi\u00f9 importante\u201d: lo ha evidenziato il Rettore Andrea Prencipe riferendosi ai progetti della Luiss sempre pi\u00f9 incentrati sull\u2019internazionalizzazione. Inaugurazione anno accademico 2022\/2023 della Luiss: il messaggio del Rettore Andrea Prencipe Saper intercettare e gestire l\u2019innovazione \u00e8 cruciale in un mondo che muta ed evolve costantemente. Per farlo \u00e8 necessario favorire quegli \u201cancoraggi intellettuali flessibili\u201d di cui ha parlato Andrea Prencipe, Rettore dell\u2019Universit\u00e0Continue reading...","og_url":"https:\/\/www.article-marketing.eu\/comunicatistampa\/inaugurazione-anno-accademico-della-luiss-lintervento-del-rettore-andrea-prencipe\/","og_site_name":"Article Marketing","article_published_time":"2023-02-01T06:15:56+00:00","og_image":[{"url":"https:\/\/lavocedinewyork.com\/wp-content\/uploads\/2023\/01\/Rettore-Andrea-Prencipe-2-1140x815.jpg","type":"","width":"","height":""}],"author":"glprnewsonline","twitter_card":"summary_large_image","twitter_misc":{"Scritto da":"glprnewsonline","Tempo di lettura stimato":"3 minuti"},"schema":{"@context":"https:\/\/schema.org","@graph":[{"@type":"Article","@id":"https:\/\/www.article-marketing.eu\/comunicatistampa\/inaugurazione-anno-accademico-della-luiss-lintervento-del-rettore-andrea-prencipe\/#article","isPartOf":{"@id":"https:\/\/www.article-marketing.eu\/comunicatistampa\/inaugurazione-anno-accademico-della-luiss-lintervento-del-rettore-andrea-prencipe\/"},"author":{"name":"glprnewsonline","@id":"https:\/\/www.article-marketing.eu\/comunicatistampa\/#\/schema\/person\/ad4ef4d8d60257e1a9a53b05a0e5b569"},"headline":"Inaugurazione anno accademico della Luiss, l\u2019intervento del Rettore Andrea Prencipe","datePublished":"2023-02-01T06:15:56+00:00","mainEntityOfPage":{"@id":"https:\/\/www.article-marketing.eu\/comunicatistampa\/inaugurazione-anno-accademico-della-luiss-lintervento-del-rettore-andrea-prencipe\/"},"wordCount":450,"commentCount":0,"image":{"@id":"https:\/\/www.article-marketing.eu\/comunicatistampa\/inaugurazione-anno-accademico-della-luiss-lintervento-del-rettore-andrea-prencipe\/#primaryimage"},"thumbnailUrl":"https:\/\/lavocedinewyork.com\/wp-content\/uploads\/2023\/01\/Rettore-Andrea-Prencipe-2-1140x815.jpg","keywords":["Andrea Prencipe","Luiss"],"articleSection":["Istruzione"],"inLanguage":"it-IT","potentialAction":[{"@type":"CommentAction","name":"Comment","target":["https:\/\/www.article-marketing.eu\/comunicatistampa\/inaugurazione-anno-accademico-della-luiss-lintervento-del-rettore-andrea-prencipe\/#respond"]}]},{"@type":"WebPage","@id":"https:\/\/www.article-marketing.eu\/comunicatistampa\/inaugurazione-anno-accademico-della-luiss-lintervento-del-rettore-andrea-prencipe\/","url":"https:\/\/www.article-marketing.eu\/comunicatistampa\/inaugurazione-anno-accademico-della-luiss-lintervento-del-rettore-andrea-prencipe\/","name":"Inaugurazione anno accademico della Luiss, l\u2019intervento del Rettore Andrea Prencipe","isPartOf":{"@id":"https:\/\/www.article-marketing.eu\/comunicatistampa\/#website"},"primaryImageOfPage":{"@id":"https:\/\/www.article-marketing.eu\/comunicatistampa\/inaugurazione-anno-accademico-della-luiss-lintervento-del-rettore-andrea-prencipe\/#primaryimage"},"image":{"@id":"https:\/\/www.article-marketing.eu\/comunicatistampa\/inaugurazione-anno-accademico-della-luiss-lintervento-del-rettore-andrea-prencipe\/#primaryimage"},"thumbnailUrl":"https:\/\/lavocedinewyork.com\/wp-content\/uploads\/2023\/01\/Rettore-Andrea-Prencipe-2-1140x815.jpg","datePublished":"2023-02-01T06:15:56+00:00","author":{"@id":"https:\/\/www.article-marketing.eu\/comunicatistampa\/#\/schema\/person\/ad4ef4d8d60257e1a9a53b05a0e5b569"},"breadcrumb":{"@id":"https:\/\/www.article-marketing.eu\/comunicatistampa\/inaugurazione-anno-accademico-della-luiss-lintervento-del-rettore-andrea-prencipe\/#breadcrumb"},"inLanguage":"it-IT","potentialAction":[{"@type":"ReadAction","target":["https:\/\/www.article-marketing.eu\/comunicatistampa\/inaugurazione-anno-accademico-della-luiss-lintervento-del-rettore-andrea-prencipe\/"]}]},{"@type":"ImageObject","inLanguage":"it-IT","@id":"https:\/\/www.article-marketing.eu\/comunicatistampa\/inaugurazione-anno-accademico-della-luiss-lintervento-del-rettore-andrea-prencipe\/#primaryimage","url":"https:\/\/lavocedinewyork.com\/wp-content\/uploads\/2023\/01\/Rettore-Andrea-Prencipe-2-1140x815.jpg","contentUrl":"https:\/\/lavocedinewyork.com\/wp-content\/uploads\/2023\/01\/Rettore-Andrea-Prencipe-2-1140x815.jpg"},{"@type":"BreadcrumbList","@id":"https:\/\/www.article-marketing.eu\/comunicatistampa\/inaugurazione-anno-accademico-della-luiss-lintervento-del-rettore-andrea-prencipe\/#breadcrumb","itemListElement":[{"@type":"ListItem","position":1,"name":"Home","item":"https:\/\/www.article-marketing.eu\/comunicatistampa\/"},{"@type":"ListItem","position":2,"name":"Inaugurazione anno accademico della Luiss, l\u2019intervento del Rettore Andrea Prencipe"}]},{"@type":"WebSite","@id":"https:\/\/www.article-marketing.eu\/comunicatistampa\/#website","url":"https:\/\/www.article-marketing.eu\/comunicatistampa\/","name":"Article Marketing","description":"article marketing &amp; press release","potentialAction":[{"@type":"SearchAction","target":{"@type":"EntryPoint","urlTemplate":"https:\/\/www.article-marketing.eu\/comunicatistampa\/?s={search_term_string}"},"query-input":{"@type":"PropertyValueSpecification","valueRequired":true,"valueName":"search_term_string"}}],"inLanguage":"it-IT"},{"@type":"Person","@id":"https:\/\/www.article-marketing.eu\/comunicatistampa\/#\/schema\/person\/ad4ef4d8d60257e1a9a53b05a0e5b569","name":"glprnewsonline","image":{"@type":"ImageObject","inLanguage":"it-IT","@id":"https:\/\/secure.gravatar.com\/avatar\/0f70c6cf1c45423bf998180ffd14d407210a44fbb1d8db9991efc9d4a7d4945d?s=96&d=mm&r=g","url":"https:\/\/secure.gravatar.com\/avatar\/0f70c6cf1c45423bf998180ffd14d407210a44fbb1d8db9991efc9d4a7d4945d?s=96&d=mm&r=g","contentUrl":"https:\/\/secure.gravatar.com\/avatar\/0f70c6cf1c45423bf998180ffd14d407210a44fbb1d8db9991efc9d4a7d4945d?s=96&d=mm&r=g","caption":"glprnewsonline"},"url":"https:\/\/www.article-marketing.eu\/comunicatistampa\/author\/glprnewsonline\/"}]}},"_links":{"self":[{"href":"https:\/\/www.article-marketing.eu\/comunicatistampa\/wp-json\/wp\/v2\/posts\/26150","targetHints":{"allow":["GET"]}}],"collection":[{"href":"https:\/\/www.article-marketing.eu\/comunicatistampa\/wp-json\/wp\/v2\/posts"}],"about":[{"href":"https:\/\/www.article-marketing.eu\/comunicatistampa\/wp-json\/wp\/v2\/types\/post"}],"author":[{"embeddable":true,"href":"https:\/\/www.article-marketing.eu\/comunicatistampa\/wp-json\/wp\/v2\/users\/7213"}],"replies":[{"embeddable":true,"href":"https:\/\/www.article-marketing.eu\/comunicatistampa\/wp-json\/wp\/v2\/comments?post=26150"}],"version-history":[{"count":2,"href":"https:\/\/www.article-marketing.eu\/comunicatistampa\/wp-json\/wp\/v2\/posts\/26150\/revisions"}],"predecessor-version":[{"id":26202,"href":"https:\/\/www.article-marketing.eu\/comunicatistampa\/wp-json\/wp\/v2\/posts\/26150\/revisions\/26202"}],"wp:attachment":[{"href":"https:\/\/www.article-marketing.eu\/comunicatistampa\/wp-json\/wp\/v2\/media?parent=26150"}],"wp:term":[{"taxonomy":"category","embeddable":true,"href":"https:\/\/www.article-marketing.eu\/comunicatistampa\/wp-json\/wp\/v2\/categories?post=26150"},{"taxonomy":"post_tag","embeddable":true,"href":"https:\/\/www.article-marketing.eu\/comunicatistampa\/wp-json\/wp\/v2\/tags?post=26150"}],"curies":[{"name":"wp","href":"https:\/\/api.w.org\/{rel}","templated":true}]}}