{"id":26152,"date":"2023-03-09T13:37:14","date_gmt":"2023-03-09T12:37:14","guid":{"rendered":"https:\/\/www.article-marketing.eu\/comunicatistampa\/?p=26152"},"modified":"2023-03-09T13:37:14","modified_gmt":"2023-03-09T12:37:14","slug":"itasif-nuovo-studio-su-esg-e-fondazioni-bancarie-le-dichiarazioni-di-lorenzo-vangelisti-valeur-group","status":"publish","type":"post","link":"https:\/\/www.article-marketing.eu\/comunicatistampa\/itasif-nuovo-studio-su-esg-e-fondazioni-bancarie-le-dichiarazioni-di-lorenzo-vangelisti-valeur-group\/","title":{"rendered":"ItaSIF, nuovo studio su ESG e Fondazioni Bancarie: le dichiarazioni di Lorenzo Vangelisti (Valeur Group)"},"content":{"rendered":"<p><em><strong>I risultati dell\u2019indagine sono stati presentati dal Forum per la Finanza Sostenibile in occasione delle Settimane SRI. <a title=\"Lorenzo Vangelisti AD di Valeur Group\" href=\"https:\/\/www.topmanageronline.eu\/tag\/lorenzo-vangelisti\/\">Lorenzo Vangelisti<\/a>: \u201cSostenibilit\u00e0 fondamentale per ottimizzazione e solidit\u00e0 dei portafogli\u201d.<\/strong><\/em><\/p>\n<p><a title=\"Lorenzo Vangelisti approfondimenti su Top Manager Online\" href=\"https:\/\/www.topmanageronline.eu\/tag\/lorenzo-vangelisti\/\"><img loading=\"lazy\" decoding=\"async\" src=\"https:\/\/www.topmanagers.it\/SharingFolder\/TopManager\/it\/ManagerProfilePhoto\/Photo\/lorenzo-vangelisti-topmanagers.jpg\" alt=\"Lorenzo Vangelisti \" width=\"200\" height=\"158\" \/><\/a><\/p>\n<h2>Lorenzo Vangelisti: i risultati della ricerca ItaSIF su investimenti sostenibili e Fondazioni Bancarie<\/h2>\n<p>I criteri ESG risultano ormai centrali nelle scelte di investimento delle Fondazioni di origine bancaria. \u00c8 quanto emerge dalla ricerca condotta dal Forum per la Finanza Sostenibile e presentata dall\u2019associazione lo scorso 22 novembre in occasione delle Settimane SRI, la pi\u00f9 importante rassegna italiana sul tema. Presente all\u2019evento anche <a title=\"Lorenzo Vangelisti su Top Manager Online\" href=\"https:\/\/www.topmanageronline.eu\/tag\/lorenzo-vangelisti\/\">Lorenzo Vangelisti<\/a>, Founder e CEO di <strong>Valeur Group<\/strong>, che ha sostenuto lo studio ItaSIF insieme a DPAM, LGIM e Natixis Investment Managers. Giunta alla terza edizione, la ricerca quest\u2019anno \u00e8 stata realizzata in collaborazione con Acri e MondoInstitutional e ha visto la partecipazione di 36 Fondazioni di origine bancaria. I numeri evidenziano lo stretto rapporto tra investimenti sostenibili e attivit\u00e0 filantropica. L\u201981% degli enti ha infatti dichiarato di investire seguendo criteri di sostenibilit\u00e0 e di questi 21 sono Fondazioni grandi e medio-grandi, con una gestione complessiva di \u20ac34,7 miliardi, che equivale al 78% del totale attivo delle Fondazioni inserite nell\u2019indagine. Oltre alla coerenza tra ESG e finalit\u00e0 istituzionali (citata da 24 enti), a spingere le Fondazioni anche la possibilit\u00e0 di ottenere ritorni finanziari con un impatto positivo a livello socio-ambientale (21), nonch\u00e9 una gestione pi\u00f9 efficace dei rischi finanziari (8).<\/p>\n<h2>Lorenzo Vangelisti: \u201c<em>Studio ItaSIF dimostra l\u2019attenzione delle Fondazioni ai criteri ESG<\/em>\u201d<\/h2>\n<p>\u201c<em>La sostenibilit\u00e0 degli investimenti risulta un fattore sempre pi\u00f9 fondamentale per l\u2019ottimizzazione dei portafogli e contribuire alla loro solidit\u00e0 <\/em>\u2013 ha commentato il CEO di <strong>Valeur Group<\/strong> <strong>Lorenzo Vangelisti<\/strong> \u2013<em> la ricerca sottolinea come questo aspetto sia ampiamente compreso dalle Fondazioni di origine bancaria<\/em>\u201d. Nonostante l\u2019interesse per gli investimenti sostenibili sia in netto aumento (+84% rispetto alla prima edizione dello studio), restano alcune criticit\u00e0 che ne limitano la diffusione, tra cui la complessit\u00e0 nella misurazione degli impatti ambientali e sociali legati agli investimenti, la scarsit\u00e0 di dati ESG affidabili e soprattutto standardizzati e l\u2019assenza di certificazioni contro il fenomeno del cosiddetto greenwashing. Oltre a <strong>Lorenzo Vangelisti<\/strong>, \u00e8 intervenuto in rappresentanza di <strong>Valeur Group<\/strong> anche Nicola Mauri, Chief Investment Officer: \u201c<em>Le\u00a0Fondazioni che ancora non applicano alcuna strategia di investimento sostenibile potrebbero avvicinarcisi cominciando a considerare nelle loro politiche dei valori universali di riferimento che possano includere anche aspetti ambientali, sociali e di governance<\/em> \u2013 ha dichiarato \u2013 <em>\u00c8 evidente, per\u00f2, per attivare questo cambiamento importante il mercato e la finanza hanno bisogno del sostegno dei governi, necessari per la transizione<\/em>\u201d.<\/p>\n","protected":false},"excerpt":{"rendered":"<p>I risultati dell\u2019indagine sono stati presentati dal Forum per la Finanza Sostenibile in occasione delle Settimane SRI. Lorenzo Vangelisti: \u201cSostenibilit\u00e0 fondamentale per ottimizzazione e solidit\u00e0 dei portafogli\u201d. Lorenzo Vangelisti: i risultati della ricerca ItaSIF su investimenti sostenibili e Fondazioni Bancarie I criteri ESG risultano ormai centrali nelle scelte di investimento delle Fondazioni di origine bancaria. \u00c8 quanto emerge dalla ricerca condotta dal Forum per la Finanza Sostenibile e presentata dall\u2019associazione<\/p>\n<p><a class=\"continue-reading\" href=\"https:\/\/www.article-marketing.eu\/comunicatistampa\/itasif-nuovo-studio-su-esg-e-fondazioni-bancarie-le-dichiarazioni-di-lorenzo-vangelisti-valeur-group\/\">Continue reading&#8230;<\/a><\/p>\n","protected":false},"author":6477,"featured_media":0,"comment_status":"open","ping_status":"open","sticky":false,"template":"","format":"standard","meta":{"_monsterinsights_skip_tracking":false,"_monsterinsights_sitenote_active":false,"_monsterinsights_sitenote_note":"","_monsterinsights_sitenote_category":0,"footnotes":""},"categories":[386],"tags":[10035,10036],"class_list":["post-26152","post","type-post","status-publish","format-standard","hentry","category-economia-e-lavoro","tag-lorenzo-vangelisti","tag-valeur-group"],"yoast_head":"<!-- This site is optimized with the Yoast SEO plugin v27.3 - https:\/\/yoast.com\/product\/yoast-seo-wordpress\/ -->\n<title>ItaSIF, nuovo studio su ESG e Fondazioni Bancarie: le dichiarazioni di Lorenzo Vangelisti (Valeur Group)<\/title>\n<meta name=\"robots\" content=\"index, follow, max-snippet:-1, max-image-preview:large, max-video-preview:-1\" \/>\n<link rel=\"canonical\" href=\"https:\/\/www.article-marketing.eu\/comunicatistampa\/itasif-nuovo-studio-su-esg-e-fondazioni-bancarie-le-dichiarazioni-di-lorenzo-vangelisti-valeur-group\/\" \/>\n<meta property=\"og:locale\" content=\"it_IT\" \/>\n<meta property=\"og:type\" content=\"article\" \/>\n<meta property=\"og:title\" content=\"ItaSIF, nuovo studio su ESG e Fondazioni Bancarie: le dichiarazioni di Lorenzo Vangelisti (Valeur Group)\" \/>\n<meta property=\"og:description\" content=\"I risultati dell\u2019indagine sono stati presentati dal Forum per la Finanza Sostenibile in occasione delle Settimane SRI. Lorenzo Vangelisti: \u201cSostenibilit\u00e0 fondamentale per ottimizzazione e solidit\u00e0 dei portafogli\u201d. Lorenzo Vangelisti: i risultati della ricerca ItaSIF su investimenti sostenibili e Fondazioni Bancarie I criteri ESG risultano ormai centrali nelle scelte di investimento delle Fondazioni di origine bancaria. \u00c8 quanto emerge dalla ricerca condotta dal Forum per la Finanza Sostenibile e presentata dall\u2019associazioneContinue reading...\" \/>\n<meta property=\"og:url\" content=\"https:\/\/www.article-marketing.eu\/comunicatistampa\/itasif-nuovo-studio-su-esg-e-fondazioni-bancarie-le-dichiarazioni-di-lorenzo-vangelisti-valeur-group\/\" \/>\n<meta property=\"og:site_name\" content=\"Article Marketing\" \/>\n<meta property=\"article:published_time\" content=\"2023-03-09T12:37:14+00:00\" \/>\n<meta property=\"og:image\" content=\"https:\/\/www.topmanagers.it\/SharingFolder\/TopManager\/it\/ManagerProfilePhoto\/Photo\/lorenzo-vangelisti-topmanagers.jpg\" \/>\n<meta name=\"author\" content=\"articolinews\" \/>\n<meta name=\"twitter:card\" content=\"summary_large_image\" \/>\n<meta name=\"twitter:label1\" content=\"Scritto da\" \/>\n\t<meta name=\"twitter:data1\" content=\"articolinews\" \/>\n\t<meta name=\"twitter:label2\" content=\"Tempo di lettura stimato\" \/>\n\t<meta name=\"twitter:data2\" content=\"3 minuti\" \/>\n<script type=\"application\/ld+json\" class=\"yoast-schema-graph\">{\"@context\":\"https:\\\/\\\/schema.org\",\"@graph\":[{\"@type\":\"Article\",\"@id\":\"https:\\\/\\\/www.article-marketing.eu\\\/comunicatistampa\\\/itasif-nuovo-studio-su-esg-e-fondazioni-bancarie-le-dichiarazioni-di-lorenzo-vangelisti-valeur-group\\\/#article\",\"isPartOf\":{\"@id\":\"https:\\\/\\\/www.article-marketing.eu\\\/comunicatistampa\\\/itasif-nuovo-studio-su-esg-e-fondazioni-bancarie-le-dichiarazioni-di-lorenzo-vangelisti-valeur-group\\\/\"},\"author\":{\"name\":\"articolinews\",\"@id\":\"https:\\\/\\\/www.article-marketing.eu\\\/comunicatistampa\\\/#\\\/schema\\\/person\\\/2fcaf8f8f3a9eef9eb7f27532d3ca458\"},\"headline\":\"ItaSIF, nuovo studio su ESG e Fondazioni Bancarie: le dichiarazioni di Lorenzo Vangelisti (Valeur Group)\",\"datePublished\":\"2023-03-09T12:37:14+00:00\",\"mainEntityOfPage\":{\"@id\":\"https:\\\/\\\/www.article-marketing.eu\\\/comunicatistampa\\\/itasif-nuovo-studio-su-esg-e-fondazioni-bancarie-le-dichiarazioni-di-lorenzo-vangelisti-valeur-group\\\/\"},\"wordCount\":427,\"commentCount\":0,\"image\":{\"@id\":\"https:\\\/\\\/www.article-marketing.eu\\\/comunicatistampa\\\/itasif-nuovo-studio-su-esg-e-fondazioni-bancarie-le-dichiarazioni-di-lorenzo-vangelisti-valeur-group\\\/#primaryimage\"},\"thumbnailUrl\":\"https:\\\/\\\/www.topmanagers.it\\\/SharingFolder\\\/TopManager\\\/it\\\/ManagerProfilePhoto\\\/Photo\\\/lorenzo-vangelisti-topmanagers.jpg\",\"keywords\":[\"Lorenzo Vangelisti\",\"Valeur Group\"],\"articleSection\":[\"Economia e lavoro\"],\"inLanguage\":\"it-IT\",\"potentialAction\":[{\"@type\":\"CommentAction\",\"name\":\"Comment\",\"target\":[\"https:\\\/\\\/www.article-marketing.eu\\\/comunicatistampa\\\/itasif-nuovo-studio-su-esg-e-fondazioni-bancarie-le-dichiarazioni-di-lorenzo-vangelisti-valeur-group\\\/#respond\"]}]},{\"@type\":\"WebPage\",\"@id\":\"https:\\\/\\\/www.article-marketing.eu\\\/comunicatistampa\\\/itasif-nuovo-studio-su-esg-e-fondazioni-bancarie-le-dichiarazioni-di-lorenzo-vangelisti-valeur-group\\\/\",\"url\":\"https:\\\/\\\/www.article-marketing.eu\\\/comunicatistampa\\\/itasif-nuovo-studio-su-esg-e-fondazioni-bancarie-le-dichiarazioni-di-lorenzo-vangelisti-valeur-group\\\/\",\"name\":\"ItaSIF, nuovo studio su ESG e Fondazioni Bancarie: le dichiarazioni di Lorenzo Vangelisti (Valeur Group)\",\"isPartOf\":{\"@id\":\"https:\\\/\\\/www.article-marketing.eu\\\/comunicatistampa\\\/#website\"},\"primaryImageOfPage\":{\"@id\":\"https:\\\/\\\/www.article-marketing.eu\\\/comunicatistampa\\\/itasif-nuovo-studio-su-esg-e-fondazioni-bancarie-le-dichiarazioni-di-lorenzo-vangelisti-valeur-group\\\/#primaryimage\"},\"image\":{\"@id\":\"https:\\\/\\\/www.article-marketing.eu\\\/comunicatistampa\\\/itasif-nuovo-studio-su-esg-e-fondazioni-bancarie-le-dichiarazioni-di-lorenzo-vangelisti-valeur-group\\\/#primaryimage\"},\"thumbnailUrl\":\"https:\\\/\\\/www.topmanagers.it\\\/SharingFolder\\\/TopManager\\\/it\\\/ManagerProfilePhoto\\\/Photo\\\/lorenzo-vangelisti-topmanagers.jpg\",\"datePublished\":\"2023-03-09T12:37:14+00:00\",\"author\":{\"@id\":\"https:\\\/\\\/www.article-marketing.eu\\\/comunicatistampa\\\/#\\\/schema\\\/person\\\/2fcaf8f8f3a9eef9eb7f27532d3ca458\"},\"breadcrumb\":{\"@id\":\"https:\\\/\\\/www.article-marketing.eu\\\/comunicatistampa\\\/itasif-nuovo-studio-su-esg-e-fondazioni-bancarie-le-dichiarazioni-di-lorenzo-vangelisti-valeur-group\\\/#breadcrumb\"},\"inLanguage\":\"it-IT\",\"potentialAction\":[{\"@type\":\"ReadAction\",\"target\":[\"https:\\\/\\\/www.article-marketing.eu\\\/comunicatistampa\\\/itasif-nuovo-studio-su-esg-e-fondazioni-bancarie-le-dichiarazioni-di-lorenzo-vangelisti-valeur-group\\\/\"]}]},{\"@type\":\"ImageObject\",\"inLanguage\":\"it-IT\",\"@id\":\"https:\\\/\\\/www.article-marketing.eu\\\/comunicatistampa\\\/itasif-nuovo-studio-su-esg-e-fondazioni-bancarie-le-dichiarazioni-di-lorenzo-vangelisti-valeur-group\\\/#primaryimage\",\"url\":\"https:\\\/\\\/www.topmanagers.it\\\/SharingFolder\\\/TopManager\\\/it\\\/ManagerProfilePhoto\\\/Photo\\\/lorenzo-vangelisti-topmanagers.jpg\",\"contentUrl\":\"https:\\\/\\\/www.topmanagers.it\\\/SharingFolder\\\/TopManager\\\/it\\\/ManagerProfilePhoto\\\/Photo\\\/lorenzo-vangelisti-topmanagers.jpg\"},{\"@type\":\"BreadcrumbList\",\"@id\":\"https:\\\/\\\/www.article-marketing.eu\\\/comunicatistampa\\\/itasif-nuovo-studio-su-esg-e-fondazioni-bancarie-le-dichiarazioni-di-lorenzo-vangelisti-valeur-group\\\/#breadcrumb\",\"itemListElement\":[{\"@type\":\"ListItem\",\"position\":1,\"name\":\"Home\",\"item\":\"https:\\\/\\\/www.article-marketing.eu\\\/comunicatistampa\\\/\"},{\"@type\":\"ListItem\",\"position\":2,\"name\":\"ItaSIF, nuovo studio su ESG e Fondazioni Bancarie: le dichiarazioni di Lorenzo Vangelisti (Valeur Group)\"}]},{\"@type\":\"WebSite\",\"@id\":\"https:\\\/\\\/www.article-marketing.eu\\\/comunicatistampa\\\/#website\",\"url\":\"https:\\\/\\\/www.article-marketing.eu\\\/comunicatistampa\\\/\",\"name\":\"Article Marketing\",\"description\":\"article marketing &amp; press release\",\"potentialAction\":[{\"@type\":\"SearchAction\",\"target\":{\"@type\":\"EntryPoint\",\"urlTemplate\":\"https:\\\/\\\/www.article-marketing.eu\\\/comunicatistampa\\\/?s={search_term_string}\"},\"query-input\":{\"@type\":\"PropertyValueSpecification\",\"valueRequired\":true,\"valueName\":\"search_term_string\"}}],\"inLanguage\":\"it-IT\"},{\"@type\":\"Person\",\"@id\":\"https:\\\/\\\/www.article-marketing.eu\\\/comunicatistampa\\\/#\\\/schema\\\/person\\\/2fcaf8f8f3a9eef9eb7f27532d3ca458\",\"name\":\"articolinews\",\"image\":{\"@type\":\"ImageObject\",\"inLanguage\":\"it-IT\",\"@id\":\"https:\\\/\\\/secure.gravatar.com\\\/avatar\\\/9e2a264bab04e17dea24d937c9956304649a848cb73c46747a692ff1bdeb1cb7?s=96&d=mm&r=g\",\"url\":\"https:\\\/\\\/secure.gravatar.com\\\/avatar\\\/9e2a264bab04e17dea24d937c9956304649a848cb73c46747a692ff1bdeb1cb7?s=96&d=mm&r=g\",\"contentUrl\":\"https:\\\/\\\/secure.gravatar.com\\\/avatar\\\/9e2a264bab04e17dea24d937c9956304649a848cb73c46747a692ff1bdeb1cb7?s=96&d=mm&r=g\",\"caption\":\"articolinews\"},\"url\":\"https:\\\/\\\/www.article-marketing.eu\\\/comunicatistampa\\\/author\\\/articolinews\\\/\"}]}<\/script>\n<!-- \/ Yoast SEO plugin. -->","yoast_head_json":{"title":"ItaSIF, nuovo studio su ESG e Fondazioni Bancarie: le dichiarazioni di Lorenzo Vangelisti (Valeur Group)","robots":{"index":"index","follow":"follow","max-snippet":"max-snippet:-1","max-image-preview":"max-image-preview:large","max-video-preview":"max-video-preview:-1"},"canonical":"https:\/\/www.article-marketing.eu\/comunicatistampa\/itasif-nuovo-studio-su-esg-e-fondazioni-bancarie-le-dichiarazioni-di-lorenzo-vangelisti-valeur-group\/","og_locale":"it_IT","og_type":"article","og_title":"ItaSIF, nuovo studio su ESG e Fondazioni Bancarie: le dichiarazioni di Lorenzo Vangelisti (Valeur Group)","og_description":"I risultati dell\u2019indagine sono stati presentati dal Forum per la Finanza Sostenibile in occasione delle Settimane SRI. Lorenzo Vangelisti: \u201cSostenibilit\u00e0 fondamentale per ottimizzazione e solidit\u00e0 dei portafogli\u201d. Lorenzo Vangelisti: i risultati della ricerca ItaSIF su investimenti sostenibili e Fondazioni Bancarie I criteri ESG risultano ormai centrali nelle scelte di investimento delle Fondazioni di origine bancaria. \u00c8 quanto emerge dalla ricerca condotta dal Forum per la Finanza Sostenibile e presentata dall\u2019associazioneContinue reading...","og_url":"https:\/\/www.article-marketing.eu\/comunicatistampa\/itasif-nuovo-studio-su-esg-e-fondazioni-bancarie-le-dichiarazioni-di-lorenzo-vangelisti-valeur-group\/","og_site_name":"Article Marketing","article_published_time":"2023-03-09T12:37:14+00:00","og_image":[{"url":"https:\/\/www.topmanagers.it\/SharingFolder\/TopManager\/it\/ManagerProfilePhoto\/Photo\/lorenzo-vangelisti-topmanagers.jpg","type":"","width":"","height":""}],"author":"articolinews","twitter_card":"summary_large_image","twitter_misc":{"Scritto da":"articolinews","Tempo di lettura stimato":"3 minuti"},"schema":{"@context":"https:\/\/schema.org","@graph":[{"@type":"Article","@id":"https:\/\/www.article-marketing.eu\/comunicatistampa\/itasif-nuovo-studio-su-esg-e-fondazioni-bancarie-le-dichiarazioni-di-lorenzo-vangelisti-valeur-group\/#article","isPartOf":{"@id":"https:\/\/www.article-marketing.eu\/comunicatistampa\/itasif-nuovo-studio-su-esg-e-fondazioni-bancarie-le-dichiarazioni-di-lorenzo-vangelisti-valeur-group\/"},"author":{"name":"articolinews","@id":"https:\/\/www.article-marketing.eu\/comunicatistampa\/#\/schema\/person\/2fcaf8f8f3a9eef9eb7f27532d3ca458"},"headline":"ItaSIF, nuovo studio su ESG e Fondazioni Bancarie: le dichiarazioni di Lorenzo Vangelisti (Valeur Group)","datePublished":"2023-03-09T12:37:14+00:00","mainEntityOfPage":{"@id":"https:\/\/www.article-marketing.eu\/comunicatistampa\/itasif-nuovo-studio-su-esg-e-fondazioni-bancarie-le-dichiarazioni-di-lorenzo-vangelisti-valeur-group\/"},"wordCount":427,"commentCount":0,"image":{"@id":"https:\/\/www.article-marketing.eu\/comunicatistampa\/itasif-nuovo-studio-su-esg-e-fondazioni-bancarie-le-dichiarazioni-di-lorenzo-vangelisti-valeur-group\/#primaryimage"},"thumbnailUrl":"https:\/\/www.topmanagers.it\/SharingFolder\/TopManager\/it\/ManagerProfilePhoto\/Photo\/lorenzo-vangelisti-topmanagers.jpg","keywords":["Lorenzo Vangelisti","Valeur Group"],"articleSection":["Economia e lavoro"],"inLanguage":"it-IT","potentialAction":[{"@type":"CommentAction","name":"Comment","target":["https:\/\/www.article-marketing.eu\/comunicatistampa\/itasif-nuovo-studio-su-esg-e-fondazioni-bancarie-le-dichiarazioni-di-lorenzo-vangelisti-valeur-group\/#respond"]}]},{"@type":"WebPage","@id":"https:\/\/www.article-marketing.eu\/comunicatistampa\/itasif-nuovo-studio-su-esg-e-fondazioni-bancarie-le-dichiarazioni-di-lorenzo-vangelisti-valeur-group\/","url":"https:\/\/www.article-marketing.eu\/comunicatistampa\/itasif-nuovo-studio-su-esg-e-fondazioni-bancarie-le-dichiarazioni-di-lorenzo-vangelisti-valeur-group\/","name":"ItaSIF, nuovo studio su ESG e Fondazioni Bancarie: le dichiarazioni di Lorenzo Vangelisti (Valeur Group)","isPartOf":{"@id":"https:\/\/www.article-marketing.eu\/comunicatistampa\/#website"},"primaryImageOfPage":{"@id":"https:\/\/www.article-marketing.eu\/comunicatistampa\/itasif-nuovo-studio-su-esg-e-fondazioni-bancarie-le-dichiarazioni-di-lorenzo-vangelisti-valeur-group\/#primaryimage"},"image":{"@id":"https:\/\/www.article-marketing.eu\/comunicatistampa\/itasif-nuovo-studio-su-esg-e-fondazioni-bancarie-le-dichiarazioni-di-lorenzo-vangelisti-valeur-group\/#primaryimage"},"thumbnailUrl":"https:\/\/www.topmanagers.it\/SharingFolder\/TopManager\/it\/ManagerProfilePhoto\/Photo\/lorenzo-vangelisti-topmanagers.jpg","datePublished":"2023-03-09T12:37:14+00:00","author":{"@id":"https:\/\/www.article-marketing.eu\/comunicatistampa\/#\/schema\/person\/2fcaf8f8f3a9eef9eb7f27532d3ca458"},"breadcrumb":{"@id":"https:\/\/www.article-marketing.eu\/comunicatistampa\/itasif-nuovo-studio-su-esg-e-fondazioni-bancarie-le-dichiarazioni-di-lorenzo-vangelisti-valeur-group\/#breadcrumb"},"inLanguage":"it-IT","potentialAction":[{"@type":"ReadAction","target":["https:\/\/www.article-marketing.eu\/comunicatistampa\/itasif-nuovo-studio-su-esg-e-fondazioni-bancarie-le-dichiarazioni-di-lorenzo-vangelisti-valeur-group\/"]}]},{"@type":"ImageObject","inLanguage":"it-IT","@id":"https:\/\/www.article-marketing.eu\/comunicatistampa\/itasif-nuovo-studio-su-esg-e-fondazioni-bancarie-le-dichiarazioni-di-lorenzo-vangelisti-valeur-group\/#primaryimage","url":"https:\/\/www.topmanagers.it\/SharingFolder\/TopManager\/it\/ManagerProfilePhoto\/Photo\/lorenzo-vangelisti-topmanagers.jpg","contentUrl":"https:\/\/www.topmanagers.it\/SharingFolder\/TopManager\/it\/ManagerProfilePhoto\/Photo\/lorenzo-vangelisti-topmanagers.jpg"},{"@type":"BreadcrumbList","@id":"https:\/\/www.article-marketing.eu\/comunicatistampa\/itasif-nuovo-studio-su-esg-e-fondazioni-bancarie-le-dichiarazioni-di-lorenzo-vangelisti-valeur-group\/#breadcrumb","itemListElement":[{"@type":"ListItem","position":1,"name":"Home","item":"https:\/\/www.article-marketing.eu\/comunicatistampa\/"},{"@type":"ListItem","position":2,"name":"ItaSIF, nuovo studio su ESG e Fondazioni Bancarie: le dichiarazioni di Lorenzo Vangelisti (Valeur Group)"}]},{"@type":"WebSite","@id":"https:\/\/www.article-marketing.eu\/comunicatistampa\/#website","url":"https:\/\/www.article-marketing.eu\/comunicatistampa\/","name":"Article Marketing","description":"article marketing &amp; press release","potentialAction":[{"@type":"SearchAction","target":{"@type":"EntryPoint","urlTemplate":"https:\/\/www.article-marketing.eu\/comunicatistampa\/?s={search_term_string}"},"query-input":{"@type":"PropertyValueSpecification","valueRequired":true,"valueName":"search_term_string"}}],"inLanguage":"it-IT"},{"@type":"Person","@id":"https:\/\/www.article-marketing.eu\/comunicatistampa\/#\/schema\/person\/2fcaf8f8f3a9eef9eb7f27532d3ca458","name":"articolinews","image":{"@type":"ImageObject","inLanguage":"it-IT","@id":"https:\/\/secure.gravatar.com\/avatar\/9e2a264bab04e17dea24d937c9956304649a848cb73c46747a692ff1bdeb1cb7?s=96&d=mm&r=g","url":"https:\/\/secure.gravatar.com\/avatar\/9e2a264bab04e17dea24d937c9956304649a848cb73c46747a692ff1bdeb1cb7?s=96&d=mm&r=g","contentUrl":"https:\/\/secure.gravatar.com\/avatar\/9e2a264bab04e17dea24d937c9956304649a848cb73c46747a692ff1bdeb1cb7?s=96&d=mm&r=g","caption":"articolinews"},"url":"https:\/\/www.article-marketing.eu\/comunicatistampa\/author\/articolinews\/"}]}},"_links":{"self":[{"href":"https:\/\/www.article-marketing.eu\/comunicatistampa\/wp-json\/wp\/v2\/posts\/26152","targetHints":{"allow":["GET"]}}],"collection":[{"href":"https:\/\/www.article-marketing.eu\/comunicatistampa\/wp-json\/wp\/v2\/posts"}],"about":[{"href":"https:\/\/www.article-marketing.eu\/comunicatistampa\/wp-json\/wp\/v2\/types\/post"}],"author":[{"embeddable":true,"href":"https:\/\/www.article-marketing.eu\/comunicatistampa\/wp-json\/wp\/v2\/users\/6477"}],"replies":[{"embeddable":true,"href":"https:\/\/www.article-marketing.eu\/comunicatistampa\/wp-json\/wp\/v2\/comments?post=26152"}],"version-history":[{"count":2,"href":"https:\/\/www.article-marketing.eu\/comunicatistampa\/wp-json\/wp\/v2\/posts\/26152\/revisions"}],"predecessor-version":[{"id":26553,"href":"https:\/\/www.article-marketing.eu\/comunicatistampa\/wp-json\/wp\/v2\/posts\/26152\/revisions\/26553"}],"wp:attachment":[{"href":"https:\/\/www.article-marketing.eu\/comunicatistampa\/wp-json\/wp\/v2\/media?parent=26152"}],"wp:term":[{"taxonomy":"category","embeddable":true,"href":"https:\/\/www.article-marketing.eu\/comunicatistampa\/wp-json\/wp\/v2\/categories?post=26152"},{"taxonomy":"post_tag","embeddable":true,"href":"https:\/\/www.article-marketing.eu\/comunicatistampa\/wp-json\/wp\/v2\/tags?post=26152"}],"curies":[{"name":"wp","href":"https:\/\/api.w.org\/{rel}","templated":true}]}}