{"id":26165,"date":"2023-01-31T08:13:13","date_gmt":"2023-01-31T07:13:13","guid":{"rendered":"https:\/\/www.article-marketing.eu\/comunicatistampa\/?p=26165"},"modified":"2023-01-31T08:13:13","modified_gmt":"2023-01-31T07:13:13","slug":"il-percorso-di-marco-domizio-fino-alla-fondazione-di-ares-ambiente","status":"publish","type":"post","link":"https:\/\/www.article-marketing.eu\/comunicatistampa\/il-percorso-di-marco-domizio-fino-alla-fondazione-di-ares-ambiente\/","title":{"rendered":"Il percorso di Marco Domizio fino alla fondazione di Ares Ambiente"},"content":{"rendered":"<p><em><strong><a title=\"Marco Domizio founder di Ares Ambiente, parla del modus operandi dell'azienda\" href=\"https:\/\/www.comunicatostampa.org\/86599978\/marco-domizio-ares-ambiente-il-modus-operandi-dellazienda\/\">Marco Nicola Domizio<\/a> \u00e8 il fondatore della societ\u00e0 attiva nel settore dell\u2019intermediazione dei rifiuti e nella gestione di impianti autorizzati Ares Ambiente, che ha sede a Treviolo, in provincia di Bergamo.<\/strong><\/em><\/p>\n<p><a title=\"Marco Domizio founder di Ares Ambiente\" href=\"https:\/\/www.comunicatostampa.org\/86599978\/marco-domizio-ares-ambiente-il-modus-operandi-dellazienda\/\"><img loading=\"lazy\" decoding=\"async\" src=\"https:\/\/www.professionistieaziende.it\/marco_domizio\/marco_domizio.jpg\" alt=\"Marco Domizio\" width=\"200\" height=\"267\" \/><\/a><\/p>\n<h2>Marco Domizio: il percorso professionale del Founder di Ares Ambiente<\/h2>\n<p><a title=\"Marco Domizio, fondatore di Ares Ambiente focus di Comunicati Stampa \" href=\"https:\/\/www.comunicatostampa.org\/86599978\/marco-domizio-ares-ambiente-il-modus-operandi-dellazienda\/\">Marco Domizio<\/a>, fondatore di <strong>Ares Ambiente<\/strong>, \u00e8 entrato nel mondo dell\u2019intermediazione dei rifiuti da giovanissimo, iniziando a lavorare presso un\u2019azienda lombarda attiva nel settore, poco dopo aver conseguito il diploma. Nel corso della carriera \u00e8 riuscito a specializzarsi, arrivando ad occuparsi anche di procedure e gare di appalto. Ha operato in qualit\u00e0 di Responsabile Commerciale in diverse realt\u00e0 del territorio, apportando un grande contribuito nell\u2019estensione del portfolio clienti. \u00c8 stato coordinatore di alcuni progetti di rilievo, tra cui la realizzazione di un impianto di compostaggio in provincia di Bergamo e l\u2019installazione di sette impianti di trito-vagliatura in Campania. Ricoprendo ruoli di responsabilit\u00e0, <strong>Marco Nicola Domizio<\/strong> si \u00e8 occupato inoltre della gestione di una cava di estrazione di minerali naturali e di attivit\u00e0 di trasporto transfrontaliero di rifiuti.<\/p>\n<h2>Marco Nicola Domizio: l\u2019idea che ha portato alla nascita di Ares Ambiente<\/h2>\n<p>Nel 2008, concluse le attivit\u00e0 di collaborazione con due realt\u00e0 attive in ambito ambientale, <strong>Marco Domizio<\/strong> decide di intraprendere la strada dell\u2019imprenditoria e fonda <strong>Ares Ambiente<\/strong>. La societ\u00e0, che nasce come elemento di congiunzione tra i principali soggetti del ciclo di gestione del rifiuto, mette da subito in luce le sue capacit\u00e0 imprenditoriali. Dal principio, il fondatore imprime all\u2019organizzazione valori di grande rilevanza quali la correttezza, la lealt\u00e0, l\u2019integrit\u00e0 e la trasparenza. Su questi basa l\u2019attivit\u00e0 dell\u2019azienda, all\u2019interno della quale vige un Codice Etico finalizzato ad un\u2019efficace politica di prevenzione del rischio-reato e al buon funzionamento, all\u2019affidabilit\u00e0 e alla reputazione della societ\u00e0.<\/p>\n","protected":false},"excerpt":{"rendered":"<p>Marco Nicola Domizio \u00e8 il fondatore della societ\u00e0 attiva nel settore dell\u2019intermediazione dei rifiuti e nella gestione di impianti autorizzati Ares Ambiente, che ha sede a Treviolo, in provincia di Bergamo. Marco Domizio: il percorso professionale del Founder di Ares Ambiente Marco Domizio, fondatore di Ares Ambiente, \u00e8 entrato nel mondo dell\u2019intermediazione dei rifiuti da giovanissimo, iniziando a lavorare presso un\u2019azienda lombarda attiva nel settore, poco dopo aver conseguito il<\/p>\n<p><a class=\"continue-reading\" href=\"https:\/\/www.article-marketing.eu\/comunicatistampa\/il-percorso-di-marco-domizio-fino-alla-fondazione-di-ares-ambiente\/\">Continue reading&#8230;<\/a><\/p>\n","protected":false},"author":6477,"featured_media":0,"comment_status":"open","ping_status":"open","sticky":false,"template":"","format":"standard","meta":{"_monsterinsights_skip_tracking":false,"_monsterinsights_sitenote_active":false,"_monsterinsights_sitenote_note":"","_monsterinsights_sitenote_category":0,"footnotes":""},"categories":[78],"tags":[9620],"class_list":["post-26165","post","type-post","status-publish","format-standard","hentry","category-comunicati-stampa","tag-marco-domizio"],"yoast_head":"<!-- This site is optimized with the Yoast SEO plugin v27.3 - https:\/\/yoast.com\/product\/yoast-seo-wordpress\/ -->\n<title>Il percorso di Marco Domizio fino alla fondazione di Ares Ambiente<\/title>\n<meta name=\"robots\" content=\"index, follow, max-snippet:-1, max-image-preview:large, max-video-preview:-1\" \/>\n<link rel=\"canonical\" href=\"https:\/\/www.article-marketing.eu\/comunicatistampa\/il-percorso-di-marco-domizio-fino-alla-fondazione-di-ares-ambiente\/\" \/>\n<meta property=\"og:locale\" content=\"it_IT\" \/>\n<meta property=\"og:type\" content=\"article\" \/>\n<meta property=\"og:title\" content=\"Il percorso di Marco Domizio fino alla fondazione di Ares Ambiente\" \/>\n<meta property=\"og:description\" content=\"Marco Nicola Domizio \u00e8 il fondatore della societ\u00e0 attiva nel settore dell\u2019intermediazione dei rifiuti e nella gestione di impianti autorizzati Ares Ambiente, che ha sede a Treviolo, in provincia di Bergamo. Marco Domizio: il percorso professionale del Founder di Ares Ambiente Marco Domizio, fondatore di Ares Ambiente, \u00e8 entrato nel mondo dell\u2019intermediazione dei rifiuti da giovanissimo, iniziando a lavorare presso un\u2019azienda lombarda attiva nel settore, poco dopo aver conseguito ilContinue reading...\" \/>\n<meta property=\"og:url\" content=\"https:\/\/www.article-marketing.eu\/comunicatistampa\/il-percorso-di-marco-domizio-fino-alla-fondazione-di-ares-ambiente\/\" \/>\n<meta property=\"og:site_name\" content=\"Article Marketing\" \/>\n<meta property=\"article:published_time\" content=\"2023-01-31T07:13:13+00:00\" \/>\n<meta property=\"og:image\" content=\"https:\/\/www.professionistieaziende.it\/marco_domizio\/marco_domizio.jpg\" \/>\n<meta name=\"author\" content=\"articolinews\" \/>\n<meta name=\"twitter:card\" content=\"summary_large_image\" \/>\n<meta name=\"twitter:label1\" content=\"Scritto da\" \/>\n\t<meta name=\"twitter:data1\" content=\"articolinews\" \/>\n\t<meta name=\"twitter:label2\" content=\"Tempo di lettura stimato\" \/>\n\t<meta name=\"twitter:data2\" content=\"2 minuti\" \/>\n<script type=\"application\/ld+json\" class=\"yoast-schema-graph\">{\"@context\":\"https:\\\/\\\/schema.org\",\"@graph\":[{\"@type\":\"Article\",\"@id\":\"https:\\\/\\\/www.article-marketing.eu\\\/comunicatistampa\\\/il-percorso-di-marco-domizio-fino-alla-fondazione-di-ares-ambiente\\\/#article\",\"isPartOf\":{\"@id\":\"https:\\\/\\\/www.article-marketing.eu\\\/comunicatistampa\\\/il-percorso-di-marco-domizio-fino-alla-fondazione-di-ares-ambiente\\\/\"},\"author\":{\"name\":\"articolinews\",\"@id\":\"https:\\\/\\\/www.article-marketing.eu\\\/comunicatistampa\\\/#\\\/schema\\\/person\\\/2fcaf8f8f3a9eef9eb7f27532d3ca458\"},\"headline\":\"Il percorso di Marco Domizio fino alla fondazione di Ares Ambiente\",\"datePublished\":\"2023-01-31T07:13:13+00:00\",\"mainEntityOfPage\":{\"@id\":\"https:\\\/\\\/www.article-marketing.eu\\\/comunicatistampa\\\/il-percorso-di-marco-domizio-fino-alla-fondazione-di-ares-ambiente\\\/\"},\"wordCount\":301,\"commentCount\":0,\"image\":{\"@id\":\"https:\\\/\\\/www.article-marketing.eu\\\/comunicatistampa\\\/il-percorso-di-marco-domizio-fino-alla-fondazione-di-ares-ambiente\\\/#primaryimage\"},\"thumbnailUrl\":\"https:\\\/\\\/www.professionistieaziende.it\\\/marco_domizio\\\/marco_domizio.jpg\",\"keywords\":[\"Marco Domizio\"],\"articleSection\":[\"Comunicati stampa\"],\"inLanguage\":\"it-IT\",\"potentialAction\":[{\"@type\":\"CommentAction\",\"name\":\"Comment\",\"target\":[\"https:\\\/\\\/www.article-marketing.eu\\\/comunicatistampa\\\/il-percorso-di-marco-domizio-fino-alla-fondazione-di-ares-ambiente\\\/#respond\"]}]},{\"@type\":\"WebPage\",\"@id\":\"https:\\\/\\\/www.article-marketing.eu\\\/comunicatistampa\\\/il-percorso-di-marco-domizio-fino-alla-fondazione-di-ares-ambiente\\\/\",\"url\":\"https:\\\/\\\/www.article-marketing.eu\\\/comunicatistampa\\\/il-percorso-di-marco-domizio-fino-alla-fondazione-di-ares-ambiente\\\/\",\"name\":\"Il percorso di Marco Domizio fino alla fondazione di Ares Ambiente\",\"isPartOf\":{\"@id\":\"https:\\\/\\\/www.article-marketing.eu\\\/comunicatistampa\\\/#website\"},\"primaryImageOfPage\":{\"@id\":\"https:\\\/\\\/www.article-marketing.eu\\\/comunicatistampa\\\/il-percorso-di-marco-domizio-fino-alla-fondazione-di-ares-ambiente\\\/#primaryimage\"},\"image\":{\"@id\":\"https:\\\/\\\/www.article-marketing.eu\\\/comunicatistampa\\\/il-percorso-di-marco-domizio-fino-alla-fondazione-di-ares-ambiente\\\/#primaryimage\"},\"thumbnailUrl\":\"https:\\\/\\\/www.professionistieaziende.it\\\/marco_domizio\\\/marco_domizio.jpg\",\"datePublished\":\"2023-01-31T07:13:13+00:00\",\"author\":{\"@id\":\"https:\\\/\\\/www.article-marketing.eu\\\/comunicatistampa\\\/#\\\/schema\\\/person\\\/2fcaf8f8f3a9eef9eb7f27532d3ca458\"},\"breadcrumb\":{\"@id\":\"https:\\\/\\\/www.article-marketing.eu\\\/comunicatistampa\\\/il-percorso-di-marco-domizio-fino-alla-fondazione-di-ares-ambiente\\\/#breadcrumb\"},\"inLanguage\":\"it-IT\",\"potentialAction\":[{\"@type\":\"ReadAction\",\"target\":[\"https:\\\/\\\/www.article-marketing.eu\\\/comunicatistampa\\\/il-percorso-di-marco-domizio-fino-alla-fondazione-di-ares-ambiente\\\/\"]}]},{\"@type\":\"ImageObject\",\"inLanguage\":\"it-IT\",\"@id\":\"https:\\\/\\\/www.article-marketing.eu\\\/comunicatistampa\\\/il-percorso-di-marco-domizio-fino-alla-fondazione-di-ares-ambiente\\\/#primaryimage\",\"url\":\"https:\\\/\\\/www.professionistieaziende.it\\\/marco_domizio\\\/marco_domizio.jpg\",\"contentUrl\":\"https:\\\/\\\/www.professionistieaziende.it\\\/marco_domizio\\\/marco_domizio.jpg\"},{\"@type\":\"BreadcrumbList\",\"@id\":\"https:\\\/\\\/www.article-marketing.eu\\\/comunicatistampa\\\/il-percorso-di-marco-domizio-fino-alla-fondazione-di-ares-ambiente\\\/#breadcrumb\",\"itemListElement\":[{\"@type\":\"ListItem\",\"position\":1,\"name\":\"Home\",\"item\":\"https:\\\/\\\/www.article-marketing.eu\\\/comunicatistampa\\\/\"},{\"@type\":\"ListItem\",\"position\":2,\"name\":\"Il percorso di Marco Domizio fino alla fondazione di Ares Ambiente\"}]},{\"@type\":\"WebSite\",\"@id\":\"https:\\\/\\\/www.article-marketing.eu\\\/comunicatistampa\\\/#website\",\"url\":\"https:\\\/\\\/www.article-marketing.eu\\\/comunicatistampa\\\/\",\"name\":\"Article Marketing\",\"description\":\"article marketing &amp; press release\",\"potentialAction\":[{\"@type\":\"SearchAction\",\"target\":{\"@type\":\"EntryPoint\",\"urlTemplate\":\"https:\\\/\\\/www.article-marketing.eu\\\/comunicatistampa\\\/?s={search_term_string}\"},\"query-input\":{\"@type\":\"PropertyValueSpecification\",\"valueRequired\":true,\"valueName\":\"search_term_string\"}}],\"inLanguage\":\"it-IT\"},{\"@type\":\"Person\",\"@id\":\"https:\\\/\\\/www.article-marketing.eu\\\/comunicatistampa\\\/#\\\/schema\\\/person\\\/2fcaf8f8f3a9eef9eb7f27532d3ca458\",\"name\":\"articolinews\",\"image\":{\"@type\":\"ImageObject\",\"inLanguage\":\"it-IT\",\"@id\":\"https:\\\/\\\/secure.gravatar.com\\\/avatar\\\/9e2a264bab04e17dea24d937c9956304649a848cb73c46747a692ff1bdeb1cb7?s=96&d=mm&r=g\",\"url\":\"https:\\\/\\\/secure.gravatar.com\\\/avatar\\\/9e2a264bab04e17dea24d937c9956304649a848cb73c46747a692ff1bdeb1cb7?s=96&d=mm&r=g\",\"contentUrl\":\"https:\\\/\\\/secure.gravatar.com\\\/avatar\\\/9e2a264bab04e17dea24d937c9956304649a848cb73c46747a692ff1bdeb1cb7?s=96&d=mm&r=g\",\"caption\":\"articolinews\"},\"url\":\"https:\\\/\\\/www.article-marketing.eu\\\/comunicatistampa\\\/author\\\/articolinews\\\/\"}]}<\/script>\n<!-- \/ Yoast SEO plugin. -->","yoast_head_json":{"title":"Il percorso di Marco Domizio fino alla fondazione di Ares Ambiente","robots":{"index":"index","follow":"follow","max-snippet":"max-snippet:-1","max-image-preview":"max-image-preview:large","max-video-preview":"max-video-preview:-1"},"canonical":"https:\/\/www.article-marketing.eu\/comunicatistampa\/il-percorso-di-marco-domizio-fino-alla-fondazione-di-ares-ambiente\/","og_locale":"it_IT","og_type":"article","og_title":"Il percorso di Marco Domizio fino alla fondazione di Ares Ambiente","og_description":"Marco Nicola Domizio \u00e8 il fondatore della societ\u00e0 attiva nel settore dell\u2019intermediazione dei rifiuti e nella gestione di impianti autorizzati Ares Ambiente, che ha sede a Treviolo, in provincia di Bergamo. Marco Domizio: il percorso professionale del Founder di Ares Ambiente Marco Domizio, fondatore di Ares Ambiente, \u00e8 entrato nel mondo dell\u2019intermediazione dei rifiuti da giovanissimo, iniziando a lavorare presso un\u2019azienda lombarda attiva nel settore, poco dopo aver conseguito ilContinue reading...","og_url":"https:\/\/www.article-marketing.eu\/comunicatistampa\/il-percorso-di-marco-domizio-fino-alla-fondazione-di-ares-ambiente\/","og_site_name":"Article Marketing","article_published_time":"2023-01-31T07:13:13+00:00","og_image":[{"url":"https:\/\/www.professionistieaziende.it\/marco_domizio\/marco_domizio.jpg","type":"","width":"","height":""}],"author":"articolinews","twitter_card":"summary_large_image","twitter_misc":{"Scritto da":"articolinews","Tempo di lettura stimato":"2 minuti"},"schema":{"@context":"https:\/\/schema.org","@graph":[{"@type":"Article","@id":"https:\/\/www.article-marketing.eu\/comunicatistampa\/il-percorso-di-marco-domizio-fino-alla-fondazione-di-ares-ambiente\/#article","isPartOf":{"@id":"https:\/\/www.article-marketing.eu\/comunicatistampa\/il-percorso-di-marco-domizio-fino-alla-fondazione-di-ares-ambiente\/"},"author":{"name":"articolinews","@id":"https:\/\/www.article-marketing.eu\/comunicatistampa\/#\/schema\/person\/2fcaf8f8f3a9eef9eb7f27532d3ca458"},"headline":"Il percorso di Marco Domizio fino alla fondazione di Ares Ambiente","datePublished":"2023-01-31T07:13:13+00:00","mainEntityOfPage":{"@id":"https:\/\/www.article-marketing.eu\/comunicatistampa\/il-percorso-di-marco-domizio-fino-alla-fondazione-di-ares-ambiente\/"},"wordCount":301,"commentCount":0,"image":{"@id":"https:\/\/www.article-marketing.eu\/comunicatistampa\/il-percorso-di-marco-domizio-fino-alla-fondazione-di-ares-ambiente\/#primaryimage"},"thumbnailUrl":"https:\/\/www.professionistieaziende.it\/marco_domizio\/marco_domizio.jpg","keywords":["Marco Domizio"],"articleSection":["Comunicati stampa"],"inLanguage":"it-IT","potentialAction":[{"@type":"CommentAction","name":"Comment","target":["https:\/\/www.article-marketing.eu\/comunicatistampa\/il-percorso-di-marco-domizio-fino-alla-fondazione-di-ares-ambiente\/#respond"]}]},{"@type":"WebPage","@id":"https:\/\/www.article-marketing.eu\/comunicatistampa\/il-percorso-di-marco-domizio-fino-alla-fondazione-di-ares-ambiente\/","url":"https:\/\/www.article-marketing.eu\/comunicatistampa\/il-percorso-di-marco-domizio-fino-alla-fondazione-di-ares-ambiente\/","name":"Il percorso di Marco Domizio fino alla fondazione di Ares Ambiente","isPartOf":{"@id":"https:\/\/www.article-marketing.eu\/comunicatistampa\/#website"},"primaryImageOfPage":{"@id":"https:\/\/www.article-marketing.eu\/comunicatistampa\/il-percorso-di-marco-domizio-fino-alla-fondazione-di-ares-ambiente\/#primaryimage"},"image":{"@id":"https:\/\/www.article-marketing.eu\/comunicatistampa\/il-percorso-di-marco-domizio-fino-alla-fondazione-di-ares-ambiente\/#primaryimage"},"thumbnailUrl":"https:\/\/www.professionistieaziende.it\/marco_domizio\/marco_domizio.jpg","datePublished":"2023-01-31T07:13:13+00:00","author":{"@id":"https:\/\/www.article-marketing.eu\/comunicatistampa\/#\/schema\/person\/2fcaf8f8f3a9eef9eb7f27532d3ca458"},"breadcrumb":{"@id":"https:\/\/www.article-marketing.eu\/comunicatistampa\/il-percorso-di-marco-domizio-fino-alla-fondazione-di-ares-ambiente\/#breadcrumb"},"inLanguage":"it-IT","potentialAction":[{"@type":"ReadAction","target":["https:\/\/www.article-marketing.eu\/comunicatistampa\/il-percorso-di-marco-domizio-fino-alla-fondazione-di-ares-ambiente\/"]}]},{"@type":"ImageObject","inLanguage":"it-IT","@id":"https:\/\/www.article-marketing.eu\/comunicatistampa\/il-percorso-di-marco-domizio-fino-alla-fondazione-di-ares-ambiente\/#primaryimage","url":"https:\/\/www.professionistieaziende.it\/marco_domizio\/marco_domizio.jpg","contentUrl":"https:\/\/www.professionistieaziende.it\/marco_domizio\/marco_domizio.jpg"},{"@type":"BreadcrumbList","@id":"https:\/\/www.article-marketing.eu\/comunicatistampa\/il-percorso-di-marco-domizio-fino-alla-fondazione-di-ares-ambiente\/#breadcrumb","itemListElement":[{"@type":"ListItem","position":1,"name":"Home","item":"https:\/\/www.article-marketing.eu\/comunicatistampa\/"},{"@type":"ListItem","position":2,"name":"Il percorso di Marco Domizio fino alla fondazione di Ares Ambiente"}]},{"@type":"WebSite","@id":"https:\/\/www.article-marketing.eu\/comunicatistampa\/#website","url":"https:\/\/www.article-marketing.eu\/comunicatistampa\/","name":"Article Marketing","description":"article marketing &amp; press release","potentialAction":[{"@type":"SearchAction","target":{"@type":"EntryPoint","urlTemplate":"https:\/\/www.article-marketing.eu\/comunicatistampa\/?s={search_term_string}"},"query-input":{"@type":"PropertyValueSpecification","valueRequired":true,"valueName":"search_term_string"}}],"inLanguage":"it-IT"},{"@type":"Person","@id":"https:\/\/www.article-marketing.eu\/comunicatistampa\/#\/schema\/person\/2fcaf8f8f3a9eef9eb7f27532d3ca458","name":"articolinews","image":{"@type":"ImageObject","inLanguage":"it-IT","@id":"https:\/\/secure.gravatar.com\/avatar\/9e2a264bab04e17dea24d937c9956304649a848cb73c46747a692ff1bdeb1cb7?s=96&d=mm&r=g","url":"https:\/\/secure.gravatar.com\/avatar\/9e2a264bab04e17dea24d937c9956304649a848cb73c46747a692ff1bdeb1cb7?s=96&d=mm&r=g","contentUrl":"https:\/\/secure.gravatar.com\/avatar\/9e2a264bab04e17dea24d937c9956304649a848cb73c46747a692ff1bdeb1cb7?s=96&d=mm&r=g","caption":"articolinews"},"url":"https:\/\/www.article-marketing.eu\/comunicatistampa\/author\/articolinews\/"}]}},"_links":{"self":[{"href":"https:\/\/www.article-marketing.eu\/comunicatistampa\/wp-json\/wp\/v2\/posts\/26165","targetHints":{"allow":["GET"]}}],"collection":[{"href":"https:\/\/www.article-marketing.eu\/comunicatistampa\/wp-json\/wp\/v2\/posts"}],"about":[{"href":"https:\/\/www.article-marketing.eu\/comunicatistampa\/wp-json\/wp\/v2\/types\/post"}],"author":[{"embeddable":true,"href":"https:\/\/www.article-marketing.eu\/comunicatistampa\/wp-json\/wp\/v2\/users\/6477"}],"replies":[{"embeddable":true,"href":"https:\/\/www.article-marketing.eu\/comunicatistampa\/wp-json\/wp\/v2\/comments?post=26165"}],"version-history":[{"count":2,"href":"https:\/\/www.article-marketing.eu\/comunicatistampa\/wp-json\/wp\/v2\/posts\/26165\/revisions"}],"predecessor-version":[{"id":26198,"href":"https:\/\/www.article-marketing.eu\/comunicatistampa\/wp-json\/wp\/v2\/posts\/26165\/revisions\/26198"}],"wp:attachment":[{"href":"https:\/\/www.article-marketing.eu\/comunicatistampa\/wp-json\/wp\/v2\/media?parent=26165"}],"wp:term":[{"taxonomy":"category","embeddable":true,"href":"https:\/\/www.article-marketing.eu\/comunicatistampa\/wp-json\/wp\/v2\/categories?post=26165"},{"taxonomy":"post_tag","embeddable":true,"href":"https:\/\/www.article-marketing.eu\/comunicatistampa\/wp-json\/wp\/v2\/tags?post=26165"}],"curies":[{"name":"wp","href":"https:\/\/api.w.org\/{rel}","templated":true}]}}