{"id":26238,"date":"2023-03-14T22:49:07","date_gmt":"2023-03-14T21:49:07","guid":{"rendered":"https:\/\/www.article-marketing.eu\/comunicatistampa\/?p=26238"},"modified":"2023-03-14T22:49:07","modified_gmt":"2023-03-14T21:49:07","slug":"andrea-mascetti-valore-italia-limportanza-di-valorizzare-il-patrimonio-artistico-e-culturale","status":"publish","type":"post","link":"https:\/\/www.article-marketing.eu\/comunicatistampa\/andrea-mascetti-valore-italia-limportanza-di-valorizzare-il-patrimonio-artistico-e-culturale\/","title":{"rendered":"Andrea Mascetti: Valore Italia, l\u2019importanza di valorizzare il patrimonio artistico e culturale"},"content":{"rendered":"<p><em><strong>L\u2019esperienza di <a title=\"Andrea Mascetti, coordina la commissione Arte e Cultura di Fondazione Cariplo \" href=\"https:\/\/www.youtube.com\/watch?v=EBF2h4RkwEk\">Andrea Mascetti<\/a> in Valore Italia: la vision a 360\u00b0 in materia di cultura e lavoro nel documento di proposte presentato a Montecitorio lo scorso settembre.<\/strong><\/em><\/p>\n<p><a title=\"Andrea Mascetti, Coordinatore della commissione Arte e Cultura di Fondazione Cariplo \" href=\"https:\/\/www.youtube.com\/watch?v=EBF2h4RkwEk\"><img loading=\"lazy\" decoding=\"async\" src=\"https:\/\/www.topmanageronline.eu\/wp-content\/uploads\/2022\/07\/andrea-mascetti-proger-400x400.jpg\" alt=\"Andrea Mascetti\" width=\"200\" height=\"200\" \/><\/a><\/p>\n<h2>L\u2019impegno di Andrea Mascetti in Valore Italia: programmare significa tutelare<\/h2>\n<p>Per <a title=\"Andrea Mascetti, video youtube\" href=\"https:\/\/www.youtube.com\/watch?v=EBF2h4RkwEk\">Andrea Mascetti<\/a> \u00e8<em> \u201cun onore far parte dell\u2019Advisory Board insieme a un gruppo di persone con competenze elevate<\/em>\u201d: lo ha sottolineato in un video pubblicato negli scorsi mesi in occasione della nomina nell\u2019Advisory Board di Valore Italia. Nato nel 2019 sotto forma di impresa sociale, il Centro di ricerca e Alta formazione dedicato al restauro e alla conservazione e valorizzazione del Patrimonio culturale e artistico si \u00e8 posto inizialmente come obiettivo quello di rilanciare la Scuola di Restauro di Botticino, trasferendo le attivit\u00e0 dalla storica sede di Brescia alla citt\u00e0 di Milano, che con l\u2019Expo 2015 ha visto confermato il suo ruolo internazionale nell\u2019ambito della cultura. In questi anni ha acquisito una vision a 360\u00b0 in materia di cultura e di lavoro che, come sottolineato anche da <strong>Andrea Mascetti<\/strong>, si riflette nel documento programmatico presentato lo scorso 21 settembre nella Sala Stampa di Palazzo Montecitorio.<\/p>\n<h2>Andrea Mascetti: la valorizzazione del patrimonio artistico e culturale italiano la grande sfida per il Paese<\/h2>\n<p>\u00c8 una \u201c<em>grande sfida<\/em>\u201d per il Paese quella che Valore Italia ha lanciato attraverso il documento di proposte condiviso anche da <strong>Andrea Mascetti<\/strong>: l\u2019ottica \u00e8 plasmarne il futuro su valori fondamentali quali bellezza dei paesaggi e identit\u00e0 territoriale, in sinergia con altri tipi di transizione in corso come quella green. Un importante progetto che si incarna concettualmente nell\u2019ambito della cosiddetta \u201c<em>conservazione programmata<\/em>\u201d attraverso una visione di lungo periodo (almeno 30 anni). Le proposte avanzate (tra queste il coinvolgimento di privati e imprese private nelle iniziative di valorizzazione del patrimonio culturale perch\u00e9 fare impresa significa anche fare cultura, una necessaria e importante riforma fiscale che permetta, da un lato, la detraibilit\u00e0 delle spese culturali e, dall\u2019altro, l\u2019abbassamento dell\u2019IVA sulla vendita delle opere d\u2019arte contemporanea e in generale sui prodotti di cultura, al pari dell\u2019IVA agevolata per la vendita dei libri) derivano proprio dalla consapevolezza che programmare significa tutelare: un impegno che <strong>Andrea Mascetti<\/strong> porta avanti anche in Fondazione Cariplo in quanto Coordinatore dell\u2019Area arte e cultura e membro della commissione centrale di beneficenza.<\/p>\n","protected":false},"excerpt":{"rendered":"<p>L\u2019esperienza di Andrea Mascetti in Valore Italia: la vision a 360\u00b0 in materia di cultura e lavoro nel documento di proposte presentato a Montecitorio lo scorso settembre. L\u2019impegno di Andrea Mascetti in Valore Italia: programmare significa tutelare Per Andrea Mascetti \u00e8 \u201cun onore far parte dell\u2019Advisory Board insieme a un gruppo di persone con competenze elevate\u201d: lo ha sottolineato in un video pubblicato negli scorsi mesi in occasione della nomina<\/p>\n<p><a class=\"continue-reading\" href=\"https:\/\/www.article-marketing.eu\/comunicatistampa\/andrea-mascetti-valore-italia-limportanza-di-valorizzare-il-patrimonio-artistico-e-culturale\/\">Continue reading&#8230;<\/a><\/p>\n","protected":false},"author":6477,"featured_media":0,"comment_status":"open","ping_status":"open","sticky":false,"template":"","format":"standard","meta":{"_monsterinsights_skip_tracking":false,"_monsterinsights_sitenote_active":false,"_monsterinsights_sitenote_note":"","_monsterinsights_sitenote_category":0,"footnotes":""},"categories":[78],"tags":[9120],"class_list":["post-26238","post","type-post","status-publish","format-standard","hentry","category-comunicati-stampa","tag-andrea-mascetti"],"yoast_head":"<!-- This site is optimized with the Yoast SEO plugin v27.3 - https:\/\/yoast.com\/product\/yoast-seo-wordpress\/ -->\n<title>Andrea Mascetti: Valore Italia, l\u2019importanza di valorizzare il patrimonio artistico e culturale<\/title>\n<meta name=\"robots\" content=\"index, follow, max-snippet:-1, max-image-preview:large, max-video-preview:-1\" \/>\n<link rel=\"canonical\" href=\"https:\/\/www.article-marketing.eu\/comunicatistampa\/andrea-mascetti-valore-italia-limportanza-di-valorizzare-il-patrimonio-artistico-e-culturale\/\" \/>\n<meta property=\"og:locale\" content=\"it_IT\" \/>\n<meta property=\"og:type\" content=\"article\" \/>\n<meta property=\"og:title\" content=\"Andrea Mascetti: Valore Italia, l\u2019importanza di valorizzare il patrimonio artistico e culturale\" \/>\n<meta property=\"og:description\" content=\"L\u2019esperienza di Andrea Mascetti in Valore Italia: la vision a 360\u00b0 in materia di cultura e lavoro nel documento di proposte presentato a Montecitorio lo scorso settembre. L\u2019impegno di Andrea Mascetti in Valore Italia: programmare significa tutelare Per Andrea Mascetti \u00e8 \u201cun onore far parte dell\u2019Advisory Board insieme a un gruppo di persone con competenze elevate\u201d: lo ha sottolineato in un video pubblicato negli scorsi mesi in occasione della nominaContinue reading...\" \/>\n<meta property=\"og:url\" content=\"https:\/\/www.article-marketing.eu\/comunicatistampa\/andrea-mascetti-valore-italia-limportanza-di-valorizzare-il-patrimonio-artistico-e-culturale\/\" \/>\n<meta property=\"og:site_name\" content=\"Article Marketing\" \/>\n<meta property=\"article:published_time\" content=\"2023-03-14T21:49:07+00:00\" \/>\n<meta property=\"og:image\" content=\"https:\/\/www.topmanageronline.eu\/wp-content\/uploads\/2022\/07\/andrea-mascetti-proger-400x400.jpg\" \/>\n<meta name=\"author\" content=\"articolinews\" \/>\n<meta name=\"twitter:card\" content=\"summary_large_image\" \/>\n<meta name=\"twitter:label1\" content=\"Scritto da\" \/>\n\t<meta name=\"twitter:data1\" content=\"articolinews\" \/>\n\t<meta name=\"twitter:label2\" content=\"Tempo di lettura stimato\" \/>\n\t<meta name=\"twitter:data2\" content=\"3 minuti\" \/>\n<script type=\"application\/ld+json\" class=\"yoast-schema-graph\">{\"@context\":\"https:\\\/\\\/schema.org\",\"@graph\":[{\"@type\":\"Article\",\"@id\":\"https:\\\/\\\/www.article-marketing.eu\\\/comunicatistampa\\\/andrea-mascetti-valore-italia-limportanza-di-valorizzare-il-patrimonio-artistico-e-culturale\\\/#article\",\"isPartOf\":{\"@id\":\"https:\\\/\\\/www.article-marketing.eu\\\/comunicatistampa\\\/andrea-mascetti-valore-italia-limportanza-di-valorizzare-il-patrimonio-artistico-e-culturale\\\/\"},\"author\":{\"name\":\"articolinews\",\"@id\":\"https:\\\/\\\/www.article-marketing.eu\\\/comunicatistampa\\\/#\\\/schema\\\/person\\\/2fcaf8f8f3a9eef9eb7f27532d3ca458\"},\"headline\":\"Andrea Mascetti: Valore Italia, l\u2019importanza di valorizzare il patrimonio artistico e culturale\",\"datePublished\":\"2023-03-14T21:49:07+00:00\",\"mainEntityOfPage\":{\"@id\":\"https:\\\/\\\/www.article-marketing.eu\\\/comunicatistampa\\\/andrea-mascetti-valore-italia-limportanza-di-valorizzare-il-patrimonio-artistico-e-culturale\\\/\"},\"wordCount\":388,\"commentCount\":0,\"image\":{\"@id\":\"https:\\\/\\\/www.article-marketing.eu\\\/comunicatistampa\\\/andrea-mascetti-valore-italia-limportanza-di-valorizzare-il-patrimonio-artistico-e-culturale\\\/#primaryimage\"},\"thumbnailUrl\":\"https:\\\/\\\/www.topmanageronline.eu\\\/wp-content\\\/uploads\\\/2022\\\/07\\\/andrea-mascetti-proger-400x400.jpg\",\"keywords\":[\"Andrea Mascetti\"],\"articleSection\":[\"Comunicati stampa\"],\"inLanguage\":\"it-IT\",\"potentialAction\":[{\"@type\":\"CommentAction\",\"name\":\"Comment\",\"target\":[\"https:\\\/\\\/www.article-marketing.eu\\\/comunicatistampa\\\/andrea-mascetti-valore-italia-limportanza-di-valorizzare-il-patrimonio-artistico-e-culturale\\\/#respond\"]}]},{\"@type\":\"WebPage\",\"@id\":\"https:\\\/\\\/www.article-marketing.eu\\\/comunicatistampa\\\/andrea-mascetti-valore-italia-limportanza-di-valorizzare-il-patrimonio-artistico-e-culturale\\\/\",\"url\":\"https:\\\/\\\/www.article-marketing.eu\\\/comunicatistampa\\\/andrea-mascetti-valore-italia-limportanza-di-valorizzare-il-patrimonio-artistico-e-culturale\\\/\",\"name\":\"Andrea Mascetti: Valore Italia, l\u2019importanza di valorizzare il patrimonio artistico e culturale\",\"isPartOf\":{\"@id\":\"https:\\\/\\\/www.article-marketing.eu\\\/comunicatistampa\\\/#website\"},\"primaryImageOfPage\":{\"@id\":\"https:\\\/\\\/www.article-marketing.eu\\\/comunicatistampa\\\/andrea-mascetti-valore-italia-limportanza-di-valorizzare-il-patrimonio-artistico-e-culturale\\\/#primaryimage\"},\"image\":{\"@id\":\"https:\\\/\\\/www.article-marketing.eu\\\/comunicatistampa\\\/andrea-mascetti-valore-italia-limportanza-di-valorizzare-il-patrimonio-artistico-e-culturale\\\/#primaryimage\"},\"thumbnailUrl\":\"https:\\\/\\\/www.topmanageronline.eu\\\/wp-content\\\/uploads\\\/2022\\\/07\\\/andrea-mascetti-proger-400x400.jpg\",\"datePublished\":\"2023-03-14T21:49:07+00:00\",\"author\":{\"@id\":\"https:\\\/\\\/www.article-marketing.eu\\\/comunicatistampa\\\/#\\\/schema\\\/person\\\/2fcaf8f8f3a9eef9eb7f27532d3ca458\"},\"breadcrumb\":{\"@id\":\"https:\\\/\\\/www.article-marketing.eu\\\/comunicatistampa\\\/andrea-mascetti-valore-italia-limportanza-di-valorizzare-il-patrimonio-artistico-e-culturale\\\/#breadcrumb\"},\"inLanguage\":\"it-IT\",\"potentialAction\":[{\"@type\":\"ReadAction\",\"target\":[\"https:\\\/\\\/www.article-marketing.eu\\\/comunicatistampa\\\/andrea-mascetti-valore-italia-limportanza-di-valorizzare-il-patrimonio-artistico-e-culturale\\\/\"]}]},{\"@type\":\"ImageObject\",\"inLanguage\":\"it-IT\",\"@id\":\"https:\\\/\\\/www.article-marketing.eu\\\/comunicatistampa\\\/andrea-mascetti-valore-italia-limportanza-di-valorizzare-il-patrimonio-artistico-e-culturale\\\/#primaryimage\",\"url\":\"https:\\\/\\\/www.topmanageronline.eu\\\/wp-content\\\/uploads\\\/2022\\\/07\\\/andrea-mascetti-proger-400x400.jpg\",\"contentUrl\":\"https:\\\/\\\/www.topmanageronline.eu\\\/wp-content\\\/uploads\\\/2022\\\/07\\\/andrea-mascetti-proger-400x400.jpg\"},{\"@type\":\"BreadcrumbList\",\"@id\":\"https:\\\/\\\/www.article-marketing.eu\\\/comunicatistampa\\\/andrea-mascetti-valore-italia-limportanza-di-valorizzare-il-patrimonio-artistico-e-culturale\\\/#breadcrumb\",\"itemListElement\":[{\"@type\":\"ListItem\",\"position\":1,\"name\":\"Home\",\"item\":\"https:\\\/\\\/www.article-marketing.eu\\\/comunicatistampa\\\/\"},{\"@type\":\"ListItem\",\"position\":2,\"name\":\"Andrea Mascetti: Valore Italia, l\u2019importanza di valorizzare il patrimonio artistico e culturale\"}]},{\"@type\":\"WebSite\",\"@id\":\"https:\\\/\\\/www.article-marketing.eu\\\/comunicatistampa\\\/#website\",\"url\":\"https:\\\/\\\/www.article-marketing.eu\\\/comunicatistampa\\\/\",\"name\":\"Article Marketing\",\"description\":\"article marketing &amp; press release\",\"potentialAction\":[{\"@type\":\"SearchAction\",\"target\":{\"@type\":\"EntryPoint\",\"urlTemplate\":\"https:\\\/\\\/www.article-marketing.eu\\\/comunicatistampa\\\/?s={search_term_string}\"},\"query-input\":{\"@type\":\"PropertyValueSpecification\",\"valueRequired\":true,\"valueName\":\"search_term_string\"}}],\"inLanguage\":\"it-IT\"},{\"@type\":\"Person\",\"@id\":\"https:\\\/\\\/www.article-marketing.eu\\\/comunicatistampa\\\/#\\\/schema\\\/person\\\/2fcaf8f8f3a9eef9eb7f27532d3ca458\",\"name\":\"articolinews\",\"image\":{\"@type\":\"ImageObject\",\"inLanguage\":\"it-IT\",\"@id\":\"https:\\\/\\\/secure.gravatar.com\\\/avatar\\\/9e2a264bab04e17dea24d937c9956304649a848cb73c46747a692ff1bdeb1cb7?s=96&d=mm&r=g\",\"url\":\"https:\\\/\\\/secure.gravatar.com\\\/avatar\\\/9e2a264bab04e17dea24d937c9956304649a848cb73c46747a692ff1bdeb1cb7?s=96&d=mm&r=g\",\"contentUrl\":\"https:\\\/\\\/secure.gravatar.com\\\/avatar\\\/9e2a264bab04e17dea24d937c9956304649a848cb73c46747a692ff1bdeb1cb7?s=96&d=mm&r=g\",\"caption\":\"articolinews\"},\"url\":\"https:\\\/\\\/www.article-marketing.eu\\\/comunicatistampa\\\/author\\\/articolinews\\\/\"}]}<\/script>\n<!-- \/ Yoast SEO plugin. -->","yoast_head_json":{"title":"Andrea Mascetti: Valore Italia, l\u2019importanza di valorizzare il patrimonio artistico e culturale","robots":{"index":"index","follow":"follow","max-snippet":"max-snippet:-1","max-image-preview":"max-image-preview:large","max-video-preview":"max-video-preview:-1"},"canonical":"https:\/\/www.article-marketing.eu\/comunicatistampa\/andrea-mascetti-valore-italia-limportanza-di-valorizzare-il-patrimonio-artistico-e-culturale\/","og_locale":"it_IT","og_type":"article","og_title":"Andrea Mascetti: Valore Italia, l\u2019importanza di valorizzare il patrimonio artistico e culturale","og_description":"L\u2019esperienza di Andrea Mascetti in Valore Italia: la vision a 360\u00b0 in materia di cultura e lavoro nel documento di proposte presentato a Montecitorio lo scorso settembre. L\u2019impegno di Andrea Mascetti in Valore Italia: programmare significa tutelare Per Andrea Mascetti \u00e8 \u201cun onore far parte dell\u2019Advisory Board insieme a un gruppo di persone con competenze elevate\u201d: lo ha sottolineato in un video pubblicato negli scorsi mesi in occasione della nominaContinue reading...","og_url":"https:\/\/www.article-marketing.eu\/comunicatistampa\/andrea-mascetti-valore-italia-limportanza-di-valorizzare-il-patrimonio-artistico-e-culturale\/","og_site_name":"Article Marketing","article_published_time":"2023-03-14T21:49:07+00:00","og_image":[{"url":"https:\/\/www.topmanageronline.eu\/wp-content\/uploads\/2022\/07\/andrea-mascetti-proger-400x400.jpg","type":"","width":"","height":""}],"author":"articolinews","twitter_card":"summary_large_image","twitter_misc":{"Scritto da":"articolinews","Tempo di lettura stimato":"3 minuti"},"schema":{"@context":"https:\/\/schema.org","@graph":[{"@type":"Article","@id":"https:\/\/www.article-marketing.eu\/comunicatistampa\/andrea-mascetti-valore-italia-limportanza-di-valorizzare-il-patrimonio-artistico-e-culturale\/#article","isPartOf":{"@id":"https:\/\/www.article-marketing.eu\/comunicatistampa\/andrea-mascetti-valore-italia-limportanza-di-valorizzare-il-patrimonio-artistico-e-culturale\/"},"author":{"name":"articolinews","@id":"https:\/\/www.article-marketing.eu\/comunicatistampa\/#\/schema\/person\/2fcaf8f8f3a9eef9eb7f27532d3ca458"},"headline":"Andrea Mascetti: Valore Italia, l\u2019importanza di valorizzare il patrimonio artistico e culturale","datePublished":"2023-03-14T21:49:07+00:00","mainEntityOfPage":{"@id":"https:\/\/www.article-marketing.eu\/comunicatistampa\/andrea-mascetti-valore-italia-limportanza-di-valorizzare-il-patrimonio-artistico-e-culturale\/"},"wordCount":388,"commentCount":0,"image":{"@id":"https:\/\/www.article-marketing.eu\/comunicatistampa\/andrea-mascetti-valore-italia-limportanza-di-valorizzare-il-patrimonio-artistico-e-culturale\/#primaryimage"},"thumbnailUrl":"https:\/\/www.topmanageronline.eu\/wp-content\/uploads\/2022\/07\/andrea-mascetti-proger-400x400.jpg","keywords":["Andrea Mascetti"],"articleSection":["Comunicati stampa"],"inLanguage":"it-IT","potentialAction":[{"@type":"CommentAction","name":"Comment","target":["https:\/\/www.article-marketing.eu\/comunicatistampa\/andrea-mascetti-valore-italia-limportanza-di-valorizzare-il-patrimonio-artistico-e-culturale\/#respond"]}]},{"@type":"WebPage","@id":"https:\/\/www.article-marketing.eu\/comunicatistampa\/andrea-mascetti-valore-italia-limportanza-di-valorizzare-il-patrimonio-artistico-e-culturale\/","url":"https:\/\/www.article-marketing.eu\/comunicatistampa\/andrea-mascetti-valore-italia-limportanza-di-valorizzare-il-patrimonio-artistico-e-culturale\/","name":"Andrea Mascetti: Valore Italia, l\u2019importanza di valorizzare il patrimonio artistico e culturale","isPartOf":{"@id":"https:\/\/www.article-marketing.eu\/comunicatistampa\/#website"},"primaryImageOfPage":{"@id":"https:\/\/www.article-marketing.eu\/comunicatistampa\/andrea-mascetti-valore-italia-limportanza-di-valorizzare-il-patrimonio-artistico-e-culturale\/#primaryimage"},"image":{"@id":"https:\/\/www.article-marketing.eu\/comunicatistampa\/andrea-mascetti-valore-italia-limportanza-di-valorizzare-il-patrimonio-artistico-e-culturale\/#primaryimage"},"thumbnailUrl":"https:\/\/www.topmanageronline.eu\/wp-content\/uploads\/2022\/07\/andrea-mascetti-proger-400x400.jpg","datePublished":"2023-03-14T21:49:07+00:00","author":{"@id":"https:\/\/www.article-marketing.eu\/comunicatistampa\/#\/schema\/person\/2fcaf8f8f3a9eef9eb7f27532d3ca458"},"breadcrumb":{"@id":"https:\/\/www.article-marketing.eu\/comunicatistampa\/andrea-mascetti-valore-italia-limportanza-di-valorizzare-il-patrimonio-artistico-e-culturale\/#breadcrumb"},"inLanguage":"it-IT","potentialAction":[{"@type":"ReadAction","target":["https:\/\/www.article-marketing.eu\/comunicatistampa\/andrea-mascetti-valore-italia-limportanza-di-valorizzare-il-patrimonio-artistico-e-culturale\/"]}]},{"@type":"ImageObject","inLanguage":"it-IT","@id":"https:\/\/www.article-marketing.eu\/comunicatistampa\/andrea-mascetti-valore-italia-limportanza-di-valorizzare-il-patrimonio-artistico-e-culturale\/#primaryimage","url":"https:\/\/www.topmanageronline.eu\/wp-content\/uploads\/2022\/07\/andrea-mascetti-proger-400x400.jpg","contentUrl":"https:\/\/www.topmanageronline.eu\/wp-content\/uploads\/2022\/07\/andrea-mascetti-proger-400x400.jpg"},{"@type":"BreadcrumbList","@id":"https:\/\/www.article-marketing.eu\/comunicatistampa\/andrea-mascetti-valore-italia-limportanza-di-valorizzare-il-patrimonio-artistico-e-culturale\/#breadcrumb","itemListElement":[{"@type":"ListItem","position":1,"name":"Home","item":"https:\/\/www.article-marketing.eu\/comunicatistampa\/"},{"@type":"ListItem","position":2,"name":"Andrea Mascetti: Valore Italia, l\u2019importanza di valorizzare il patrimonio artistico e culturale"}]},{"@type":"WebSite","@id":"https:\/\/www.article-marketing.eu\/comunicatistampa\/#website","url":"https:\/\/www.article-marketing.eu\/comunicatistampa\/","name":"Article Marketing","description":"article marketing &amp; press release","potentialAction":[{"@type":"SearchAction","target":{"@type":"EntryPoint","urlTemplate":"https:\/\/www.article-marketing.eu\/comunicatistampa\/?s={search_term_string}"},"query-input":{"@type":"PropertyValueSpecification","valueRequired":true,"valueName":"search_term_string"}}],"inLanguage":"it-IT"},{"@type":"Person","@id":"https:\/\/www.article-marketing.eu\/comunicatistampa\/#\/schema\/person\/2fcaf8f8f3a9eef9eb7f27532d3ca458","name":"articolinews","image":{"@type":"ImageObject","inLanguage":"it-IT","@id":"https:\/\/secure.gravatar.com\/avatar\/9e2a264bab04e17dea24d937c9956304649a848cb73c46747a692ff1bdeb1cb7?s=96&d=mm&r=g","url":"https:\/\/secure.gravatar.com\/avatar\/9e2a264bab04e17dea24d937c9956304649a848cb73c46747a692ff1bdeb1cb7?s=96&d=mm&r=g","contentUrl":"https:\/\/secure.gravatar.com\/avatar\/9e2a264bab04e17dea24d937c9956304649a848cb73c46747a692ff1bdeb1cb7?s=96&d=mm&r=g","caption":"articolinews"},"url":"https:\/\/www.article-marketing.eu\/comunicatistampa\/author\/articolinews\/"}]}},"_links":{"self":[{"href":"https:\/\/www.article-marketing.eu\/comunicatistampa\/wp-json\/wp\/v2\/posts\/26238","targetHints":{"allow":["GET"]}}],"collection":[{"href":"https:\/\/www.article-marketing.eu\/comunicatistampa\/wp-json\/wp\/v2\/posts"}],"about":[{"href":"https:\/\/www.article-marketing.eu\/comunicatistampa\/wp-json\/wp\/v2\/types\/post"}],"author":[{"embeddable":true,"href":"https:\/\/www.article-marketing.eu\/comunicatistampa\/wp-json\/wp\/v2\/users\/6477"}],"replies":[{"embeddable":true,"href":"https:\/\/www.article-marketing.eu\/comunicatistampa\/wp-json\/wp\/v2\/comments?post=26238"}],"version-history":[{"count":2,"href":"https:\/\/www.article-marketing.eu\/comunicatistampa\/wp-json\/wp\/v2\/posts\/26238\/revisions"}],"predecessor-version":[{"id":26640,"href":"https:\/\/www.article-marketing.eu\/comunicatistampa\/wp-json\/wp\/v2\/posts\/26238\/revisions\/26640"}],"wp:attachment":[{"href":"https:\/\/www.article-marketing.eu\/comunicatistampa\/wp-json\/wp\/v2\/media?parent=26238"}],"wp:term":[{"taxonomy":"category","embeddable":true,"href":"https:\/\/www.article-marketing.eu\/comunicatistampa\/wp-json\/wp\/v2\/categories?post=26238"},{"taxonomy":"post_tag","embeddable":true,"href":"https:\/\/www.article-marketing.eu\/comunicatistampa\/wp-json\/wp\/v2\/tags?post=26238"}],"curies":[{"name":"wp","href":"https:\/\/api.w.org\/{rel}","templated":true}]}}