{"id":26240,"date":"2023-03-09T13:56:06","date_gmt":"2023-03-09T12:56:06","guid":{"rendered":"https:\/\/www.article-marketing.eu\/comunicatistampa\/?p=26240"},"modified":"2023-03-09T13:56:06","modified_gmt":"2023-03-09T12:56:06","slug":"luigi-ferraris-gruppo-fs-punta-a-costruire-una-rete-ferroviaria-digitale-intelligente-e-sostenibile","status":"publish","type":"post","link":"https:\/\/www.article-marketing.eu\/comunicatistampa\/luigi-ferraris-gruppo-fs-punta-a-costruire-una-rete-ferroviaria-digitale-intelligente-e-sostenibile\/","title":{"rendered":"Luigi Ferraris: Gruppo FS punta a costruire una rete ferroviaria digitale, intelligente e sostenibile"},"content":{"rendered":"<p><em><strong>Una rete pi\u00f9 intelligente, innovativa e digitale che possa connettere i Comuni italiani e permettere ai cittadini di viaggiare liberamente: questi i progetti del Gruppo FS, guidato da <a title=\"Luigi Ferraris, AD Gruppo FS, parla all'Anci\" href=\"https:\/\/www.ilmessaggero.it\/economia\/news\/l_ad_di_fs_ferraris_all_anci_infrastrutture_fisiche_e_digitali_per_connettere_i_comuni-7071058.html\">Luigi Ferraris<\/a>. L\u2019AD \u00e8 intervenuto all\u2019annuale riunione Anci.<\/strong><\/em><\/p>\n<p><a title=\"Luigi Ferraris, AD del Gruppo FS\" href=\"https:\/\/www.ilmessaggero.it\/economia\/news\/l_ad_di_fs_ferraris_all_anci_infrastrutture_fisiche_e_digitali_per_connettere_i_comuni-7071058.html?refresh_ce\"><img loading=\"lazy\" decoding=\"async\" src=\"https:\/\/www.ilmessaggero.it\/photos\/MED\/10\/58\/7071058_129_2022-11-23_TLB.jpg\" alt=\"Luigi Ferraris\" width=\"200\" height=\"110\" \/><\/a><\/p>\n<h2>Luigi Ferraris alla 39esima Assemblea Anci<\/h2>\n<p>Una due giorni ricca di incontri tra istituzioni, imprese, rappresentanti del Governo e dei territori: cos\u00ec si \u00e8 svolta la 39esima assemblea annuale Anci a Bergamo, evento durante il quale \u00e8 intervenuto anche <strong>Luigi Ferraris<\/strong>, Amministratore Delegato del <strong>Gruppo FS<\/strong>. Dalla sua riflessione \u00e8 emersa con evidenza l\u2019importanza di creare sempre pi\u00f9 connessioni tra i Comuni italiani, cos\u00ec da permettere ai cittadini di viaggiare liberamente e comodamente: in questo modo si sostiene e si aiuta a crescere la mobilit\u00e0 collettiva, attraverso infrastrutture fisiche e digitali efficienti. \u201c<em>Il nostro Paese \u00e8 rappresentato da migliaia di Comuni che sono la nostra storia, il nostro passato, un patrimonio culturale enorme<\/em>\u201d, ha commentato <strong>Luigi Ferraris<\/strong>. Per essere valorizzato, servono infrastrutture che connettano i Comuni \u201c<em>fisicamente ma anche digitalmente<\/em>\u201d.<\/p>\n<h2>Luigi Ferraris: i progetti del Gruppo FS per la rete ferroviaria del futuro<\/h2>\n<p>\u201c<em>Il nostro piano industriale decennale da 190 miliardi di euro ci pone l\u2019obiettivo di aumentare la disponibilit\u00e0 di infrastrutture, ampliando la capacit\u00e0 di trasporto del 20% e favorendo l\u2019uso del treno sia per il trasporto passeggeri che per le merci<\/em>\u201d, ha specificato <a title=\"Luigi Ferraris, AD Gruppo FS, focus del Messaggero\" href=\"https:\/\/www.ilmessaggero.it\/economia\/news\/l_ad_di_fs_ferraris_all_anci_infrastrutture_fisiche_e_digitali_per_connettere_i_comuni-7071058.html\">Luigi Ferraris<\/a> durante il suo intervento. Si punta inoltre alla riqualificazione degli spazi attualmente inutilizzati al fine di creare 200 parcheggi in prossimit\u00e0 delle stazioni e favorire la mobilit\u00e0 dei cittadini. Per far crescere il trasporto collettivo, la rete deve essere \u201c<em>intelligente e integrata<\/em>\u201d, con un occhio di riguardo sempre ben puntato verso la sostenibilit\u00e0. In questo senso, <strong>Gruppo FS<\/strong> ha gi\u00e0 attivato due progetti: il primo, attuabile in un anno circa, prevede la copertura 4G sulla rete dell\u2019Ata Velocit\u00e0 anche in galleria. Il secondo si chiama Gigabit Rail and Road e ha come obiettivo il potenziamento della fibra ottica lungo 17mila chilometri di linee ferroviarie, a beneficio di passeggeri e collettivit\u00e0. \u201c<em>L\u2019obiettivo \u00e8 sostituire e innovare la fibra ottica che gi\u00e0 abbiamo lungo le nostre linee, consentendo cos\u00ec di avere la disponibilit\u00e0 del segnale a bordo di tutti i treni, inclusi regionali e intercity e nelle oltre 2.000 stazioni, fino al centro del Paese<\/em>\u201d, ha spiegato <strong>Luigi Ferraris<\/strong>.<\/p>\n","protected":false},"excerpt":{"rendered":"<p>Una rete pi\u00f9 intelligente, innovativa e digitale che possa connettere i Comuni italiani e permettere ai cittadini di viaggiare liberamente: questi i progetti del Gruppo FS, guidato da Luigi Ferraris. L\u2019AD \u00e8 intervenuto all\u2019annuale riunione Anci. Luigi Ferraris alla 39esima Assemblea Anci Una due giorni ricca di incontri tra istituzioni, imprese, rappresentanti del Governo e dei territori: cos\u00ec si \u00e8 svolta la 39esima assemblea annuale Anci a Bergamo, evento durante<\/p>\n<p><a class=\"continue-reading\" href=\"https:\/\/www.article-marketing.eu\/comunicatistampa\/luigi-ferraris-gruppo-fs-punta-a-costruire-una-rete-ferroviaria-digitale-intelligente-e-sostenibile\/\">Continue reading&#8230;<\/a><\/p>\n","protected":false},"author":7203,"featured_media":0,"comment_status":"open","ping_status":"open","sticky":false,"template":"","format":"standard","meta":{"_monsterinsights_skip_tracking":false,"_monsterinsights_sitenote_active":false,"_monsterinsights_sitenote_note":"","_monsterinsights_sitenote_category":0,"footnotes":""},"categories":[386],"tags":[10013,9540],"class_list":["post-26240","post","type-post","status-publish","format-standard","hentry","category-economia-e-lavoro","tag-gruppo-fs","tag-luigi-ferraris"],"yoast_head":"<!-- This site is optimized with the Yoast SEO plugin v27.3 - https:\/\/yoast.com\/product\/yoast-seo-wordpress\/ -->\n<title>Luigi Ferraris: Gruppo FS punta a costruire una rete ferroviaria digitale, intelligente e sostenibile<\/title>\n<meta name=\"robots\" content=\"index, follow, max-snippet:-1, max-image-preview:large, max-video-preview:-1\" \/>\n<link rel=\"canonical\" href=\"https:\/\/www.article-marketing.eu\/comunicatistampa\/luigi-ferraris-gruppo-fs-punta-a-costruire-una-rete-ferroviaria-digitale-intelligente-e-sostenibile\/\" \/>\n<meta property=\"og:locale\" content=\"it_IT\" \/>\n<meta property=\"og:type\" content=\"article\" \/>\n<meta property=\"og:title\" content=\"Luigi Ferraris: Gruppo FS punta a costruire una rete ferroviaria digitale, intelligente e sostenibile\" \/>\n<meta property=\"og:description\" content=\"Una rete pi\u00f9 intelligente, innovativa e digitale che possa connettere i Comuni italiani e permettere ai cittadini di viaggiare liberamente: questi i progetti del Gruppo FS, guidato da Luigi Ferraris. L\u2019AD \u00e8 intervenuto all\u2019annuale riunione Anci. Luigi Ferraris alla 39esima Assemblea Anci Una due giorni ricca di incontri tra istituzioni, imprese, rappresentanti del Governo e dei territori: cos\u00ec si \u00e8 svolta la 39esima assemblea annuale Anci a Bergamo, evento duranteContinue reading...\" \/>\n<meta property=\"og:url\" content=\"https:\/\/www.article-marketing.eu\/comunicatistampa\/luigi-ferraris-gruppo-fs-punta-a-costruire-una-rete-ferroviaria-digitale-intelligente-e-sostenibile\/\" \/>\n<meta property=\"og:site_name\" content=\"Article Marketing\" \/>\n<meta property=\"article:published_time\" content=\"2023-03-09T12:56:06+00:00\" \/>\n<meta property=\"og:image\" content=\"https:\/\/www.ilmessaggero.it\/photos\/MED\/10\/58\/7071058_129_2022-11-23_TLB.jpg\" \/>\n<meta name=\"author\" content=\"gbofficeprnews\" \/>\n<meta name=\"twitter:card\" content=\"summary_large_image\" \/>\n<meta name=\"twitter:label1\" content=\"Scritto da\" \/>\n\t<meta name=\"twitter:data1\" content=\"gbofficeprnews\" \/>\n\t<meta name=\"twitter:label2\" content=\"Tempo di lettura stimato\" \/>\n\t<meta name=\"twitter:data2\" content=\"3 minuti\" \/>\n<script type=\"application\/ld+json\" class=\"yoast-schema-graph\">{\"@context\":\"https:\\\/\\\/schema.org\",\"@graph\":[{\"@type\":\"Article\",\"@id\":\"https:\\\/\\\/www.article-marketing.eu\\\/comunicatistampa\\\/luigi-ferraris-gruppo-fs-punta-a-costruire-una-rete-ferroviaria-digitale-intelligente-e-sostenibile\\\/#article\",\"isPartOf\":{\"@id\":\"https:\\\/\\\/www.article-marketing.eu\\\/comunicatistampa\\\/luigi-ferraris-gruppo-fs-punta-a-costruire-una-rete-ferroviaria-digitale-intelligente-e-sostenibile\\\/\"},\"author\":{\"name\":\"gbofficeprnews\",\"@id\":\"https:\\\/\\\/www.article-marketing.eu\\\/comunicatistampa\\\/#\\\/schema\\\/person\\\/00c541681af1a376511ed63d59ca096f\"},\"headline\":\"Luigi Ferraris: Gruppo FS punta a costruire una rete ferroviaria digitale, intelligente e sostenibile\",\"datePublished\":\"2023-03-09T12:56:06+00:00\",\"mainEntityOfPage\":{\"@id\":\"https:\\\/\\\/www.article-marketing.eu\\\/comunicatistampa\\\/luigi-ferraris-gruppo-fs-punta-a-costruire-una-rete-ferroviaria-digitale-intelligente-e-sostenibile\\\/\"},\"wordCount\":391,\"commentCount\":0,\"image\":{\"@id\":\"https:\\\/\\\/www.article-marketing.eu\\\/comunicatistampa\\\/luigi-ferraris-gruppo-fs-punta-a-costruire-una-rete-ferroviaria-digitale-intelligente-e-sostenibile\\\/#primaryimage\"},\"thumbnailUrl\":\"https:\\\/\\\/www.ilmessaggero.it\\\/photos\\\/MED\\\/10\\\/58\\\/7071058_129_2022-11-23_TLB.jpg\",\"keywords\":[\"Gruppo FS\",\"Luigi Ferraris\"],\"articleSection\":[\"Economia e lavoro\"],\"inLanguage\":\"it-IT\",\"potentialAction\":[{\"@type\":\"CommentAction\",\"name\":\"Comment\",\"target\":[\"https:\\\/\\\/www.article-marketing.eu\\\/comunicatistampa\\\/luigi-ferraris-gruppo-fs-punta-a-costruire-una-rete-ferroviaria-digitale-intelligente-e-sostenibile\\\/#respond\"]}]},{\"@type\":\"WebPage\",\"@id\":\"https:\\\/\\\/www.article-marketing.eu\\\/comunicatistampa\\\/luigi-ferraris-gruppo-fs-punta-a-costruire-una-rete-ferroviaria-digitale-intelligente-e-sostenibile\\\/\",\"url\":\"https:\\\/\\\/www.article-marketing.eu\\\/comunicatistampa\\\/luigi-ferraris-gruppo-fs-punta-a-costruire-una-rete-ferroviaria-digitale-intelligente-e-sostenibile\\\/\",\"name\":\"Luigi Ferraris: Gruppo FS punta a costruire una rete ferroviaria digitale, intelligente e sostenibile\",\"isPartOf\":{\"@id\":\"https:\\\/\\\/www.article-marketing.eu\\\/comunicatistampa\\\/#website\"},\"primaryImageOfPage\":{\"@id\":\"https:\\\/\\\/www.article-marketing.eu\\\/comunicatistampa\\\/luigi-ferraris-gruppo-fs-punta-a-costruire-una-rete-ferroviaria-digitale-intelligente-e-sostenibile\\\/#primaryimage\"},\"image\":{\"@id\":\"https:\\\/\\\/www.article-marketing.eu\\\/comunicatistampa\\\/luigi-ferraris-gruppo-fs-punta-a-costruire-una-rete-ferroviaria-digitale-intelligente-e-sostenibile\\\/#primaryimage\"},\"thumbnailUrl\":\"https:\\\/\\\/www.ilmessaggero.it\\\/photos\\\/MED\\\/10\\\/58\\\/7071058_129_2022-11-23_TLB.jpg\",\"datePublished\":\"2023-03-09T12:56:06+00:00\",\"author\":{\"@id\":\"https:\\\/\\\/www.article-marketing.eu\\\/comunicatistampa\\\/#\\\/schema\\\/person\\\/00c541681af1a376511ed63d59ca096f\"},\"breadcrumb\":{\"@id\":\"https:\\\/\\\/www.article-marketing.eu\\\/comunicatistampa\\\/luigi-ferraris-gruppo-fs-punta-a-costruire-una-rete-ferroviaria-digitale-intelligente-e-sostenibile\\\/#breadcrumb\"},\"inLanguage\":\"it-IT\",\"potentialAction\":[{\"@type\":\"ReadAction\",\"target\":[\"https:\\\/\\\/www.article-marketing.eu\\\/comunicatistampa\\\/luigi-ferraris-gruppo-fs-punta-a-costruire-una-rete-ferroviaria-digitale-intelligente-e-sostenibile\\\/\"]}]},{\"@type\":\"ImageObject\",\"inLanguage\":\"it-IT\",\"@id\":\"https:\\\/\\\/www.article-marketing.eu\\\/comunicatistampa\\\/luigi-ferraris-gruppo-fs-punta-a-costruire-una-rete-ferroviaria-digitale-intelligente-e-sostenibile\\\/#primaryimage\",\"url\":\"https:\\\/\\\/www.ilmessaggero.it\\\/photos\\\/MED\\\/10\\\/58\\\/7071058_129_2022-11-23_TLB.jpg\",\"contentUrl\":\"https:\\\/\\\/www.ilmessaggero.it\\\/photos\\\/MED\\\/10\\\/58\\\/7071058_129_2022-11-23_TLB.jpg\"},{\"@type\":\"BreadcrumbList\",\"@id\":\"https:\\\/\\\/www.article-marketing.eu\\\/comunicatistampa\\\/luigi-ferraris-gruppo-fs-punta-a-costruire-una-rete-ferroviaria-digitale-intelligente-e-sostenibile\\\/#breadcrumb\",\"itemListElement\":[{\"@type\":\"ListItem\",\"position\":1,\"name\":\"Home\",\"item\":\"https:\\\/\\\/www.article-marketing.eu\\\/comunicatistampa\\\/\"},{\"@type\":\"ListItem\",\"position\":2,\"name\":\"Luigi Ferraris: Gruppo FS punta a costruire una rete ferroviaria digitale, intelligente e sostenibile\"}]},{\"@type\":\"WebSite\",\"@id\":\"https:\\\/\\\/www.article-marketing.eu\\\/comunicatistampa\\\/#website\",\"url\":\"https:\\\/\\\/www.article-marketing.eu\\\/comunicatistampa\\\/\",\"name\":\"Article Marketing\",\"description\":\"article marketing &amp; press release\",\"potentialAction\":[{\"@type\":\"SearchAction\",\"target\":{\"@type\":\"EntryPoint\",\"urlTemplate\":\"https:\\\/\\\/www.article-marketing.eu\\\/comunicatistampa\\\/?s={search_term_string}\"},\"query-input\":{\"@type\":\"PropertyValueSpecification\",\"valueRequired\":true,\"valueName\":\"search_term_string\"}}],\"inLanguage\":\"it-IT\"},{\"@type\":\"Person\",\"@id\":\"https:\\\/\\\/www.article-marketing.eu\\\/comunicatistampa\\\/#\\\/schema\\\/person\\\/00c541681af1a376511ed63d59ca096f\",\"name\":\"gbofficeprnews\",\"image\":{\"@type\":\"ImageObject\",\"inLanguage\":\"it-IT\",\"@id\":\"https:\\\/\\\/secure.gravatar.com\\\/avatar\\\/6c895f4b9cd59fffe899c25f76b85bf0d427605c1f0d3b07c81e155c001265cf?s=96&d=mm&r=g\",\"url\":\"https:\\\/\\\/secure.gravatar.com\\\/avatar\\\/6c895f4b9cd59fffe899c25f76b85bf0d427605c1f0d3b07c81e155c001265cf?s=96&d=mm&r=g\",\"contentUrl\":\"https:\\\/\\\/secure.gravatar.com\\\/avatar\\\/6c895f4b9cd59fffe899c25f76b85bf0d427605c1f0d3b07c81e155c001265cf?s=96&d=mm&r=g\",\"caption\":\"gbofficeprnews\"},\"url\":\"https:\\\/\\\/www.article-marketing.eu\\\/comunicatistampa\\\/author\\\/gbofficeprnews\\\/\"}]}<\/script>\n<!-- \/ Yoast SEO plugin. -->","yoast_head_json":{"title":"Luigi Ferraris: Gruppo FS punta a costruire una rete ferroviaria digitale, intelligente e sostenibile","robots":{"index":"index","follow":"follow","max-snippet":"max-snippet:-1","max-image-preview":"max-image-preview:large","max-video-preview":"max-video-preview:-1"},"canonical":"https:\/\/www.article-marketing.eu\/comunicatistampa\/luigi-ferraris-gruppo-fs-punta-a-costruire-una-rete-ferroviaria-digitale-intelligente-e-sostenibile\/","og_locale":"it_IT","og_type":"article","og_title":"Luigi Ferraris: Gruppo FS punta a costruire una rete ferroviaria digitale, intelligente e sostenibile","og_description":"Una rete pi\u00f9 intelligente, innovativa e digitale che possa connettere i Comuni italiani e permettere ai cittadini di viaggiare liberamente: questi i progetti del Gruppo FS, guidato da Luigi Ferraris. L\u2019AD \u00e8 intervenuto all\u2019annuale riunione Anci. Luigi Ferraris alla 39esima Assemblea Anci Una due giorni ricca di incontri tra istituzioni, imprese, rappresentanti del Governo e dei territori: cos\u00ec si \u00e8 svolta la 39esima assemblea annuale Anci a Bergamo, evento duranteContinue reading...","og_url":"https:\/\/www.article-marketing.eu\/comunicatistampa\/luigi-ferraris-gruppo-fs-punta-a-costruire-una-rete-ferroviaria-digitale-intelligente-e-sostenibile\/","og_site_name":"Article Marketing","article_published_time":"2023-03-09T12:56:06+00:00","og_image":[{"url":"https:\/\/www.ilmessaggero.it\/photos\/MED\/10\/58\/7071058_129_2022-11-23_TLB.jpg","type":"","width":"","height":""}],"author":"gbofficeprnews","twitter_card":"summary_large_image","twitter_misc":{"Scritto da":"gbofficeprnews","Tempo di lettura stimato":"3 minuti"},"schema":{"@context":"https:\/\/schema.org","@graph":[{"@type":"Article","@id":"https:\/\/www.article-marketing.eu\/comunicatistampa\/luigi-ferraris-gruppo-fs-punta-a-costruire-una-rete-ferroviaria-digitale-intelligente-e-sostenibile\/#article","isPartOf":{"@id":"https:\/\/www.article-marketing.eu\/comunicatistampa\/luigi-ferraris-gruppo-fs-punta-a-costruire-una-rete-ferroviaria-digitale-intelligente-e-sostenibile\/"},"author":{"name":"gbofficeprnews","@id":"https:\/\/www.article-marketing.eu\/comunicatistampa\/#\/schema\/person\/00c541681af1a376511ed63d59ca096f"},"headline":"Luigi Ferraris: Gruppo FS punta a costruire una rete ferroviaria digitale, intelligente e sostenibile","datePublished":"2023-03-09T12:56:06+00:00","mainEntityOfPage":{"@id":"https:\/\/www.article-marketing.eu\/comunicatistampa\/luigi-ferraris-gruppo-fs-punta-a-costruire-una-rete-ferroviaria-digitale-intelligente-e-sostenibile\/"},"wordCount":391,"commentCount":0,"image":{"@id":"https:\/\/www.article-marketing.eu\/comunicatistampa\/luigi-ferraris-gruppo-fs-punta-a-costruire-una-rete-ferroviaria-digitale-intelligente-e-sostenibile\/#primaryimage"},"thumbnailUrl":"https:\/\/www.ilmessaggero.it\/photos\/MED\/10\/58\/7071058_129_2022-11-23_TLB.jpg","keywords":["Gruppo FS","Luigi Ferraris"],"articleSection":["Economia e lavoro"],"inLanguage":"it-IT","potentialAction":[{"@type":"CommentAction","name":"Comment","target":["https:\/\/www.article-marketing.eu\/comunicatistampa\/luigi-ferraris-gruppo-fs-punta-a-costruire-una-rete-ferroviaria-digitale-intelligente-e-sostenibile\/#respond"]}]},{"@type":"WebPage","@id":"https:\/\/www.article-marketing.eu\/comunicatistampa\/luigi-ferraris-gruppo-fs-punta-a-costruire-una-rete-ferroviaria-digitale-intelligente-e-sostenibile\/","url":"https:\/\/www.article-marketing.eu\/comunicatistampa\/luigi-ferraris-gruppo-fs-punta-a-costruire-una-rete-ferroviaria-digitale-intelligente-e-sostenibile\/","name":"Luigi Ferraris: Gruppo FS punta a costruire una rete ferroviaria digitale, intelligente e sostenibile","isPartOf":{"@id":"https:\/\/www.article-marketing.eu\/comunicatistampa\/#website"},"primaryImageOfPage":{"@id":"https:\/\/www.article-marketing.eu\/comunicatistampa\/luigi-ferraris-gruppo-fs-punta-a-costruire-una-rete-ferroviaria-digitale-intelligente-e-sostenibile\/#primaryimage"},"image":{"@id":"https:\/\/www.article-marketing.eu\/comunicatistampa\/luigi-ferraris-gruppo-fs-punta-a-costruire-una-rete-ferroviaria-digitale-intelligente-e-sostenibile\/#primaryimage"},"thumbnailUrl":"https:\/\/www.ilmessaggero.it\/photos\/MED\/10\/58\/7071058_129_2022-11-23_TLB.jpg","datePublished":"2023-03-09T12:56:06+00:00","author":{"@id":"https:\/\/www.article-marketing.eu\/comunicatistampa\/#\/schema\/person\/00c541681af1a376511ed63d59ca096f"},"breadcrumb":{"@id":"https:\/\/www.article-marketing.eu\/comunicatistampa\/luigi-ferraris-gruppo-fs-punta-a-costruire-una-rete-ferroviaria-digitale-intelligente-e-sostenibile\/#breadcrumb"},"inLanguage":"it-IT","potentialAction":[{"@type":"ReadAction","target":["https:\/\/www.article-marketing.eu\/comunicatistampa\/luigi-ferraris-gruppo-fs-punta-a-costruire-una-rete-ferroviaria-digitale-intelligente-e-sostenibile\/"]}]},{"@type":"ImageObject","inLanguage":"it-IT","@id":"https:\/\/www.article-marketing.eu\/comunicatistampa\/luigi-ferraris-gruppo-fs-punta-a-costruire-una-rete-ferroviaria-digitale-intelligente-e-sostenibile\/#primaryimage","url":"https:\/\/www.ilmessaggero.it\/photos\/MED\/10\/58\/7071058_129_2022-11-23_TLB.jpg","contentUrl":"https:\/\/www.ilmessaggero.it\/photos\/MED\/10\/58\/7071058_129_2022-11-23_TLB.jpg"},{"@type":"BreadcrumbList","@id":"https:\/\/www.article-marketing.eu\/comunicatistampa\/luigi-ferraris-gruppo-fs-punta-a-costruire-una-rete-ferroviaria-digitale-intelligente-e-sostenibile\/#breadcrumb","itemListElement":[{"@type":"ListItem","position":1,"name":"Home","item":"https:\/\/www.article-marketing.eu\/comunicatistampa\/"},{"@type":"ListItem","position":2,"name":"Luigi Ferraris: Gruppo FS punta a costruire una rete ferroviaria digitale, intelligente e sostenibile"}]},{"@type":"WebSite","@id":"https:\/\/www.article-marketing.eu\/comunicatistampa\/#website","url":"https:\/\/www.article-marketing.eu\/comunicatistampa\/","name":"Article Marketing","description":"article marketing &amp; press release","potentialAction":[{"@type":"SearchAction","target":{"@type":"EntryPoint","urlTemplate":"https:\/\/www.article-marketing.eu\/comunicatistampa\/?s={search_term_string}"},"query-input":{"@type":"PropertyValueSpecification","valueRequired":true,"valueName":"search_term_string"}}],"inLanguage":"it-IT"},{"@type":"Person","@id":"https:\/\/www.article-marketing.eu\/comunicatistampa\/#\/schema\/person\/00c541681af1a376511ed63d59ca096f","name":"gbofficeprnews","image":{"@type":"ImageObject","inLanguage":"it-IT","@id":"https:\/\/secure.gravatar.com\/avatar\/6c895f4b9cd59fffe899c25f76b85bf0d427605c1f0d3b07c81e155c001265cf?s=96&d=mm&r=g","url":"https:\/\/secure.gravatar.com\/avatar\/6c895f4b9cd59fffe899c25f76b85bf0d427605c1f0d3b07c81e155c001265cf?s=96&d=mm&r=g","contentUrl":"https:\/\/secure.gravatar.com\/avatar\/6c895f4b9cd59fffe899c25f76b85bf0d427605c1f0d3b07c81e155c001265cf?s=96&d=mm&r=g","caption":"gbofficeprnews"},"url":"https:\/\/www.article-marketing.eu\/comunicatistampa\/author\/gbofficeprnews\/"}]}},"_links":{"self":[{"href":"https:\/\/www.article-marketing.eu\/comunicatistampa\/wp-json\/wp\/v2\/posts\/26240","targetHints":{"allow":["GET"]}}],"collection":[{"href":"https:\/\/www.article-marketing.eu\/comunicatistampa\/wp-json\/wp\/v2\/posts"}],"about":[{"href":"https:\/\/www.article-marketing.eu\/comunicatistampa\/wp-json\/wp\/v2\/types\/post"}],"author":[{"embeddable":true,"href":"https:\/\/www.article-marketing.eu\/comunicatistampa\/wp-json\/wp\/v2\/users\/7203"}],"replies":[{"embeddable":true,"href":"https:\/\/www.article-marketing.eu\/comunicatistampa\/wp-json\/wp\/v2\/comments?post=26240"}],"version-history":[{"count":2,"href":"https:\/\/www.article-marketing.eu\/comunicatistampa\/wp-json\/wp\/v2\/posts\/26240\/revisions"}],"predecessor-version":[{"id":26554,"href":"https:\/\/www.article-marketing.eu\/comunicatistampa\/wp-json\/wp\/v2\/posts\/26240\/revisions\/26554"}],"wp:attachment":[{"href":"https:\/\/www.article-marketing.eu\/comunicatistampa\/wp-json\/wp\/v2\/media?parent=26240"}],"wp:term":[{"taxonomy":"category","embeddable":true,"href":"https:\/\/www.article-marketing.eu\/comunicatistampa\/wp-json\/wp\/v2\/categories?post=26240"},{"taxonomy":"post_tag","embeddable":true,"href":"https:\/\/www.article-marketing.eu\/comunicatistampa\/wp-json\/wp\/v2\/tags?post=26240"}],"curies":[{"name":"wp","href":"https:\/\/api.w.org\/{rel}","templated":true}]}}