{"id":26253,"date":"2023-02-23T13:54:02","date_gmt":"2023-02-23T12:54:02","guid":{"rendered":"https:\/\/www.article-marketing.eu\/comunicatistampa\/?p=26253"},"modified":"2023-02-23T13:54:02","modified_gmt":"2023-02-23T12:54:02","slug":"bollette-in-emilia-romagna-108-per-lelettricita-e-57-per-il-gas","status":"publish","type":"post","link":"https:\/\/www.article-marketing.eu\/comunicatistampa\/bollette-in-emilia-romagna-108-per-lelettricita-e-57-per-il-gas\/","title":{"rendered":"Bollette: in Emilia-Romagna +108% per l\u2019elettricit\u00e0 e +57% per il gas"},"content":{"rendered":"<p>A parit\u00e0 di consumi, secondo l\u2019analisi* di <strong><a href=\"https:\/\/www.facile.it\/\">Facile.it<\/a><\/strong>, le famiglie <strong>residenti in Emilia-Romagna<\/strong> con contratto di fornitura nel mercato tutelato, nel 2022 hanno speso per la sola <strong>bolletta elettrica<\/strong> <strong>1.393 euro<\/strong>, vale a dire il <strong>108% in pi\u00f9 rispetto al 2021<\/strong> e <strong>1.646 euro per il<\/strong> <strong>gas<\/strong> (+<strong>57%<\/strong>). Quest\u2019ultimo dato fa guadagnare alla regione il <strong>secondo posto<\/strong> nella classifica delle aree d\u2019Italia dove, lo scorso anno, si \u00e8 <strong>speso di pi\u00f9 per la bolletta del gas<\/strong>, preceduta solo dal Trentino-Alto Adige.<\/p>\n<p>Il calo del prezzo della materia prima registrato a inizio 2023, per\u00f2, potrebbe far ben sperare.<\/p>\n<p>\u00abCon il nuovo anno abbiamo assistito a buoni segnali sia per il costo dell\u2019energia elettrica che per il gas\u00bb, spiega <strong>Mario Rasimelli<\/strong>, Managing Director Utilities di Facile.it. \u00abNon bisogna, per\u00f2, abbassare la guardia ed \u00e8 bene continuare a monitorare i propri consumi e controllare periodicamente le offerte presenti sul mercato cos\u00ec da identificare eventuali possibilit\u00e0 di risparmio\u00bb.<\/p>\n<p><strong>L\u2019andamento provinciale della bolletta elettrica<\/strong><\/p>\n<p>Complessivamente, quindi, tra luce e gas, nel 2022 gli abitanti dell\u2019Emilia-Romagna hanno sborsato, mediamente, <strong>3.038 euro a famiglia<\/strong> (rispetto ai 1.715 euro del 2021), ma in quali <strong>province si \u00e8 speso di pi\u00f9<\/strong>?<\/p>\n<p>Focalizzandosi sulla sola energia elettrica ed analizzando i dati su base provinciale, al primo posto si posiziona <strong>Modena, <\/strong>area dove il consumo medio a famiglia rilevato nel 2022 \u00e8 stato pari a 3.009 kWh che, considerando le tariffe dello scorso anno in regime di tutela, corrisponde ad un costo di <strong>1.466 euro<\/strong>; seguono <strong>Reggio Emilia<\/strong> (1.455 euro, 2.986 kWh), <strong>Parma<\/strong> (1.448 euro, 2.971 kWh) e <strong>Piacenza<\/strong>, provincia dove sono stati messi a budget, mediamente, <strong>1.443 euro<\/strong> per un consumo medio rilevato di 2.961 kWh.<\/p>\n<p>Continuando a scorrere la graduatoria dell\u2019Emilia-Romagna troviamo <strong>Ravenna<\/strong> (1.422 euro, 2.918 kWh), <strong>Ferrara<\/strong> (1.396 euro, 2.866 kWh) e <strong>Forl\u00ec-Cesena<\/strong> (1.371 euro, 2.813 kWh). Chiudono la classifica <strong>Rimini <\/strong>(1.350 euro, 2.770 kWh) e <strong>Bologna<\/strong>, provincia che, nel 2022, ha rilevato i consumi pi\u00f9 bassi della regione (2.692 kWh) e quindi la bolletta pi\u00f9 \u201cleggera\u201d (1.312 euro).<\/p>\n<p><strong>L\u2019andamento provinciale della bolletta gas<\/strong><\/p>\n<p>Anche sul fronte del gas le bollette sono differenziate a seconda dei consumi medi rilevati. Al primo posto tra le province pi\u00f9 care dell\u2019Emilia-Romagna si posiziona <strong>Ferrara<\/strong>, dove il consumo medio a famiglia \u00e8 stato di 1.416 smc per un costo complessivo di <strong>1.811 euro<\/strong>. Seguono <strong>Parma<\/strong> (1.748 euro, 1.367 smc), <strong>Reggio Emilia<\/strong> (1.721 euro, 1.346 smc), <strong>Modena<\/strong> (1.682 euro, 1.315 smc) e <strong>Piacenza<\/strong>, dove il costo della bolletta del gas \u00e8 stato di <strong>1.649 euro<\/strong> (1.289 smc)<\/p>\n<p>Valori inferiori alla media regionale per <strong>Ravenna<\/strong> (1.600 euro, 1.251 smc), <strong>Rimini <\/strong>(1.596 euro, 1.248 smc) e<strong> Bologna<\/strong>, provincia dove una famiglia, nel 2022, ha speso mediamente <strong>1.556 euro<\/strong> (1.217 smc). Chiude la classifica <strong>Forl\u00ec-Cesena<\/strong>, dove sono stati messi a budget per il gas <strong>1.531 euro<\/strong> (1.197 smc).<\/p>\n<p><em>*L\u2019analisi \u00e8 stata realizzata sui consumi dichiarati in un campione di oltre 400.000 contratti di fornitura luce e gas raccolti nel 2022 (pari, a livello nazionale, a 2.944 kWh per l\u2019energia elettrica e 1.141 smc per la fornitura di gas e, a livello regionale, a <\/em><em>2.859 kWh e 1.287 smc<\/em><em>), prendendo in considerazione i prezzi offerti nel mercato tutelato. <\/em><\/p>\n","protected":false},"excerpt":{"rendered":"<p>A parit\u00e0 di consumi, secondo l\u2019analisi* di Facile.it, le famiglie residenti in Emilia-Romagna con contratto di fornitura nel mercato tutelato, nel 2022 hanno speso per la sola bolletta elettrica 1.393 euro, vale a dire il 108% in pi\u00f9 rispetto al 2021 e 1.646 euro per il gas (+57%). Quest\u2019ultimo dato fa guadagnare alla regione il secondo posto nella classifica delle aree d\u2019Italia dove, lo scorso anno, si \u00e8 speso di<\/p>\n<p><a class=\"continue-reading\" href=\"https:\/\/www.article-marketing.eu\/comunicatistampa\/bollette-in-emilia-romagna-108-per-lelettricita-e-57-per-il-gas\/\">Continue reading&#8230;<\/a><\/p>\n","protected":false},"author":62,"featured_media":0,"comment_status":"open","ping_status":"open","sticky":false,"template":"","format":"standard","meta":{"_monsterinsights_skip_tracking":false,"_monsterinsights_sitenote_active":false,"_monsterinsights_sitenote_note":"","_monsterinsights_sitenote_category":0,"footnotes":""},"categories":[386],"tags":[751,10171,836,555,8514],"class_list":["post-26253","post","type-post","status-publish","format-standard","hentry","category-economia-e-lavoro","tag-bollette","tag-caro-energia","tag-emilia-romagna","tag-facile-it","tag-luce-e-gas"],"yoast_head":"<!-- This site is optimized with the Yoast SEO plugin v27.3 - https:\/\/yoast.com\/product\/yoast-seo-wordpress\/ -->\n<title>Bollette: in Emilia-Romagna +108% per l\u2019elettricit\u00e0 e +57% per il gas<\/title>\n<meta name=\"robots\" content=\"index, follow, max-snippet:-1, max-image-preview:large, max-video-preview:-1\" \/>\n<link rel=\"canonical\" href=\"https:\/\/www.article-marketing.eu\/comunicatistampa\/bollette-in-emilia-romagna-108-per-lelettricita-e-57-per-il-gas\/\" \/>\n<meta property=\"og:locale\" content=\"it_IT\" \/>\n<meta property=\"og:type\" content=\"article\" \/>\n<meta property=\"og:title\" content=\"Bollette: in Emilia-Romagna +108% per l\u2019elettricit\u00e0 e +57% per il gas\" \/>\n<meta property=\"og:description\" content=\"A parit\u00e0 di consumi, secondo l\u2019analisi* di Facile.it, le famiglie residenti in Emilia-Romagna con contratto di fornitura nel mercato tutelato, nel 2022 hanno speso per la sola bolletta elettrica 1.393 euro, vale a dire il 108% in pi\u00f9 rispetto al 2021 e 1.646 euro per il gas (+57%). Quest\u2019ultimo dato fa guadagnare alla regione il secondo posto nella classifica delle aree d\u2019Italia dove, lo scorso anno, si \u00e8 speso diContinue reading...\" \/>\n<meta property=\"og:url\" content=\"https:\/\/www.article-marketing.eu\/comunicatistampa\/bollette-in-emilia-romagna-108-per-lelettricita-e-57-per-il-gas\/\" \/>\n<meta property=\"og:site_name\" content=\"Article Marketing\" \/>\n<meta property=\"article:published_time\" content=\"2023-02-23T12:54:02+00:00\" \/>\n<meta name=\"author\" content=\"Facile.it\" \/>\n<meta name=\"twitter:card\" content=\"summary_large_image\" \/>\n<meta name=\"twitter:label1\" content=\"Scritto da\" \/>\n\t<meta name=\"twitter:data1\" content=\"Facile.it\" \/>\n\t<meta name=\"twitter:label2\" content=\"Tempo di lettura stimato\" \/>\n\t<meta name=\"twitter:data2\" content=\"3 minuti\" \/>\n<script type=\"application\/ld+json\" class=\"yoast-schema-graph\">{\"@context\":\"https:\\\/\\\/schema.org\",\"@graph\":[{\"@type\":\"Article\",\"@id\":\"https:\\\/\\\/www.article-marketing.eu\\\/comunicatistampa\\\/bollette-in-emilia-romagna-108-per-lelettricita-e-57-per-il-gas\\\/#article\",\"isPartOf\":{\"@id\":\"https:\\\/\\\/www.article-marketing.eu\\\/comunicatistampa\\\/bollette-in-emilia-romagna-108-per-lelettricita-e-57-per-il-gas\\\/\"},\"author\":{\"name\":\"Facile.it\",\"@id\":\"https:\\\/\\\/www.article-marketing.eu\\\/comunicatistampa\\\/#\\\/schema\\\/person\\\/1deca6d9e0cf173abfe76a90ef261a2a\"},\"headline\":\"Bollette: in Emilia-Romagna +108% per l\u2019elettricit\u00e0 e +57% per il gas\",\"datePublished\":\"2023-02-23T12:54:02+00:00\",\"mainEntityOfPage\":{\"@id\":\"https:\\\/\\\/www.article-marketing.eu\\\/comunicatistampa\\\/bollette-in-emilia-romagna-108-per-lelettricita-e-57-per-il-gas\\\/\"},\"wordCount\":483,\"commentCount\":0,\"keywords\":[\"bollette\",\"caro energia\",\"Emilia Romagna\",\"facile.it\",\"luce e gas\"],\"articleSection\":[\"Economia e lavoro\"],\"inLanguage\":\"it-IT\",\"potentialAction\":[{\"@type\":\"CommentAction\",\"name\":\"Comment\",\"target\":[\"https:\\\/\\\/www.article-marketing.eu\\\/comunicatistampa\\\/bollette-in-emilia-romagna-108-per-lelettricita-e-57-per-il-gas\\\/#respond\"]}]},{\"@type\":\"WebPage\",\"@id\":\"https:\\\/\\\/www.article-marketing.eu\\\/comunicatistampa\\\/bollette-in-emilia-romagna-108-per-lelettricita-e-57-per-il-gas\\\/\",\"url\":\"https:\\\/\\\/www.article-marketing.eu\\\/comunicatistampa\\\/bollette-in-emilia-romagna-108-per-lelettricita-e-57-per-il-gas\\\/\",\"name\":\"Bollette: in Emilia-Romagna +108% per l\u2019elettricit\u00e0 e +57% per il gas\",\"isPartOf\":{\"@id\":\"https:\\\/\\\/www.article-marketing.eu\\\/comunicatistampa\\\/#website\"},\"datePublished\":\"2023-02-23T12:54:02+00:00\",\"author\":{\"@id\":\"https:\\\/\\\/www.article-marketing.eu\\\/comunicatistampa\\\/#\\\/schema\\\/person\\\/1deca6d9e0cf173abfe76a90ef261a2a\"},\"breadcrumb\":{\"@id\":\"https:\\\/\\\/www.article-marketing.eu\\\/comunicatistampa\\\/bollette-in-emilia-romagna-108-per-lelettricita-e-57-per-il-gas\\\/#breadcrumb\"},\"inLanguage\":\"it-IT\",\"potentialAction\":[{\"@type\":\"ReadAction\",\"target\":[\"https:\\\/\\\/www.article-marketing.eu\\\/comunicatistampa\\\/bollette-in-emilia-romagna-108-per-lelettricita-e-57-per-il-gas\\\/\"]}]},{\"@type\":\"BreadcrumbList\",\"@id\":\"https:\\\/\\\/www.article-marketing.eu\\\/comunicatistampa\\\/bollette-in-emilia-romagna-108-per-lelettricita-e-57-per-il-gas\\\/#breadcrumb\",\"itemListElement\":[{\"@type\":\"ListItem\",\"position\":1,\"name\":\"Home\",\"item\":\"https:\\\/\\\/www.article-marketing.eu\\\/comunicatistampa\\\/\"},{\"@type\":\"ListItem\",\"position\":2,\"name\":\"Bollette: in Emilia-Romagna +108% per l\u2019elettricit\u00e0 e +57% per il gas\"}]},{\"@type\":\"WebSite\",\"@id\":\"https:\\\/\\\/www.article-marketing.eu\\\/comunicatistampa\\\/#website\",\"url\":\"https:\\\/\\\/www.article-marketing.eu\\\/comunicatistampa\\\/\",\"name\":\"Article Marketing\",\"description\":\"article marketing &amp; press release\",\"potentialAction\":[{\"@type\":\"SearchAction\",\"target\":{\"@type\":\"EntryPoint\",\"urlTemplate\":\"https:\\\/\\\/www.article-marketing.eu\\\/comunicatistampa\\\/?s={search_term_string}\"},\"query-input\":{\"@type\":\"PropertyValueSpecification\",\"valueRequired\":true,\"valueName\":\"search_term_string\"}}],\"inLanguage\":\"it-IT\"},{\"@type\":\"Person\",\"@id\":\"https:\\\/\\\/www.article-marketing.eu\\\/comunicatistampa\\\/#\\\/schema\\\/person\\\/1deca6d9e0cf173abfe76a90ef261a2a\",\"name\":\"Facile.it\",\"image\":{\"@type\":\"ImageObject\",\"inLanguage\":\"it-IT\",\"@id\":\"https:\\\/\\\/secure.gravatar.com\\\/avatar\\\/2623775dfcd174bde1a788a4bc028e9035747fa40886953f4954f56c45cf4b34?s=96&d=mm&r=g\",\"url\":\"https:\\\/\\\/secure.gravatar.com\\\/avatar\\\/2623775dfcd174bde1a788a4bc028e9035747fa40886953f4954f56c45cf4b34?s=96&d=mm&r=g\",\"contentUrl\":\"https:\\\/\\\/secure.gravatar.com\\\/avatar\\\/2623775dfcd174bde1a788a4bc028e9035747fa40886953f4954f56c45cf4b34?s=96&d=mm&r=g\",\"caption\":\"Facile.it\"},\"url\":\"https:\\\/\\\/www.article-marketing.eu\\\/comunicatistampa\\\/author\\\/facile-it\\\/\"}]}<\/script>\n<!-- \/ Yoast SEO plugin. -->","yoast_head_json":{"title":"Bollette: in Emilia-Romagna +108% per l\u2019elettricit\u00e0 e +57% per il gas","robots":{"index":"index","follow":"follow","max-snippet":"max-snippet:-1","max-image-preview":"max-image-preview:large","max-video-preview":"max-video-preview:-1"},"canonical":"https:\/\/www.article-marketing.eu\/comunicatistampa\/bollette-in-emilia-romagna-108-per-lelettricita-e-57-per-il-gas\/","og_locale":"it_IT","og_type":"article","og_title":"Bollette: in Emilia-Romagna +108% per l\u2019elettricit\u00e0 e +57% per il gas","og_description":"A parit\u00e0 di consumi, secondo l\u2019analisi* di Facile.it, le famiglie residenti in Emilia-Romagna con contratto di fornitura nel mercato tutelato, nel 2022 hanno speso per la sola bolletta elettrica 1.393 euro, vale a dire il 108% in pi\u00f9 rispetto al 2021 e 1.646 euro per il gas (+57%). Quest\u2019ultimo dato fa guadagnare alla regione il secondo posto nella classifica delle aree d\u2019Italia dove, lo scorso anno, si \u00e8 speso diContinue reading...","og_url":"https:\/\/www.article-marketing.eu\/comunicatistampa\/bollette-in-emilia-romagna-108-per-lelettricita-e-57-per-il-gas\/","og_site_name":"Article Marketing","article_published_time":"2023-02-23T12:54:02+00:00","author":"Facile.it","twitter_card":"summary_large_image","twitter_misc":{"Scritto da":"Facile.it","Tempo di lettura stimato":"3 minuti"},"schema":{"@context":"https:\/\/schema.org","@graph":[{"@type":"Article","@id":"https:\/\/www.article-marketing.eu\/comunicatistampa\/bollette-in-emilia-romagna-108-per-lelettricita-e-57-per-il-gas\/#article","isPartOf":{"@id":"https:\/\/www.article-marketing.eu\/comunicatistampa\/bollette-in-emilia-romagna-108-per-lelettricita-e-57-per-il-gas\/"},"author":{"name":"Facile.it","@id":"https:\/\/www.article-marketing.eu\/comunicatistampa\/#\/schema\/person\/1deca6d9e0cf173abfe76a90ef261a2a"},"headline":"Bollette: in Emilia-Romagna +108% per l\u2019elettricit\u00e0 e +57% per il gas","datePublished":"2023-02-23T12:54:02+00:00","mainEntityOfPage":{"@id":"https:\/\/www.article-marketing.eu\/comunicatistampa\/bollette-in-emilia-romagna-108-per-lelettricita-e-57-per-il-gas\/"},"wordCount":483,"commentCount":0,"keywords":["bollette","caro energia","Emilia Romagna","facile.it","luce e gas"],"articleSection":["Economia e lavoro"],"inLanguage":"it-IT","potentialAction":[{"@type":"CommentAction","name":"Comment","target":["https:\/\/www.article-marketing.eu\/comunicatistampa\/bollette-in-emilia-romagna-108-per-lelettricita-e-57-per-il-gas\/#respond"]}]},{"@type":"WebPage","@id":"https:\/\/www.article-marketing.eu\/comunicatistampa\/bollette-in-emilia-romagna-108-per-lelettricita-e-57-per-il-gas\/","url":"https:\/\/www.article-marketing.eu\/comunicatistampa\/bollette-in-emilia-romagna-108-per-lelettricita-e-57-per-il-gas\/","name":"Bollette: in Emilia-Romagna +108% per l\u2019elettricit\u00e0 e +57% per il gas","isPartOf":{"@id":"https:\/\/www.article-marketing.eu\/comunicatistampa\/#website"},"datePublished":"2023-02-23T12:54:02+00:00","author":{"@id":"https:\/\/www.article-marketing.eu\/comunicatistampa\/#\/schema\/person\/1deca6d9e0cf173abfe76a90ef261a2a"},"breadcrumb":{"@id":"https:\/\/www.article-marketing.eu\/comunicatistampa\/bollette-in-emilia-romagna-108-per-lelettricita-e-57-per-il-gas\/#breadcrumb"},"inLanguage":"it-IT","potentialAction":[{"@type":"ReadAction","target":["https:\/\/www.article-marketing.eu\/comunicatistampa\/bollette-in-emilia-romagna-108-per-lelettricita-e-57-per-il-gas\/"]}]},{"@type":"BreadcrumbList","@id":"https:\/\/www.article-marketing.eu\/comunicatistampa\/bollette-in-emilia-romagna-108-per-lelettricita-e-57-per-il-gas\/#breadcrumb","itemListElement":[{"@type":"ListItem","position":1,"name":"Home","item":"https:\/\/www.article-marketing.eu\/comunicatistampa\/"},{"@type":"ListItem","position":2,"name":"Bollette: in Emilia-Romagna +108% per l\u2019elettricit\u00e0 e +57% per il gas"}]},{"@type":"WebSite","@id":"https:\/\/www.article-marketing.eu\/comunicatistampa\/#website","url":"https:\/\/www.article-marketing.eu\/comunicatistampa\/","name":"Article Marketing","description":"article marketing &amp; press release","potentialAction":[{"@type":"SearchAction","target":{"@type":"EntryPoint","urlTemplate":"https:\/\/www.article-marketing.eu\/comunicatistampa\/?s={search_term_string}"},"query-input":{"@type":"PropertyValueSpecification","valueRequired":true,"valueName":"search_term_string"}}],"inLanguage":"it-IT"},{"@type":"Person","@id":"https:\/\/www.article-marketing.eu\/comunicatistampa\/#\/schema\/person\/1deca6d9e0cf173abfe76a90ef261a2a","name":"Facile.it","image":{"@type":"ImageObject","inLanguage":"it-IT","@id":"https:\/\/secure.gravatar.com\/avatar\/2623775dfcd174bde1a788a4bc028e9035747fa40886953f4954f56c45cf4b34?s=96&d=mm&r=g","url":"https:\/\/secure.gravatar.com\/avatar\/2623775dfcd174bde1a788a4bc028e9035747fa40886953f4954f56c45cf4b34?s=96&d=mm&r=g","contentUrl":"https:\/\/secure.gravatar.com\/avatar\/2623775dfcd174bde1a788a4bc028e9035747fa40886953f4954f56c45cf4b34?s=96&d=mm&r=g","caption":"Facile.it"},"url":"https:\/\/www.article-marketing.eu\/comunicatistampa\/author\/facile-it\/"}]}},"_links":{"self":[{"href":"https:\/\/www.article-marketing.eu\/comunicatistampa\/wp-json\/wp\/v2\/posts\/26253","targetHints":{"allow":["GET"]}}],"collection":[{"href":"https:\/\/www.article-marketing.eu\/comunicatistampa\/wp-json\/wp\/v2\/posts"}],"about":[{"href":"https:\/\/www.article-marketing.eu\/comunicatistampa\/wp-json\/wp\/v2\/types\/post"}],"author":[{"embeddable":true,"href":"https:\/\/www.article-marketing.eu\/comunicatistampa\/wp-json\/wp\/v2\/users\/62"}],"replies":[{"embeddable":true,"href":"https:\/\/www.article-marketing.eu\/comunicatistampa\/wp-json\/wp\/v2\/comments?post=26253"}],"version-history":[{"count":2,"href":"https:\/\/www.article-marketing.eu\/comunicatistampa\/wp-json\/wp\/v2\/posts\/26253\/revisions"}],"predecessor-version":[{"id":26435,"href":"https:\/\/www.article-marketing.eu\/comunicatistampa\/wp-json\/wp\/v2\/posts\/26253\/revisions\/26435"}],"wp:attachment":[{"href":"https:\/\/www.article-marketing.eu\/comunicatistampa\/wp-json\/wp\/v2\/media?parent=26253"}],"wp:term":[{"taxonomy":"category","embeddable":true,"href":"https:\/\/www.article-marketing.eu\/comunicatistampa\/wp-json\/wp\/v2\/categories?post=26253"},{"taxonomy":"post_tag","embeddable":true,"href":"https:\/\/www.article-marketing.eu\/comunicatistampa\/wp-json\/wp\/v2\/tags?post=26253"}],"curies":[{"name":"wp","href":"https:\/\/api.w.org\/{rel}","templated":true}]}}