{"id":26265,"date":"2023-03-14T22:57:25","date_gmt":"2023-03-14T21:57:25","guid":{"rendered":"https:\/\/www.article-marketing.eu\/comunicatistampa\/?p=26265"},"modified":"2023-03-14T22:57:25","modified_gmt":"2023-03-14T21:57:25","slug":"claudio-descalzi-il-talk-di-harvard-business-review-con-lad-di-eni","status":"publish","type":"post","link":"https:\/\/www.article-marketing.eu\/comunicatistampa\/claudio-descalzi-il-talk-di-harvard-business-review-con-lad-di-eni\/","title":{"rendered":"Claudio Descalzi: il talk di \u201cHarvard Business Review\u201d con l\u2019AD di Eni"},"content":{"rendered":"<p><strong>Il mondo dell\u2019energia e le sfide della contemporaneit\u00e0: l\u2019intervento dell\u2019AD di Eni <a title=\"Claudio Descalzi, AD di Eni\" href=\"https:\/\/www.executivemanager.it\/Claudio-Descalzi\/\">Claudio Descalzi<\/a> nell\u2019ambito di un\u2019iniziativa organizzata da \u201cHarvard Business Review\u201d.<\/strong><\/p>\n<p><a title=\"Claudio Descalzi, AD di Eni\" href=\"https:\/\/www.executivemanager.it\/Claudio-Descalzi\/\"><img loading=\"lazy\" decoding=\"async\" src=\"https:\/\/www.executivemanager.it\/images\/comprofiler\/513_57d9109457b28.jpg\" alt=\"Claudio Descalzi\" width=\"200\" height=\"300\" \/><\/a><\/p>\n<h2>Claudio Descalzi: orgoglioso di guidare un\u2019azienda che \u00e8 culturalmente predisposta per abbracciare il cambiamento<\/h2>\n<p>Intervenuto nel corso di un evento organizzato dalla \u201cHarvard Business Review\u201d, l\u2019AD di Eni <a title=\"Claudio Descalzi su Executive Manager\" href=\"https:\/\/www.executivemanager.it\/Claudio-Descalzi\/\">Claudio Descalzi<\/a> ha parlato delle sfide di Eni e pi\u00f9 in generale di quelle che il mondo dell\u2019energia \u201c<em>nel suo insieme<\/em>\u201d \u00e8 chiamato ad affrontare in questo particolare momento storico. Non solo: come scrive su LinkedIn l\u2019AD di Eni, insieme ad Adi Ignatius, Editor In Chief per \u201cHarvard Business Review\u201d, \u201c<em>ci siamo anche presi un momento per riflettere su\u00a0come\u00a0la nostra\u00a0azienda\u00a0stia cambiando\u00a0e\u00a0come le nostre\u00a0scoperte tecnologiche pionieristiche e il nostro team appassionato ci permettano di essere in prima linea nella transizione energetica<\/em>\u201d. L\u2019AD <strong>Claudio Descalzi<\/strong> ne ha quindi ricordato il valore: \u201c<em>Questo cambiamento globale \u00e8 un processo a lungo termine che richiede una radicale trasformazione interna. Sono orgoglioso di guidare un\u2019azienda che \u00e8 culturalmente predisposta per abbracciare il cambiamento<\/em>\u201d.<\/p>\n<h2>Claudio Descalzi: transizione energetica, dobbiamo puntare su tutte le energie e non solo sul gas<\/h2>\n<p>L\u2019AD Claudio Descalzi nel corso dell\u2019intervista ha sottolineato la necessit\u00e0 di &#8220;<em>diversificare<\/em>&#8221; gli approvvigionamenti a livello geografico. \u201c<em>Siamo in mezzo a una grande trasformazione e ad una transizione energetica<\/em>\u201d che deve essere affrontata con l\u2019innovazione e tutte le tecnologie possibili. \u201c<em>Dobbiamo puntare su tutte le energie e non solo sul gas<\/em>\u201d, ha ribadito l\u2019AD aggiungendo che \u201c<em>negli ultimi anni Eni ha investito molto nella trasformazione della societ\u00e0, oltre 7 miliardi di euro in ricerca e sviluppo<\/em>\u201d. Bisogna per\u00f2 essere consapevoli che \u201c<em>la transizione non pu\u00f2 arrivare da un giorno all\u2019altro<\/em>\u201d e \u201c<em>non potremo quindi fare a meno del petrolio e del gas come abbiamo visto con la pandemia e con la guerra<\/em>\u201d. <strong>Claudio Descalzi<\/strong> ha spiegato inoltre che, in virt\u00f9 del contesto attuale, a pilastri fondamentali quali sostenibilit\u00e0 e ambiente occorre affiancarne altri: sicurezza energetica e competitivit\u00e0 del nostro sistema industriale sono le \u201c<em>altre due gambe<\/em>\u201d su cui deve reggersi il paradigma per riuscire a fare business rispondendo efficacemente alle sfide che la contemporaneit\u00e0 impone. \u201c<em>Quando i prezzi sono cos\u00ec alti la nostra industria soffre<\/em>\u201d: basti pensare che oggi paghiamo 5-7 volte l\u2019energia pi\u00f9 caramente rispetto agli Stati Uniti e \u201c<em>questo crea un problema competitivo<\/em>\u201d. Impossibile quindi non tenerle in considerazione.<\/p>\n","protected":false},"excerpt":{"rendered":"<p>Il mondo dell\u2019energia e le sfide della contemporaneit\u00e0: l\u2019intervento dell\u2019AD di Eni Claudio Descalzi nell\u2019ambito di un\u2019iniziativa organizzata da \u201cHarvard Business Review\u201d. Claudio Descalzi: orgoglioso di guidare un\u2019azienda che \u00e8 culturalmente predisposta per abbracciare il cambiamento Intervenuto nel corso di un evento organizzato dalla \u201cHarvard Business Review\u201d, l\u2019AD di Eni Claudio Descalzi ha parlato delle sfide di Eni e pi\u00f9 in generale di quelle che il mondo dell\u2019energia \u201cnel suo<\/p>\n<p><a class=\"continue-reading\" href=\"https:\/\/www.article-marketing.eu\/comunicatistampa\/claudio-descalzi-il-talk-di-harvard-business-review-con-lad-di-eni\/\">Continue reading&#8230;<\/a><\/p>\n","protected":false},"author":6477,"featured_media":0,"comment_status":"open","ping_status":"open","sticky":false,"template":"","format":"standard","meta":{"_monsterinsights_skip_tracking":false,"_monsterinsights_sitenote_active":false,"_monsterinsights_sitenote_note":"","_monsterinsights_sitenote_category":0,"footnotes":""},"categories":[386],"tags":[9889],"class_list":["post-26265","post","type-post","status-publish","format-standard","hentry","category-economia-e-lavoro","tag-claudio-descalzi"],"yoast_head":"<!-- This site is optimized with the Yoast SEO plugin v27.3 - https:\/\/yoast.com\/product\/yoast-seo-wordpress\/ -->\n<title>Claudio Descalzi: il talk di \u201cHarvard Business Review\u201d con l\u2019AD di Eni<\/title>\n<meta name=\"robots\" content=\"index, follow, max-snippet:-1, max-image-preview:large, max-video-preview:-1\" \/>\n<link rel=\"canonical\" href=\"https:\/\/www.article-marketing.eu\/comunicatistampa\/claudio-descalzi-il-talk-di-harvard-business-review-con-lad-di-eni\/\" \/>\n<meta property=\"og:locale\" content=\"it_IT\" \/>\n<meta property=\"og:type\" content=\"article\" \/>\n<meta property=\"og:title\" content=\"Claudio Descalzi: il talk di \u201cHarvard Business Review\u201d con l\u2019AD di Eni\" \/>\n<meta property=\"og:description\" content=\"Il mondo dell\u2019energia e le sfide della contemporaneit\u00e0: l\u2019intervento dell\u2019AD di Eni Claudio Descalzi nell\u2019ambito di un\u2019iniziativa organizzata da \u201cHarvard Business Review\u201d. Claudio Descalzi: orgoglioso di guidare un\u2019azienda che \u00e8 culturalmente predisposta per abbracciare il cambiamento Intervenuto nel corso di un evento organizzato dalla \u201cHarvard Business Review\u201d, l\u2019AD di Eni Claudio Descalzi ha parlato delle sfide di Eni e pi\u00f9 in generale di quelle che il mondo dell\u2019energia \u201cnel suoContinue reading...\" \/>\n<meta property=\"og:url\" content=\"https:\/\/www.article-marketing.eu\/comunicatistampa\/claudio-descalzi-il-talk-di-harvard-business-review-con-lad-di-eni\/\" \/>\n<meta property=\"og:site_name\" content=\"Article Marketing\" \/>\n<meta property=\"article:published_time\" content=\"2023-03-14T21:57:25+00:00\" \/>\n<meta property=\"og:image\" content=\"https:\/\/www.executivemanager.it\/images\/comprofiler\/513_57d9109457b28.jpg\" \/>\n<meta name=\"author\" content=\"articolinews\" \/>\n<meta name=\"twitter:card\" content=\"summary_large_image\" \/>\n<meta name=\"twitter:label1\" content=\"Scritto da\" \/>\n\t<meta name=\"twitter:data1\" content=\"articolinews\" \/>\n\t<meta name=\"twitter:label2\" content=\"Tempo di lettura stimato\" \/>\n\t<meta name=\"twitter:data2\" content=\"3 minuti\" \/>\n<script type=\"application\/ld+json\" class=\"yoast-schema-graph\">{\"@context\":\"https:\\\/\\\/schema.org\",\"@graph\":[{\"@type\":\"Article\",\"@id\":\"https:\\\/\\\/www.article-marketing.eu\\\/comunicatistampa\\\/claudio-descalzi-il-talk-di-harvard-business-review-con-lad-di-eni\\\/#article\",\"isPartOf\":{\"@id\":\"https:\\\/\\\/www.article-marketing.eu\\\/comunicatistampa\\\/claudio-descalzi-il-talk-di-harvard-business-review-con-lad-di-eni\\\/\"},\"author\":{\"name\":\"articolinews\",\"@id\":\"https:\\\/\\\/www.article-marketing.eu\\\/comunicatistampa\\\/#\\\/schema\\\/person\\\/2fcaf8f8f3a9eef9eb7f27532d3ca458\"},\"headline\":\"Claudio Descalzi: il talk di \u201cHarvard Business Review\u201d con l\u2019AD di Eni\",\"datePublished\":\"2023-03-14T21:57:25+00:00\",\"mainEntityOfPage\":{\"@id\":\"https:\\\/\\\/www.article-marketing.eu\\\/comunicatistampa\\\/claudio-descalzi-il-talk-di-harvard-business-review-con-lad-di-eni\\\/\"},\"wordCount\":415,\"commentCount\":0,\"image\":{\"@id\":\"https:\\\/\\\/www.article-marketing.eu\\\/comunicatistampa\\\/claudio-descalzi-il-talk-di-harvard-business-review-con-lad-di-eni\\\/#primaryimage\"},\"thumbnailUrl\":\"https:\\\/\\\/www.executivemanager.it\\\/images\\\/comprofiler\\\/513_57d9109457b28.jpg\",\"keywords\":[\"Claudio Descalzi\"],\"articleSection\":[\"Economia e lavoro\"],\"inLanguage\":\"it-IT\",\"potentialAction\":[{\"@type\":\"CommentAction\",\"name\":\"Comment\",\"target\":[\"https:\\\/\\\/www.article-marketing.eu\\\/comunicatistampa\\\/claudio-descalzi-il-talk-di-harvard-business-review-con-lad-di-eni\\\/#respond\"]}]},{\"@type\":\"WebPage\",\"@id\":\"https:\\\/\\\/www.article-marketing.eu\\\/comunicatistampa\\\/claudio-descalzi-il-talk-di-harvard-business-review-con-lad-di-eni\\\/\",\"url\":\"https:\\\/\\\/www.article-marketing.eu\\\/comunicatistampa\\\/claudio-descalzi-il-talk-di-harvard-business-review-con-lad-di-eni\\\/\",\"name\":\"Claudio Descalzi: il talk di \u201cHarvard Business Review\u201d con l\u2019AD di Eni\",\"isPartOf\":{\"@id\":\"https:\\\/\\\/www.article-marketing.eu\\\/comunicatistampa\\\/#website\"},\"primaryImageOfPage\":{\"@id\":\"https:\\\/\\\/www.article-marketing.eu\\\/comunicatistampa\\\/claudio-descalzi-il-talk-di-harvard-business-review-con-lad-di-eni\\\/#primaryimage\"},\"image\":{\"@id\":\"https:\\\/\\\/www.article-marketing.eu\\\/comunicatistampa\\\/claudio-descalzi-il-talk-di-harvard-business-review-con-lad-di-eni\\\/#primaryimage\"},\"thumbnailUrl\":\"https:\\\/\\\/www.executivemanager.it\\\/images\\\/comprofiler\\\/513_57d9109457b28.jpg\",\"datePublished\":\"2023-03-14T21:57:25+00:00\",\"author\":{\"@id\":\"https:\\\/\\\/www.article-marketing.eu\\\/comunicatistampa\\\/#\\\/schema\\\/person\\\/2fcaf8f8f3a9eef9eb7f27532d3ca458\"},\"breadcrumb\":{\"@id\":\"https:\\\/\\\/www.article-marketing.eu\\\/comunicatistampa\\\/claudio-descalzi-il-talk-di-harvard-business-review-con-lad-di-eni\\\/#breadcrumb\"},\"inLanguage\":\"it-IT\",\"potentialAction\":[{\"@type\":\"ReadAction\",\"target\":[\"https:\\\/\\\/www.article-marketing.eu\\\/comunicatistampa\\\/claudio-descalzi-il-talk-di-harvard-business-review-con-lad-di-eni\\\/\"]}]},{\"@type\":\"ImageObject\",\"inLanguage\":\"it-IT\",\"@id\":\"https:\\\/\\\/www.article-marketing.eu\\\/comunicatistampa\\\/claudio-descalzi-il-talk-di-harvard-business-review-con-lad-di-eni\\\/#primaryimage\",\"url\":\"https:\\\/\\\/www.executivemanager.it\\\/images\\\/comprofiler\\\/513_57d9109457b28.jpg\",\"contentUrl\":\"https:\\\/\\\/www.executivemanager.it\\\/images\\\/comprofiler\\\/513_57d9109457b28.jpg\"},{\"@type\":\"BreadcrumbList\",\"@id\":\"https:\\\/\\\/www.article-marketing.eu\\\/comunicatistampa\\\/claudio-descalzi-il-talk-di-harvard-business-review-con-lad-di-eni\\\/#breadcrumb\",\"itemListElement\":[{\"@type\":\"ListItem\",\"position\":1,\"name\":\"Home\",\"item\":\"https:\\\/\\\/www.article-marketing.eu\\\/comunicatistampa\\\/\"},{\"@type\":\"ListItem\",\"position\":2,\"name\":\"Claudio Descalzi: il talk di \u201cHarvard Business Review\u201d con l\u2019AD di Eni\"}]},{\"@type\":\"WebSite\",\"@id\":\"https:\\\/\\\/www.article-marketing.eu\\\/comunicatistampa\\\/#website\",\"url\":\"https:\\\/\\\/www.article-marketing.eu\\\/comunicatistampa\\\/\",\"name\":\"Article Marketing\",\"description\":\"article marketing &amp; press release\",\"potentialAction\":[{\"@type\":\"SearchAction\",\"target\":{\"@type\":\"EntryPoint\",\"urlTemplate\":\"https:\\\/\\\/www.article-marketing.eu\\\/comunicatistampa\\\/?s={search_term_string}\"},\"query-input\":{\"@type\":\"PropertyValueSpecification\",\"valueRequired\":true,\"valueName\":\"search_term_string\"}}],\"inLanguage\":\"it-IT\"},{\"@type\":\"Person\",\"@id\":\"https:\\\/\\\/www.article-marketing.eu\\\/comunicatistampa\\\/#\\\/schema\\\/person\\\/2fcaf8f8f3a9eef9eb7f27532d3ca458\",\"name\":\"articolinews\",\"image\":{\"@type\":\"ImageObject\",\"inLanguage\":\"it-IT\",\"@id\":\"https:\\\/\\\/secure.gravatar.com\\\/avatar\\\/9e2a264bab04e17dea24d937c9956304649a848cb73c46747a692ff1bdeb1cb7?s=96&d=mm&r=g\",\"url\":\"https:\\\/\\\/secure.gravatar.com\\\/avatar\\\/9e2a264bab04e17dea24d937c9956304649a848cb73c46747a692ff1bdeb1cb7?s=96&d=mm&r=g\",\"contentUrl\":\"https:\\\/\\\/secure.gravatar.com\\\/avatar\\\/9e2a264bab04e17dea24d937c9956304649a848cb73c46747a692ff1bdeb1cb7?s=96&d=mm&r=g\",\"caption\":\"articolinews\"},\"url\":\"https:\\\/\\\/www.article-marketing.eu\\\/comunicatistampa\\\/author\\\/articolinews\\\/\"}]}<\/script>\n<!-- \/ Yoast SEO plugin. -->","yoast_head_json":{"title":"Claudio Descalzi: il talk di \u201cHarvard Business Review\u201d con l\u2019AD di Eni","robots":{"index":"index","follow":"follow","max-snippet":"max-snippet:-1","max-image-preview":"max-image-preview:large","max-video-preview":"max-video-preview:-1"},"canonical":"https:\/\/www.article-marketing.eu\/comunicatistampa\/claudio-descalzi-il-talk-di-harvard-business-review-con-lad-di-eni\/","og_locale":"it_IT","og_type":"article","og_title":"Claudio Descalzi: il talk di \u201cHarvard Business Review\u201d con l\u2019AD di Eni","og_description":"Il mondo dell\u2019energia e le sfide della contemporaneit\u00e0: l\u2019intervento dell\u2019AD di Eni Claudio Descalzi nell\u2019ambito di un\u2019iniziativa organizzata da \u201cHarvard Business Review\u201d. Claudio Descalzi: orgoglioso di guidare un\u2019azienda che \u00e8 culturalmente predisposta per abbracciare il cambiamento Intervenuto nel corso di un evento organizzato dalla \u201cHarvard Business Review\u201d, l\u2019AD di Eni Claudio Descalzi ha parlato delle sfide di Eni e pi\u00f9 in generale di quelle che il mondo dell\u2019energia \u201cnel suoContinue reading...","og_url":"https:\/\/www.article-marketing.eu\/comunicatistampa\/claudio-descalzi-il-talk-di-harvard-business-review-con-lad-di-eni\/","og_site_name":"Article Marketing","article_published_time":"2023-03-14T21:57:25+00:00","og_image":[{"url":"https:\/\/www.executivemanager.it\/images\/comprofiler\/513_57d9109457b28.jpg","type":"","width":"","height":""}],"author":"articolinews","twitter_card":"summary_large_image","twitter_misc":{"Scritto da":"articolinews","Tempo di lettura stimato":"3 minuti"},"schema":{"@context":"https:\/\/schema.org","@graph":[{"@type":"Article","@id":"https:\/\/www.article-marketing.eu\/comunicatistampa\/claudio-descalzi-il-talk-di-harvard-business-review-con-lad-di-eni\/#article","isPartOf":{"@id":"https:\/\/www.article-marketing.eu\/comunicatistampa\/claudio-descalzi-il-talk-di-harvard-business-review-con-lad-di-eni\/"},"author":{"name":"articolinews","@id":"https:\/\/www.article-marketing.eu\/comunicatistampa\/#\/schema\/person\/2fcaf8f8f3a9eef9eb7f27532d3ca458"},"headline":"Claudio Descalzi: il talk di \u201cHarvard Business Review\u201d con l\u2019AD di Eni","datePublished":"2023-03-14T21:57:25+00:00","mainEntityOfPage":{"@id":"https:\/\/www.article-marketing.eu\/comunicatistampa\/claudio-descalzi-il-talk-di-harvard-business-review-con-lad-di-eni\/"},"wordCount":415,"commentCount":0,"image":{"@id":"https:\/\/www.article-marketing.eu\/comunicatistampa\/claudio-descalzi-il-talk-di-harvard-business-review-con-lad-di-eni\/#primaryimage"},"thumbnailUrl":"https:\/\/www.executivemanager.it\/images\/comprofiler\/513_57d9109457b28.jpg","keywords":["Claudio Descalzi"],"articleSection":["Economia e lavoro"],"inLanguage":"it-IT","potentialAction":[{"@type":"CommentAction","name":"Comment","target":["https:\/\/www.article-marketing.eu\/comunicatistampa\/claudio-descalzi-il-talk-di-harvard-business-review-con-lad-di-eni\/#respond"]}]},{"@type":"WebPage","@id":"https:\/\/www.article-marketing.eu\/comunicatistampa\/claudio-descalzi-il-talk-di-harvard-business-review-con-lad-di-eni\/","url":"https:\/\/www.article-marketing.eu\/comunicatistampa\/claudio-descalzi-il-talk-di-harvard-business-review-con-lad-di-eni\/","name":"Claudio Descalzi: il talk di \u201cHarvard Business Review\u201d con l\u2019AD di Eni","isPartOf":{"@id":"https:\/\/www.article-marketing.eu\/comunicatistampa\/#website"},"primaryImageOfPage":{"@id":"https:\/\/www.article-marketing.eu\/comunicatistampa\/claudio-descalzi-il-talk-di-harvard-business-review-con-lad-di-eni\/#primaryimage"},"image":{"@id":"https:\/\/www.article-marketing.eu\/comunicatistampa\/claudio-descalzi-il-talk-di-harvard-business-review-con-lad-di-eni\/#primaryimage"},"thumbnailUrl":"https:\/\/www.executivemanager.it\/images\/comprofiler\/513_57d9109457b28.jpg","datePublished":"2023-03-14T21:57:25+00:00","author":{"@id":"https:\/\/www.article-marketing.eu\/comunicatistampa\/#\/schema\/person\/2fcaf8f8f3a9eef9eb7f27532d3ca458"},"breadcrumb":{"@id":"https:\/\/www.article-marketing.eu\/comunicatistampa\/claudio-descalzi-il-talk-di-harvard-business-review-con-lad-di-eni\/#breadcrumb"},"inLanguage":"it-IT","potentialAction":[{"@type":"ReadAction","target":["https:\/\/www.article-marketing.eu\/comunicatistampa\/claudio-descalzi-il-talk-di-harvard-business-review-con-lad-di-eni\/"]}]},{"@type":"ImageObject","inLanguage":"it-IT","@id":"https:\/\/www.article-marketing.eu\/comunicatistampa\/claudio-descalzi-il-talk-di-harvard-business-review-con-lad-di-eni\/#primaryimage","url":"https:\/\/www.executivemanager.it\/images\/comprofiler\/513_57d9109457b28.jpg","contentUrl":"https:\/\/www.executivemanager.it\/images\/comprofiler\/513_57d9109457b28.jpg"},{"@type":"BreadcrumbList","@id":"https:\/\/www.article-marketing.eu\/comunicatistampa\/claudio-descalzi-il-talk-di-harvard-business-review-con-lad-di-eni\/#breadcrumb","itemListElement":[{"@type":"ListItem","position":1,"name":"Home","item":"https:\/\/www.article-marketing.eu\/comunicatistampa\/"},{"@type":"ListItem","position":2,"name":"Claudio Descalzi: il talk di \u201cHarvard Business Review\u201d con l\u2019AD di Eni"}]},{"@type":"WebSite","@id":"https:\/\/www.article-marketing.eu\/comunicatistampa\/#website","url":"https:\/\/www.article-marketing.eu\/comunicatistampa\/","name":"Article Marketing","description":"article marketing &amp; press release","potentialAction":[{"@type":"SearchAction","target":{"@type":"EntryPoint","urlTemplate":"https:\/\/www.article-marketing.eu\/comunicatistampa\/?s={search_term_string}"},"query-input":{"@type":"PropertyValueSpecification","valueRequired":true,"valueName":"search_term_string"}}],"inLanguage":"it-IT"},{"@type":"Person","@id":"https:\/\/www.article-marketing.eu\/comunicatistampa\/#\/schema\/person\/2fcaf8f8f3a9eef9eb7f27532d3ca458","name":"articolinews","image":{"@type":"ImageObject","inLanguage":"it-IT","@id":"https:\/\/secure.gravatar.com\/avatar\/9e2a264bab04e17dea24d937c9956304649a848cb73c46747a692ff1bdeb1cb7?s=96&d=mm&r=g","url":"https:\/\/secure.gravatar.com\/avatar\/9e2a264bab04e17dea24d937c9956304649a848cb73c46747a692ff1bdeb1cb7?s=96&d=mm&r=g","contentUrl":"https:\/\/secure.gravatar.com\/avatar\/9e2a264bab04e17dea24d937c9956304649a848cb73c46747a692ff1bdeb1cb7?s=96&d=mm&r=g","caption":"articolinews"},"url":"https:\/\/www.article-marketing.eu\/comunicatistampa\/author\/articolinews\/"}]}},"_links":{"self":[{"href":"https:\/\/www.article-marketing.eu\/comunicatistampa\/wp-json\/wp\/v2\/posts\/26265","targetHints":{"allow":["GET"]}}],"collection":[{"href":"https:\/\/www.article-marketing.eu\/comunicatistampa\/wp-json\/wp\/v2\/posts"}],"about":[{"href":"https:\/\/www.article-marketing.eu\/comunicatistampa\/wp-json\/wp\/v2\/types\/post"}],"author":[{"embeddable":true,"href":"https:\/\/www.article-marketing.eu\/comunicatistampa\/wp-json\/wp\/v2\/users\/6477"}],"replies":[{"embeddable":true,"href":"https:\/\/www.article-marketing.eu\/comunicatistampa\/wp-json\/wp\/v2\/comments?post=26265"}],"version-history":[{"count":2,"href":"https:\/\/www.article-marketing.eu\/comunicatistampa\/wp-json\/wp\/v2\/posts\/26265\/revisions"}],"predecessor-version":[{"id":26644,"href":"https:\/\/www.article-marketing.eu\/comunicatistampa\/wp-json\/wp\/v2\/posts\/26265\/revisions\/26644"}],"wp:attachment":[{"href":"https:\/\/www.article-marketing.eu\/comunicatistampa\/wp-json\/wp\/v2\/media?parent=26265"}],"wp:term":[{"taxonomy":"category","embeddable":true,"href":"https:\/\/www.article-marketing.eu\/comunicatistampa\/wp-json\/wp\/v2\/categories?post=26265"},{"taxonomy":"post_tag","embeddable":true,"href":"https:\/\/www.article-marketing.eu\/comunicatistampa\/wp-json\/wp\/v2\/tags?post=26265"}],"curies":[{"name":"wp","href":"https:\/\/api.w.org\/{rel}","templated":true}]}}