{"id":26276,"date":"2023-03-14T22:59:09","date_gmt":"2023-03-14T21:59:09","guid":{"rendered":"https:\/\/www.article-marketing.eu\/comunicatistampa\/?p=26276"},"modified":"2023-03-14T22:59:09","modified_gmt":"2023-03-14T21:59:09","slug":"ares-ambiente-il-profilo-professionale-del-founder-marco-domizio","status":"publish","type":"post","link":"https:\/\/www.article-marketing.eu\/comunicatistampa\/ares-ambiente-il-profilo-professionale-del-founder-marco-domizio\/","title":{"rendered":"Ares Ambiente: il profilo professionale del Founder Marco Domizio"},"content":{"rendered":"<p><em><strong><a title=\"Marco Domizio, fondatore di Ares Ambiente, la carriera\" href=\"https:\/\/www.crunchbase.com\/person\/marco-domizio\">Marco Nicola Domizio<\/a> \u00e8 il fondatore di Ares Ambiente, societ\u00e0 che si occupa di servizi di intermediazione rifiuti e di gestione di impianti autorizzati. Grazie ai suoi oltre 20 anni di esperienza nel settore, \u00e8 un esperto in materia di trattamento, deposito e conoscenza chimico fisica dei rifiuti, nonch\u00e9 dell\u2019ambito gestionale e autorizzativo.<\/strong><\/em><\/p>\n<p><a title=\"Marco Domizio, fondatore di Ares Ambiente\" href=\"https:\/\/www.crunchbase.com\/person\/marco-domizio\"><img loading=\"lazy\" decoding=\"async\" src=\"https:\/\/h2biz.net\/images\/Plats\/crop_min_20220323094859.jpg\" alt=\"Marco Domizio\" width=\"200\" height=\"200\" \/><\/a><\/p>\n<h2>Gli esordi della carriera di Marco Nicola Domizio<\/h2>\n<p><a title=\"Marco Domizio, Ares Ambiente, il profilo professionale\" href=\"https:\/\/www.crunchbase.com\/person\/marco-domizio\">Marco Domizio<\/a> si diploma nel 1995 e poco dopo viene assunto in un\u2019azienda lombarda attiva nel settore dell\u2019intermediazione rifiuti, nella quale opera per sei anni, occupandosi anche di gare d\u2019appalto. Successivamente entra in qualit\u00e0 di Responsabile Commerciale in una societ\u00e0 specializzata in attivit\u00e0 di spurghi e pulizie industriali e qui collabora all\u2019espansione del portfolio clienti, contribuendo alla realizzazione di un impianto di compostaggio in provincia di Bergamo. Sempre nel ruolo di Responsabile Commerciale, ma questa volta per un\u2019importante azienda attiva nel milanese, partecipa all\u2019installazione di sette impianti di trito-vagliatura nella Regione Campania. Nello stesso periodo si avvicina all\u2019attivit\u00e0 di trasporto transfrontaliero di rifiuti, a mezzo gomma\/intermodale e a mezzo nave. Dopo una breve esperienza come Responsabile Commerciale di un impianto di compostaggio a Bergamo, si dedica alla gestione di una cava di estrazione di minerali naturali. Seguono poi delle collaborazioni con societ\u00e0 attive nel settore ambientale.<\/p>\n<h2>Marco Domizio: la nascita di Ares Ambiente<\/h2>\n<p>\u00c8 il 2008 quando <strong>Marco Nicola Domizio<\/strong>, deciso a proseguire la sua attivit\u00e0 nel settore dei rifiuti ma nelle vesti di imprenditore, fonda <strong>Ares Ambiente<\/strong>. L\u2019azienda, che ha sede a Treviolo (BG), \u00e8 oggi attiva su tutto il territorio italiano e si occupa di smaltimento, recupero e trasporto di rifiuti urbani speciali, pericolosi e non pericolosi. Iscritta all\u2019Albo Nazionale Gestori Ambientali &#8211; Sezione Regionale della Lombardia Cat. 8 classe A e Cat 4\/5 classe F, la societ\u00e0 \u00e8 cresciuta tanto, fino ad essere riconosciuta dal \u201cLombardia Post\u201d come impresa \u201cBest Performer\u201d. Attivamente impegnata contro i rischi di infiltrazione mafiosa, <strong>Ares Ambiente<\/strong> ha ottenuto la massima valutazione nel Rating di Legalit\u00e0 concesso dall\u2019Autorit\u00e0 Garante della Concorrenza e del Mercato (AGCM), in accordo con il Ministero degli Interni e il Ministero della Giustizia. L\u2019organizzazione, dotata di numerose certificazioni, \u00e8 inoltre autorizzata alla realizzazione e alla gestione di un impianto di compostaggio sito nel Lazio.<\/p>\n","protected":false},"excerpt":{"rendered":"<p>Marco Nicola Domizio \u00e8 il fondatore di Ares Ambiente, societ\u00e0 che si occupa di servizi di intermediazione rifiuti e di gestione di impianti autorizzati. Grazie ai suoi oltre 20 anni di esperienza nel settore, \u00e8 un esperto in materia di trattamento, deposito e conoscenza chimico fisica dei rifiuti, nonch\u00e9 dell\u2019ambito gestionale e autorizzativo. Gli esordi della carriera di Marco Nicola Domizio Marco Domizio si diploma nel 1995 e poco dopo<\/p>\n<p><a class=\"continue-reading\" href=\"https:\/\/www.article-marketing.eu\/comunicatistampa\/ares-ambiente-il-profilo-professionale-del-founder-marco-domizio\/\">Continue reading&#8230;<\/a><\/p>\n","protected":false},"author":6477,"featured_media":0,"comment_status":"open","ping_status":"open","sticky":false,"template":"","format":"standard","meta":{"_monsterinsights_skip_tracking":false,"_monsterinsights_sitenote_active":false,"_monsterinsights_sitenote_note":"","_monsterinsights_sitenote_category":0,"footnotes":""},"categories":[78],"tags":[9620],"class_list":["post-26276","post","type-post","status-publish","format-standard","hentry","category-comunicati-stampa","tag-marco-domizio"],"yoast_head":"<!-- This site is optimized with the Yoast SEO plugin v27.3 - https:\/\/yoast.com\/product\/yoast-seo-wordpress\/ -->\n<title>Ares Ambiente: il profilo professionale del Founder Marco Domizio<\/title>\n<meta name=\"robots\" content=\"index, follow, max-snippet:-1, max-image-preview:large, max-video-preview:-1\" \/>\n<link rel=\"canonical\" href=\"https:\/\/www.article-marketing.eu\/comunicatistampa\/ares-ambiente-il-profilo-professionale-del-founder-marco-domizio\/\" \/>\n<meta property=\"og:locale\" content=\"it_IT\" \/>\n<meta property=\"og:type\" content=\"article\" \/>\n<meta property=\"og:title\" content=\"Ares Ambiente: il profilo professionale del Founder Marco Domizio\" \/>\n<meta property=\"og:description\" content=\"Marco Nicola Domizio \u00e8 il fondatore di Ares Ambiente, societ\u00e0 che si occupa di servizi di intermediazione rifiuti e di gestione di impianti autorizzati. Grazie ai suoi oltre 20 anni di esperienza nel settore, \u00e8 un esperto in materia di trattamento, deposito e conoscenza chimico fisica dei rifiuti, nonch\u00e9 dell\u2019ambito gestionale e autorizzativo. Gli esordi della carriera di Marco Nicola Domizio Marco Domizio si diploma nel 1995 e poco dopoContinue reading...\" \/>\n<meta property=\"og:url\" content=\"https:\/\/www.article-marketing.eu\/comunicatistampa\/ares-ambiente-il-profilo-professionale-del-founder-marco-domizio\/\" \/>\n<meta property=\"og:site_name\" content=\"Article Marketing\" \/>\n<meta property=\"article:published_time\" content=\"2023-03-14T21:59:09+00:00\" \/>\n<meta property=\"og:image\" content=\"https:\/\/h2biz.net\/images\/Plats\/crop_min_20220323094859.jpg\" \/>\n<meta name=\"author\" content=\"articolinews\" \/>\n<meta name=\"twitter:card\" content=\"summary_large_image\" \/>\n<meta name=\"twitter:label1\" content=\"Scritto da\" \/>\n\t<meta name=\"twitter:data1\" content=\"articolinews\" \/>\n\t<meta name=\"twitter:label2\" content=\"Tempo di lettura stimato\" \/>\n\t<meta name=\"twitter:data2\" content=\"3 minuti\" \/>\n<script type=\"application\/ld+json\" class=\"yoast-schema-graph\">{\"@context\":\"https:\\\/\\\/schema.org\",\"@graph\":[{\"@type\":\"Article\",\"@id\":\"https:\\\/\\\/www.article-marketing.eu\\\/comunicatistampa\\\/ares-ambiente-il-profilo-professionale-del-founder-marco-domizio\\\/#article\",\"isPartOf\":{\"@id\":\"https:\\\/\\\/www.article-marketing.eu\\\/comunicatistampa\\\/ares-ambiente-il-profilo-professionale-del-founder-marco-domizio\\\/\"},\"author\":{\"name\":\"articolinews\",\"@id\":\"https:\\\/\\\/www.article-marketing.eu\\\/comunicatistampa\\\/#\\\/schema\\\/person\\\/2fcaf8f8f3a9eef9eb7f27532d3ca458\"},\"headline\":\"Ares Ambiente: il profilo professionale del Founder Marco Domizio\",\"datePublished\":\"2023-03-14T21:59:09+00:00\",\"mainEntityOfPage\":{\"@id\":\"https:\\\/\\\/www.article-marketing.eu\\\/comunicatistampa\\\/ares-ambiente-il-profilo-professionale-del-founder-marco-domizio\\\/\"},\"wordCount\":377,\"commentCount\":0,\"image\":{\"@id\":\"https:\\\/\\\/www.article-marketing.eu\\\/comunicatistampa\\\/ares-ambiente-il-profilo-professionale-del-founder-marco-domizio\\\/#primaryimage\"},\"thumbnailUrl\":\"https:\\\/\\\/h2biz.net\\\/images\\\/Plats\\\/crop_min_20220323094859.jpg\",\"keywords\":[\"Marco Domizio\"],\"articleSection\":[\"Comunicati stampa\"],\"inLanguage\":\"it-IT\",\"potentialAction\":[{\"@type\":\"CommentAction\",\"name\":\"Comment\",\"target\":[\"https:\\\/\\\/www.article-marketing.eu\\\/comunicatistampa\\\/ares-ambiente-il-profilo-professionale-del-founder-marco-domizio\\\/#respond\"]}]},{\"@type\":\"WebPage\",\"@id\":\"https:\\\/\\\/www.article-marketing.eu\\\/comunicatistampa\\\/ares-ambiente-il-profilo-professionale-del-founder-marco-domizio\\\/\",\"url\":\"https:\\\/\\\/www.article-marketing.eu\\\/comunicatistampa\\\/ares-ambiente-il-profilo-professionale-del-founder-marco-domizio\\\/\",\"name\":\"Ares Ambiente: il profilo professionale del Founder Marco Domizio\",\"isPartOf\":{\"@id\":\"https:\\\/\\\/www.article-marketing.eu\\\/comunicatistampa\\\/#website\"},\"primaryImageOfPage\":{\"@id\":\"https:\\\/\\\/www.article-marketing.eu\\\/comunicatistampa\\\/ares-ambiente-il-profilo-professionale-del-founder-marco-domizio\\\/#primaryimage\"},\"image\":{\"@id\":\"https:\\\/\\\/www.article-marketing.eu\\\/comunicatistampa\\\/ares-ambiente-il-profilo-professionale-del-founder-marco-domizio\\\/#primaryimage\"},\"thumbnailUrl\":\"https:\\\/\\\/h2biz.net\\\/images\\\/Plats\\\/crop_min_20220323094859.jpg\",\"datePublished\":\"2023-03-14T21:59:09+00:00\",\"author\":{\"@id\":\"https:\\\/\\\/www.article-marketing.eu\\\/comunicatistampa\\\/#\\\/schema\\\/person\\\/2fcaf8f8f3a9eef9eb7f27532d3ca458\"},\"breadcrumb\":{\"@id\":\"https:\\\/\\\/www.article-marketing.eu\\\/comunicatistampa\\\/ares-ambiente-il-profilo-professionale-del-founder-marco-domizio\\\/#breadcrumb\"},\"inLanguage\":\"it-IT\",\"potentialAction\":[{\"@type\":\"ReadAction\",\"target\":[\"https:\\\/\\\/www.article-marketing.eu\\\/comunicatistampa\\\/ares-ambiente-il-profilo-professionale-del-founder-marco-domizio\\\/\"]}]},{\"@type\":\"ImageObject\",\"inLanguage\":\"it-IT\",\"@id\":\"https:\\\/\\\/www.article-marketing.eu\\\/comunicatistampa\\\/ares-ambiente-il-profilo-professionale-del-founder-marco-domizio\\\/#primaryimage\",\"url\":\"https:\\\/\\\/h2biz.net\\\/images\\\/Plats\\\/crop_min_20220323094859.jpg\",\"contentUrl\":\"https:\\\/\\\/h2biz.net\\\/images\\\/Plats\\\/crop_min_20220323094859.jpg\"},{\"@type\":\"BreadcrumbList\",\"@id\":\"https:\\\/\\\/www.article-marketing.eu\\\/comunicatistampa\\\/ares-ambiente-il-profilo-professionale-del-founder-marco-domizio\\\/#breadcrumb\",\"itemListElement\":[{\"@type\":\"ListItem\",\"position\":1,\"name\":\"Home\",\"item\":\"https:\\\/\\\/www.article-marketing.eu\\\/comunicatistampa\\\/\"},{\"@type\":\"ListItem\",\"position\":2,\"name\":\"Ares Ambiente: il profilo professionale del Founder Marco Domizio\"}]},{\"@type\":\"WebSite\",\"@id\":\"https:\\\/\\\/www.article-marketing.eu\\\/comunicatistampa\\\/#website\",\"url\":\"https:\\\/\\\/www.article-marketing.eu\\\/comunicatistampa\\\/\",\"name\":\"Article Marketing\",\"description\":\"article marketing &amp; press release\",\"potentialAction\":[{\"@type\":\"SearchAction\",\"target\":{\"@type\":\"EntryPoint\",\"urlTemplate\":\"https:\\\/\\\/www.article-marketing.eu\\\/comunicatistampa\\\/?s={search_term_string}\"},\"query-input\":{\"@type\":\"PropertyValueSpecification\",\"valueRequired\":true,\"valueName\":\"search_term_string\"}}],\"inLanguage\":\"it-IT\"},{\"@type\":\"Person\",\"@id\":\"https:\\\/\\\/www.article-marketing.eu\\\/comunicatistampa\\\/#\\\/schema\\\/person\\\/2fcaf8f8f3a9eef9eb7f27532d3ca458\",\"name\":\"articolinews\",\"image\":{\"@type\":\"ImageObject\",\"inLanguage\":\"it-IT\",\"@id\":\"https:\\\/\\\/secure.gravatar.com\\\/avatar\\\/9e2a264bab04e17dea24d937c9956304649a848cb73c46747a692ff1bdeb1cb7?s=96&d=mm&r=g\",\"url\":\"https:\\\/\\\/secure.gravatar.com\\\/avatar\\\/9e2a264bab04e17dea24d937c9956304649a848cb73c46747a692ff1bdeb1cb7?s=96&d=mm&r=g\",\"contentUrl\":\"https:\\\/\\\/secure.gravatar.com\\\/avatar\\\/9e2a264bab04e17dea24d937c9956304649a848cb73c46747a692ff1bdeb1cb7?s=96&d=mm&r=g\",\"caption\":\"articolinews\"},\"url\":\"https:\\\/\\\/www.article-marketing.eu\\\/comunicatistampa\\\/author\\\/articolinews\\\/\"}]}<\/script>\n<!-- \/ Yoast SEO plugin. -->","yoast_head_json":{"title":"Ares Ambiente: il profilo professionale del Founder Marco Domizio","robots":{"index":"index","follow":"follow","max-snippet":"max-snippet:-1","max-image-preview":"max-image-preview:large","max-video-preview":"max-video-preview:-1"},"canonical":"https:\/\/www.article-marketing.eu\/comunicatistampa\/ares-ambiente-il-profilo-professionale-del-founder-marco-domizio\/","og_locale":"it_IT","og_type":"article","og_title":"Ares Ambiente: il profilo professionale del Founder Marco Domizio","og_description":"Marco Nicola Domizio \u00e8 il fondatore di Ares Ambiente, societ\u00e0 che si occupa di servizi di intermediazione rifiuti e di gestione di impianti autorizzati. Grazie ai suoi oltre 20 anni di esperienza nel settore, \u00e8 un esperto in materia di trattamento, deposito e conoscenza chimico fisica dei rifiuti, nonch\u00e9 dell\u2019ambito gestionale e autorizzativo. Gli esordi della carriera di Marco Nicola Domizio Marco Domizio si diploma nel 1995 e poco dopoContinue reading...","og_url":"https:\/\/www.article-marketing.eu\/comunicatistampa\/ares-ambiente-il-profilo-professionale-del-founder-marco-domizio\/","og_site_name":"Article Marketing","article_published_time":"2023-03-14T21:59:09+00:00","og_image":[{"url":"https:\/\/h2biz.net\/images\/Plats\/crop_min_20220323094859.jpg","type":"","width":"","height":""}],"author":"articolinews","twitter_card":"summary_large_image","twitter_misc":{"Scritto da":"articolinews","Tempo di lettura stimato":"3 minuti"},"schema":{"@context":"https:\/\/schema.org","@graph":[{"@type":"Article","@id":"https:\/\/www.article-marketing.eu\/comunicatistampa\/ares-ambiente-il-profilo-professionale-del-founder-marco-domizio\/#article","isPartOf":{"@id":"https:\/\/www.article-marketing.eu\/comunicatistampa\/ares-ambiente-il-profilo-professionale-del-founder-marco-domizio\/"},"author":{"name":"articolinews","@id":"https:\/\/www.article-marketing.eu\/comunicatistampa\/#\/schema\/person\/2fcaf8f8f3a9eef9eb7f27532d3ca458"},"headline":"Ares Ambiente: il profilo professionale del Founder Marco Domizio","datePublished":"2023-03-14T21:59:09+00:00","mainEntityOfPage":{"@id":"https:\/\/www.article-marketing.eu\/comunicatistampa\/ares-ambiente-il-profilo-professionale-del-founder-marco-domizio\/"},"wordCount":377,"commentCount":0,"image":{"@id":"https:\/\/www.article-marketing.eu\/comunicatistampa\/ares-ambiente-il-profilo-professionale-del-founder-marco-domizio\/#primaryimage"},"thumbnailUrl":"https:\/\/h2biz.net\/images\/Plats\/crop_min_20220323094859.jpg","keywords":["Marco Domizio"],"articleSection":["Comunicati stampa"],"inLanguage":"it-IT","potentialAction":[{"@type":"CommentAction","name":"Comment","target":["https:\/\/www.article-marketing.eu\/comunicatistampa\/ares-ambiente-il-profilo-professionale-del-founder-marco-domizio\/#respond"]}]},{"@type":"WebPage","@id":"https:\/\/www.article-marketing.eu\/comunicatistampa\/ares-ambiente-il-profilo-professionale-del-founder-marco-domizio\/","url":"https:\/\/www.article-marketing.eu\/comunicatistampa\/ares-ambiente-il-profilo-professionale-del-founder-marco-domizio\/","name":"Ares Ambiente: il profilo professionale del Founder Marco Domizio","isPartOf":{"@id":"https:\/\/www.article-marketing.eu\/comunicatistampa\/#website"},"primaryImageOfPage":{"@id":"https:\/\/www.article-marketing.eu\/comunicatistampa\/ares-ambiente-il-profilo-professionale-del-founder-marco-domizio\/#primaryimage"},"image":{"@id":"https:\/\/www.article-marketing.eu\/comunicatistampa\/ares-ambiente-il-profilo-professionale-del-founder-marco-domizio\/#primaryimage"},"thumbnailUrl":"https:\/\/h2biz.net\/images\/Plats\/crop_min_20220323094859.jpg","datePublished":"2023-03-14T21:59:09+00:00","author":{"@id":"https:\/\/www.article-marketing.eu\/comunicatistampa\/#\/schema\/person\/2fcaf8f8f3a9eef9eb7f27532d3ca458"},"breadcrumb":{"@id":"https:\/\/www.article-marketing.eu\/comunicatistampa\/ares-ambiente-il-profilo-professionale-del-founder-marco-domizio\/#breadcrumb"},"inLanguage":"it-IT","potentialAction":[{"@type":"ReadAction","target":["https:\/\/www.article-marketing.eu\/comunicatistampa\/ares-ambiente-il-profilo-professionale-del-founder-marco-domizio\/"]}]},{"@type":"ImageObject","inLanguage":"it-IT","@id":"https:\/\/www.article-marketing.eu\/comunicatistampa\/ares-ambiente-il-profilo-professionale-del-founder-marco-domizio\/#primaryimage","url":"https:\/\/h2biz.net\/images\/Plats\/crop_min_20220323094859.jpg","contentUrl":"https:\/\/h2biz.net\/images\/Plats\/crop_min_20220323094859.jpg"},{"@type":"BreadcrumbList","@id":"https:\/\/www.article-marketing.eu\/comunicatistampa\/ares-ambiente-il-profilo-professionale-del-founder-marco-domizio\/#breadcrumb","itemListElement":[{"@type":"ListItem","position":1,"name":"Home","item":"https:\/\/www.article-marketing.eu\/comunicatistampa\/"},{"@type":"ListItem","position":2,"name":"Ares Ambiente: il profilo professionale del Founder Marco Domizio"}]},{"@type":"WebSite","@id":"https:\/\/www.article-marketing.eu\/comunicatistampa\/#website","url":"https:\/\/www.article-marketing.eu\/comunicatistampa\/","name":"Article Marketing","description":"article marketing &amp; press release","potentialAction":[{"@type":"SearchAction","target":{"@type":"EntryPoint","urlTemplate":"https:\/\/www.article-marketing.eu\/comunicatistampa\/?s={search_term_string}"},"query-input":{"@type":"PropertyValueSpecification","valueRequired":true,"valueName":"search_term_string"}}],"inLanguage":"it-IT"},{"@type":"Person","@id":"https:\/\/www.article-marketing.eu\/comunicatistampa\/#\/schema\/person\/2fcaf8f8f3a9eef9eb7f27532d3ca458","name":"articolinews","image":{"@type":"ImageObject","inLanguage":"it-IT","@id":"https:\/\/secure.gravatar.com\/avatar\/9e2a264bab04e17dea24d937c9956304649a848cb73c46747a692ff1bdeb1cb7?s=96&d=mm&r=g","url":"https:\/\/secure.gravatar.com\/avatar\/9e2a264bab04e17dea24d937c9956304649a848cb73c46747a692ff1bdeb1cb7?s=96&d=mm&r=g","contentUrl":"https:\/\/secure.gravatar.com\/avatar\/9e2a264bab04e17dea24d937c9956304649a848cb73c46747a692ff1bdeb1cb7?s=96&d=mm&r=g","caption":"articolinews"},"url":"https:\/\/www.article-marketing.eu\/comunicatistampa\/author\/articolinews\/"}]}},"_links":{"self":[{"href":"https:\/\/www.article-marketing.eu\/comunicatistampa\/wp-json\/wp\/v2\/posts\/26276","targetHints":{"allow":["GET"]}}],"collection":[{"href":"https:\/\/www.article-marketing.eu\/comunicatistampa\/wp-json\/wp\/v2\/posts"}],"about":[{"href":"https:\/\/www.article-marketing.eu\/comunicatistampa\/wp-json\/wp\/v2\/types\/post"}],"author":[{"embeddable":true,"href":"https:\/\/www.article-marketing.eu\/comunicatistampa\/wp-json\/wp\/v2\/users\/6477"}],"replies":[{"embeddable":true,"href":"https:\/\/www.article-marketing.eu\/comunicatistampa\/wp-json\/wp\/v2\/comments?post=26276"}],"version-history":[{"count":2,"href":"https:\/\/www.article-marketing.eu\/comunicatistampa\/wp-json\/wp\/v2\/posts\/26276\/revisions"}],"predecessor-version":[{"id":26647,"href":"https:\/\/www.article-marketing.eu\/comunicatistampa\/wp-json\/wp\/v2\/posts\/26276\/revisions\/26647"}],"wp:attachment":[{"href":"https:\/\/www.article-marketing.eu\/comunicatistampa\/wp-json\/wp\/v2\/media?parent=26276"}],"wp:term":[{"taxonomy":"category","embeddable":true,"href":"https:\/\/www.article-marketing.eu\/comunicatistampa\/wp-json\/wp\/v2\/categories?post=26276"},{"taxonomy":"post_tag","embeddable":true,"href":"https:\/\/www.article-marketing.eu\/comunicatistampa\/wp-json\/wp\/v2\/tags?post=26276"}],"curies":[{"name":"wp","href":"https:\/\/api.w.org\/{rel}","templated":true}]}}