{"id":26319,"date":"2023-02-23T14:01:41","date_gmt":"2023-02-23T13:01:41","guid":{"rendered":"https:\/\/www.article-marketing.eu\/comunicatistampa\/?p=26319"},"modified":"2023-02-23T14:01:41","modified_gmt":"2023-02-23T13:01:41","slug":"riva-acciaio-conferma-la-sua-presenza-al-seminario-di-aim-sulle-normative-dei-trattamenti-termici","status":"publish","type":"post","link":"https:\/\/www.article-marketing.eu\/comunicatistampa\/riva-acciaio-conferma-la-sua-presenza-al-seminario-di-aim-sulle-normative-dei-trattamenti-termici\/","title":{"rendered":"Riva Acciaio conferma la sua presenza al seminario di AIM sulle normative dei trattamenti termici"},"content":{"rendered":"<p><em><strong><a title=\"Riva Acciaio, profilo Linkedin\" href=\"https:\/\/it.linkedin.com\/company\/gruppo-riva\">Riva Acciaio<\/a> tra i partecipanti del webinar \u201cAspetti e gestione della normativa nel campo dei trattamenti termici\u201d, realizzato in collaborazione con l\u2019Associazione Italiana di Metallurgia e il Centro di Studio Trattamenti Termici e Metallografia.<\/strong><\/em><\/p>\n<p><a title=\"Riva Acciaio, profilo su Linkedin\" href=\"https:\/\/it.linkedin.com\/company\/gruppo-riva\"><img loading=\"lazy\" decoding=\"async\" src=\"https:\/\/media.licdn.com\/dms\/image\/C4D0BAQHh-iJyXBHqbQ\/company-logo_200_200\/0\/1646826658004?e=2147483647&amp;v=beta&amp;t=E9KHxAGmgC0w_-rQuCV3HHNlULtUck42wWaQXSo7PYU\" alt=\"Riva Acciaio\" width=\"200\" height=\"200\" \/><\/a><\/p>\n<h2><strong>Riva Acciaio<\/strong><strong>: una giornata di studio<\/strong><\/h2>\n<p>Il programma dell\u2019evento, che si terr\u00e0 il prossimo 9 febbraio da remoto, prevede una giornata dedicata allo studio della normativa in materia di trattamenti termici. Diventato ormai un appuntamento annuale, ha come scopo quello di monitorare e stimolare l\u2019aggiornamento continuo dei vari standard, in concerto tra clienti e fornitori. Un obiettivo senz\u2019altro condiviso da <a title=\"Riva Acciaio su LInkedin\" href=\"https:\/\/it.linkedin.com\/company\/gruppo-riva%20\">Riva Acciaio<\/a> che \u00e8 leader nel settore da tanti anni. Ad occuparsi dell\u2019organizzazione del corso \u00e8 stato il Centro Studio Trattamenti Termici e Metallografia, in collaborazione con AIM (Associazione Italiana di Metallurgia).<\/p>\n<h2>Riva Acciaio presenzier\u00e0 in diretta streaming<\/h2>\n<p><strong>Riva Acciaio<\/strong> assister\u00e0 al seminario da remoto. Il webinar sar\u00e0 infatti trasmesso in diretta streaming su Zoom webinar, una piattaforma compatibile con tutti i principali sistemi operativi. Gli organizzatori assicurano che la modalit\u00e0 di fruizione non influir\u00e0 sulla qualit\u00e0 del corso. Sulla locandina dell\u2019evento si legge infatti: <em>\u201cIl contributo dei relatori, rappresentati da chi siede al tavolo dell\u2019Unsider, dai fornitori di trattamento termico e dagli utilizzatori finali, garantisce un elevato livello di qualit\u00e0<\/em>\u201d. Tra i coordinatori ci sono: Mario Cusolito, Donato Firrao e Massimo Pellizzari.<\/p>\n","protected":false},"excerpt":{"rendered":"<p>Riva Acciaio tra i partecipanti del webinar \u201cAspetti e gestione della normativa nel campo dei trattamenti termici\u201d, realizzato in collaborazione con l\u2019Associazione Italiana di Metallurgia e il Centro di Studio Trattamenti Termici e Metallografia. Riva Acciaio: una giornata di studio Il programma dell\u2019evento, che si terr\u00e0 il prossimo 9 febbraio da remoto, prevede una giornata dedicata allo studio della normativa in materia di trattamenti termici. Diventato ormai un appuntamento annuale,<\/p>\n<p><a class=\"continue-reading\" href=\"https:\/\/www.article-marketing.eu\/comunicatistampa\/riva-acciaio-conferma-la-sua-presenza-al-seminario-di-aim-sulle-normative-dei-trattamenti-termici\/\">Continue reading&#8230;<\/a><\/p>\n","protected":false},"author":6477,"featured_media":0,"comment_status":"open","ping_status":"open","sticky":false,"template":"","format":"standard","meta":{"_monsterinsights_skip_tracking":false,"_monsterinsights_sitenote_active":false,"_monsterinsights_sitenote_note":"","_monsterinsights_sitenote_category":0,"footnotes":""},"categories":[386],"tags":[9153],"class_list":["post-26319","post","type-post","status-publish","format-standard","hentry","category-economia-e-lavoro","tag-riva-acciaio"],"yoast_head":"<!-- This site is optimized with the Yoast SEO plugin v27.3 - https:\/\/yoast.com\/product\/yoast-seo-wordpress\/ -->\n<title>Riva Acciaio conferma la sua presenza al seminario di AIM sulle normative dei trattamenti termici<\/title>\n<meta name=\"robots\" content=\"index, follow, max-snippet:-1, max-image-preview:large, max-video-preview:-1\" \/>\n<link rel=\"canonical\" href=\"https:\/\/www.article-marketing.eu\/comunicatistampa\/riva-acciaio-conferma-la-sua-presenza-al-seminario-di-aim-sulle-normative-dei-trattamenti-termici\/\" \/>\n<meta property=\"og:locale\" content=\"it_IT\" \/>\n<meta property=\"og:type\" content=\"article\" \/>\n<meta property=\"og:title\" content=\"Riva Acciaio conferma la sua presenza al seminario di AIM sulle normative dei trattamenti termici\" \/>\n<meta property=\"og:description\" content=\"Riva Acciaio tra i partecipanti del webinar \u201cAspetti e gestione della normativa nel campo dei trattamenti termici\u201d, realizzato in collaborazione con l\u2019Associazione Italiana di Metallurgia e il Centro di Studio Trattamenti Termici e Metallografia. Riva Acciaio: una giornata di studio Il programma dell\u2019evento, che si terr\u00e0 il prossimo 9 febbraio da remoto, prevede una giornata dedicata allo studio della normativa in materia di trattamenti termici. Diventato ormai un appuntamento annuale,Continue reading...\" \/>\n<meta property=\"og:url\" content=\"https:\/\/www.article-marketing.eu\/comunicatistampa\/riva-acciaio-conferma-la-sua-presenza-al-seminario-di-aim-sulle-normative-dei-trattamenti-termici\/\" \/>\n<meta property=\"og:site_name\" content=\"Article Marketing\" \/>\n<meta property=\"article:published_time\" content=\"2023-02-23T13:01:41+00:00\" \/>\n<meta property=\"og:image\" content=\"https:\/\/media.licdn.com\/dms\/image\/C4D0BAQHh-iJyXBHqbQ\/company-logo_200_200\/0\/1646826658004?e=2147483647&amp;v=beta&amp;t=E9KHxAGmgC0w_-rQuCV3HHNlULtUck42wWaQXSo7PYU\" \/>\n<meta name=\"author\" content=\"articolinews\" \/>\n<meta name=\"twitter:card\" content=\"summary_large_image\" \/>\n<meta name=\"twitter:label1\" content=\"Scritto da\" \/>\n\t<meta name=\"twitter:data1\" content=\"articolinews\" \/>\n\t<meta name=\"twitter:label2\" content=\"Tempo di lettura stimato\" \/>\n\t<meta name=\"twitter:data2\" content=\"2 minuti\" \/>\n<script type=\"application\/ld+json\" class=\"yoast-schema-graph\">{\"@context\":\"https:\\\/\\\/schema.org\",\"@graph\":[{\"@type\":\"Article\",\"@id\":\"https:\\\/\\\/www.article-marketing.eu\\\/comunicatistampa\\\/riva-acciaio-conferma-la-sua-presenza-al-seminario-di-aim-sulle-normative-dei-trattamenti-termici\\\/#article\",\"isPartOf\":{\"@id\":\"https:\\\/\\\/www.article-marketing.eu\\\/comunicatistampa\\\/riva-acciaio-conferma-la-sua-presenza-al-seminario-di-aim-sulle-normative-dei-trattamenti-termici\\\/\"},\"author\":{\"name\":\"articolinews\",\"@id\":\"https:\\\/\\\/www.article-marketing.eu\\\/comunicatistampa\\\/#\\\/schema\\\/person\\\/2fcaf8f8f3a9eef9eb7f27532d3ca458\"},\"headline\":\"Riva Acciaio conferma la sua presenza al seminario di AIM sulle normative dei trattamenti termici\",\"datePublished\":\"2023-02-23T13:01:41+00:00\",\"mainEntityOfPage\":{\"@id\":\"https:\\\/\\\/www.article-marketing.eu\\\/comunicatistampa\\\/riva-acciaio-conferma-la-sua-presenza-al-seminario-di-aim-sulle-normative-dei-trattamenti-termici\\\/\"},\"wordCount\":236,\"commentCount\":0,\"image\":{\"@id\":\"https:\\\/\\\/www.article-marketing.eu\\\/comunicatistampa\\\/riva-acciaio-conferma-la-sua-presenza-al-seminario-di-aim-sulle-normative-dei-trattamenti-termici\\\/#primaryimage\"},\"thumbnailUrl\":\"https:\\\/\\\/media.licdn.com\\\/dms\\\/image\\\/C4D0BAQHh-iJyXBHqbQ\\\/company-logo_200_200\\\/0\\\/1646826658004?e=2147483647&amp;v=beta&amp;t=E9KHxAGmgC0w_-rQuCV3HHNlULtUck42wWaQXSo7PYU\",\"keywords\":[\"Riva Acciaio\"],\"articleSection\":[\"Economia e lavoro\"],\"inLanguage\":\"it-IT\",\"potentialAction\":[{\"@type\":\"CommentAction\",\"name\":\"Comment\",\"target\":[\"https:\\\/\\\/www.article-marketing.eu\\\/comunicatistampa\\\/riva-acciaio-conferma-la-sua-presenza-al-seminario-di-aim-sulle-normative-dei-trattamenti-termici\\\/#respond\"]}]},{\"@type\":\"WebPage\",\"@id\":\"https:\\\/\\\/www.article-marketing.eu\\\/comunicatistampa\\\/riva-acciaio-conferma-la-sua-presenza-al-seminario-di-aim-sulle-normative-dei-trattamenti-termici\\\/\",\"url\":\"https:\\\/\\\/www.article-marketing.eu\\\/comunicatistampa\\\/riva-acciaio-conferma-la-sua-presenza-al-seminario-di-aim-sulle-normative-dei-trattamenti-termici\\\/\",\"name\":\"Riva Acciaio conferma la sua presenza al seminario di AIM sulle normative dei trattamenti termici\",\"isPartOf\":{\"@id\":\"https:\\\/\\\/www.article-marketing.eu\\\/comunicatistampa\\\/#website\"},\"primaryImageOfPage\":{\"@id\":\"https:\\\/\\\/www.article-marketing.eu\\\/comunicatistampa\\\/riva-acciaio-conferma-la-sua-presenza-al-seminario-di-aim-sulle-normative-dei-trattamenti-termici\\\/#primaryimage\"},\"image\":{\"@id\":\"https:\\\/\\\/www.article-marketing.eu\\\/comunicatistampa\\\/riva-acciaio-conferma-la-sua-presenza-al-seminario-di-aim-sulle-normative-dei-trattamenti-termici\\\/#primaryimage\"},\"thumbnailUrl\":\"https:\\\/\\\/media.licdn.com\\\/dms\\\/image\\\/C4D0BAQHh-iJyXBHqbQ\\\/company-logo_200_200\\\/0\\\/1646826658004?e=2147483647&amp;v=beta&amp;t=E9KHxAGmgC0w_-rQuCV3HHNlULtUck42wWaQXSo7PYU\",\"datePublished\":\"2023-02-23T13:01:41+00:00\",\"author\":{\"@id\":\"https:\\\/\\\/www.article-marketing.eu\\\/comunicatistampa\\\/#\\\/schema\\\/person\\\/2fcaf8f8f3a9eef9eb7f27532d3ca458\"},\"breadcrumb\":{\"@id\":\"https:\\\/\\\/www.article-marketing.eu\\\/comunicatistampa\\\/riva-acciaio-conferma-la-sua-presenza-al-seminario-di-aim-sulle-normative-dei-trattamenti-termici\\\/#breadcrumb\"},\"inLanguage\":\"it-IT\",\"potentialAction\":[{\"@type\":\"ReadAction\",\"target\":[\"https:\\\/\\\/www.article-marketing.eu\\\/comunicatistampa\\\/riva-acciaio-conferma-la-sua-presenza-al-seminario-di-aim-sulle-normative-dei-trattamenti-termici\\\/\"]}]},{\"@type\":\"ImageObject\",\"inLanguage\":\"it-IT\",\"@id\":\"https:\\\/\\\/www.article-marketing.eu\\\/comunicatistampa\\\/riva-acciaio-conferma-la-sua-presenza-al-seminario-di-aim-sulle-normative-dei-trattamenti-termici\\\/#primaryimage\",\"url\":\"https:\\\/\\\/media.licdn.com\\\/dms\\\/image\\\/C4D0BAQHh-iJyXBHqbQ\\\/company-logo_200_200\\\/0\\\/1646826658004?e=2147483647&amp;v=beta&amp;t=E9KHxAGmgC0w_-rQuCV3HHNlULtUck42wWaQXSo7PYU\",\"contentUrl\":\"https:\\\/\\\/media.licdn.com\\\/dms\\\/image\\\/C4D0BAQHh-iJyXBHqbQ\\\/company-logo_200_200\\\/0\\\/1646826658004?e=2147483647&amp;v=beta&amp;t=E9KHxAGmgC0w_-rQuCV3HHNlULtUck42wWaQXSo7PYU\"},{\"@type\":\"BreadcrumbList\",\"@id\":\"https:\\\/\\\/www.article-marketing.eu\\\/comunicatistampa\\\/riva-acciaio-conferma-la-sua-presenza-al-seminario-di-aim-sulle-normative-dei-trattamenti-termici\\\/#breadcrumb\",\"itemListElement\":[{\"@type\":\"ListItem\",\"position\":1,\"name\":\"Home\",\"item\":\"https:\\\/\\\/www.article-marketing.eu\\\/comunicatistampa\\\/\"},{\"@type\":\"ListItem\",\"position\":2,\"name\":\"Riva Acciaio conferma la sua presenza al seminario di AIM sulle normative dei trattamenti termici\"}]},{\"@type\":\"WebSite\",\"@id\":\"https:\\\/\\\/www.article-marketing.eu\\\/comunicatistampa\\\/#website\",\"url\":\"https:\\\/\\\/www.article-marketing.eu\\\/comunicatistampa\\\/\",\"name\":\"Article Marketing\",\"description\":\"article marketing &amp; press release\",\"potentialAction\":[{\"@type\":\"SearchAction\",\"target\":{\"@type\":\"EntryPoint\",\"urlTemplate\":\"https:\\\/\\\/www.article-marketing.eu\\\/comunicatistampa\\\/?s={search_term_string}\"},\"query-input\":{\"@type\":\"PropertyValueSpecification\",\"valueRequired\":true,\"valueName\":\"search_term_string\"}}],\"inLanguage\":\"it-IT\"},{\"@type\":\"Person\",\"@id\":\"https:\\\/\\\/www.article-marketing.eu\\\/comunicatistampa\\\/#\\\/schema\\\/person\\\/2fcaf8f8f3a9eef9eb7f27532d3ca458\",\"name\":\"articolinews\",\"image\":{\"@type\":\"ImageObject\",\"inLanguage\":\"it-IT\",\"@id\":\"https:\\\/\\\/secure.gravatar.com\\\/avatar\\\/9e2a264bab04e17dea24d937c9956304649a848cb73c46747a692ff1bdeb1cb7?s=96&d=mm&r=g\",\"url\":\"https:\\\/\\\/secure.gravatar.com\\\/avatar\\\/9e2a264bab04e17dea24d937c9956304649a848cb73c46747a692ff1bdeb1cb7?s=96&d=mm&r=g\",\"contentUrl\":\"https:\\\/\\\/secure.gravatar.com\\\/avatar\\\/9e2a264bab04e17dea24d937c9956304649a848cb73c46747a692ff1bdeb1cb7?s=96&d=mm&r=g\",\"caption\":\"articolinews\"},\"url\":\"https:\\\/\\\/www.article-marketing.eu\\\/comunicatistampa\\\/author\\\/articolinews\\\/\"}]}<\/script>\n<!-- \/ Yoast SEO plugin. -->","yoast_head_json":{"title":"Riva Acciaio conferma la sua presenza al seminario di AIM sulle normative dei trattamenti termici","robots":{"index":"index","follow":"follow","max-snippet":"max-snippet:-1","max-image-preview":"max-image-preview:large","max-video-preview":"max-video-preview:-1"},"canonical":"https:\/\/www.article-marketing.eu\/comunicatistampa\/riva-acciaio-conferma-la-sua-presenza-al-seminario-di-aim-sulle-normative-dei-trattamenti-termici\/","og_locale":"it_IT","og_type":"article","og_title":"Riva Acciaio conferma la sua presenza al seminario di AIM sulle normative dei trattamenti termici","og_description":"Riva Acciaio tra i partecipanti del webinar \u201cAspetti e gestione della normativa nel campo dei trattamenti termici\u201d, realizzato in collaborazione con l\u2019Associazione Italiana di Metallurgia e il Centro di Studio Trattamenti Termici e Metallografia. Riva Acciaio: una giornata di studio Il programma dell\u2019evento, che si terr\u00e0 il prossimo 9 febbraio da remoto, prevede una giornata dedicata allo studio della normativa in materia di trattamenti termici. Diventato ormai un appuntamento annuale,Continue reading...","og_url":"https:\/\/www.article-marketing.eu\/comunicatistampa\/riva-acciaio-conferma-la-sua-presenza-al-seminario-di-aim-sulle-normative-dei-trattamenti-termici\/","og_site_name":"Article Marketing","article_published_time":"2023-02-23T13:01:41+00:00","og_image":[{"url":"https:\/\/media.licdn.com\/dms\/image\/C4D0BAQHh-iJyXBHqbQ\/company-logo_200_200\/0\/1646826658004?e=2147483647&amp;v=beta&amp;t=E9KHxAGmgC0w_-rQuCV3HHNlULtUck42wWaQXSo7PYU","type":"","width":"","height":""}],"author":"articolinews","twitter_card":"summary_large_image","twitter_misc":{"Scritto da":"articolinews","Tempo di lettura stimato":"2 minuti"},"schema":{"@context":"https:\/\/schema.org","@graph":[{"@type":"Article","@id":"https:\/\/www.article-marketing.eu\/comunicatistampa\/riva-acciaio-conferma-la-sua-presenza-al-seminario-di-aim-sulle-normative-dei-trattamenti-termici\/#article","isPartOf":{"@id":"https:\/\/www.article-marketing.eu\/comunicatistampa\/riva-acciaio-conferma-la-sua-presenza-al-seminario-di-aim-sulle-normative-dei-trattamenti-termici\/"},"author":{"name":"articolinews","@id":"https:\/\/www.article-marketing.eu\/comunicatistampa\/#\/schema\/person\/2fcaf8f8f3a9eef9eb7f27532d3ca458"},"headline":"Riva Acciaio conferma la sua presenza al seminario di AIM sulle normative dei trattamenti termici","datePublished":"2023-02-23T13:01:41+00:00","mainEntityOfPage":{"@id":"https:\/\/www.article-marketing.eu\/comunicatistampa\/riva-acciaio-conferma-la-sua-presenza-al-seminario-di-aim-sulle-normative-dei-trattamenti-termici\/"},"wordCount":236,"commentCount":0,"image":{"@id":"https:\/\/www.article-marketing.eu\/comunicatistampa\/riva-acciaio-conferma-la-sua-presenza-al-seminario-di-aim-sulle-normative-dei-trattamenti-termici\/#primaryimage"},"thumbnailUrl":"https:\/\/media.licdn.com\/dms\/image\/C4D0BAQHh-iJyXBHqbQ\/company-logo_200_200\/0\/1646826658004?e=2147483647&amp;v=beta&amp;t=E9KHxAGmgC0w_-rQuCV3HHNlULtUck42wWaQXSo7PYU","keywords":["Riva Acciaio"],"articleSection":["Economia e lavoro"],"inLanguage":"it-IT","potentialAction":[{"@type":"CommentAction","name":"Comment","target":["https:\/\/www.article-marketing.eu\/comunicatistampa\/riva-acciaio-conferma-la-sua-presenza-al-seminario-di-aim-sulle-normative-dei-trattamenti-termici\/#respond"]}]},{"@type":"WebPage","@id":"https:\/\/www.article-marketing.eu\/comunicatistampa\/riva-acciaio-conferma-la-sua-presenza-al-seminario-di-aim-sulle-normative-dei-trattamenti-termici\/","url":"https:\/\/www.article-marketing.eu\/comunicatistampa\/riva-acciaio-conferma-la-sua-presenza-al-seminario-di-aim-sulle-normative-dei-trattamenti-termici\/","name":"Riva Acciaio conferma la sua presenza al seminario di AIM sulle normative dei trattamenti termici","isPartOf":{"@id":"https:\/\/www.article-marketing.eu\/comunicatistampa\/#website"},"primaryImageOfPage":{"@id":"https:\/\/www.article-marketing.eu\/comunicatistampa\/riva-acciaio-conferma-la-sua-presenza-al-seminario-di-aim-sulle-normative-dei-trattamenti-termici\/#primaryimage"},"image":{"@id":"https:\/\/www.article-marketing.eu\/comunicatistampa\/riva-acciaio-conferma-la-sua-presenza-al-seminario-di-aim-sulle-normative-dei-trattamenti-termici\/#primaryimage"},"thumbnailUrl":"https:\/\/media.licdn.com\/dms\/image\/C4D0BAQHh-iJyXBHqbQ\/company-logo_200_200\/0\/1646826658004?e=2147483647&amp;v=beta&amp;t=E9KHxAGmgC0w_-rQuCV3HHNlULtUck42wWaQXSo7PYU","datePublished":"2023-02-23T13:01:41+00:00","author":{"@id":"https:\/\/www.article-marketing.eu\/comunicatistampa\/#\/schema\/person\/2fcaf8f8f3a9eef9eb7f27532d3ca458"},"breadcrumb":{"@id":"https:\/\/www.article-marketing.eu\/comunicatistampa\/riva-acciaio-conferma-la-sua-presenza-al-seminario-di-aim-sulle-normative-dei-trattamenti-termici\/#breadcrumb"},"inLanguage":"it-IT","potentialAction":[{"@type":"ReadAction","target":["https:\/\/www.article-marketing.eu\/comunicatistampa\/riva-acciaio-conferma-la-sua-presenza-al-seminario-di-aim-sulle-normative-dei-trattamenti-termici\/"]}]},{"@type":"ImageObject","inLanguage":"it-IT","@id":"https:\/\/www.article-marketing.eu\/comunicatistampa\/riva-acciaio-conferma-la-sua-presenza-al-seminario-di-aim-sulle-normative-dei-trattamenti-termici\/#primaryimage","url":"https:\/\/media.licdn.com\/dms\/image\/C4D0BAQHh-iJyXBHqbQ\/company-logo_200_200\/0\/1646826658004?e=2147483647&amp;v=beta&amp;t=E9KHxAGmgC0w_-rQuCV3HHNlULtUck42wWaQXSo7PYU","contentUrl":"https:\/\/media.licdn.com\/dms\/image\/C4D0BAQHh-iJyXBHqbQ\/company-logo_200_200\/0\/1646826658004?e=2147483647&amp;v=beta&amp;t=E9KHxAGmgC0w_-rQuCV3HHNlULtUck42wWaQXSo7PYU"},{"@type":"BreadcrumbList","@id":"https:\/\/www.article-marketing.eu\/comunicatistampa\/riva-acciaio-conferma-la-sua-presenza-al-seminario-di-aim-sulle-normative-dei-trattamenti-termici\/#breadcrumb","itemListElement":[{"@type":"ListItem","position":1,"name":"Home","item":"https:\/\/www.article-marketing.eu\/comunicatistampa\/"},{"@type":"ListItem","position":2,"name":"Riva Acciaio conferma la sua presenza al seminario di AIM sulle normative dei trattamenti termici"}]},{"@type":"WebSite","@id":"https:\/\/www.article-marketing.eu\/comunicatistampa\/#website","url":"https:\/\/www.article-marketing.eu\/comunicatistampa\/","name":"Article Marketing","description":"article marketing &amp; press release","potentialAction":[{"@type":"SearchAction","target":{"@type":"EntryPoint","urlTemplate":"https:\/\/www.article-marketing.eu\/comunicatistampa\/?s={search_term_string}"},"query-input":{"@type":"PropertyValueSpecification","valueRequired":true,"valueName":"search_term_string"}}],"inLanguage":"it-IT"},{"@type":"Person","@id":"https:\/\/www.article-marketing.eu\/comunicatistampa\/#\/schema\/person\/2fcaf8f8f3a9eef9eb7f27532d3ca458","name":"articolinews","image":{"@type":"ImageObject","inLanguage":"it-IT","@id":"https:\/\/secure.gravatar.com\/avatar\/9e2a264bab04e17dea24d937c9956304649a848cb73c46747a692ff1bdeb1cb7?s=96&d=mm&r=g","url":"https:\/\/secure.gravatar.com\/avatar\/9e2a264bab04e17dea24d937c9956304649a848cb73c46747a692ff1bdeb1cb7?s=96&d=mm&r=g","contentUrl":"https:\/\/secure.gravatar.com\/avatar\/9e2a264bab04e17dea24d937c9956304649a848cb73c46747a692ff1bdeb1cb7?s=96&d=mm&r=g","caption":"articolinews"},"url":"https:\/\/www.article-marketing.eu\/comunicatistampa\/author\/articolinews\/"}]}},"_links":{"self":[{"href":"https:\/\/www.article-marketing.eu\/comunicatistampa\/wp-json\/wp\/v2\/posts\/26319","targetHints":{"allow":["GET"]}}],"collection":[{"href":"https:\/\/www.article-marketing.eu\/comunicatistampa\/wp-json\/wp\/v2\/posts"}],"about":[{"href":"https:\/\/www.article-marketing.eu\/comunicatistampa\/wp-json\/wp\/v2\/types\/post"}],"author":[{"embeddable":true,"href":"https:\/\/www.article-marketing.eu\/comunicatistampa\/wp-json\/wp\/v2\/users\/6477"}],"replies":[{"embeddable":true,"href":"https:\/\/www.article-marketing.eu\/comunicatistampa\/wp-json\/wp\/v2\/comments?post=26319"}],"version-history":[{"count":2,"href":"https:\/\/www.article-marketing.eu\/comunicatistampa\/wp-json\/wp\/v2\/posts\/26319\/revisions"}],"predecessor-version":[{"id":26449,"href":"https:\/\/www.article-marketing.eu\/comunicatistampa\/wp-json\/wp\/v2\/posts\/26319\/revisions\/26449"}],"wp:attachment":[{"href":"https:\/\/www.article-marketing.eu\/comunicatistampa\/wp-json\/wp\/v2\/media?parent=26319"}],"wp:term":[{"taxonomy":"category","embeddable":true,"href":"https:\/\/www.article-marketing.eu\/comunicatistampa\/wp-json\/wp\/v2\/categories?post=26319"},{"taxonomy":"post_tag","embeddable":true,"href":"https:\/\/www.article-marketing.eu\/comunicatistampa\/wp-json\/wp\/v2\/tags?post=26319"}],"curies":[{"name":"wp","href":"https:\/\/api.w.org\/{rel}","templated":true}]}}