{"id":26339,"date":"2023-03-22T13:16:02","date_gmt":"2023-03-22T12:16:02","guid":{"rendered":"https:\/\/www.article-marketing.eu\/comunicatistampa\/?p=26339"},"modified":"2023-03-22T13:16:02","modified_gmt":"2023-03-22T12:16:02","slug":"abiti-da-festa-per-diverse-occasioni","status":"publish","type":"post","link":"https:\/\/www.article-marketing.eu\/comunicatistampa\/abiti-da-festa-per-diverse-occasioni\/","title":{"rendered":"Abiti da festa per diverse occasioni"},"content":{"rendered":"<p>Esistono abiti diversi in diverse occasioni. Dal momento che ci sono cos\u00ec tante opzioni quando si sceglie l&#8217;abito giusto, potresti avere solo l&#8217;imbarazzo della scelta. Ci sono anche una variet\u00e0 di abiti da festa. L&#8217;importante \u00e8 che tu abbia un aspetto elegante. Tuttavia, dovresti anche comprendere appieno ci\u00f2 che ti fa sentire a tuo agio e vestirti in base all&#8217;occasione. Lo stile che si adatta alla tua corporatura, l&#8217;occasione, il look che vuoi essere sportivo, questi fattori dovrebbero aiutarti a decidere quale vestito indossare e dove andare. Sbarazzati della tensione pre-party e preparati a scatenare qualsiasi festa con il vestito pi\u00f9 bello. Gli abiti extra lunghi possono lasciare un fascino vintage, e sicuramente ti metteranno in prima linea nell&#8217;attrazione e riceverai senza dubbio qualche sguardo di ammirazione. Puoi persino indossare una camicia nera con un coprispalle o una giacca. Puoi anche vestirti in modo pi\u00f9 formale, con una cravatta bianca, una camicia formale e pantaloni formali. Per le donne, gli abiti da festa ti daranno un nuovo livello e avrai l&#8217;imbarazzo della scelta con cos\u00ec tante opzioni. Puoi indossare una veste fluente alla festa. Puoi anche scegliere un vestito corto ed elegante per farti sembrare alla moda Abiti da sera incinta .<br \/>\n<img decoding=\"async\" src=\"https:\/\/abitosera.com\/p\/abito-da-sera-lungo-buco-della-serratura-chiffon-estate-scollo-a-v-i161pkrehn-a.jpg\" alt=\"\" data-cke-saved-src=\"https:\/\/abitosera.com\/p\/abito-da-sera-lungo-buco-della-serratura-chiffon-estate-scollo-a-v-i161pkrehn-a.jpg\" \/><br \/>\nScegli tra una variet\u00e0 di abiti da sera per migliorare la tua estetica e immergerti nell&#8217;atmosfera di festa perfetta. Se stai partecipando a un cocktail party, puoi indossare un vestito che ti faccia sentire a tuo agio ballando, perch\u00e9 i cocktail party sono destinati a portare molto ballo e divertimento. Fai del tuo meglio, indossa un vestito molto comodo, rock and roll a un cocktail party e divertiti. Puoi indossare un abito da cocktail abbastanza largo da essere sopra il livello del ginocchio. Questo vestito da festa ti dar\u00e0 un aspetto elegante e un&#8217;atmosfera da festa elegante. Se vai a una festa da ballo, scegli l&#8217;abito giusto per la tua et\u00e0 e assicurati di abbinarlo alle calzature e agli accessori giusti. Gli abiti da sera sono perfetti per le serate romantiche. Se \u00e8 una serata romantica, abbinalo a un maxi abito scollato e fluido per un look audace. Abbina il tuo romantico abito da sera a un paio di sexy scarpe chiuse. Se porti una pochette che pu\u00f2 abbinarsi a un abito da sera, non potrebbe essere migliore! \u00c8 anche importante abbinare un abito da sera con le calzature giuste.<\/p>\n<p>Con abiti lunghi, puoi indossarli per feste formali o anche per feste informali. Abbinati a maxi abiti, gli abiti da festa non sono mai stati cos\u00ec facili. Puoi abbinarlo a gioielli pesanti in colori vivaci e audaci per abbinarlo a un vestito extra lungo. Anche gli abiti extra lunghi sono una grande dichiarazione di moda. Puoi scegliere un abito lungo e fluido o un abito lungo. Se ti capita di indossare una gonna, assicurati di averla abbinata a un top attillato, che ti far\u00e0 sembrare lusinghiero!<br \/>\n<a href=\"https:\/\/abitosera.com\/abiti-da-sera-incinta-e319.html\" data-cke-saved-href=\"https:\/\/abitosera.com\/abiti-da-sera-incinta-e319.html\"><img decoding=\"async\" src=\"https:\/\/abitosera.com\/p\/abito-da-sera-incinta-vita-dell-impero-estate-impero-strascico-spazzata-7wzhwzolc-a.jpg\" alt=\"Abiti da sera incinta\" data-cke-saved-src=\"https:\/\/abitosera.com\/p\/abito-da-sera-incinta-vita-dell-impero-estate-impero-strascico-spazzata-7wzhwzolc-a.jpg\" \/><\/a><\/p>\n<p>Gli <a href=\"https:\/\/abitosera.com\/abiti-da-sera-incinta-e319.html\" data-cke-saved-href=\"https:\/\/abitosera.com\/abiti-da-sera-incinta-e319.html\">Abiti da sera incinta<\/a> [https:\/\/abitosera.com\/abiti-da-sera-e7.html] giocano un ruolo importante nel guardaroba femminile. Prestano particolare attenzione ad almeno alcuni selezionati nella loro collezione di abbigliamento.<\/p>\n<p><strong>www.abitosera.com<\/strong><\/p>\n","protected":false},"excerpt":{"rendered":"<p>Esistono abiti diversi in diverse occasioni. Dal momento che ci sono cos\u00ec tante opzioni quando si sceglie l&#8217;abito giusto, potresti avere solo l&#8217;imbarazzo della scelta. Ci sono anche una variet\u00e0 di abiti da festa. L&#8217;importante \u00e8 che tu abbia un aspetto elegante. Tuttavia, dovresti anche comprendere appieno ci\u00f2 che ti fa sentire a tuo agio e vestirti in base all&#8217;occasione. Lo stile che si adatta alla tua corporatura, l&#8217;occasione, il<\/p>\n<p><a class=\"continue-reading\" href=\"https:\/\/www.article-marketing.eu\/comunicatistampa\/abiti-da-festa-per-diverse-occasioni\/\">Continue reading&#8230;<\/a><\/p>\n","protected":false},"author":6721,"featured_media":0,"comment_status":"open","ping_status":"open","sticky":false,"template":"","format":"standard","meta":{"_monsterinsights_skip_tracking":false,"_monsterinsights_sitenote_active":false,"_monsterinsights_sitenote_note":"","_monsterinsights_sitenote_category":0,"footnotes":""},"categories":[363],"tags":[8285,8634],"class_list":["post-26339","post","type-post","status-publish","format-standard","hentry","category-abbigliamento-e-accessori","tag-abiti-da-sera","tag-abiti-da-sera-incinta"],"yoast_head":"<!-- This site is optimized with the Yoast SEO plugin v27.3 - https:\/\/yoast.com\/product\/yoast-seo-wordpress\/ -->\n<title>Abiti da festa per diverse occasioni - Article Marketing<\/title>\n<meta name=\"robots\" content=\"index, follow, max-snippet:-1, max-image-preview:large, max-video-preview:-1\" \/>\n<link rel=\"canonical\" href=\"https:\/\/www.article-marketing.eu\/comunicatistampa\/abiti-da-festa-per-diverse-occasioni\/\" \/>\n<meta property=\"og:locale\" content=\"it_IT\" \/>\n<meta property=\"og:type\" content=\"article\" \/>\n<meta property=\"og:title\" content=\"Abiti da festa per diverse occasioni - Article Marketing\" \/>\n<meta property=\"og:description\" content=\"Esistono abiti diversi in diverse occasioni. Dal momento che ci sono cos\u00ec tante opzioni quando si sceglie l&#8217;abito giusto, potresti avere solo l&#8217;imbarazzo della scelta. Ci sono anche una variet\u00e0 di abiti da festa. L&#8217;importante \u00e8 che tu abbia un aspetto elegante. Tuttavia, dovresti anche comprendere appieno ci\u00f2 che ti fa sentire a tuo agio e vestirti in base all&#8217;occasione. Lo stile che si adatta alla tua corporatura, l&#8217;occasione, ilContinue reading...\" \/>\n<meta property=\"og:url\" content=\"https:\/\/www.article-marketing.eu\/comunicatistampa\/abiti-da-festa-per-diverse-occasioni\/\" \/>\n<meta property=\"og:site_name\" content=\"Article Marketing\" \/>\n<meta property=\"article:published_time\" content=\"2023-03-22T12:16:02+00:00\" \/>\n<meta property=\"og:image\" content=\"https:\/\/abitosera.com\/p\/abito-da-sera-lungo-buco-della-serratura-chiffon-estate-scollo-a-v-i161pkrehn-a.jpg\" \/>\n<meta name=\"author\" content=\"abitos\" \/>\n<meta name=\"twitter:card\" content=\"summary_large_image\" \/>\n<meta name=\"twitter:label1\" content=\"Scritto da\" \/>\n\t<meta name=\"twitter:data1\" content=\"abitos\" \/>\n\t<meta name=\"twitter:label2\" content=\"Tempo di lettura stimato\" \/>\n\t<meta name=\"twitter:data2\" content=\"4 minuti\" \/>\n<script type=\"application\/ld+json\" class=\"yoast-schema-graph\">{\"@context\":\"https:\\\/\\\/schema.org\",\"@graph\":[{\"@type\":\"Article\",\"@id\":\"https:\\\/\\\/www.article-marketing.eu\\\/comunicatistampa\\\/abiti-da-festa-per-diverse-occasioni\\\/#article\",\"isPartOf\":{\"@id\":\"https:\\\/\\\/www.article-marketing.eu\\\/comunicatistampa\\\/abiti-da-festa-per-diverse-occasioni\\\/\"},\"author\":{\"name\":\"abitos\",\"@id\":\"https:\\\/\\\/www.article-marketing.eu\\\/comunicatistampa\\\/#\\\/schema\\\/person\\\/dbbd6b99aa643387a365312710622844\"},\"headline\":\"Abiti da festa per diverse occasioni\",\"datePublished\":\"2023-03-22T12:16:02+00:00\",\"mainEntityOfPage\":{\"@id\":\"https:\\\/\\\/www.article-marketing.eu\\\/comunicatistampa\\\/abiti-da-festa-per-diverse-occasioni\\\/\"},\"wordCount\":512,\"commentCount\":0,\"image\":{\"@id\":\"https:\\\/\\\/www.article-marketing.eu\\\/comunicatistampa\\\/abiti-da-festa-per-diverse-occasioni\\\/#primaryimage\"},\"thumbnailUrl\":\"https:\\\/\\\/abitosera.com\\\/p\\\/abito-da-sera-lungo-buco-della-serratura-chiffon-estate-scollo-a-v-i161pkrehn-a.jpg\",\"keywords\":[\"Abiti da sera\",\"Abiti da sera incinta\"],\"articleSection\":[\"Abbigliamento e accessori\"],\"inLanguage\":\"it-IT\",\"potentialAction\":[{\"@type\":\"CommentAction\",\"name\":\"Comment\",\"target\":[\"https:\\\/\\\/www.article-marketing.eu\\\/comunicatistampa\\\/abiti-da-festa-per-diverse-occasioni\\\/#respond\"]}]},{\"@type\":\"WebPage\",\"@id\":\"https:\\\/\\\/www.article-marketing.eu\\\/comunicatistampa\\\/abiti-da-festa-per-diverse-occasioni\\\/\",\"url\":\"https:\\\/\\\/www.article-marketing.eu\\\/comunicatistampa\\\/abiti-da-festa-per-diverse-occasioni\\\/\",\"name\":\"Abiti da festa per diverse occasioni - Article Marketing\",\"isPartOf\":{\"@id\":\"https:\\\/\\\/www.article-marketing.eu\\\/comunicatistampa\\\/#website\"},\"primaryImageOfPage\":{\"@id\":\"https:\\\/\\\/www.article-marketing.eu\\\/comunicatistampa\\\/abiti-da-festa-per-diverse-occasioni\\\/#primaryimage\"},\"image\":{\"@id\":\"https:\\\/\\\/www.article-marketing.eu\\\/comunicatistampa\\\/abiti-da-festa-per-diverse-occasioni\\\/#primaryimage\"},\"thumbnailUrl\":\"https:\\\/\\\/abitosera.com\\\/p\\\/abito-da-sera-lungo-buco-della-serratura-chiffon-estate-scollo-a-v-i161pkrehn-a.jpg\",\"datePublished\":\"2023-03-22T12:16:02+00:00\",\"author\":{\"@id\":\"https:\\\/\\\/www.article-marketing.eu\\\/comunicatistampa\\\/#\\\/schema\\\/person\\\/dbbd6b99aa643387a365312710622844\"},\"breadcrumb\":{\"@id\":\"https:\\\/\\\/www.article-marketing.eu\\\/comunicatistampa\\\/abiti-da-festa-per-diverse-occasioni\\\/#breadcrumb\"},\"inLanguage\":\"it-IT\",\"potentialAction\":[{\"@type\":\"ReadAction\",\"target\":[\"https:\\\/\\\/www.article-marketing.eu\\\/comunicatistampa\\\/abiti-da-festa-per-diverse-occasioni\\\/\"]}]},{\"@type\":\"ImageObject\",\"inLanguage\":\"it-IT\",\"@id\":\"https:\\\/\\\/www.article-marketing.eu\\\/comunicatistampa\\\/abiti-da-festa-per-diverse-occasioni\\\/#primaryimage\",\"url\":\"https:\\\/\\\/abitosera.com\\\/p\\\/abito-da-sera-lungo-buco-della-serratura-chiffon-estate-scollo-a-v-i161pkrehn-a.jpg\",\"contentUrl\":\"https:\\\/\\\/abitosera.com\\\/p\\\/abito-da-sera-lungo-buco-della-serratura-chiffon-estate-scollo-a-v-i161pkrehn-a.jpg\"},{\"@type\":\"BreadcrumbList\",\"@id\":\"https:\\\/\\\/www.article-marketing.eu\\\/comunicatistampa\\\/abiti-da-festa-per-diverse-occasioni\\\/#breadcrumb\",\"itemListElement\":[{\"@type\":\"ListItem\",\"position\":1,\"name\":\"Home\",\"item\":\"https:\\\/\\\/www.article-marketing.eu\\\/comunicatistampa\\\/\"},{\"@type\":\"ListItem\",\"position\":2,\"name\":\"Abiti da festa per diverse occasioni\"}]},{\"@type\":\"WebSite\",\"@id\":\"https:\\\/\\\/www.article-marketing.eu\\\/comunicatistampa\\\/#website\",\"url\":\"https:\\\/\\\/www.article-marketing.eu\\\/comunicatistampa\\\/\",\"name\":\"Article Marketing\",\"description\":\"article marketing &amp; press release\",\"potentialAction\":[{\"@type\":\"SearchAction\",\"target\":{\"@type\":\"EntryPoint\",\"urlTemplate\":\"https:\\\/\\\/www.article-marketing.eu\\\/comunicatistampa\\\/?s={search_term_string}\"},\"query-input\":{\"@type\":\"PropertyValueSpecification\",\"valueRequired\":true,\"valueName\":\"search_term_string\"}}],\"inLanguage\":\"it-IT\"},{\"@type\":\"Person\",\"@id\":\"https:\\\/\\\/www.article-marketing.eu\\\/comunicatistampa\\\/#\\\/schema\\\/person\\\/dbbd6b99aa643387a365312710622844\",\"name\":\"abitos\",\"image\":{\"@type\":\"ImageObject\",\"inLanguage\":\"it-IT\",\"@id\":\"https:\\\/\\\/secure.gravatar.com\\\/avatar\\\/d7451f11175829d6f28975a8df5189e4c4b39536fedfce13f946ae58558dab87?s=96&d=mm&r=g\",\"url\":\"https:\\\/\\\/secure.gravatar.com\\\/avatar\\\/d7451f11175829d6f28975a8df5189e4c4b39536fedfce13f946ae58558dab87?s=96&d=mm&r=g\",\"contentUrl\":\"https:\\\/\\\/secure.gravatar.com\\\/avatar\\\/d7451f11175829d6f28975a8df5189e4c4b39536fedfce13f946ae58558dab87?s=96&d=mm&r=g\",\"caption\":\"abitos\"},\"url\":\"https:\\\/\\\/www.article-marketing.eu\\\/comunicatistampa\\\/author\\\/abitos\\\/\"}]}<\/script>\n<!-- \/ Yoast SEO plugin. -->","yoast_head_json":{"title":"Abiti da festa per diverse occasioni - Article Marketing","robots":{"index":"index","follow":"follow","max-snippet":"max-snippet:-1","max-image-preview":"max-image-preview:large","max-video-preview":"max-video-preview:-1"},"canonical":"https:\/\/www.article-marketing.eu\/comunicatistampa\/abiti-da-festa-per-diverse-occasioni\/","og_locale":"it_IT","og_type":"article","og_title":"Abiti da festa per diverse occasioni - Article Marketing","og_description":"Esistono abiti diversi in diverse occasioni. Dal momento che ci sono cos\u00ec tante opzioni quando si sceglie l&#8217;abito giusto, potresti avere solo l&#8217;imbarazzo della scelta. Ci sono anche una variet\u00e0 di abiti da festa. L&#8217;importante \u00e8 che tu abbia un aspetto elegante. Tuttavia, dovresti anche comprendere appieno ci\u00f2 che ti fa sentire a tuo agio e vestirti in base all&#8217;occasione. Lo stile che si adatta alla tua corporatura, l&#8217;occasione, ilContinue reading...","og_url":"https:\/\/www.article-marketing.eu\/comunicatistampa\/abiti-da-festa-per-diverse-occasioni\/","og_site_name":"Article Marketing","article_published_time":"2023-03-22T12:16:02+00:00","og_image":[{"url":"https:\/\/abitosera.com\/p\/abito-da-sera-lungo-buco-della-serratura-chiffon-estate-scollo-a-v-i161pkrehn-a.jpg","type":"","width":"","height":""}],"author":"abitos","twitter_card":"summary_large_image","twitter_misc":{"Scritto da":"abitos","Tempo di lettura stimato":"4 minuti"},"schema":{"@context":"https:\/\/schema.org","@graph":[{"@type":"Article","@id":"https:\/\/www.article-marketing.eu\/comunicatistampa\/abiti-da-festa-per-diverse-occasioni\/#article","isPartOf":{"@id":"https:\/\/www.article-marketing.eu\/comunicatistampa\/abiti-da-festa-per-diverse-occasioni\/"},"author":{"name":"abitos","@id":"https:\/\/www.article-marketing.eu\/comunicatistampa\/#\/schema\/person\/dbbd6b99aa643387a365312710622844"},"headline":"Abiti da festa per diverse occasioni","datePublished":"2023-03-22T12:16:02+00:00","mainEntityOfPage":{"@id":"https:\/\/www.article-marketing.eu\/comunicatistampa\/abiti-da-festa-per-diverse-occasioni\/"},"wordCount":512,"commentCount":0,"image":{"@id":"https:\/\/www.article-marketing.eu\/comunicatistampa\/abiti-da-festa-per-diverse-occasioni\/#primaryimage"},"thumbnailUrl":"https:\/\/abitosera.com\/p\/abito-da-sera-lungo-buco-della-serratura-chiffon-estate-scollo-a-v-i161pkrehn-a.jpg","keywords":["Abiti da sera","Abiti da sera incinta"],"articleSection":["Abbigliamento e accessori"],"inLanguage":"it-IT","potentialAction":[{"@type":"CommentAction","name":"Comment","target":["https:\/\/www.article-marketing.eu\/comunicatistampa\/abiti-da-festa-per-diverse-occasioni\/#respond"]}]},{"@type":"WebPage","@id":"https:\/\/www.article-marketing.eu\/comunicatistampa\/abiti-da-festa-per-diverse-occasioni\/","url":"https:\/\/www.article-marketing.eu\/comunicatistampa\/abiti-da-festa-per-diverse-occasioni\/","name":"Abiti da festa per diverse occasioni - Article Marketing","isPartOf":{"@id":"https:\/\/www.article-marketing.eu\/comunicatistampa\/#website"},"primaryImageOfPage":{"@id":"https:\/\/www.article-marketing.eu\/comunicatistampa\/abiti-da-festa-per-diverse-occasioni\/#primaryimage"},"image":{"@id":"https:\/\/www.article-marketing.eu\/comunicatistampa\/abiti-da-festa-per-diverse-occasioni\/#primaryimage"},"thumbnailUrl":"https:\/\/abitosera.com\/p\/abito-da-sera-lungo-buco-della-serratura-chiffon-estate-scollo-a-v-i161pkrehn-a.jpg","datePublished":"2023-03-22T12:16:02+00:00","author":{"@id":"https:\/\/www.article-marketing.eu\/comunicatistampa\/#\/schema\/person\/dbbd6b99aa643387a365312710622844"},"breadcrumb":{"@id":"https:\/\/www.article-marketing.eu\/comunicatistampa\/abiti-da-festa-per-diverse-occasioni\/#breadcrumb"},"inLanguage":"it-IT","potentialAction":[{"@type":"ReadAction","target":["https:\/\/www.article-marketing.eu\/comunicatistampa\/abiti-da-festa-per-diverse-occasioni\/"]}]},{"@type":"ImageObject","inLanguage":"it-IT","@id":"https:\/\/www.article-marketing.eu\/comunicatistampa\/abiti-da-festa-per-diverse-occasioni\/#primaryimage","url":"https:\/\/abitosera.com\/p\/abito-da-sera-lungo-buco-della-serratura-chiffon-estate-scollo-a-v-i161pkrehn-a.jpg","contentUrl":"https:\/\/abitosera.com\/p\/abito-da-sera-lungo-buco-della-serratura-chiffon-estate-scollo-a-v-i161pkrehn-a.jpg"},{"@type":"BreadcrumbList","@id":"https:\/\/www.article-marketing.eu\/comunicatistampa\/abiti-da-festa-per-diverse-occasioni\/#breadcrumb","itemListElement":[{"@type":"ListItem","position":1,"name":"Home","item":"https:\/\/www.article-marketing.eu\/comunicatistampa\/"},{"@type":"ListItem","position":2,"name":"Abiti da festa per diverse occasioni"}]},{"@type":"WebSite","@id":"https:\/\/www.article-marketing.eu\/comunicatistampa\/#website","url":"https:\/\/www.article-marketing.eu\/comunicatistampa\/","name":"Article Marketing","description":"article marketing &amp; press release","potentialAction":[{"@type":"SearchAction","target":{"@type":"EntryPoint","urlTemplate":"https:\/\/www.article-marketing.eu\/comunicatistampa\/?s={search_term_string}"},"query-input":{"@type":"PropertyValueSpecification","valueRequired":true,"valueName":"search_term_string"}}],"inLanguage":"it-IT"},{"@type":"Person","@id":"https:\/\/www.article-marketing.eu\/comunicatistampa\/#\/schema\/person\/dbbd6b99aa643387a365312710622844","name":"abitos","image":{"@type":"ImageObject","inLanguage":"it-IT","@id":"https:\/\/secure.gravatar.com\/avatar\/d7451f11175829d6f28975a8df5189e4c4b39536fedfce13f946ae58558dab87?s=96&d=mm&r=g","url":"https:\/\/secure.gravatar.com\/avatar\/d7451f11175829d6f28975a8df5189e4c4b39536fedfce13f946ae58558dab87?s=96&d=mm&r=g","contentUrl":"https:\/\/secure.gravatar.com\/avatar\/d7451f11175829d6f28975a8df5189e4c4b39536fedfce13f946ae58558dab87?s=96&d=mm&r=g","caption":"abitos"},"url":"https:\/\/www.article-marketing.eu\/comunicatistampa\/author\/abitos\/"}]}},"_links":{"self":[{"href":"https:\/\/www.article-marketing.eu\/comunicatistampa\/wp-json\/wp\/v2\/posts\/26339","targetHints":{"allow":["GET"]}}],"collection":[{"href":"https:\/\/www.article-marketing.eu\/comunicatistampa\/wp-json\/wp\/v2\/posts"}],"about":[{"href":"https:\/\/www.article-marketing.eu\/comunicatistampa\/wp-json\/wp\/v2\/types\/post"}],"author":[{"embeddable":true,"href":"https:\/\/www.article-marketing.eu\/comunicatistampa\/wp-json\/wp\/v2\/users\/6721"}],"replies":[{"embeddable":true,"href":"https:\/\/www.article-marketing.eu\/comunicatistampa\/wp-json\/wp\/v2\/comments?post=26339"}],"version-history":[{"count":2,"href":"https:\/\/www.article-marketing.eu\/comunicatistampa\/wp-json\/wp\/v2\/posts\/26339\/revisions"}],"predecessor-version":[{"id":26694,"href":"https:\/\/www.article-marketing.eu\/comunicatistampa\/wp-json\/wp\/v2\/posts\/26339\/revisions\/26694"}],"wp:attachment":[{"href":"https:\/\/www.article-marketing.eu\/comunicatistampa\/wp-json\/wp\/v2\/media?parent=26339"}],"wp:term":[{"taxonomy":"category","embeddable":true,"href":"https:\/\/www.article-marketing.eu\/comunicatistampa\/wp-json\/wp\/v2\/categories?post=26339"},{"taxonomy":"post_tag","embeddable":true,"href":"https:\/\/www.article-marketing.eu\/comunicatistampa\/wp-json\/wp\/v2\/tags?post=26339"}],"curies":[{"name":"wp","href":"https:\/\/api.w.org\/{rel}","templated":true}]}}