{"id":26363,"date":"2023-02-23T13:55:18","date_gmt":"2023-02-23T12:55:18","guid":{"rendered":"https:\/\/www.article-marketing.eu\/comunicatistampa\/?p=26363"},"modified":"2023-02-23T13:55:18","modified_gmt":"2023-02-23T12:55:18","slug":"terna-a-palermo-40-computer-donati-nellambito-del-progetto-terna-reuse","status":"publish","type":"post","link":"https:\/\/www.article-marketing.eu\/comunicatistampa\/terna-a-palermo-40-computer-donati-nellambito-del-progetto-terna-reuse\/","title":{"rendered":"Terna: a Palermo 40 computer donati nell\u2019ambito del progetto \u201cTerna-Reuse\u201d"},"content":{"rendered":"<p><em><strong>Donazione di 40 computer da parte di <a title=\"Terna dona pc a due laboratori di Palermo \" href=\"https:\/\/www.italpress.com\/da-Terna-computer-circolari-per-due-laboratori-a-palermo-2\/\">Terna<\/a> nell\u2019ambito di \u201cTerna-Reuse: Computer circolari di comunit\u00e0\u201d, progetto in collaborazione con la Cooperativa Reware e Legambiente Sicilia.<\/strong><\/em><\/p>\n<h2>Terna si impegna nella lotta alla produzione di rifiuti elettronici<\/h2>\n<p>Sono stati inaugurati a Palermo, presso l\u2019Associazione San Giovanni Apostolo all\u2019ex-Centro Edilizia Popolare (CEP), il nuovo laboratorio informatico e quello linguistico, risultato di un\u2019iniziativa circolare realizzata da <strong>Terna<\/strong> in collaborazione con la Cooperativa Reware e Legambiente Sicilia. Il progetto \u00e8 denominato \u201c<strong>Terna<\/strong>-Reuse: Computer circolari di comunit\u00e0\u201d e, come si legge in una nota del Gruppo, punta a <em>\u201climitare la produzione di rifiuti informatici e rafforza l\u2019impegno in ambito di sostenibilit\u00e0 e per la tutela dell\u2019ambiente\u201d<\/em>. I due laboratori si trovano presso il Centro aggregativo gestito dall\u2019Associazione San Giovanni Apostolo \u2013 attiva da 20 anni nell\u2019integrazione sociale e nel recupero delle marginalit\u00e0 attraverso l\u2019istruzione \u2013 e presso l\u2019Istituto Comprensivo Statale \u201cGiuliana Saladino\u201d. Alla cerimonia di inaugurazione hanno partecipato amministratori locali, Maria Antonietta Sidoni (Responsabile Distretto Trasmissione Sicilia di <strong>Terna<\/strong>), rappresentanti della Cooperativa Reware, Giuseppe Alfieri e Vanessa Rosano (rispettivamente Presidente e Direttrice di Legambiente Sicilia), l\u2019Associazione Libera, il Comando Carabinieri locale e alcune scuole e associazioni beneficiarie della donazione.<\/p>\n<h2>\u201cTerna-Reuse\u201d, le altre donazioni effettuate con il progetto<\/h2>\n<p>L\u2019inaugurazione dei due laboratori a Palermo prosegue lungo la rotta tracciata da \u201c<strong>Terna<\/strong>-Reuse\u201d, iniziativa ideata e sviluppata da <a title=\"Terna, focus su Italpress\" href=\"https:\/\/www.italpress.com\/da-Terna-computer-circolari-per-due-laboratori-a-palermo-2\/\"><strong>Terna<\/strong><\/a> insieme a Reware, cooperativa e impresa sociale che lotta contro la produzione di rifiuti elettronici, e Legambiente Sicilia. Con la recente donazione di 40 computer, sono ora in totale 100 quelli regalati attraverso il progetto: oltre all\u2019Associazione San Giovanni Apostolo e all\u2019Istituto Comprensivo Saladino, tra i beneficiari vi sono infatti l\u2019Associazione Zen Insieme, la Scuola Primaria Tomasi di Lampedusa e il Punto Luce Save the Children del quartiere Zisa. L\u2019iniziativa \u00e8 stata realizzata anche a Roma, citt\u00e0 in cui nel 2020 sono stati donati altri 160 computer rigenerati per istituti scolastici e realt\u00e0 no profit. <em>\u201cIl progetto Reuse \u00e8 esemplificativo dell\u2019approccio sostenibile che la societ\u00e0 ha sul territorio\u201d<\/em>, ha evidenziato Maria Antonietta Sidoni, Responsabile del Distretto Trasmissione Sicilia di <strong>Terna<\/strong>, aggiungendo che la scelta di Palermo <em>\u201c\u00e8 tutt\u2019altro che un caso: <strong>Terna<\/strong> \u00e8 presente in Sicilia con 230 persone e una rete di 5mila chilometri di linee elettriche, e la presenza sar\u00e0 sempre pi\u00f9 importante nel tempo in virt\u00f9 degli investimenti previsti a supporto della transizione ecologica del Paese\u201d<\/em>.<\/p>\n","protected":false},"excerpt":{"rendered":"<p>Donazione di 40 computer da parte di Terna nell\u2019ambito di \u201cTerna-Reuse: Computer circolari di comunit\u00e0\u201d, progetto in collaborazione con la Cooperativa Reware e Legambiente Sicilia. Terna si impegna nella lotta alla produzione di rifiuti elettronici Sono stati inaugurati a Palermo, presso l\u2019Associazione San Giovanni Apostolo all\u2019ex-Centro Edilizia Popolare (CEP), il nuovo laboratorio informatico e quello linguistico, risultato di un\u2019iniziativa circolare realizzata da Terna in collaborazione con la Cooperativa Reware e<\/p>\n<p><a class=\"continue-reading\" href=\"https:\/\/www.article-marketing.eu\/comunicatistampa\/terna-a-palermo-40-computer-donati-nellambito-del-progetto-terna-reuse\/\">Continue reading&#8230;<\/a><\/p>\n","protected":false},"author":7206,"featured_media":0,"comment_status":"open","ping_status":"open","sticky":false,"template":"","format":"standard","meta":{"_monsterinsights_skip_tracking":false,"_monsterinsights_sitenote_active":false,"_monsterinsights_sitenote_note":"","_monsterinsights_sitenote_category":0,"footnotes":""},"categories":[386],"tags":[9563],"class_list":["post-26363","post","type-post","status-publish","format-standard","hentry","category-economia-e-lavoro","tag-terna"],"yoast_head":"<!-- This site is optimized with the Yoast SEO plugin v27.3 - https:\/\/yoast.com\/product\/yoast-seo-wordpress\/ -->\n<title>Terna: a Palermo 40 computer donati nell\u2019ambito del progetto \u201cTerna-Reuse\u201d<\/title>\n<meta name=\"robots\" content=\"index, follow, max-snippet:-1, max-image-preview:large, max-video-preview:-1\" \/>\n<link rel=\"canonical\" href=\"https:\/\/www.article-marketing.eu\/comunicatistampa\/terna-a-palermo-40-computer-donati-nellambito-del-progetto-terna-reuse\/\" \/>\n<meta property=\"og:locale\" content=\"it_IT\" \/>\n<meta property=\"og:type\" content=\"article\" \/>\n<meta property=\"og:title\" content=\"Terna: a Palermo 40 computer donati nell\u2019ambito del progetto \u201cTerna-Reuse\u201d\" \/>\n<meta property=\"og:description\" content=\"Donazione di 40 computer da parte di Terna nell\u2019ambito di \u201cTerna-Reuse: Computer circolari di comunit\u00e0\u201d, progetto in collaborazione con la Cooperativa Reware e Legambiente Sicilia. Terna si impegna nella lotta alla produzione di rifiuti elettronici Sono stati inaugurati a Palermo, presso l\u2019Associazione San Giovanni Apostolo all\u2019ex-Centro Edilizia Popolare (CEP), il nuovo laboratorio informatico e quello linguistico, risultato di un\u2019iniziativa circolare realizzata da Terna in collaborazione con la Cooperativa Reware eContinue reading...\" \/>\n<meta property=\"og:url\" content=\"https:\/\/www.article-marketing.eu\/comunicatistampa\/terna-a-palermo-40-computer-donati-nellambito-del-progetto-terna-reuse\/\" \/>\n<meta property=\"og:site_name\" content=\"Article Marketing\" \/>\n<meta property=\"article:published_time\" content=\"2023-02-23T12:55:18+00:00\" \/>\n<meta name=\"author\" content=\"pressreleaself\" \/>\n<meta name=\"twitter:card\" content=\"summary_large_image\" \/>\n<meta name=\"twitter:label1\" content=\"Scritto da\" \/>\n\t<meta name=\"twitter:data1\" content=\"pressreleaself\" \/>\n\t<meta name=\"twitter:label2\" content=\"Tempo di lettura stimato\" \/>\n\t<meta name=\"twitter:data2\" content=\"3 minuti\" \/>\n<script type=\"application\/ld+json\" class=\"yoast-schema-graph\">{\"@context\":\"https:\\\/\\\/schema.org\",\"@graph\":[{\"@type\":\"Article\",\"@id\":\"https:\\\/\\\/www.article-marketing.eu\\\/comunicatistampa\\\/terna-a-palermo-40-computer-donati-nellambito-del-progetto-terna-reuse\\\/#article\",\"isPartOf\":{\"@id\":\"https:\\\/\\\/www.article-marketing.eu\\\/comunicatistampa\\\/terna-a-palermo-40-computer-donati-nellambito-del-progetto-terna-reuse\\\/\"},\"author\":{\"name\":\"pressreleaself\",\"@id\":\"https:\\\/\\\/www.article-marketing.eu\\\/comunicatistampa\\\/#\\\/schema\\\/person\\\/e12b1bc04ee2394a2e51cf979ebbbbb6\"},\"headline\":\"Terna: a Palermo 40 computer donati nell\u2019ambito del progetto \u201cTerna-Reuse\u201d\",\"datePublished\":\"2023-02-23T12:55:18+00:00\",\"mainEntityOfPage\":{\"@id\":\"https:\\\/\\\/www.article-marketing.eu\\\/comunicatistampa\\\/terna-a-palermo-40-computer-donati-nellambito-del-progetto-terna-reuse\\\/\"},\"wordCount\":403,\"commentCount\":0,\"keywords\":[\"Terna\"],\"articleSection\":[\"Economia e lavoro\"],\"inLanguage\":\"it-IT\",\"potentialAction\":[{\"@type\":\"CommentAction\",\"name\":\"Comment\",\"target\":[\"https:\\\/\\\/www.article-marketing.eu\\\/comunicatistampa\\\/terna-a-palermo-40-computer-donati-nellambito-del-progetto-terna-reuse\\\/#respond\"]}]},{\"@type\":\"WebPage\",\"@id\":\"https:\\\/\\\/www.article-marketing.eu\\\/comunicatistampa\\\/terna-a-palermo-40-computer-donati-nellambito-del-progetto-terna-reuse\\\/\",\"url\":\"https:\\\/\\\/www.article-marketing.eu\\\/comunicatistampa\\\/terna-a-palermo-40-computer-donati-nellambito-del-progetto-terna-reuse\\\/\",\"name\":\"Terna: a Palermo 40 computer donati nell\u2019ambito del progetto \u201cTerna-Reuse\u201d\",\"isPartOf\":{\"@id\":\"https:\\\/\\\/www.article-marketing.eu\\\/comunicatistampa\\\/#website\"},\"datePublished\":\"2023-02-23T12:55:18+00:00\",\"author\":{\"@id\":\"https:\\\/\\\/www.article-marketing.eu\\\/comunicatistampa\\\/#\\\/schema\\\/person\\\/e12b1bc04ee2394a2e51cf979ebbbbb6\"},\"breadcrumb\":{\"@id\":\"https:\\\/\\\/www.article-marketing.eu\\\/comunicatistampa\\\/terna-a-palermo-40-computer-donati-nellambito-del-progetto-terna-reuse\\\/#breadcrumb\"},\"inLanguage\":\"it-IT\",\"potentialAction\":[{\"@type\":\"ReadAction\",\"target\":[\"https:\\\/\\\/www.article-marketing.eu\\\/comunicatistampa\\\/terna-a-palermo-40-computer-donati-nellambito-del-progetto-terna-reuse\\\/\"]}]},{\"@type\":\"BreadcrumbList\",\"@id\":\"https:\\\/\\\/www.article-marketing.eu\\\/comunicatistampa\\\/terna-a-palermo-40-computer-donati-nellambito-del-progetto-terna-reuse\\\/#breadcrumb\",\"itemListElement\":[{\"@type\":\"ListItem\",\"position\":1,\"name\":\"Home\",\"item\":\"https:\\\/\\\/www.article-marketing.eu\\\/comunicatistampa\\\/\"},{\"@type\":\"ListItem\",\"position\":2,\"name\":\"Terna: a Palermo 40 computer donati nell\u2019ambito del progetto \u201cTerna-Reuse\u201d\"}]},{\"@type\":\"WebSite\",\"@id\":\"https:\\\/\\\/www.article-marketing.eu\\\/comunicatistampa\\\/#website\",\"url\":\"https:\\\/\\\/www.article-marketing.eu\\\/comunicatistampa\\\/\",\"name\":\"Article Marketing\",\"description\":\"article marketing &amp; press release\",\"potentialAction\":[{\"@type\":\"SearchAction\",\"target\":{\"@type\":\"EntryPoint\",\"urlTemplate\":\"https:\\\/\\\/www.article-marketing.eu\\\/comunicatistampa\\\/?s={search_term_string}\"},\"query-input\":{\"@type\":\"PropertyValueSpecification\",\"valueRequired\":true,\"valueName\":\"search_term_string\"}}],\"inLanguage\":\"it-IT\"},{\"@type\":\"Person\",\"@id\":\"https:\\\/\\\/www.article-marketing.eu\\\/comunicatistampa\\\/#\\\/schema\\\/person\\\/e12b1bc04ee2394a2e51cf979ebbbbb6\",\"name\":\"pressreleaself\",\"image\":{\"@type\":\"ImageObject\",\"inLanguage\":\"it-IT\",\"@id\":\"https:\\\/\\\/secure.gravatar.com\\\/avatar\\\/58b2e897ca1b290b3c87ba2112be22b2d12e7af8fea0975d839430be1249d1a3?s=96&d=mm&r=g\",\"url\":\"https:\\\/\\\/secure.gravatar.com\\\/avatar\\\/58b2e897ca1b290b3c87ba2112be22b2d12e7af8fea0975d839430be1249d1a3?s=96&d=mm&r=g\",\"contentUrl\":\"https:\\\/\\\/secure.gravatar.com\\\/avatar\\\/58b2e897ca1b290b3c87ba2112be22b2d12e7af8fea0975d839430be1249d1a3?s=96&d=mm&r=g\",\"caption\":\"pressreleaself\"},\"url\":\"https:\\\/\\\/www.article-marketing.eu\\\/comunicatistampa\\\/author\\\/pressreleaself\\\/\"}]}<\/script>\n<!-- \/ Yoast SEO plugin. -->","yoast_head_json":{"title":"Terna: a Palermo 40 computer donati nell\u2019ambito del progetto \u201cTerna-Reuse\u201d","robots":{"index":"index","follow":"follow","max-snippet":"max-snippet:-1","max-image-preview":"max-image-preview:large","max-video-preview":"max-video-preview:-1"},"canonical":"https:\/\/www.article-marketing.eu\/comunicatistampa\/terna-a-palermo-40-computer-donati-nellambito-del-progetto-terna-reuse\/","og_locale":"it_IT","og_type":"article","og_title":"Terna: a Palermo 40 computer donati nell\u2019ambito del progetto \u201cTerna-Reuse\u201d","og_description":"Donazione di 40 computer da parte di Terna nell\u2019ambito di \u201cTerna-Reuse: Computer circolari di comunit\u00e0\u201d, progetto in collaborazione con la Cooperativa Reware e Legambiente Sicilia. Terna si impegna nella lotta alla produzione di rifiuti elettronici Sono stati inaugurati a Palermo, presso l\u2019Associazione San Giovanni Apostolo all\u2019ex-Centro Edilizia Popolare (CEP), il nuovo laboratorio informatico e quello linguistico, risultato di un\u2019iniziativa circolare realizzata da Terna in collaborazione con la Cooperativa Reware eContinue reading...","og_url":"https:\/\/www.article-marketing.eu\/comunicatistampa\/terna-a-palermo-40-computer-donati-nellambito-del-progetto-terna-reuse\/","og_site_name":"Article Marketing","article_published_time":"2023-02-23T12:55:18+00:00","author":"pressreleaself","twitter_card":"summary_large_image","twitter_misc":{"Scritto da":"pressreleaself","Tempo di lettura stimato":"3 minuti"},"schema":{"@context":"https:\/\/schema.org","@graph":[{"@type":"Article","@id":"https:\/\/www.article-marketing.eu\/comunicatistampa\/terna-a-palermo-40-computer-donati-nellambito-del-progetto-terna-reuse\/#article","isPartOf":{"@id":"https:\/\/www.article-marketing.eu\/comunicatistampa\/terna-a-palermo-40-computer-donati-nellambito-del-progetto-terna-reuse\/"},"author":{"name":"pressreleaself","@id":"https:\/\/www.article-marketing.eu\/comunicatistampa\/#\/schema\/person\/e12b1bc04ee2394a2e51cf979ebbbbb6"},"headline":"Terna: a Palermo 40 computer donati nell\u2019ambito del progetto \u201cTerna-Reuse\u201d","datePublished":"2023-02-23T12:55:18+00:00","mainEntityOfPage":{"@id":"https:\/\/www.article-marketing.eu\/comunicatistampa\/terna-a-palermo-40-computer-donati-nellambito-del-progetto-terna-reuse\/"},"wordCount":403,"commentCount":0,"keywords":["Terna"],"articleSection":["Economia e lavoro"],"inLanguage":"it-IT","potentialAction":[{"@type":"CommentAction","name":"Comment","target":["https:\/\/www.article-marketing.eu\/comunicatistampa\/terna-a-palermo-40-computer-donati-nellambito-del-progetto-terna-reuse\/#respond"]}]},{"@type":"WebPage","@id":"https:\/\/www.article-marketing.eu\/comunicatistampa\/terna-a-palermo-40-computer-donati-nellambito-del-progetto-terna-reuse\/","url":"https:\/\/www.article-marketing.eu\/comunicatistampa\/terna-a-palermo-40-computer-donati-nellambito-del-progetto-terna-reuse\/","name":"Terna: a Palermo 40 computer donati nell\u2019ambito del progetto \u201cTerna-Reuse\u201d","isPartOf":{"@id":"https:\/\/www.article-marketing.eu\/comunicatistampa\/#website"},"datePublished":"2023-02-23T12:55:18+00:00","author":{"@id":"https:\/\/www.article-marketing.eu\/comunicatistampa\/#\/schema\/person\/e12b1bc04ee2394a2e51cf979ebbbbb6"},"breadcrumb":{"@id":"https:\/\/www.article-marketing.eu\/comunicatistampa\/terna-a-palermo-40-computer-donati-nellambito-del-progetto-terna-reuse\/#breadcrumb"},"inLanguage":"it-IT","potentialAction":[{"@type":"ReadAction","target":["https:\/\/www.article-marketing.eu\/comunicatistampa\/terna-a-palermo-40-computer-donati-nellambito-del-progetto-terna-reuse\/"]}]},{"@type":"BreadcrumbList","@id":"https:\/\/www.article-marketing.eu\/comunicatistampa\/terna-a-palermo-40-computer-donati-nellambito-del-progetto-terna-reuse\/#breadcrumb","itemListElement":[{"@type":"ListItem","position":1,"name":"Home","item":"https:\/\/www.article-marketing.eu\/comunicatistampa\/"},{"@type":"ListItem","position":2,"name":"Terna: a Palermo 40 computer donati nell\u2019ambito del progetto \u201cTerna-Reuse\u201d"}]},{"@type":"WebSite","@id":"https:\/\/www.article-marketing.eu\/comunicatistampa\/#website","url":"https:\/\/www.article-marketing.eu\/comunicatistampa\/","name":"Article Marketing","description":"article marketing &amp; press release","potentialAction":[{"@type":"SearchAction","target":{"@type":"EntryPoint","urlTemplate":"https:\/\/www.article-marketing.eu\/comunicatistampa\/?s={search_term_string}"},"query-input":{"@type":"PropertyValueSpecification","valueRequired":true,"valueName":"search_term_string"}}],"inLanguage":"it-IT"},{"@type":"Person","@id":"https:\/\/www.article-marketing.eu\/comunicatistampa\/#\/schema\/person\/e12b1bc04ee2394a2e51cf979ebbbbb6","name":"pressreleaself","image":{"@type":"ImageObject","inLanguage":"it-IT","@id":"https:\/\/secure.gravatar.com\/avatar\/58b2e897ca1b290b3c87ba2112be22b2d12e7af8fea0975d839430be1249d1a3?s=96&d=mm&r=g","url":"https:\/\/secure.gravatar.com\/avatar\/58b2e897ca1b290b3c87ba2112be22b2d12e7af8fea0975d839430be1249d1a3?s=96&d=mm&r=g","contentUrl":"https:\/\/secure.gravatar.com\/avatar\/58b2e897ca1b290b3c87ba2112be22b2d12e7af8fea0975d839430be1249d1a3?s=96&d=mm&r=g","caption":"pressreleaself"},"url":"https:\/\/www.article-marketing.eu\/comunicatistampa\/author\/pressreleaself\/"}]}},"_links":{"self":[{"href":"https:\/\/www.article-marketing.eu\/comunicatistampa\/wp-json\/wp\/v2\/posts\/26363","targetHints":{"allow":["GET"]}}],"collection":[{"href":"https:\/\/www.article-marketing.eu\/comunicatistampa\/wp-json\/wp\/v2\/posts"}],"about":[{"href":"https:\/\/www.article-marketing.eu\/comunicatistampa\/wp-json\/wp\/v2\/types\/post"}],"author":[{"embeddable":true,"href":"https:\/\/www.article-marketing.eu\/comunicatistampa\/wp-json\/wp\/v2\/users\/7206"}],"replies":[{"embeddable":true,"href":"https:\/\/www.article-marketing.eu\/comunicatistampa\/wp-json\/wp\/v2\/comments?post=26363"}],"version-history":[{"count":2,"href":"https:\/\/www.article-marketing.eu\/comunicatistampa\/wp-json\/wp\/v2\/posts\/26363\/revisions"}],"predecessor-version":[{"id":26439,"href":"https:\/\/www.article-marketing.eu\/comunicatistampa\/wp-json\/wp\/v2\/posts\/26363\/revisions\/26439"}],"wp:attachment":[{"href":"https:\/\/www.article-marketing.eu\/comunicatistampa\/wp-json\/wp\/v2\/media?parent=26363"}],"wp:term":[{"taxonomy":"category","embeddable":true,"href":"https:\/\/www.article-marketing.eu\/comunicatistampa\/wp-json\/wp\/v2\/categories?post=26363"},{"taxonomy":"post_tag","embeddable":true,"href":"https:\/\/www.article-marketing.eu\/comunicatistampa\/wp-json\/wp\/v2\/tags?post=26363"}],"curies":[{"name":"wp","href":"https:\/\/api.w.org\/{rel}","templated":true}]}}