{"id":26380,"date":"2023-03-09T14:00:01","date_gmt":"2023-03-09T13:00:01","guid":{"rendered":"https:\/\/www.article-marketing.eu\/comunicatistampa\/?p=26380"},"modified":"2023-03-09T14:00:01","modified_gmt":"2023-03-09T13:00:01","slug":"leditoriale-di-francesco-starace-tre-anni-decisivi-per-enel-e-per-la-transizione-energetica","status":"publish","type":"post","link":"https:\/\/www.article-marketing.eu\/comunicatistampa\/leditoriale-di-francesco-starace-tre-anni-decisivi-per-enel-e-per-la-transizione-energetica\/","title":{"rendered":"L\u2019editoriale di Francesco Starace: tre anni decisivi per Enel e per la transizione energetica"},"content":{"rendered":"<p><em><strong>\u201cL\u2019elettrificazione sostenibile al centro del nostro Piano Strategico 2023-25\u201d: l\u2019AD <a title=\"Francesco Starace, profilo crunchbase\" href=\"https:\/\/www.crunchbase.com\/person\/francesco-starace\">Francesco Starace<\/a> ne sottolinea il ruolo fondamentale per combattere il cambiamento climatico e promuovere un futuro migliore.<\/strong><\/em><\/p>\n<p><a title=\"Francesco Starace, biografia crunchbase\" href=\"https:\/\/www.crunchbase.com\/person\/francesco-starace\"><img loading=\"lazy\" decoding=\"async\" src=\"https:\/\/res.cloudinary.com\/crunchbase-production\/image\/upload\/c_thumb,h_170,w_170,f_auto,g_faces,z_0.7,b_white,q_auto:eco,dpr_1\/v1485948843\/lcyrnwxghm9n2ctpqzlm.jpg\" alt=\"Francesco Starace\" width=\"170\" height=\"170\" \/><\/a><\/p>\n<h2>Francesco Starace: l\u2019elettrificazione sostenibile la via migliore per superare la volatilit\u00e0<\/h2>\n<p>La transizione energetica \u00e8 al centro della nostra strategia: lo ribadisce l\u2019AD <strong>Francesco Starace<\/strong> in un editoriale pubblicato sul sito di Enel in cui parla del Piano strategico 2023-2025 sottolineandone il valore. Tre anni decisivi non solo per il Gruppo ma anche per la transizione energetica, alla luce delle sfide e delle opportunit\u00e0 \u201c<em>del tutto nuove<\/em>\u201d sorte in un momento come questo \u201c<em>che ha pochi precedenti<\/em>\u201d. Per chi opera in un settore complesso, globalizzato e strategico come quello dell\u2019energia non esistono momenti semplici ma i \u201c<em>fenomeni imprevisti<\/em>\u201d che hanno interessato l\u2019economia mondiale a partire dal 2020 stanno avendo \u201c<em>particolari ripercussioni anche sul nostro settore<\/em>\u201d. La pandemia prima che \u201c<em>ha rallentato la crescita mondiale, il mercato azionario e gli investimenti\u201d <\/em>provocando un sensibile calo della domanda di energia. E la guerra che ha messo in dubbio la sicurezza energetica dell\u2019Europa e di intere aree del mondo proprio quando le economie mostravano segni di ripresa. Senza dimenticare le problematiche legate all\u2019inflazione e agli eventi meteorologici estremi \u201c<em>che ci hanno ricordato l\u2019urgenza di affrontare il riscaldamento globale<\/em>\u201d. In questo scenario Enel ha pianificato il prossimo triennio \u201c<em>tenendo conto di ci\u00f2 che \u00e8 avvenuto e potrebbe avvenire durante questo complesso periodo storico<\/em>\u201d: una delle variabili pi\u00f9 importanti \u00e8 la volatilit\u00e0 che \u201c<em>ha influenzato i prezzi delle materie prime, i tassi di cambio e di interesse e gli indici di borsa negli ultimi mesi<\/em>\u201d. Il compito di Enel \u00e8 quindi \u201c<em>di proteggere dalla volatilit\u00e0 i nostri clienti, i nostri azionisti e tutti gli stakeholder<\/em>\u201d, scrive <strong>Francesco Starace<\/strong>: per farlo \u201c<em>consideriamo l\u2019elettrificazione sostenibile come la via migliore per superare la volatilit\u00e0 e garantire una fornitura di energia stabile e prevedibile, a prezzi accessibili<\/em>\u201d con l\u2019obiettivo \u201c<em>di preservare la salute del Pianeta e gli standard di vita delle prossime generazioni, riducendo allo stesso tempo le tensioni geopolitiche<\/em>\u201d. Tutto questo, aggiunge l\u2019AD, significa \u201c<em>estendere l\u2019utilizzo di energia prodotta da fonti rinnovabili anche a settori che finora dipendevano quasi interamente dai combustibili fossili, come i trasporti e il riscaldamento domestico<\/em>\u201d: la convinzione \u00e8 \u201c<em>che il risultato di questa crisi sar\u00e0 l\u2019accelerazione di questo virtuoso processo<\/em>\u201d di transizione energetica.<\/p>\n<h2>Francesco Starace: Enel accelera sulle rinnovabili, nel 2022 stabilito nuovo record di capacit\u00e0 green<\/h2>\n<p>Parlando delle soluzioni individuate da Enel, l\u2019AD <a title=\"Francesco Starace - crunchbase\" href=\"https:\/\/www.crunchbase.com\/person\/francesco-starace\"><strong>Francesco Starace<\/strong><\/a> si sofferma sulla crescita nelle rinnovabili. Non a caso pochi giorni dopo \u00e8 arrivata la notizia del nuovo record stabilito da Enel Green Power nel 2022 con 5.2 GW di nuova capacit\u00e0 rinnovabile installata. Per sostenere questo trend \u00e8 necessario accelerare la digitalizzazione del sistema elettrico: \u201c<em>Nei prossimi tre anni puntiamo a digitalizzare circa l\u201980% dei nostri clienti, e investiremo circa 15 miliardi di euro nelle reti di nuova generazione<\/em>\u201d. La transizione energetica si riconferma quindi al centro dei progetti di Enel: \u201c<em>Siamo convinti che questa strategia possa offrire stabilit\u00e0, certezza e valore \u2013 nel senso pi\u00f9 ampio del termine \u2013 a molti livelli. Per i nostri clienti, che vedranno la spesa energetica domestica ridursi progressivamente fino al 20% entro i prossimi tre anni. Per i nostri azionisti, ai quali prospettiamo un dividendo pari a 0,43 euro nel periodo 2023-2025 in aumento rispetto a 0,40 euro nel 2022. E per la societ\u00e0 intera, perch\u00e9 calcoliamo che i nostri investimenti contribuiranno, nei Paesi dove operiamo, a un aumento complessivo del Prodotto Interno Lordo di circa 70 miliardi di euro entro il 2025<\/em>\u201d. <strong>Francesco Starace<\/strong> si rivolge infine allo \u201c<em>straordinario gruppo di professionisti<\/em>\u201d su cui Enel ha la fortuna di poter contare: \u201c<em>Dal 2020 in poi ha superato situazioni imprevedibili e difficili. \u00c8 soprattutto grazie a loro che possiamo guardare con fiducia al futuro. Non possiamo escludere nuove turbolenze, ma sappiamo di avere con noi persone in grado di affrontarle. Di tutti gli asset di una grande azienda, questo \u00e8 il pi\u00f9 importante<\/em>\u201d.<\/p>\n","protected":false},"excerpt":{"rendered":"<p>\u201cL\u2019elettrificazione sostenibile al centro del nostro Piano Strategico 2023-25\u201d: l\u2019AD Francesco Starace ne sottolinea il ruolo fondamentale per combattere il cambiamento climatico e promuovere un futuro migliore. Francesco Starace: l\u2019elettrificazione sostenibile la via migliore per superare la volatilit\u00e0 La transizione energetica \u00e8 al centro della nostra strategia: lo ribadisce l\u2019AD Francesco Starace in un editoriale pubblicato sul sito di Enel in cui parla del Piano strategico 2023-2025 sottolineandone il valore.<\/p>\n<p><a class=\"continue-reading\" href=\"https:\/\/www.article-marketing.eu\/comunicatistampa\/leditoriale-di-francesco-starace-tre-anni-decisivi-per-enel-e-per-la-transizione-energetica\/\">Continue reading&#8230;<\/a><\/p>\n","protected":false},"author":6477,"featured_media":0,"comment_status":"open","ping_status":"open","sticky":false,"template":"","format":"standard","meta":{"_monsterinsights_skip_tracking":false,"_monsterinsights_sitenote_active":false,"_monsterinsights_sitenote_note":"","_monsterinsights_sitenote_category":0,"footnotes":""},"categories":[386],"tags":[9745],"class_list":["post-26380","post","type-post","status-publish","format-standard","hentry","category-economia-e-lavoro","tag-francesco-starace"],"yoast_head":"<!-- This site is optimized with the Yoast SEO plugin v27.3 - https:\/\/yoast.com\/product\/yoast-seo-wordpress\/ -->\n<title>L\u2019editoriale di Francesco Starace: tre anni decisivi per Enel e per la transizione energetica<\/title>\n<meta name=\"robots\" content=\"index, follow, max-snippet:-1, max-image-preview:large, max-video-preview:-1\" \/>\n<link rel=\"canonical\" href=\"https:\/\/www.article-marketing.eu\/comunicatistampa\/leditoriale-di-francesco-starace-tre-anni-decisivi-per-enel-e-per-la-transizione-energetica\/\" \/>\n<meta property=\"og:locale\" content=\"it_IT\" \/>\n<meta property=\"og:type\" content=\"article\" \/>\n<meta property=\"og:title\" content=\"L\u2019editoriale di Francesco Starace: tre anni decisivi per Enel e per la transizione energetica\" \/>\n<meta property=\"og:description\" content=\"\u201cL\u2019elettrificazione sostenibile al centro del nostro Piano Strategico 2023-25\u201d: l\u2019AD Francesco Starace ne sottolinea il ruolo fondamentale per combattere il cambiamento climatico e promuovere un futuro migliore. Francesco Starace: l\u2019elettrificazione sostenibile la via migliore per superare la volatilit\u00e0 La transizione energetica \u00e8 al centro della nostra strategia: lo ribadisce l\u2019AD Francesco Starace in un editoriale pubblicato sul sito di Enel in cui parla del Piano strategico 2023-2025 sottolineandone il valore.Continue reading...\" \/>\n<meta property=\"og:url\" content=\"https:\/\/www.article-marketing.eu\/comunicatistampa\/leditoriale-di-francesco-starace-tre-anni-decisivi-per-enel-e-per-la-transizione-energetica\/\" \/>\n<meta property=\"og:site_name\" content=\"Article Marketing\" \/>\n<meta property=\"article:published_time\" content=\"2023-03-09T13:00:01+00:00\" \/>\n<meta property=\"og:image\" content=\"https:\/\/res.cloudinary.com\/crunchbase-production\/image\/upload\/c_thumb,h_170,w_170,f_auto,g_faces,z_0.7,b_white,q_auto:eco,dpr_1\/v1485948843\/lcyrnwxghm9n2ctpqzlm.jpg\" \/>\n<meta name=\"author\" content=\"articolinews\" \/>\n<meta name=\"twitter:card\" content=\"summary_large_image\" \/>\n<meta name=\"twitter:label1\" content=\"Scritto da\" \/>\n\t<meta name=\"twitter:data1\" content=\"articolinews\" \/>\n\t<meta name=\"twitter:label2\" content=\"Tempo di lettura stimato\" \/>\n\t<meta name=\"twitter:data2\" content=\"4 minuti\" \/>\n<script type=\"application\/ld+json\" class=\"yoast-schema-graph\">{\"@context\":\"https:\\\/\\\/schema.org\",\"@graph\":[{\"@type\":\"Article\",\"@id\":\"https:\\\/\\\/www.article-marketing.eu\\\/comunicatistampa\\\/leditoriale-di-francesco-starace-tre-anni-decisivi-per-enel-e-per-la-transizione-energetica\\\/#article\",\"isPartOf\":{\"@id\":\"https:\\\/\\\/www.article-marketing.eu\\\/comunicatistampa\\\/leditoriale-di-francesco-starace-tre-anni-decisivi-per-enel-e-per-la-transizione-energetica\\\/\"},\"author\":{\"name\":\"articolinews\",\"@id\":\"https:\\\/\\\/www.article-marketing.eu\\\/comunicatistampa\\\/#\\\/schema\\\/person\\\/2fcaf8f8f3a9eef9eb7f27532d3ca458\"},\"headline\":\"L\u2019editoriale di Francesco Starace: tre anni decisivi per Enel e per la transizione energetica\",\"datePublished\":\"2023-03-09T13:00:01+00:00\",\"mainEntityOfPage\":{\"@id\":\"https:\\\/\\\/www.article-marketing.eu\\\/comunicatistampa\\\/leditoriale-di-francesco-starace-tre-anni-decisivi-per-enel-e-per-la-transizione-energetica\\\/\"},\"wordCount\":668,\"commentCount\":0,\"image\":{\"@id\":\"https:\\\/\\\/www.article-marketing.eu\\\/comunicatistampa\\\/leditoriale-di-francesco-starace-tre-anni-decisivi-per-enel-e-per-la-transizione-energetica\\\/#primaryimage\"},\"thumbnailUrl\":\"https:\\\/\\\/res.cloudinary.com\\\/crunchbase-production\\\/image\\\/upload\\\/c_thumb,h_170,w_170,f_auto,g_faces,z_0.7,b_white,q_auto:eco,dpr_1\\\/v1485948843\\\/lcyrnwxghm9n2ctpqzlm.jpg\",\"keywords\":[\"Francesco Starace\"],\"articleSection\":[\"Economia e lavoro\"],\"inLanguage\":\"it-IT\",\"potentialAction\":[{\"@type\":\"CommentAction\",\"name\":\"Comment\",\"target\":[\"https:\\\/\\\/www.article-marketing.eu\\\/comunicatistampa\\\/leditoriale-di-francesco-starace-tre-anni-decisivi-per-enel-e-per-la-transizione-energetica\\\/#respond\"]}]},{\"@type\":\"WebPage\",\"@id\":\"https:\\\/\\\/www.article-marketing.eu\\\/comunicatistampa\\\/leditoriale-di-francesco-starace-tre-anni-decisivi-per-enel-e-per-la-transizione-energetica\\\/\",\"url\":\"https:\\\/\\\/www.article-marketing.eu\\\/comunicatistampa\\\/leditoriale-di-francesco-starace-tre-anni-decisivi-per-enel-e-per-la-transizione-energetica\\\/\",\"name\":\"L\u2019editoriale di Francesco Starace: tre anni decisivi per Enel e per la transizione energetica\",\"isPartOf\":{\"@id\":\"https:\\\/\\\/www.article-marketing.eu\\\/comunicatistampa\\\/#website\"},\"primaryImageOfPage\":{\"@id\":\"https:\\\/\\\/www.article-marketing.eu\\\/comunicatistampa\\\/leditoriale-di-francesco-starace-tre-anni-decisivi-per-enel-e-per-la-transizione-energetica\\\/#primaryimage\"},\"image\":{\"@id\":\"https:\\\/\\\/www.article-marketing.eu\\\/comunicatistampa\\\/leditoriale-di-francesco-starace-tre-anni-decisivi-per-enel-e-per-la-transizione-energetica\\\/#primaryimage\"},\"thumbnailUrl\":\"https:\\\/\\\/res.cloudinary.com\\\/crunchbase-production\\\/image\\\/upload\\\/c_thumb,h_170,w_170,f_auto,g_faces,z_0.7,b_white,q_auto:eco,dpr_1\\\/v1485948843\\\/lcyrnwxghm9n2ctpqzlm.jpg\",\"datePublished\":\"2023-03-09T13:00:01+00:00\",\"author\":{\"@id\":\"https:\\\/\\\/www.article-marketing.eu\\\/comunicatistampa\\\/#\\\/schema\\\/person\\\/2fcaf8f8f3a9eef9eb7f27532d3ca458\"},\"breadcrumb\":{\"@id\":\"https:\\\/\\\/www.article-marketing.eu\\\/comunicatistampa\\\/leditoriale-di-francesco-starace-tre-anni-decisivi-per-enel-e-per-la-transizione-energetica\\\/#breadcrumb\"},\"inLanguage\":\"it-IT\",\"potentialAction\":[{\"@type\":\"ReadAction\",\"target\":[\"https:\\\/\\\/www.article-marketing.eu\\\/comunicatistampa\\\/leditoriale-di-francesco-starace-tre-anni-decisivi-per-enel-e-per-la-transizione-energetica\\\/\"]}]},{\"@type\":\"ImageObject\",\"inLanguage\":\"it-IT\",\"@id\":\"https:\\\/\\\/www.article-marketing.eu\\\/comunicatistampa\\\/leditoriale-di-francesco-starace-tre-anni-decisivi-per-enel-e-per-la-transizione-energetica\\\/#primaryimage\",\"url\":\"https:\\\/\\\/res.cloudinary.com\\\/crunchbase-production\\\/image\\\/upload\\\/c_thumb,h_170,w_170,f_auto,g_faces,z_0.7,b_white,q_auto:eco,dpr_1\\\/v1485948843\\\/lcyrnwxghm9n2ctpqzlm.jpg\",\"contentUrl\":\"https:\\\/\\\/res.cloudinary.com\\\/crunchbase-production\\\/image\\\/upload\\\/c_thumb,h_170,w_170,f_auto,g_faces,z_0.7,b_white,q_auto:eco,dpr_1\\\/v1485948843\\\/lcyrnwxghm9n2ctpqzlm.jpg\"},{\"@type\":\"BreadcrumbList\",\"@id\":\"https:\\\/\\\/www.article-marketing.eu\\\/comunicatistampa\\\/leditoriale-di-francesco-starace-tre-anni-decisivi-per-enel-e-per-la-transizione-energetica\\\/#breadcrumb\",\"itemListElement\":[{\"@type\":\"ListItem\",\"position\":1,\"name\":\"Home\",\"item\":\"https:\\\/\\\/www.article-marketing.eu\\\/comunicatistampa\\\/\"},{\"@type\":\"ListItem\",\"position\":2,\"name\":\"L\u2019editoriale di Francesco Starace: tre anni decisivi per Enel e per la transizione energetica\"}]},{\"@type\":\"WebSite\",\"@id\":\"https:\\\/\\\/www.article-marketing.eu\\\/comunicatistampa\\\/#website\",\"url\":\"https:\\\/\\\/www.article-marketing.eu\\\/comunicatistampa\\\/\",\"name\":\"Article Marketing\",\"description\":\"article marketing &amp; press release\",\"potentialAction\":[{\"@type\":\"SearchAction\",\"target\":{\"@type\":\"EntryPoint\",\"urlTemplate\":\"https:\\\/\\\/www.article-marketing.eu\\\/comunicatistampa\\\/?s={search_term_string}\"},\"query-input\":{\"@type\":\"PropertyValueSpecification\",\"valueRequired\":true,\"valueName\":\"search_term_string\"}}],\"inLanguage\":\"it-IT\"},{\"@type\":\"Person\",\"@id\":\"https:\\\/\\\/www.article-marketing.eu\\\/comunicatistampa\\\/#\\\/schema\\\/person\\\/2fcaf8f8f3a9eef9eb7f27532d3ca458\",\"name\":\"articolinews\",\"image\":{\"@type\":\"ImageObject\",\"inLanguage\":\"it-IT\",\"@id\":\"https:\\\/\\\/secure.gravatar.com\\\/avatar\\\/9e2a264bab04e17dea24d937c9956304649a848cb73c46747a692ff1bdeb1cb7?s=96&d=mm&r=g\",\"url\":\"https:\\\/\\\/secure.gravatar.com\\\/avatar\\\/9e2a264bab04e17dea24d937c9956304649a848cb73c46747a692ff1bdeb1cb7?s=96&d=mm&r=g\",\"contentUrl\":\"https:\\\/\\\/secure.gravatar.com\\\/avatar\\\/9e2a264bab04e17dea24d937c9956304649a848cb73c46747a692ff1bdeb1cb7?s=96&d=mm&r=g\",\"caption\":\"articolinews\"},\"url\":\"https:\\\/\\\/www.article-marketing.eu\\\/comunicatistampa\\\/author\\\/articolinews\\\/\"}]}<\/script>\n<!-- \/ Yoast SEO plugin. -->","yoast_head_json":{"title":"L\u2019editoriale di Francesco Starace: tre anni decisivi per Enel e per la transizione energetica","robots":{"index":"index","follow":"follow","max-snippet":"max-snippet:-1","max-image-preview":"max-image-preview:large","max-video-preview":"max-video-preview:-1"},"canonical":"https:\/\/www.article-marketing.eu\/comunicatistampa\/leditoriale-di-francesco-starace-tre-anni-decisivi-per-enel-e-per-la-transizione-energetica\/","og_locale":"it_IT","og_type":"article","og_title":"L\u2019editoriale di Francesco Starace: tre anni decisivi per Enel e per la transizione energetica","og_description":"\u201cL\u2019elettrificazione sostenibile al centro del nostro Piano Strategico 2023-25\u201d: l\u2019AD Francesco Starace ne sottolinea il ruolo fondamentale per combattere il cambiamento climatico e promuovere un futuro migliore. Francesco Starace: l\u2019elettrificazione sostenibile la via migliore per superare la volatilit\u00e0 La transizione energetica \u00e8 al centro della nostra strategia: lo ribadisce l\u2019AD Francesco Starace in un editoriale pubblicato sul sito di Enel in cui parla del Piano strategico 2023-2025 sottolineandone il valore.Continue reading...","og_url":"https:\/\/www.article-marketing.eu\/comunicatistampa\/leditoriale-di-francesco-starace-tre-anni-decisivi-per-enel-e-per-la-transizione-energetica\/","og_site_name":"Article Marketing","article_published_time":"2023-03-09T13:00:01+00:00","og_image":[{"url":"https:\/\/res.cloudinary.com\/crunchbase-production\/image\/upload\/c_thumb,h_170,w_170,f_auto,g_faces,z_0.7,b_white,q_auto:eco,dpr_1\/v1485948843\/lcyrnwxghm9n2ctpqzlm.jpg","type":"","width":"","height":""}],"author":"articolinews","twitter_card":"summary_large_image","twitter_misc":{"Scritto da":"articolinews","Tempo di lettura stimato":"4 minuti"},"schema":{"@context":"https:\/\/schema.org","@graph":[{"@type":"Article","@id":"https:\/\/www.article-marketing.eu\/comunicatistampa\/leditoriale-di-francesco-starace-tre-anni-decisivi-per-enel-e-per-la-transizione-energetica\/#article","isPartOf":{"@id":"https:\/\/www.article-marketing.eu\/comunicatistampa\/leditoriale-di-francesco-starace-tre-anni-decisivi-per-enel-e-per-la-transizione-energetica\/"},"author":{"name":"articolinews","@id":"https:\/\/www.article-marketing.eu\/comunicatistampa\/#\/schema\/person\/2fcaf8f8f3a9eef9eb7f27532d3ca458"},"headline":"L\u2019editoriale di Francesco Starace: tre anni decisivi per Enel e per la transizione energetica","datePublished":"2023-03-09T13:00:01+00:00","mainEntityOfPage":{"@id":"https:\/\/www.article-marketing.eu\/comunicatistampa\/leditoriale-di-francesco-starace-tre-anni-decisivi-per-enel-e-per-la-transizione-energetica\/"},"wordCount":668,"commentCount":0,"image":{"@id":"https:\/\/www.article-marketing.eu\/comunicatistampa\/leditoriale-di-francesco-starace-tre-anni-decisivi-per-enel-e-per-la-transizione-energetica\/#primaryimage"},"thumbnailUrl":"https:\/\/res.cloudinary.com\/crunchbase-production\/image\/upload\/c_thumb,h_170,w_170,f_auto,g_faces,z_0.7,b_white,q_auto:eco,dpr_1\/v1485948843\/lcyrnwxghm9n2ctpqzlm.jpg","keywords":["Francesco Starace"],"articleSection":["Economia e lavoro"],"inLanguage":"it-IT","potentialAction":[{"@type":"CommentAction","name":"Comment","target":["https:\/\/www.article-marketing.eu\/comunicatistampa\/leditoriale-di-francesco-starace-tre-anni-decisivi-per-enel-e-per-la-transizione-energetica\/#respond"]}]},{"@type":"WebPage","@id":"https:\/\/www.article-marketing.eu\/comunicatistampa\/leditoriale-di-francesco-starace-tre-anni-decisivi-per-enel-e-per-la-transizione-energetica\/","url":"https:\/\/www.article-marketing.eu\/comunicatistampa\/leditoriale-di-francesco-starace-tre-anni-decisivi-per-enel-e-per-la-transizione-energetica\/","name":"L\u2019editoriale di Francesco Starace: tre anni decisivi per Enel e per la transizione energetica","isPartOf":{"@id":"https:\/\/www.article-marketing.eu\/comunicatistampa\/#website"},"primaryImageOfPage":{"@id":"https:\/\/www.article-marketing.eu\/comunicatistampa\/leditoriale-di-francesco-starace-tre-anni-decisivi-per-enel-e-per-la-transizione-energetica\/#primaryimage"},"image":{"@id":"https:\/\/www.article-marketing.eu\/comunicatistampa\/leditoriale-di-francesco-starace-tre-anni-decisivi-per-enel-e-per-la-transizione-energetica\/#primaryimage"},"thumbnailUrl":"https:\/\/res.cloudinary.com\/crunchbase-production\/image\/upload\/c_thumb,h_170,w_170,f_auto,g_faces,z_0.7,b_white,q_auto:eco,dpr_1\/v1485948843\/lcyrnwxghm9n2ctpqzlm.jpg","datePublished":"2023-03-09T13:00:01+00:00","author":{"@id":"https:\/\/www.article-marketing.eu\/comunicatistampa\/#\/schema\/person\/2fcaf8f8f3a9eef9eb7f27532d3ca458"},"breadcrumb":{"@id":"https:\/\/www.article-marketing.eu\/comunicatistampa\/leditoriale-di-francesco-starace-tre-anni-decisivi-per-enel-e-per-la-transizione-energetica\/#breadcrumb"},"inLanguage":"it-IT","potentialAction":[{"@type":"ReadAction","target":["https:\/\/www.article-marketing.eu\/comunicatistampa\/leditoriale-di-francesco-starace-tre-anni-decisivi-per-enel-e-per-la-transizione-energetica\/"]}]},{"@type":"ImageObject","inLanguage":"it-IT","@id":"https:\/\/www.article-marketing.eu\/comunicatistampa\/leditoriale-di-francesco-starace-tre-anni-decisivi-per-enel-e-per-la-transizione-energetica\/#primaryimage","url":"https:\/\/res.cloudinary.com\/crunchbase-production\/image\/upload\/c_thumb,h_170,w_170,f_auto,g_faces,z_0.7,b_white,q_auto:eco,dpr_1\/v1485948843\/lcyrnwxghm9n2ctpqzlm.jpg","contentUrl":"https:\/\/res.cloudinary.com\/crunchbase-production\/image\/upload\/c_thumb,h_170,w_170,f_auto,g_faces,z_0.7,b_white,q_auto:eco,dpr_1\/v1485948843\/lcyrnwxghm9n2ctpqzlm.jpg"},{"@type":"BreadcrumbList","@id":"https:\/\/www.article-marketing.eu\/comunicatistampa\/leditoriale-di-francesco-starace-tre-anni-decisivi-per-enel-e-per-la-transizione-energetica\/#breadcrumb","itemListElement":[{"@type":"ListItem","position":1,"name":"Home","item":"https:\/\/www.article-marketing.eu\/comunicatistampa\/"},{"@type":"ListItem","position":2,"name":"L\u2019editoriale di Francesco Starace: tre anni decisivi per Enel e per la transizione energetica"}]},{"@type":"WebSite","@id":"https:\/\/www.article-marketing.eu\/comunicatistampa\/#website","url":"https:\/\/www.article-marketing.eu\/comunicatistampa\/","name":"Article Marketing","description":"article marketing &amp; press release","potentialAction":[{"@type":"SearchAction","target":{"@type":"EntryPoint","urlTemplate":"https:\/\/www.article-marketing.eu\/comunicatistampa\/?s={search_term_string}"},"query-input":{"@type":"PropertyValueSpecification","valueRequired":true,"valueName":"search_term_string"}}],"inLanguage":"it-IT"},{"@type":"Person","@id":"https:\/\/www.article-marketing.eu\/comunicatistampa\/#\/schema\/person\/2fcaf8f8f3a9eef9eb7f27532d3ca458","name":"articolinews","image":{"@type":"ImageObject","inLanguage":"it-IT","@id":"https:\/\/secure.gravatar.com\/avatar\/9e2a264bab04e17dea24d937c9956304649a848cb73c46747a692ff1bdeb1cb7?s=96&d=mm&r=g","url":"https:\/\/secure.gravatar.com\/avatar\/9e2a264bab04e17dea24d937c9956304649a848cb73c46747a692ff1bdeb1cb7?s=96&d=mm&r=g","contentUrl":"https:\/\/secure.gravatar.com\/avatar\/9e2a264bab04e17dea24d937c9956304649a848cb73c46747a692ff1bdeb1cb7?s=96&d=mm&r=g","caption":"articolinews"},"url":"https:\/\/www.article-marketing.eu\/comunicatistampa\/author\/articolinews\/"}]}},"_links":{"self":[{"href":"https:\/\/www.article-marketing.eu\/comunicatistampa\/wp-json\/wp\/v2\/posts\/26380","targetHints":{"allow":["GET"]}}],"collection":[{"href":"https:\/\/www.article-marketing.eu\/comunicatistampa\/wp-json\/wp\/v2\/posts"}],"about":[{"href":"https:\/\/www.article-marketing.eu\/comunicatistampa\/wp-json\/wp\/v2\/types\/post"}],"author":[{"embeddable":true,"href":"https:\/\/www.article-marketing.eu\/comunicatistampa\/wp-json\/wp\/v2\/users\/6477"}],"replies":[{"embeddable":true,"href":"https:\/\/www.article-marketing.eu\/comunicatistampa\/wp-json\/wp\/v2\/comments?post=26380"}],"version-history":[{"count":2,"href":"https:\/\/www.article-marketing.eu\/comunicatistampa\/wp-json\/wp\/v2\/posts\/26380\/revisions"}],"predecessor-version":[{"id":26561,"href":"https:\/\/www.article-marketing.eu\/comunicatistampa\/wp-json\/wp\/v2\/posts\/26380\/revisions\/26561"}],"wp:attachment":[{"href":"https:\/\/www.article-marketing.eu\/comunicatistampa\/wp-json\/wp\/v2\/media?parent=26380"}],"wp:term":[{"taxonomy":"category","embeddable":true,"href":"https:\/\/www.article-marketing.eu\/comunicatistampa\/wp-json\/wp\/v2\/categories?post=26380"},{"taxonomy":"post_tag","embeddable":true,"href":"https:\/\/www.article-marketing.eu\/comunicatistampa\/wp-json\/wp\/v2\/tags?post=26380"}],"curies":[{"name":"wp","href":"https:\/\/api.w.org\/{rel}","templated":true}]}}