{"id":26455,"date":"2023-03-09T14:00:57","date_gmt":"2023-03-09T13:00:57","guid":{"rendered":"https:\/\/www.article-marketing.eu\/comunicatistampa\/?p=26455"},"modified":"2023-03-09T14:00:57","modified_gmt":"2023-03-09T13:00:57","slug":"terna-al-via-il-premio-driving-energy-2023-le-parole-di-stefano-donnarumma","status":"publish","type":"post","link":"https:\/\/www.article-marketing.eu\/comunicatistampa\/terna-al-via-il-premio-driving-energy-2023-le-parole-di-stefano-donnarumma\/","title":{"rendered":"Terna, al via il Premio Driving Energy 2023: le parole di Stefano Donnarumma"},"content":{"rendered":"<p><strong>Anche quest\u2019anno il Gruppo guidato da <a title=\"Stefano Donnarumma, AD e DG di Terna, presenta il premio Driving Energy 2023 \" href=\"https:\/\/www.agi.it\/vista-tv\/video\/2023-02-15\/donnarumma-terna-presenta-premio-driving-energy-2023-quest-anno-elogio-all-equilibrio-20120665\/\">Stefano Donnarumma<\/a> lancia la sfida a tutti i fotografi d\u2019Italia. L\u2019equilibrio il tema della seconda edizione del contest.<\/strong><\/p>\n<p><a title=\"Stefano Donnarumma, AD e DG di Terna\" href=\"https:\/\/www.agi.it\/vista-tv\/video\/2023-02-15\/donnarumma-terna-presenta-premio-driving-energy-2023-quest-anno-elogio-all-equilibrio-20120665\/\"><img loading=\"lazy\" decoding=\"async\" src=\"https:\/\/www.topmanagers.it\/SharingFolder\/TopManager\/it\/ManagerProfilePhoto\/Photo\/stefano-donnarumma-terna-topmanagers.jpg\" alt=\"Stefano Donnarumma\" width=\"200\" height=\"158\" \/><\/a><\/p>\n<h2>Stefano Donnarumma: \u201c<em>Periodo delicato, scopo di Terna garantire equilibrio energetico al Paese<\/em>\u201d<\/h2>\n<p>\u00c8 stato presentato lo scorso 15 febbraio a Roma, presso l\u2019Auditorium Parco della Musica, il \u201cPremio Driving Energy 2023 &#8211; Fotografia Contemporanea\u201d di <strong>Terna<\/strong>. Il contest si rivolge a tutti i fotografi d\u2019Italia, professionisti e non, con l\u2019obiettivo di promuovere lo sviluppo culturale del Paese e dare spazio ai nuovi talenti. A spiegare il tema scelto per la seconda edizione \u2013 Elogio all\u2019equilibrio \u2013 <a title=\"Stefano Donnarumma, AD e DG di Terna, focus di Agi\" href=\"https:\/\/www.agi.it\/vista-tv\/video\/2023-02-15\/donnarumma-terna-presenta-premio-driving-energy-2023-quest-anno-elogio-all-equilibrio-20120665\/\">Stefano Donnarumma<\/a>, intercettato a margine dell\u2019evento dai microfoni di \u201cAgenzia Italia\u201d: \u201c<em>Le novit\u00e0 intanto partono dal titolo, che ci \u00e8 venuto in mente pensando all&#8217;equilibrio energetico nazionale in un periodo delicato come questo<\/em>\u201d, ha dichiarato l\u2019Amministratore Delegato e Direttore Generale di <strong>Terna<\/strong>. I partecipanti, che potranno iscriversi gratuitamente al concorso e inviare la propria opera fino al 30 giugno, dovranno catturare nel proprio obiettivo un concetto oggi pi\u00f9 che mai centrale nella societ\u00e0 contemporanea nonch\u00e9 nella mission del gestore della rete elettrica nazionale, garante dell\u2019equilibrio tra energia elettrica prodotta e consumata dal Paese: \u201c<em>\u00c8 il nostro compito<\/em> \u2013 ha ricordato <strong>Stefano Donnarumma<\/strong> \u2013 <em>sono impegnate 5mila persone e un grande indotto per garantire l\u2019equilibrio energetico all\u2019Italia<\/em>\u201d.<\/p>\n<h2>Stefano Donnarumma: Premio Driving Energy 2023, i dettagli<\/h2>\n<p>Nel ruolo di regista della transizione energetica, il Gruppo guidato da <strong>Stefano Donnarumma<\/strong> \u00e8 alla continua ricerca di un nuovo e pi\u00f9 evoluto equilibrio del sistema elettrico in grado di rispondere alle sfide che attendono il Paese: \u201c<em>Ci riusciamo bene<\/em> \u2013 ha aggiunto l\u2019AD \u2013 <em>e abbiamo pensato che questo fosse uno spunto importante per l&#8217;aspetto artistico e per ricevere dai fotografi in gara delle suggestioni sul futuro. Non solo della nostra attivit\u00e0, ma anche del nostro Paese e dell\u2019energia<\/em>\u201d. Anche quest\u2019anno a curare l\u2019edizione del Premio \u00e8 Marco Delogu, Presidente Azienda Speciale PalaExpo. Oltre ai riconfermati Lorenza Bravetta (Curatrice Fotografia Triennale di Milano) e Massimiliano Paolucci (Direttore Relazioni Esterne, Affari Istituzionali e Sostenibilit\u00e0 di <strong>Terna<\/strong>), quest\u2019anno la giuria \u00e8 composta da Maria Alicata, Diane Dufour, Andrea Purgatori e Francesco Zanot. I giurati verranno coadiuvati dal Comitato di Presidenza, composto dalla Presidente di <strong>Terna<\/strong> Valentina Bosetti e da <strong>Stefano Donnarumma<\/strong>. Novit\u00e0 anche sui premi: il Premio Amatori, riservato ai non professionisti, e la Menzione Accademia, dedicato ai giovani iscritti a una realt\u00e0 di alta formazione dei settori d\u2019interesse del Premio, andranno ad affiancarsi al Premio Senior, al Premio Giovane e alla menzione all\u2019opera pi\u00f9 votata dalle persone di <strong>Terna<\/strong>. Le opere dei cinque vincitori e dei finalisti saranno esposte dal 25 settembre al 15 ottobre in una mostra gratuita al Palazzo delle Esposizioni di Roma.<\/p>\n","protected":false},"excerpt":{"rendered":"<p>Anche quest\u2019anno il Gruppo guidato da Stefano Donnarumma lancia la sfida a tutti i fotografi d\u2019Italia. L\u2019equilibrio il tema della seconda edizione del contest. Stefano Donnarumma: \u201cPeriodo delicato, scopo di Terna garantire equilibrio energetico al Paese\u201d \u00c8 stato presentato lo scorso 15 febbraio a Roma, presso l\u2019Auditorium Parco della Musica, il \u201cPremio Driving Energy 2023 &#8211; Fotografia Contemporanea\u201d di Terna. Il contest si rivolge a tutti i fotografi d\u2019Italia, professionisti<\/p>\n<p><a class=\"continue-reading\" href=\"https:\/\/www.article-marketing.eu\/comunicatistampa\/terna-al-via-il-premio-driving-energy-2023-le-parole-di-stefano-donnarumma\/\">Continue reading&#8230;<\/a><\/p>\n","protected":false},"author":7206,"featured_media":0,"comment_status":"open","ping_status":"open","sticky":false,"template":"","format":"standard","meta":{"_monsterinsights_skip_tracking":false,"_monsterinsights_sitenote_active":false,"_monsterinsights_sitenote_note":"","_monsterinsights_sitenote_category":0,"footnotes":""},"categories":[386],"tags":[9564,9563],"class_list":["post-26455","post","type-post","status-publish","format-standard","hentry","category-economia-e-lavoro","tag-stefano-donnarumma","tag-terna"],"yoast_head":"<!-- This site is optimized with the Yoast SEO plugin v27.3 - https:\/\/yoast.com\/product\/yoast-seo-wordpress\/ -->\n<title>Terna, al via il Premio Driving Energy 2023: le parole di Stefano Donnarumma<\/title>\n<meta name=\"robots\" content=\"index, follow, max-snippet:-1, max-image-preview:large, max-video-preview:-1\" \/>\n<link rel=\"canonical\" href=\"https:\/\/www.article-marketing.eu\/comunicatistampa\/terna-al-via-il-premio-driving-energy-2023-le-parole-di-stefano-donnarumma\/\" \/>\n<meta property=\"og:locale\" content=\"it_IT\" \/>\n<meta property=\"og:type\" content=\"article\" \/>\n<meta property=\"og:title\" content=\"Terna, al via il Premio Driving Energy 2023: le parole di Stefano Donnarumma\" \/>\n<meta property=\"og:description\" content=\"Anche quest\u2019anno il Gruppo guidato da Stefano Donnarumma lancia la sfida a tutti i fotografi d\u2019Italia. L\u2019equilibrio il tema della seconda edizione del contest. Stefano Donnarumma: \u201cPeriodo delicato, scopo di Terna garantire equilibrio energetico al Paese\u201d \u00c8 stato presentato lo scorso 15 febbraio a Roma, presso l\u2019Auditorium Parco della Musica, il \u201cPremio Driving Energy 2023 &#8211; Fotografia Contemporanea\u201d di Terna. Il contest si rivolge a tutti i fotografi d\u2019Italia, professionistiContinue reading...\" \/>\n<meta property=\"og:url\" content=\"https:\/\/www.article-marketing.eu\/comunicatistampa\/terna-al-via-il-premio-driving-energy-2023-le-parole-di-stefano-donnarumma\/\" \/>\n<meta property=\"og:site_name\" content=\"Article Marketing\" \/>\n<meta property=\"article:published_time\" content=\"2023-03-09T13:00:57+00:00\" \/>\n<meta property=\"og:image\" content=\"https:\/\/www.topmanagers.it\/SharingFolder\/TopManager\/it\/ManagerProfilePhoto\/Photo\/stefano-donnarumma-terna-topmanagers.jpg\" \/>\n<meta name=\"author\" content=\"pressreleaself\" \/>\n<meta name=\"twitter:card\" content=\"summary_large_image\" \/>\n<meta name=\"twitter:label1\" content=\"Scritto da\" \/>\n\t<meta name=\"twitter:data1\" content=\"pressreleaself\" \/>\n\t<meta name=\"twitter:label2\" content=\"Tempo di lettura stimato\" \/>\n\t<meta name=\"twitter:data2\" content=\"3 minuti\" \/>\n<script type=\"application\/ld+json\" class=\"yoast-schema-graph\">{\"@context\":\"https:\\\/\\\/schema.org\",\"@graph\":[{\"@type\":\"Article\",\"@id\":\"https:\\\/\\\/www.article-marketing.eu\\\/comunicatistampa\\\/terna-al-via-il-premio-driving-energy-2023-le-parole-di-stefano-donnarumma\\\/#article\",\"isPartOf\":{\"@id\":\"https:\\\/\\\/www.article-marketing.eu\\\/comunicatistampa\\\/terna-al-via-il-premio-driving-energy-2023-le-parole-di-stefano-donnarumma\\\/\"},\"author\":{\"name\":\"pressreleaself\",\"@id\":\"https:\\\/\\\/www.article-marketing.eu\\\/comunicatistampa\\\/#\\\/schema\\\/person\\\/e12b1bc04ee2394a2e51cf979ebbbbb6\"},\"headline\":\"Terna, al via il Premio Driving Energy 2023: le parole di Stefano Donnarumma\",\"datePublished\":\"2023-03-09T13:00:57+00:00\",\"mainEntityOfPage\":{\"@id\":\"https:\\\/\\\/www.article-marketing.eu\\\/comunicatistampa\\\/terna-al-via-il-premio-driving-energy-2023-le-parole-di-stefano-donnarumma\\\/\"},\"wordCount\":462,\"commentCount\":0,\"image\":{\"@id\":\"https:\\\/\\\/www.article-marketing.eu\\\/comunicatistampa\\\/terna-al-via-il-premio-driving-energy-2023-le-parole-di-stefano-donnarumma\\\/#primaryimage\"},\"thumbnailUrl\":\"https:\\\/\\\/www.topmanagers.it\\\/SharingFolder\\\/TopManager\\\/it\\\/ManagerProfilePhoto\\\/Photo\\\/stefano-donnarumma-terna-topmanagers.jpg\",\"keywords\":[\"Stefano Donnarumma\",\"Terna\"],\"articleSection\":[\"Economia e lavoro\"],\"inLanguage\":\"it-IT\",\"potentialAction\":[{\"@type\":\"CommentAction\",\"name\":\"Comment\",\"target\":[\"https:\\\/\\\/www.article-marketing.eu\\\/comunicatistampa\\\/terna-al-via-il-premio-driving-energy-2023-le-parole-di-stefano-donnarumma\\\/#respond\"]}]},{\"@type\":\"WebPage\",\"@id\":\"https:\\\/\\\/www.article-marketing.eu\\\/comunicatistampa\\\/terna-al-via-il-premio-driving-energy-2023-le-parole-di-stefano-donnarumma\\\/\",\"url\":\"https:\\\/\\\/www.article-marketing.eu\\\/comunicatistampa\\\/terna-al-via-il-premio-driving-energy-2023-le-parole-di-stefano-donnarumma\\\/\",\"name\":\"Terna, al via il Premio Driving Energy 2023: le parole di Stefano Donnarumma\",\"isPartOf\":{\"@id\":\"https:\\\/\\\/www.article-marketing.eu\\\/comunicatistampa\\\/#website\"},\"primaryImageOfPage\":{\"@id\":\"https:\\\/\\\/www.article-marketing.eu\\\/comunicatistampa\\\/terna-al-via-il-premio-driving-energy-2023-le-parole-di-stefano-donnarumma\\\/#primaryimage\"},\"image\":{\"@id\":\"https:\\\/\\\/www.article-marketing.eu\\\/comunicatistampa\\\/terna-al-via-il-premio-driving-energy-2023-le-parole-di-stefano-donnarumma\\\/#primaryimage\"},\"thumbnailUrl\":\"https:\\\/\\\/www.topmanagers.it\\\/SharingFolder\\\/TopManager\\\/it\\\/ManagerProfilePhoto\\\/Photo\\\/stefano-donnarumma-terna-topmanagers.jpg\",\"datePublished\":\"2023-03-09T13:00:57+00:00\",\"author\":{\"@id\":\"https:\\\/\\\/www.article-marketing.eu\\\/comunicatistampa\\\/#\\\/schema\\\/person\\\/e12b1bc04ee2394a2e51cf979ebbbbb6\"},\"breadcrumb\":{\"@id\":\"https:\\\/\\\/www.article-marketing.eu\\\/comunicatistampa\\\/terna-al-via-il-premio-driving-energy-2023-le-parole-di-stefano-donnarumma\\\/#breadcrumb\"},\"inLanguage\":\"it-IT\",\"potentialAction\":[{\"@type\":\"ReadAction\",\"target\":[\"https:\\\/\\\/www.article-marketing.eu\\\/comunicatistampa\\\/terna-al-via-il-premio-driving-energy-2023-le-parole-di-stefano-donnarumma\\\/\"]}]},{\"@type\":\"ImageObject\",\"inLanguage\":\"it-IT\",\"@id\":\"https:\\\/\\\/www.article-marketing.eu\\\/comunicatistampa\\\/terna-al-via-il-premio-driving-energy-2023-le-parole-di-stefano-donnarumma\\\/#primaryimage\",\"url\":\"https:\\\/\\\/www.topmanagers.it\\\/SharingFolder\\\/TopManager\\\/it\\\/ManagerProfilePhoto\\\/Photo\\\/stefano-donnarumma-terna-topmanagers.jpg\",\"contentUrl\":\"https:\\\/\\\/www.topmanagers.it\\\/SharingFolder\\\/TopManager\\\/it\\\/ManagerProfilePhoto\\\/Photo\\\/stefano-donnarumma-terna-topmanagers.jpg\"},{\"@type\":\"BreadcrumbList\",\"@id\":\"https:\\\/\\\/www.article-marketing.eu\\\/comunicatistampa\\\/terna-al-via-il-premio-driving-energy-2023-le-parole-di-stefano-donnarumma\\\/#breadcrumb\",\"itemListElement\":[{\"@type\":\"ListItem\",\"position\":1,\"name\":\"Home\",\"item\":\"https:\\\/\\\/www.article-marketing.eu\\\/comunicatistampa\\\/\"},{\"@type\":\"ListItem\",\"position\":2,\"name\":\"Terna, al via il Premio Driving Energy 2023: le parole di Stefano Donnarumma\"}]},{\"@type\":\"WebSite\",\"@id\":\"https:\\\/\\\/www.article-marketing.eu\\\/comunicatistampa\\\/#website\",\"url\":\"https:\\\/\\\/www.article-marketing.eu\\\/comunicatistampa\\\/\",\"name\":\"Article Marketing\",\"description\":\"article marketing &amp; press release\",\"potentialAction\":[{\"@type\":\"SearchAction\",\"target\":{\"@type\":\"EntryPoint\",\"urlTemplate\":\"https:\\\/\\\/www.article-marketing.eu\\\/comunicatistampa\\\/?s={search_term_string}\"},\"query-input\":{\"@type\":\"PropertyValueSpecification\",\"valueRequired\":true,\"valueName\":\"search_term_string\"}}],\"inLanguage\":\"it-IT\"},{\"@type\":\"Person\",\"@id\":\"https:\\\/\\\/www.article-marketing.eu\\\/comunicatistampa\\\/#\\\/schema\\\/person\\\/e12b1bc04ee2394a2e51cf979ebbbbb6\",\"name\":\"pressreleaself\",\"image\":{\"@type\":\"ImageObject\",\"inLanguage\":\"it-IT\",\"@id\":\"https:\\\/\\\/secure.gravatar.com\\\/avatar\\\/58b2e897ca1b290b3c87ba2112be22b2d12e7af8fea0975d839430be1249d1a3?s=96&d=mm&r=g\",\"url\":\"https:\\\/\\\/secure.gravatar.com\\\/avatar\\\/58b2e897ca1b290b3c87ba2112be22b2d12e7af8fea0975d839430be1249d1a3?s=96&d=mm&r=g\",\"contentUrl\":\"https:\\\/\\\/secure.gravatar.com\\\/avatar\\\/58b2e897ca1b290b3c87ba2112be22b2d12e7af8fea0975d839430be1249d1a3?s=96&d=mm&r=g\",\"caption\":\"pressreleaself\"},\"url\":\"https:\\\/\\\/www.article-marketing.eu\\\/comunicatistampa\\\/author\\\/pressreleaself\\\/\"}]}<\/script>\n<!-- \/ Yoast SEO plugin. -->","yoast_head_json":{"title":"Terna, al via il Premio Driving Energy 2023: le parole di Stefano Donnarumma","robots":{"index":"index","follow":"follow","max-snippet":"max-snippet:-1","max-image-preview":"max-image-preview:large","max-video-preview":"max-video-preview:-1"},"canonical":"https:\/\/www.article-marketing.eu\/comunicatistampa\/terna-al-via-il-premio-driving-energy-2023-le-parole-di-stefano-donnarumma\/","og_locale":"it_IT","og_type":"article","og_title":"Terna, al via il Premio Driving Energy 2023: le parole di Stefano Donnarumma","og_description":"Anche quest\u2019anno il Gruppo guidato da Stefano Donnarumma lancia la sfida a tutti i fotografi d\u2019Italia. L\u2019equilibrio il tema della seconda edizione del contest. Stefano Donnarumma: \u201cPeriodo delicato, scopo di Terna garantire equilibrio energetico al Paese\u201d \u00c8 stato presentato lo scorso 15 febbraio a Roma, presso l\u2019Auditorium Parco della Musica, il \u201cPremio Driving Energy 2023 &#8211; Fotografia Contemporanea\u201d di Terna. Il contest si rivolge a tutti i fotografi d\u2019Italia, professionistiContinue reading...","og_url":"https:\/\/www.article-marketing.eu\/comunicatistampa\/terna-al-via-il-premio-driving-energy-2023-le-parole-di-stefano-donnarumma\/","og_site_name":"Article Marketing","article_published_time":"2023-03-09T13:00:57+00:00","og_image":[{"url":"https:\/\/www.topmanagers.it\/SharingFolder\/TopManager\/it\/ManagerProfilePhoto\/Photo\/stefano-donnarumma-terna-topmanagers.jpg","type":"","width":"","height":""}],"author":"pressreleaself","twitter_card":"summary_large_image","twitter_misc":{"Scritto da":"pressreleaself","Tempo di lettura stimato":"3 minuti"},"schema":{"@context":"https:\/\/schema.org","@graph":[{"@type":"Article","@id":"https:\/\/www.article-marketing.eu\/comunicatistampa\/terna-al-via-il-premio-driving-energy-2023-le-parole-di-stefano-donnarumma\/#article","isPartOf":{"@id":"https:\/\/www.article-marketing.eu\/comunicatistampa\/terna-al-via-il-premio-driving-energy-2023-le-parole-di-stefano-donnarumma\/"},"author":{"name":"pressreleaself","@id":"https:\/\/www.article-marketing.eu\/comunicatistampa\/#\/schema\/person\/e12b1bc04ee2394a2e51cf979ebbbbb6"},"headline":"Terna, al via il Premio Driving Energy 2023: le parole di Stefano Donnarumma","datePublished":"2023-03-09T13:00:57+00:00","mainEntityOfPage":{"@id":"https:\/\/www.article-marketing.eu\/comunicatistampa\/terna-al-via-il-premio-driving-energy-2023-le-parole-di-stefano-donnarumma\/"},"wordCount":462,"commentCount":0,"image":{"@id":"https:\/\/www.article-marketing.eu\/comunicatistampa\/terna-al-via-il-premio-driving-energy-2023-le-parole-di-stefano-donnarumma\/#primaryimage"},"thumbnailUrl":"https:\/\/www.topmanagers.it\/SharingFolder\/TopManager\/it\/ManagerProfilePhoto\/Photo\/stefano-donnarumma-terna-topmanagers.jpg","keywords":["Stefano Donnarumma","Terna"],"articleSection":["Economia e lavoro"],"inLanguage":"it-IT","potentialAction":[{"@type":"CommentAction","name":"Comment","target":["https:\/\/www.article-marketing.eu\/comunicatistampa\/terna-al-via-il-premio-driving-energy-2023-le-parole-di-stefano-donnarumma\/#respond"]}]},{"@type":"WebPage","@id":"https:\/\/www.article-marketing.eu\/comunicatistampa\/terna-al-via-il-premio-driving-energy-2023-le-parole-di-stefano-donnarumma\/","url":"https:\/\/www.article-marketing.eu\/comunicatistampa\/terna-al-via-il-premio-driving-energy-2023-le-parole-di-stefano-donnarumma\/","name":"Terna, al via il Premio Driving Energy 2023: le parole di Stefano Donnarumma","isPartOf":{"@id":"https:\/\/www.article-marketing.eu\/comunicatistampa\/#website"},"primaryImageOfPage":{"@id":"https:\/\/www.article-marketing.eu\/comunicatistampa\/terna-al-via-il-premio-driving-energy-2023-le-parole-di-stefano-donnarumma\/#primaryimage"},"image":{"@id":"https:\/\/www.article-marketing.eu\/comunicatistampa\/terna-al-via-il-premio-driving-energy-2023-le-parole-di-stefano-donnarumma\/#primaryimage"},"thumbnailUrl":"https:\/\/www.topmanagers.it\/SharingFolder\/TopManager\/it\/ManagerProfilePhoto\/Photo\/stefano-donnarumma-terna-topmanagers.jpg","datePublished":"2023-03-09T13:00:57+00:00","author":{"@id":"https:\/\/www.article-marketing.eu\/comunicatistampa\/#\/schema\/person\/e12b1bc04ee2394a2e51cf979ebbbbb6"},"breadcrumb":{"@id":"https:\/\/www.article-marketing.eu\/comunicatistampa\/terna-al-via-il-premio-driving-energy-2023-le-parole-di-stefano-donnarumma\/#breadcrumb"},"inLanguage":"it-IT","potentialAction":[{"@type":"ReadAction","target":["https:\/\/www.article-marketing.eu\/comunicatistampa\/terna-al-via-il-premio-driving-energy-2023-le-parole-di-stefano-donnarumma\/"]}]},{"@type":"ImageObject","inLanguage":"it-IT","@id":"https:\/\/www.article-marketing.eu\/comunicatistampa\/terna-al-via-il-premio-driving-energy-2023-le-parole-di-stefano-donnarumma\/#primaryimage","url":"https:\/\/www.topmanagers.it\/SharingFolder\/TopManager\/it\/ManagerProfilePhoto\/Photo\/stefano-donnarumma-terna-topmanagers.jpg","contentUrl":"https:\/\/www.topmanagers.it\/SharingFolder\/TopManager\/it\/ManagerProfilePhoto\/Photo\/stefano-donnarumma-terna-topmanagers.jpg"},{"@type":"BreadcrumbList","@id":"https:\/\/www.article-marketing.eu\/comunicatistampa\/terna-al-via-il-premio-driving-energy-2023-le-parole-di-stefano-donnarumma\/#breadcrumb","itemListElement":[{"@type":"ListItem","position":1,"name":"Home","item":"https:\/\/www.article-marketing.eu\/comunicatistampa\/"},{"@type":"ListItem","position":2,"name":"Terna, al via il Premio Driving Energy 2023: le parole di Stefano Donnarumma"}]},{"@type":"WebSite","@id":"https:\/\/www.article-marketing.eu\/comunicatistampa\/#website","url":"https:\/\/www.article-marketing.eu\/comunicatistampa\/","name":"Article Marketing","description":"article marketing &amp; press release","potentialAction":[{"@type":"SearchAction","target":{"@type":"EntryPoint","urlTemplate":"https:\/\/www.article-marketing.eu\/comunicatistampa\/?s={search_term_string}"},"query-input":{"@type":"PropertyValueSpecification","valueRequired":true,"valueName":"search_term_string"}}],"inLanguage":"it-IT"},{"@type":"Person","@id":"https:\/\/www.article-marketing.eu\/comunicatistampa\/#\/schema\/person\/e12b1bc04ee2394a2e51cf979ebbbbb6","name":"pressreleaself","image":{"@type":"ImageObject","inLanguage":"it-IT","@id":"https:\/\/secure.gravatar.com\/avatar\/58b2e897ca1b290b3c87ba2112be22b2d12e7af8fea0975d839430be1249d1a3?s=96&d=mm&r=g","url":"https:\/\/secure.gravatar.com\/avatar\/58b2e897ca1b290b3c87ba2112be22b2d12e7af8fea0975d839430be1249d1a3?s=96&d=mm&r=g","contentUrl":"https:\/\/secure.gravatar.com\/avatar\/58b2e897ca1b290b3c87ba2112be22b2d12e7af8fea0975d839430be1249d1a3?s=96&d=mm&r=g","caption":"pressreleaself"},"url":"https:\/\/www.article-marketing.eu\/comunicatistampa\/author\/pressreleaself\/"}]}},"_links":{"self":[{"href":"https:\/\/www.article-marketing.eu\/comunicatistampa\/wp-json\/wp\/v2\/posts\/26455","targetHints":{"allow":["GET"]}}],"collection":[{"href":"https:\/\/www.article-marketing.eu\/comunicatistampa\/wp-json\/wp\/v2\/posts"}],"about":[{"href":"https:\/\/www.article-marketing.eu\/comunicatistampa\/wp-json\/wp\/v2\/types\/post"}],"author":[{"embeddable":true,"href":"https:\/\/www.article-marketing.eu\/comunicatistampa\/wp-json\/wp\/v2\/users\/7206"}],"replies":[{"embeddable":true,"href":"https:\/\/www.article-marketing.eu\/comunicatistampa\/wp-json\/wp\/v2\/comments?post=26455"}],"version-history":[{"count":2,"href":"https:\/\/www.article-marketing.eu\/comunicatistampa\/wp-json\/wp\/v2\/posts\/26455\/revisions"}],"predecessor-version":[{"id":26563,"href":"https:\/\/www.article-marketing.eu\/comunicatistampa\/wp-json\/wp\/v2\/posts\/26455\/revisions\/26563"}],"wp:attachment":[{"href":"https:\/\/www.article-marketing.eu\/comunicatistampa\/wp-json\/wp\/v2\/media?parent=26455"}],"wp:term":[{"taxonomy":"category","embeddable":true,"href":"https:\/\/www.article-marketing.eu\/comunicatistampa\/wp-json\/wp\/v2\/categories?post=26455"},{"taxonomy":"post_tag","embeddable":true,"href":"https:\/\/www.article-marketing.eu\/comunicatistampa\/wp-json\/wp\/v2\/tags?post=26455"}],"curies":[{"name":"wp","href":"https:\/\/api.w.org\/{rel}","templated":true}]}}