{"id":26476,"date":"2023-03-26T09:03:30","date_gmt":"2023-03-26T07:03:30","guid":{"rendered":"https:\/\/www.article-marketing.eu\/comunicatistampa\/?p=26476"},"modified":"2023-03-23T18:51:46","modified_gmt":"2023-03-23T17:51:46","slug":"cosa-considerare-durante-lacquisto-di-abiti-da-festa","status":"publish","type":"post","link":"https:\/\/www.article-marketing.eu\/comunicatistampa\/cosa-considerare-durante-lacquisto-di-abiti-da-festa\/","title":{"rendered":"Cosa considerare durante l&#8217;acquisto di abiti da festa?"},"content":{"rendered":"<p>Al giorno d&#8217;oggi, se vai al mercato alla ricerca di un abito da festa di bell&#8217;aspetto, in realt\u00e0 sarai confuso su quale scegliere tra i tanti stili e forme. Bene, per mantenere le cose un po&#8217; pi\u00f9 facili, dovresti considerare alcune cose che possono aiutare enormemente i tuoi sforzi.<\/p>\n<p>Il primo \u00e8 determinare il tipo di occasione in cui si desidera acquistare l&#8217;abito. Diversi abiti da festa possono essere scelti per diverse occasioni. Per le occasioni pi\u00f9 speciali come anniversari di matrimonio, serate di ballo o appuntamenti con un partner, la sezione femminile presenta abiti da cerimonia come abiti neri, abiti da damigella d&#8217;onore, abiti da ballo e abiti di seta e abiti da cerimonia in raso e seta nella sezione maschile.<br \/>\n<img decoding=\"async\" src=\"https:\/\/abitosera.com\/p\/abito-da-sera-vita-naturale-raso-profondo-scollo-a-v-coda-a-strascico-cappella-l1jv559cta-a.jpg\" alt=\"\" data-cke-saved-src=\"https:\/\/abitosera.com\/p\/abito-da-sera-vita-naturale-raso-profondo-scollo-a-v-coda-a-strascico-cappella-l1jv559cta-a.jpg\" \/><br \/>\nD&#8217;altra parte, per occasioni semi-formali come feste in ufficio o riunioni in casa, ci sono diverse serie di abiti da festa tra cui scegliere sul mercato. Questi includono abbigliamento in denim come gonne di jeans e alcuni top da festa adatti alle donne, cos\u00ec come un paio di blue jeans e alcune camicie formali e cravatte da uomo Abiti da sera Rosso . Per le donne, oltre al denim, ci sono vari altri tipi di abiti. Le donne possono sempre scegliere di indossare diversi abiti da sera in stili corti o medi che si adattano alla loro personalit\u00e0.<\/p>\n<p>Prima di uscire effettivamente ed esplorare il mercato, \u00e8 meglio determinare il budget in anticipo. Questo ti semplificher\u00e0 le cose perch\u00e9 ora non devi perdere tempo a indossare quegli abiti da festa che non riesci a raggiungere in tasca.<br \/>\n<a href=\"https:\/\/abitosera.com\/abiti-da-sera-rosso-e305.html\" data-cke-saved-href=\"https:\/\/abitosera.com\/abiti-da-sera-rosso-e305.html\"><img decoding=\"async\" src=\"https:\/\/abitosera.com\/p\/abito-da-sera-raso-drappeggiato-medio-senza-maniche-maniche-cotta-gwt7gsqx3-a.jpg\" alt=\"Abiti da sera Rosso\" data-cke-saved-src=\"https:\/\/abitosera.com\/p\/abito-da-sera-raso-drappeggiato-medio-senza-maniche-maniche-cotta-gwt7gsqx3-a.jpg\" \/><\/a><\/p>\n<p>Si consiglia sempre di portare con s\u00e9 i propri cari e si pensa di poter dare buoni consigli su combinazioni di colori e stili di abbigliamento che si adattano al proprio corpo. Nel caso degli abiti da festa, le combinazioni di colori giocano un ruolo fondamentale nell&#8217;esaltare la personalit\u00e0 di chi li indossa. Per le persone dalla carnagione chiara <a href=\"https:\/\/abitosera.com\/abiti-da-sera-rosso-e305.html\" data-cke-saved-href=\"https:\/\/abitosera.com\/abiti-da-sera-rosso-e305.html\">Abiti da sera Rosso<\/a>, i colori vivaci come il rosso, il blu, il bianco e il nero sono un ottimo abbinamento. D&#8217;altra parte, le persone con tonalit\u00e0 della pelle leggermente pi\u00f9 scure stanno bene con colori medi come grigio, azzurro e marrone.<\/p>\n<p>Se sei il tipo di persona che ogni mattina fatica a trovare cosa indossare tutto il giorno, penso di avere la soluzione giusta per te! Alla ricerca di bei vestiti da festa per le donne [https:\/\/www.robechics.com\/robe-de-soiree-pas-cher-e7\/]<\/p>\n<p><strong>www.abitosera.com<\/strong><\/p>\n","protected":false},"excerpt":{"rendered":"<p>Al giorno d&#8217;oggi, se vai al mercato alla ricerca di un abito da festa di bell&#8217;aspetto, in realt\u00e0 sarai confuso su quale scegliere tra i tanti stili e forme. Bene, per mantenere le cose un po&#8217; pi\u00f9 facili, dovresti considerare alcune cose che possono aiutare enormemente i tuoi sforzi. Il primo \u00e8 determinare il tipo di occasione in cui si desidera acquistare l&#8217;abito. Diversi abiti da festa possono essere scelti<\/p>\n<p><a class=\"continue-reading\" href=\"https:\/\/www.article-marketing.eu\/comunicatistampa\/cosa-considerare-durante-lacquisto-di-abiti-da-festa\/\">Continue reading&#8230;<\/a><\/p>\n","protected":false},"author":6721,"featured_media":0,"comment_status":"open","ping_status":"open","sticky":false,"template":"","format":"standard","meta":{"_monsterinsights_skip_tracking":false,"_monsterinsights_sitenote_active":false,"_monsterinsights_sitenote_note":"","_monsterinsights_sitenote_category":0,"footnotes":""},"categories":[78],"tags":[8285,10464],"class_list":["post-26476","post","type-post","status-publish","format-standard","hentry","category-comunicati-stampa","tag-abiti-da-sera","tag-abiti-da-sera-rosso"],"yoast_head":"<!-- This site is optimized with the Yoast SEO plugin v27.3 - https:\/\/yoast.com\/product\/yoast-seo-wordpress\/ -->\n<title>Cosa considerare durante l&#039;acquisto di abiti da festa?<\/title>\n<meta name=\"robots\" content=\"index, follow, max-snippet:-1, max-image-preview:large, max-video-preview:-1\" \/>\n<link rel=\"canonical\" href=\"https:\/\/www.article-marketing.eu\/comunicatistampa\/cosa-considerare-durante-lacquisto-di-abiti-da-festa\/\" \/>\n<meta property=\"og:locale\" content=\"it_IT\" \/>\n<meta property=\"og:type\" content=\"article\" \/>\n<meta property=\"og:title\" content=\"Cosa considerare durante l&#039;acquisto di abiti da festa?\" \/>\n<meta property=\"og:description\" content=\"Al giorno d&#8217;oggi, se vai al mercato alla ricerca di un abito da festa di bell&#8217;aspetto, in realt\u00e0 sarai confuso su quale scegliere tra i tanti stili e forme. Bene, per mantenere le cose un po&#8217; pi\u00f9 facili, dovresti considerare alcune cose che possono aiutare enormemente i tuoi sforzi. Il primo \u00e8 determinare il tipo di occasione in cui si desidera acquistare l&#8217;abito. Diversi abiti da festa possono essere sceltiContinue reading...\" \/>\n<meta property=\"og:url\" content=\"https:\/\/www.article-marketing.eu\/comunicatistampa\/cosa-considerare-durante-lacquisto-di-abiti-da-festa\/\" \/>\n<meta property=\"og:site_name\" content=\"Article Marketing\" \/>\n<meta property=\"article:published_time\" content=\"2023-03-26T07:03:30+00:00\" \/>\n<meta property=\"og:image\" content=\"https:\/\/abitosera.com\/p\/abito-da-sera-vita-naturale-raso-profondo-scollo-a-v-coda-a-strascico-cappella-l1jv559cta-a.jpg\" \/>\n<meta name=\"author\" content=\"abitos\" \/>\n<meta name=\"twitter:card\" content=\"summary_large_image\" \/>\n<meta name=\"twitter:label1\" content=\"Scritto da\" \/>\n\t<meta name=\"twitter:data1\" content=\"abitos\" \/>\n\t<meta name=\"twitter:label2\" content=\"Tempo di lettura stimato\" \/>\n\t<meta name=\"twitter:data2\" content=\"3 minuti\" \/>\n<script type=\"application\/ld+json\" class=\"yoast-schema-graph\">{\"@context\":\"https:\\\/\\\/schema.org\",\"@graph\":[{\"@type\":\"Article\",\"@id\":\"https:\\\/\\\/www.article-marketing.eu\\\/comunicatistampa\\\/cosa-considerare-durante-lacquisto-di-abiti-da-festa\\\/#article\",\"isPartOf\":{\"@id\":\"https:\\\/\\\/www.article-marketing.eu\\\/comunicatistampa\\\/cosa-considerare-durante-lacquisto-di-abiti-da-festa\\\/\"},\"author\":{\"name\":\"abitos\",\"@id\":\"https:\\\/\\\/www.article-marketing.eu\\\/comunicatistampa\\\/#\\\/schema\\\/person\\\/dbbd6b99aa643387a365312710622844\"},\"headline\":\"Cosa considerare durante l&#8217;acquisto di abiti da festa?\",\"datePublished\":\"2023-03-26T07:03:30+00:00\",\"mainEntityOfPage\":{\"@id\":\"https:\\\/\\\/www.article-marketing.eu\\\/comunicatistampa\\\/cosa-considerare-durante-lacquisto-di-abiti-da-festa\\\/\"},\"wordCount\":408,\"commentCount\":0,\"image\":{\"@id\":\"https:\\\/\\\/www.article-marketing.eu\\\/comunicatistampa\\\/cosa-considerare-durante-lacquisto-di-abiti-da-festa\\\/#primaryimage\"},\"thumbnailUrl\":\"https:\\\/\\\/abitosera.com\\\/p\\\/abito-da-sera-vita-naturale-raso-profondo-scollo-a-v-coda-a-strascico-cappella-l1jv559cta-a.jpg\",\"keywords\":[\"Abiti da sera\",\"Abiti da sera Rosso\"],\"articleSection\":[\"Comunicati stampa\"],\"inLanguage\":\"it-IT\",\"potentialAction\":[{\"@type\":\"CommentAction\",\"name\":\"Comment\",\"target\":[\"https:\\\/\\\/www.article-marketing.eu\\\/comunicatistampa\\\/cosa-considerare-durante-lacquisto-di-abiti-da-festa\\\/#respond\"]}]},{\"@type\":\"WebPage\",\"@id\":\"https:\\\/\\\/www.article-marketing.eu\\\/comunicatistampa\\\/cosa-considerare-durante-lacquisto-di-abiti-da-festa\\\/\",\"url\":\"https:\\\/\\\/www.article-marketing.eu\\\/comunicatistampa\\\/cosa-considerare-durante-lacquisto-di-abiti-da-festa\\\/\",\"name\":\"Cosa considerare durante l'acquisto di abiti da festa?\",\"isPartOf\":{\"@id\":\"https:\\\/\\\/www.article-marketing.eu\\\/comunicatistampa\\\/#website\"},\"primaryImageOfPage\":{\"@id\":\"https:\\\/\\\/www.article-marketing.eu\\\/comunicatistampa\\\/cosa-considerare-durante-lacquisto-di-abiti-da-festa\\\/#primaryimage\"},\"image\":{\"@id\":\"https:\\\/\\\/www.article-marketing.eu\\\/comunicatistampa\\\/cosa-considerare-durante-lacquisto-di-abiti-da-festa\\\/#primaryimage\"},\"thumbnailUrl\":\"https:\\\/\\\/abitosera.com\\\/p\\\/abito-da-sera-vita-naturale-raso-profondo-scollo-a-v-coda-a-strascico-cappella-l1jv559cta-a.jpg\",\"datePublished\":\"2023-03-26T07:03:30+00:00\",\"author\":{\"@id\":\"https:\\\/\\\/www.article-marketing.eu\\\/comunicatistampa\\\/#\\\/schema\\\/person\\\/dbbd6b99aa643387a365312710622844\"},\"breadcrumb\":{\"@id\":\"https:\\\/\\\/www.article-marketing.eu\\\/comunicatistampa\\\/cosa-considerare-durante-lacquisto-di-abiti-da-festa\\\/#breadcrumb\"},\"inLanguage\":\"it-IT\",\"potentialAction\":[{\"@type\":\"ReadAction\",\"target\":[\"https:\\\/\\\/www.article-marketing.eu\\\/comunicatistampa\\\/cosa-considerare-durante-lacquisto-di-abiti-da-festa\\\/\"]}]},{\"@type\":\"ImageObject\",\"inLanguage\":\"it-IT\",\"@id\":\"https:\\\/\\\/www.article-marketing.eu\\\/comunicatistampa\\\/cosa-considerare-durante-lacquisto-di-abiti-da-festa\\\/#primaryimage\",\"url\":\"https:\\\/\\\/abitosera.com\\\/p\\\/abito-da-sera-vita-naturale-raso-profondo-scollo-a-v-coda-a-strascico-cappella-l1jv559cta-a.jpg\",\"contentUrl\":\"https:\\\/\\\/abitosera.com\\\/p\\\/abito-da-sera-vita-naturale-raso-profondo-scollo-a-v-coda-a-strascico-cappella-l1jv559cta-a.jpg\"},{\"@type\":\"BreadcrumbList\",\"@id\":\"https:\\\/\\\/www.article-marketing.eu\\\/comunicatistampa\\\/cosa-considerare-durante-lacquisto-di-abiti-da-festa\\\/#breadcrumb\",\"itemListElement\":[{\"@type\":\"ListItem\",\"position\":1,\"name\":\"Home\",\"item\":\"https:\\\/\\\/www.article-marketing.eu\\\/comunicatistampa\\\/\"},{\"@type\":\"ListItem\",\"position\":2,\"name\":\"Cosa considerare durante l&#8217;acquisto di abiti da festa?\"}]},{\"@type\":\"WebSite\",\"@id\":\"https:\\\/\\\/www.article-marketing.eu\\\/comunicatistampa\\\/#website\",\"url\":\"https:\\\/\\\/www.article-marketing.eu\\\/comunicatistampa\\\/\",\"name\":\"Article Marketing\",\"description\":\"article marketing &amp; press release\",\"potentialAction\":[{\"@type\":\"SearchAction\",\"target\":{\"@type\":\"EntryPoint\",\"urlTemplate\":\"https:\\\/\\\/www.article-marketing.eu\\\/comunicatistampa\\\/?s={search_term_string}\"},\"query-input\":{\"@type\":\"PropertyValueSpecification\",\"valueRequired\":true,\"valueName\":\"search_term_string\"}}],\"inLanguage\":\"it-IT\"},{\"@type\":\"Person\",\"@id\":\"https:\\\/\\\/www.article-marketing.eu\\\/comunicatistampa\\\/#\\\/schema\\\/person\\\/dbbd6b99aa643387a365312710622844\",\"name\":\"abitos\",\"image\":{\"@type\":\"ImageObject\",\"inLanguage\":\"it-IT\",\"@id\":\"https:\\\/\\\/secure.gravatar.com\\\/avatar\\\/d7451f11175829d6f28975a8df5189e4c4b39536fedfce13f946ae58558dab87?s=96&d=mm&r=g\",\"url\":\"https:\\\/\\\/secure.gravatar.com\\\/avatar\\\/d7451f11175829d6f28975a8df5189e4c4b39536fedfce13f946ae58558dab87?s=96&d=mm&r=g\",\"contentUrl\":\"https:\\\/\\\/secure.gravatar.com\\\/avatar\\\/d7451f11175829d6f28975a8df5189e4c4b39536fedfce13f946ae58558dab87?s=96&d=mm&r=g\",\"caption\":\"abitos\"},\"url\":\"https:\\\/\\\/www.article-marketing.eu\\\/comunicatistampa\\\/author\\\/abitos\\\/\"}]}<\/script>\n<!-- \/ Yoast SEO plugin. -->","yoast_head_json":{"title":"Cosa considerare durante l'acquisto di abiti da festa?","robots":{"index":"index","follow":"follow","max-snippet":"max-snippet:-1","max-image-preview":"max-image-preview:large","max-video-preview":"max-video-preview:-1"},"canonical":"https:\/\/www.article-marketing.eu\/comunicatistampa\/cosa-considerare-durante-lacquisto-di-abiti-da-festa\/","og_locale":"it_IT","og_type":"article","og_title":"Cosa considerare durante l'acquisto di abiti da festa?","og_description":"Al giorno d&#8217;oggi, se vai al mercato alla ricerca di un abito da festa di bell&#8217;aspetto, in realt\u00e0 sarai confuso su quale scegliere tra i tanti stili e forme. Bene, per mantenere le cose un po&#8217; pi\u00f9 facili, dovresti considerare alcune cose che possono aiutare enormemente i tuoi sforzi. Il primo \u00e8 determinare il tipo di occasione in cui si desidera acquistare l&#8217;abito. Diversi abiti da festa possono essere sceltiContinue reading...","og_url":"https:\/\/www.article-marketing.eu\/comunicatistampa\/cosa-considerare-durante-lacquisto-di-abiti-da-festa\/","og_site_name":"Article Marketing","article_published_time":"2023-03-26T07:03:30+00:00","og_image":[{"url":"https:\/\/abitosera.com\/p\/abito-da-sera-vita-naturale-raso-profondo-scollo-a-v-coda-a-strascico-cappella-l1jv559cta-a.jpg","type":"","width":"","height":""}],"author":"abitos","twitter_card":"summary_large_image","twitter_misc":{"Scritto da":"abitos","Tempo di lettura stimato":"3 minuti"},"schema":{"@context":"https:\/\/schema.org","@graph":[{"@type":"Article","@id":"https:\/\/www.article-marketing.eu\/comunicatistampa\/cosa-considerare-durante-lacquisto-di-abiti-da-festa\/#article","isPartOf":{"@id":"https:\/\/www.article-marketing.eu\/comunicatistampa\/cosa-considerare-durante-lacquisto-di-abiti-da-festa\/"},"author":{"name":"abitos","@id":"https:\/\/www.article-marketing.eu\/comunicatistampa\/#\/schema\/person\/dbbd6b99aa643387a365312710622844"},"headline":"Cosa considerare durante l&#8217;acquisto di abiti da festa?","datePublished":"2023-03-26T07:03:30+00:00","mainEntityOfPage":{"@id":"https:\/\/www.article-marketing.eu\/comunicatistampa\/cosa-considerare-durante-lacquisto-di-abiti-da-festa\/"},"wordCount":408,"commentCount":0,"image":{"@id":"https:\/\/www.article-marketing.eu\/comunicatistampa\/cosa-considerare-durante-lacquisto-di-abiti-da-festa\/#primaryimage"},"thumbnailUrl":"https:\/\/abitosera.com\/p\/abito-da-sera-vita-naturale-raso-profondo-scollo-a-v-coda-a-strascico-cappella-l1jv559cta-a.jpg","keywords":["Abiti da sera","Abiti da sera Rosso"],"articleSection":["Comunicati stampa"],"inLanguage":"it-IT","potentialAction":[{"@type":"CommentAction","name":"Comment","target":["https:\/\/www.article-marketing.eu\/comunicatistampa\/cosa-considerare-durante-lacquisto-di-abiti-da-festa\/#respond"]}]},{"@type":"WebPage","@id":"https:\/\/www.article-marketing.eu\/comunicatistampa\/cosa-considerare-durante-lacquisto-di-abiti-da-festa\/","url":"https:\/\/www.article-marketing.eu\/comunicatistampa\/cosa-considerare-durante-lacquisto-di-abiti-da-festa\/","name":"Cosa considerare durante l'acquisto di abiti da festa?","isPartOf":{"@id":"https:\/\/www.article-marketing.eu\/comunicatistampa\/#website"},"primaryImageOfPage":{"@id":"https:\/\/www.article-marketing.eu\/comunicatistampa\/cosa-considerare-durante-lacquisto-di-abiti-da-festa\/#primaryimage"},"image":{"@id":"https:\/\/www.article-marketing.eu\/comunicatistampa\/cosa-considerare-durante-lacquisto-di-abiti-da-festa\/#primaryimage"},"thumbnailUrl":"https:\/\/abitosera.com\/p\/abito-da-sera-vita-naturale-raso-profondo-scollo-a-v-coda-a-strascico-cappella-l1jv559cta-a.jpg","datePublished":"2023-03-26T07:03:30+00:00","author":{"@id":"https:\/\/www.article-marketing.eu\/comunicatistampa\/#\/schema\/person\/dbbd6b99aa643387a365312710622844"},"breadcrumb":{"@id":"https:\/\/www.article-marketing.eu\/comunicatistampa\/cosa-considerare-durante-lacquisto-di-abiti-da-festa\/#breadcrumb"},"inLanguage":"it-IT","potentialAction":[{"@type":"ReadAction","target":["https:\/\/www.article-marketing.eu\/comunicatistampa\/cosa-considerare-durante-lacquisto-di-abiti-da-festa\/"]}]},{"@type":"ImageObject","inLanguage":"it-IT","@id":"https:\/\/www.article-marketing.eu\/comunicatistampa\/cosa-considerare-durante-lacquisto-di-abiti-da-festa\/#primaryimage","url":"https:\/\/abitosera.com\/p\/abito-da-sera-vita-naturale-raso-profondo-scollo-a-v-coda-a-strascico-cappella-l1jv559cta-a.jpg","contentUrl":"https:\/\/abitosera.com\/p\/abito-da-sera-vita-naturale-raso-profondo-scollo-a-v-coda-a-strascico-cappella-l1jv559cta-a.jpg"},{"@type":"BreadcrumbList","@id":"https:\/\/www.article-marketing.eu\/comunicatistampa\/cosa-considerare-durante-lacquisto-di-abiti-da-festa\/#breadcrumb","itemListElement":[{"@type":"ListItem","position":1,"name":"Home","item":"https:\/\/www.article-marketing.eu\/comunicatistampa\/"},{"@type":"ListItem","position":2,"name":"Cosa considerare durante l&#8217;acquisto di abiti da festa?"}]},{"@type":"WebSite","@id":"https:\/\/www.article-marketing.eu\/comunicatistampa\/#website","url":"https:\/\/www.article-marketing.eu\/comunicatistampa\/","name":"Article Marketing","description":"article marketing &amp; press release","potentialAction":[{"@type":"SearchAction","target":{"@type":"EntryPoint","urlTemplate":"https:\/\/www.article-marketing.eu\/comunicatistampa\/?s={search_term_string}"},"query-input":{"@type":"PropertyValueSpecification","valueRequired":true,"valueName":"search_term_string"}}],"inLanguage":"it-IT"},{"@type":"Person","@id":"https:\/\/www.article-marketing.eu\/comunicatistampa\/#\/schema\/person\/dbbd6b99aa643387a365312710622844","name":"abitos","image":{"@type":"ImageObject","inLanguage":"it-IT","@id":"https:\/\/secure.gravatar.com\/avatar\/d7451f11175829d6f28975a8df5189e4c4b39536fedfce13f946ae58558dab87?s=96&d=mm&r=g","url":"https:\/\/secure.gravatar.com\/avatar\/d7451f11175829d6f28975a8df5189e4c4b39536fedfce13f946ae58558dab87?s=96&d=mm&r=g","contentUrl":"https:\/\/secure.gravatar.com\/avatar\/d7451f11175829d6f28975a8df5189e4c4b39536fedfce13f946ae58558dab87?s=96&d=mm&r=g","caption":"abitos"},"url":"https:\/\/www.article-marketing.eu\/comunicatistampa\/author\/abitos\/"}]}},"_links":{"self":[{"href":"https:\/\/www.article-marketing.eu\/comunicatistampa\/wp-json\/wp\/v2\/posts\/26476","targetHints":{"allow":["GET"]}}],"collection":[{"href":"https:\/\/www.article-marketing.eu\/comunicatistampa\/wp-json\/wp\/v2\/posts"}],"about":[{"href":"https:\/\/www.article-marketing.eu\/comunicatistampa\/wp-json\/wp\/v2\/types\/post"}],"author":[{"embeddable":true,"href":"https:\/\/www.article-marketing.eu\/comunicatistampa\/wp-json\/wp\/v2\/users\/6721"}],"replies":[{"embeddable":true,"href":"https:\/\/www.article-marketing.eu\/comunicatistampa\/wp-json\/wp\/v2\/comments?post=26476"}],"version-history":[{"count":2,"href":"https:\/\/www.article-marketing.eu\/comunicatistampa\/wp-json\/wp\/v2\/posts\/26476\/revisions"}],"predecessor-version":[{"id":26744,"href":"https:\/\/www.article-marketing.eu\/comunicatistampa\/wp-json\/wp\/v2\/posts\/26476\/revisions\/26744"}],"wp:attachment":[{"href":"https:\/\/www.article-marketing.eu\/comunicatistampa\/wp-json\/wp\/v2\/media?parent=26476"}],"wp:term":[{"taxonomy":"category","embeddable":true,"href":"https:\/\/www.article-marketing.eu\/comunicatistampa\/wp-json\/wp\/v2\/categories?post=26476"},{"taxonomy":"post_tag","embeddable":true,"href":"https:\/\/www.article-marketing.eu\/comunicatistampa\/wp-json\/wp\/v2\/tags?post=26476"}],"curies":[{"name":"wp","href":"https:\/\/api.w.org\/{rel}","templated":true}]}}